{"id":67706,"date":"2021-07-19T22:16:28","date_gmt":"2021-07-19T20:16:28","guid":{"rendered":"http:\/\/www.piuomenopop.it\/?p=67706"},"modified":"2021-07-19T22:16:28","modified_gmt":"2021-07-19T20:16:28","slug":"il-meeting-del-mare-festeggia-25-anni-dal-22-al-25-luglio-a-marina-di-camerota","status":"publish","type":"post","link":"https:\/\/www.piuomenopop.it\/index.php\/2021\/07\/19\/il-meeting-del-mare-festeggia-25-anni-dal-22-al-25-luglio-a-marina-di-camerota\/","title":{"rendered":"Il Meeting del Mare festeggia 25 anni. Dal 22 al 25 luglio a Marina di Camerota"},"content":{"rendered":"<p style=\"font-weight: 400; text-align: center;\"><strong>MEETING DEL MARE<\/strong><\/p>\n<p style=\"font-weight: 400; text-align: center;\"><strong>XXV edizione<\/strong>\u00a0\u2013\u00a0<strong><em>IL CORPO<\/em><\/strong><\/p>\n<p style=\"font-weight: 400; text-align: center;\">\n<p style=\"font-weight: 400; text-align: center;\">Dal\u00a0<strong>22<\/strong>\u00a0al\u00a0<strong>25 Luglio<\/strong>\u00a02021<\/p>\n<p style=\"font-weight: 400; text-align: center;\">Molo Grande \u2013\u00a0<strong>Marina di Camerota<\/strong>\u00a0(SA)<\/p>\n<p style=\"font-weight: 400; text-align: center;\">\n<p style=\"font-weight: 400; text-align: center;\"><a href=\"http:\/\/www.meetingdelmare.it\/\" data-saferedirecturl=\"https:\/\/www.google.com\/url?q=http:\/\/www.meetingdelmare.it&amp;source=gmail&amp;ust=1626797561932000&amp;usg=AFQjCNFUJKLA64xw2XJOCXNScPrA5uFB1Q\">www.meetingdelmare.it<\/a><\/p>\n<p style=\"font-weight: 400;\">\n<p style=\"font-weight: 400;\">Il Meeting del Mare festeggia i suoi primi\u00a0<strong>25 anni<\/strong>\u00a0con l\u2019edizione 2021 del festival diretto da\u00a0<strong>don Gianni Citro<\/strong>, in programma dal 22 al 25 luglio a Marina di Camerota (SA).<\/p>\n<p style=\"font-weight: 400;\">Musica, danza, mostre e incontri in riva al mare animeranno per 4 giorni e 4 notti la cittadina cilentana, pronta a ospitare 50 esibizioni di artisti e musicisti da tutta Italia, con tre headliner:\u00a0<strong>Ariete<\/strong>,\u00a0<strong>Iosonouncane<\/strong>\u00a0e\u00a0<strong>Venerus<\/strong>.<\/p>\n<p style=\"font-weight: 400;\">Organizzata dalla\u00a0<strong>Fondazione Meeting del Mare CREA<\/strong>\u00a0con il sostegno della\u00a0<strong>Regione Campania\u00a0<\/strong>e del<strong>\u00a0Comune di Camerota<\/strong>, la XXV edizione \u00e8 dedicata al tema \u201c<strong>il corpo<\/strong>\u201d e si svolger\u00e0 nel pieno rispetto delle normative anti-covid.<\/p>\n<p style=\"font-weight: 400;\">\n<p style=\"font-weight: 400;\"><em>Nell\u2019era della celebrazione del corpo mediatico, reso immagine, perch\u00e9 viviamo il trionfo del mondo virtuale, il Meeting del Mare ci chiama a un incontro di corpi, fatti di carne, sangue e parole. Tante parole che, condotte da suoni, diventano respiro.<\/em><\/p>\n<p style=\"font-weight: 400;\">\n<p style=\"font-weight: 400;\">Dopo l\u2019anteprima di giugno con le attivit\u00e0 del\u00a0<strong>MdM Camp\u00a0<\/strong>\u2013 residenza artistica sostenuta da\u00a0<strong>SIAE\u00a0<\/strong>con il progetto<strong>\u00a0Per chi Crea<\/strong>, che per due settimane ha ospitato 8 giovani artisti under 35, guidati da\u00a0<strong>Eugenio Cesaro<\/strong>\u00a0e\u00a0<strong>Lorenzo Kruger<\/strong>\u00a0\u2013 il festival entra nel vivo. Gioved\u00ec 22 luglio la serata inaugurale della rassegna \u2013 ad accesso gratuito &#8211; presenta un concerto esclusivo con la\u00a0<strong>CREA meets Orchestra<\/strong>\u00a0diretta da\u00a0<strong>Pasquale Bardaro<\/strong>. Un travolgente esperimento orchestrale con un ensemble di 15 musicisti, che vaga dai poemi lirici ai temi jazz: composizioni originali di Bardaro ispirate a famose arie d\u2019opera italiane (Rossini, Verdi, Puccini). Sul palco, insieme al vibrafonista e percussionista originario di Camerota ci saranno\u00a0<strong>Sara Vanderwert<\/strong>\u00a0(voce),\u00a0<strong>Nicola Pellegrino<\/strong>\u00a0(clarinetto),\u00a0<strong>Andrea Marotta<\/strong>\u00a0(corno inglese),\u00a0<strong>Claudio Mautone\u00a0<\/strong>(sax alto),\u00a0<strong>Bruno Cucciniello<\/strong>\u00a0(sax tenore),\u00a0<strong>Angelo Carpinelli\u00a0<\/strong>(sax baritono),\u00a0<strong>Antonio Fedullo<\/strong>,\u00a0<strong>Francesco Trenga<\/strong>\u00a0e\u00a0<strong>Alessandro Modesti<\/strong>\u00a0(tromba),\u00a0<strong>Antonio Reda\u00a0<\/strong>e<strong>\u00a0Giovanni Reda<\/strong>\u00a0(trombone),\u00a0<strong>Mirko Maria Matera<\/strong>\u00a0(piano, rhodes, elettronica),\u00a0<strong>Vincenzo Maurogiovanni<\/strong>\u00a0(basso) e\u00a0<strong>Pierluigi Villani<\/strong>\u00a0(batteria).<\/p>\n<p style=\"font-weight: 400;\">Venerd\u00ec 23 luglio il secondo atto di questo meeting con il concerto (<u>gi\u00e0\u00a0<strong>sold out<\/strong>\u00a0in prevendita<\/u>) di\u00a0<strong>Ariete<\/strong>, giovanissima\u00a0songwriter\u00a0classe 2002, nuova scommessa di\u00a0<strong>Bomba Dischi<\/strong>. La cantante e chitarrista romana \u2013 al secolo Arianna del Giaccio \u2013 si \u00e8 affermata in meno di un anno nella scena musicale italiana grazie al suo talento cristallino e alla naturalezza con cui lo maneggia. Come testimoniano i suoi due ep pubblicati lo scorso anno, \u201c<strong><em>Spazio<\/em><\/strong>\u201d e \u201c<strong><em>18 anni<\/em><\/strong>\u00a0\u201ce i il recente singolo \u201c<strong><em>L&#8217;Ultima Notte<\/em><\/strong>\u201d, presente nella colonna sonora della seconda stagione\u00a0della serie\u00a0<strong>Netflix<\/strong>,<strong>\u00a0\u201c<em>Summertime<\/em>\u201d<\/strong>.<\/p>\n<p style=\"font-weight: 400;\">Sabato 24 luglio tocca a\u00a0<strong>Iosonouncane\u00a0<\/strong>artista acclamato da pubblico e critica per il\u00a0suo terzo lavoro discografico \u201c<strong><em>Ira<\/em><\/strong>\u201d, considerato uno dei migliori album italiani del 2021. Arrivato a sei anni di distanza dal precedente \u201c<strong><em>Die<\/em><\/strong>\u201d, il disco comprende 17 brani cantanti in 4 lingue diverse, per un&#8217;opera monumentale di circa due ore. Jacopo Incani in arte Iosonouncane presenter\u00e0 in Cilento un set inedito, pensato per questa estate, in cui verranno eseguiti brani del nuovo disco e dei due precedenti. Con lui sul palco\u00a0<strong>Bruno Germano<\/strong>\u00a0(co-produttore dei suoi lavori),\u00a0<strong>Francesco Bolognini<\/strong>\u00a0e\u00a0<strong>Amedeo Perri<\/strong>.<\/p>\n<p style=\"font-weight: 400;\">A chiudere questa edizione sar\u00e0\u00a0<strong>Venerus\u00a0<\/strong>(<u>gi\u00e0\u00a0<strong>sold out<\/strong>\u00a0in prevendita<\/u>),\u00a0atteso il 25 luglio nell\u2019area porto di Marina di Camerota con il suo tour a supporto dell&#8217;album \u201c<strong><em>Magica Musica<\/em><\/strong>\u201d, pubblicato lo scorso febbraio.\u00a0Cantautore, polistrumentista e produttore, astro nascente del cantautorato italiano, Andrea Venerus nel suo disco d\u2019esordio esplora il suono a 360\u00b0 gradi e unisce parole e musica in una miscela originalissima. Fondendo sonorit\u00e0 soul e R&amp;B all\u2019elettronica, per un risultato complessivo che parla il linguaggio del pop in modo del tutto inedito.<\/p>\n<p style=\"font-weight: 400;\">Anche quest\u2019anno, nonostante le difficolt\u00e0 e le limitazioni, il Meeting del mare si conferma come luogo aperto a nuove realt\u00e0 e forme espressive. Una vetrina che racconta la contemporaneit\u00e0, la creativit\u00e0 giovanile e le nuove tendenze della scena underground. Nel corso delle quattro serate, infatti, il festival accoglier\u00e0 diversi artisti e band, selezionati tra gli oltre 300 che hanno risposto alla open call.\u00a0<strong>Annibale<\/strong>,\u00a0<strong>Tartaglia Aneuro<\/strong>,\u00a0<strong>Quel<\/strong>,\u00a0<strong>Mestica<\/strong>,\u00a0<strong>Marculedu<\/strong>\u00a0e\u00a0<strong>Da Blonde\u00a0<\/strong>(da Napoli).\u00a0<strong>Little P<\/strong>,\u00a0<strong>Settembre<\/strong>,\u00a0<strong>Nelson Valletta4<\/strong>,\u00a0<strong>FrankAmente &amp; Amalinze<\/strong>,\u00a0<strong>Spina<\/strong>,\u00a0<strong>Fiori di Cadillac<\/strong>,\u00a0<strong>Ferix<\/strong>,\u00a0<strong>Ndonio<\/strong>,\u00a0<strong>Pianoterra\u00a0<\/strong>e<strong>\u00a0La Mecca<\/strong>\u00a0(da Salerno).\u00a0<strong>Ocropoiz<\/strong>\u00a0(da Benevento),\u00a0<strong>Melga\u00a0<\/strong>e<strong>\u00a0Rossana De Pace<\/strong>\u00a0(da Taranto),\u00a0<strong>Ritual<\/strong>\u00a0e\u00a0<strong>L\u2019ennesimo<\/strong>\u00a0(da Cosenza),\u00a0<strong>Coriale<\/strong>\u00a0(da Crotone). E ancora,\u00a0<strong>Laneve<\/strong>\u00a0(da Roma),\u00a0<strong>La Gabbia<\/strong>,\u00a0<strong>Miglio\u00a0<\/strong>e<strong>\u00a0Vergine<\/strong>\u00a0(da Bologna),\u00a0<strong>Vins<\/strong>\u00a0(da Torino),\u00a0<strong>Maso<\/strong>\u00a0(Cuneo),\u00a0<strong>Dario Comparini<\/strong>\u00a0(da Padova),\u00a0<strong>T\u014dru<\/strong>\u00a0(da Pisa) e\u00a0<strong>Guendalina<\/strong>\u00a0(da Milano).<\/p>\n<p style=\"font-weight: 400;\">In programma, inoltre, mostre fotografiche, installazioni d\u2019arte, incontri con i protagonisti del festival e l\u2019azione coreografica\u00a0<strong>Corporum<\/strong>.<\/p>\n<p style=\"font-weight: 400;\">\n<p style=\"font-weight: 400;\"><strong>Nato nel 1997<\/strong>\u00a0da una idea di don Gianni Citro e dalla determinazione di giovani cilentani appassionati di musica e arte, nel corso degli anni\u00a0<strong>il Meeting del Mare ha ospitato grandi nomi del panorama musicale italiano e in alcuni casi anche internazionale<\/strong>. Tra questi,\u00a0Franco Battiato,\u00a0Vinicio Capossela,\u00a0Francesco De Gregori, Enzo Avitabile, Caparezza, J-Ax,\u00a0 Baustelle,\u00a0Subsonica, Piero Pel\u00f9,\u00a0Mannarino, Negrita, Gogol Bordello,\u00a0Morgan, Dubioza Kolektiv,\u00a0Bombino, Carmen Consoli,\u00a0Afterhours, Elisa, Max Gazz\u00e8,\u00a0Daniele Silvestri, Bandabard\u00f2,\u00a0Fabrizio Moro, Lo Stato Sociale, Verdena, Articolo31,\u00a0Ministri, Marta Sui Tubi, Elio e le Storie Tese, 24 Grana, Linea77, Otto Ohm, \u00a0Le Vibrazioni,\u00a0\u00a0\u00a0Frankie HI-NRG,\u00a0Marracash,\u00a0Motel Connection, Il Teatro Degli Orrori, Sud Sound System,\u00a0Maldestro,\u00a0Modena City Ramblers, Gianluca Grignani,\u00a0Kutso,\u00a0I Cani, Eugenio Bennato, Foja,\u00a0Cosmo, Calcutta, Diodato, Planet Funk, Franco126, Motta, Fulminacci, Psicologi, Colapesce e Dimartino solo per citarne alcuni.<\/p>\n<p style=\"font-weight: 400;\">Al Meeting del Mare in questi 25 anni si sono esibiti\u00a0<strong>pi\u00f9 di 500 artisti emergenti<\/strong>, diventando di fatto uno spazio permanente per la promozione di nuove realt\u00e0 artistiche e musicali.<\/p>\n<p style=\"font-weight: 400;\">\n<p style=\"font-weight: 400;\">I\u00a0<strong>biglietti<\/strong>\u00a0per assistere ai concerti, dal costo di 8 \u20ac + diritti di prevendita, si possono acquistare su\u00a0<strong>Ticketone<\/strong>\u00a0e\u00a0<strong>Go2<\/strong>. Per l\u2019accesso all\u2019evento non \u00e8 richiesto il tampone.<\/p>\n<p style=\"font-weight: 400;\">\n<p style=\"font-weight: 400;\"><strong><u>INFO E SOCIAL<\/u><\/strong>:<\/p>\n<p style=\"font-weight: 400;\">\u00a0<a href=\"http:\/\/www.meetingdelmare.it\/\" data-saferedirecturl=\"https:\/\/www.google.com\/url?q=http:\/\/www.meetingdelmare.it\/&amp;source=gmail&amp;ust=1626797561933000&amp;usg=AFQjCNHlj2JtXGs7GYwBOqUESI45ZEU8Cw\">www.meetingdelmare.it<\/a><\/p>\n<p style=\"font-weight: 400;\"><a href=\"http:\/\/www.facebook.com\/meetingdelmare\" data-saferedirecturl=\"https:\/\/www.google.com\/url?q=http:\/\/www.facebook.com\/meetingdelmare&amp;source=gmail&amp;ust=1626797561933000&amp;usg=AFQjCNGCT9tCthwziwD3pxTLEygowKa8HQ\">www.facebook.com\/meetingdelmare<\/a><\/p>\n<p style=\"font-weight: 400;\"><a href=\"http:\/\/www.instagram.com\/meetingdelmare\" data-saferedirecturl=\"https:\/\/www.google.com\/url?q=http:\/\/www.instagram.com\/meetingdelmare&amp;source=gmail&amp;ust=1626797561933000&amp;usg=AFQjCNHP8PWJTNbV51od_MASY9k9XlQInA\">www.instagram.com\/meetingdelmare<\/a><\/p>\n","protected":false},"excerpt":{"rendered":"<div class=\"mh-excerpt\"><p>MEETING DEL MARE XXV edizione\u00a0\u2013\u00a0IL CORPO Dal\u00a022\u00a0al\u00a025 Luglio\u00a02021 Molo Grande \u2013\u00a0Marina di Camerota\u00a0(SA) www.meetingdelmare.it Il Meeting del Mare festeggia i suoi primi\u00a025 anni\u00a0con l\u2019edizione 2021 <a class=\"mh-excerpt-more\" href=\"https:\/\/www.piuomenopop.it\/index.php\/2021\/07\/19\/il-meeting-del-mare-festeggia-25-anni-dal-22-al-25-luglio-a-marina-di-camerota\/\" title=\"Il Meeting del Mare festeggia 25 anni. Dal 22 al 25 luglio a Marina di Camerota\">[&#8230;]<\/a><\/p>\n<\/div>","protected":false},"author":2,"featured_media":67707,"comment_status":"closed","ping_status":"closed","sticky":false,"template":"","format":"standard","meta":{"sfsi_plus_gutenberg_text_before_share":"","sfsi_plus_gutenberg_show_text_before_share":"","sfsi_plus_gutenberg_icon_type":"","sfsi_plus_gutenberg_icon_alignemt":"","sfsi_plus_gutenburg_max_per_row":"","footnotes":"","_links_to":"","_links_to_target":""},"categories":[5184],"tags":[12552],"class_list":["post-67706","post","type-post","status-publish","format-standard","has-post-thumbnail","hentry","category-calendario-concerti","tag-il-meeting-del-mare"],"aioseo_notices":[],"_links":{"self":[{"href":"https:\/\/www.piuomenopop.it\/index.php\/wp-json\/wp\/v2\/posts\/67706","targetHints":{"allow":["GET"]}}],"collection":[{"href":"https:\/\/www.piuomenopop.it\/index.php\/wp-json\/wp\/v2\/posts"}],"about":[{"href":"https:\/\/www.piuomenopop.it\/index.php\/wp-json\/wp\/v2\/types\/post"}],"author":[{"embeddable":true,"href":"https:\/\/www.piuomenopop.it\/index.php\/wp-json\/wp\/v2\/users\/2"}],"replies":[{"embeddable":true,"href":"https:\/\/www.piuomenopop.it\/index.php\/wp-json\/wp\/v2\/comments?post=67706"}],"version-history":[{"count":1,"href":"https:\/\/www.piuomenopop.it\/index.php\/wp-json\/wp\/v2\/posts\/67706\/revisions"}],"predecessor-version":[{"id":67708,"href":"https:\/\/www.piuomenopop.it\/index.php\/wp-json\/wp\/v2\/posts\/67706\/revisions\/67708"}],"wp:featuredmedia":[{"embeddable":true,"href":"https:\/\/www.piuomenopop.it\/index.php\/wp-json\/wp\/v2\/media\/67707"}],"wp:attachment":[{"href":"https:\/\/www.piuomenopop.it\/index.php\/wp-json\/wp\/v2\/media?parent=67706"}],"wp:term":[{"taxonomy":"category","embeddable":true,"href":"https:\/\/www.piuomenopop.it\/index.php\/wp-json\/wp\/v2\/categories?post=67706"},{"taxonomy":"post_tag","embeddable":true,"href":"https:\/\/www.piuomenopop.it\/index.php\/wp-json\/wp\/v2\/tags?post=67706"}],"curies":[{"name":"wp","href":"https:\/\/api.w.org\/{rel}","templated":true}]}}