{"id":67796,"date":"2021-07-23T16:56:19","date_gmt":"2021-07-23T14:56:19","guid":{"rendered":"http:\/\/www.piuomenopop.it\/?p=67796"},"modified":"2021-07-23T16:56:19","modified_gmt":"2021-07-23T14:56:19","slug":"mannarino-il-nuovo-album-v-in-uscita-a-settembre","status":"publish","type":"post","link":"https:\/\/www.piuomenopop.it\/index.php\/2021\/07\/23\/mannarino-il-nuovo-album-v-in-uscita-a-settembre\/","title":{"rendered":"MANNARINO \/ Il nuovo album V in uscita a settembre"},"content":{"rendered":"<p style=\"text-align: center;\"><b>MANNARINO<\/b><\/p>\n<p style=\"text-align: center;\">IL NUOVO ALBUM<\/p>\n<p style=\"text-align: center;\"><b>V<\/b><\/p>\n<p style=\"text-align: center;\">DAL 17 SETTEMBRE<\/p>\n<p style=\"text-align: center;\"><i>L\u2019artista torna con un disco primordiale e futuristico<\/i><\/p>\n<p style=\"text-align: center;\"><i>Un viaggio in profondit\u00e0 nelle radici dell&#8217;umano<\/i><\/p>\n<p style=\"text-align: center;\"><i>alla ricerca di forme nuove di resistenza\u00a0<\/i><\/p>\n<p style=\"text-align: center;\"><i>che partono da un\u2019immagine potente della donna<\/i><\/p>\n<p><b>\u00a0<\/b><\/p>\n<p><b>A 2 anni dal successo del concerto al Museo D&#8217;Orsay di Parigi, MANNARINO fa il suo ritorno con un disco dal titolo\u00a0<i>\u201cV\u201d\u00a0<\/i><\/b>(Polydor\/Universal Music Italia), che sar\u00e0 disponibile\u00a0<b>da venerd\u00ec 17 settembre 2021 in versione cd e doppio vinile oltre che su tutte le piattaforme digitali di streaming e download.\u00a0<\/b><\/p>\n<p>Prodotto dallo stesso\u00a0<b>MANNARINO<\/b>, registrato tra\u00a0<b>New York<\/b>,\u00a0<b>Los Angeles<\/b>,\u00a0<b>Citt\u00e0 del Messico<\/b>,\u00a0<b>Rio De Janeiro<\/b>,\u00a0<b>l\u2019Amazzonia<\/b>\u00a0e l\u2019<b>Italia<\/b>\u00a0e il coinvolgimento &#8211; su alcuni brani &#8211; dei produttori internazionali Joey Waronker e Camilo Lara (Mexican Institute of Sound) oltre che di Tony Canto e Iacopo Brail Sinigaglia,\u00a0<b>l\u2019album \u00e8 un invito ad appellarsi alla<\/b>\u00a0<b>saggezza ancestrale degli esseri umani. Un disco che parla le lingue del mondo, intriso di suoni di foresta e voci indigene registrate in Amazzonia. Mannarino va alla ricerca della sorgente tribale e atavica dell\u2019umanit\u00e0, proposta come unico e potente antidoto contemporaneo alla brutalit\u00e0 del disumano.\u00a0<\/b><\/p>\n<p><b>Natura, patriarcato, animismo, femminilit\u00e0, rapporto uomo-donna, sono questi solo alcuni dei temi affrontati dal cantautore nel disco pi\u00f9 politico e visionario della sua carriera dove l\u2019amore, l\u2019irrazionale e un senso magico della vita diventano strumenti reali di decolonizzazione del pensiero e di resistenza umana.<\/b><\/p>\n<p>La\u00a0<b>cover del disco<\/b>\u00a0raffigura una\u00a0<b>donna combattente, guerriera<\/b>. L\u2019immagine \u00e8 l\u2019unione di due elementi:\u00a0<b>la donna e la resistenza indigena fusi insieme in un\u2019azione<\/b>, quella di\u00a0<b>calarsi il passamontagna<\/b>\u00a0&#8211; o forse di toglierlo &#8211; immagine evocativa di\u00a0<b>una entrata in azione,<\/b>\u00a0un\u2019azione che \u00e8 difesa\u00a0<b>non violenta, poetica e ispiratrice<\/b>. Calarsi il passamontagna per andare in guerra o toglierlo per mostrare e difendere la propria identit\u00e0? Un\u2019immagine contemporanea che trova la sua forza in una nuova tribalit\u00e0, allo stesso tempo antica e futura.<\/p>\n<p><b><i>MANNARINO<\/i><\/b><i>\u00a0\u00e8 considerato uno degli artisti italiani contemporanei di maggior valore, erede della grande tradizione di cantautori come Paolo Conte e Fabrizio De Andr\u00e9. Attraverso la cifra originale del suo lavoro, una rigorosa ricerca musicale e testi intrisi di poesia si \u00e8 dimostrato un modello non omologato per le nuove generazioni. Con i suoi precedenti 4 album ha gi\u00e0 consegnato alla musica dei grandi classici come \u201cMe so\u2019 mbriacato\u201d, \u201cStatte Zitta\u201d e \u201cVivere la vita\u201d. Con l\u2019ultimo album \u201cApriti Cielo\u201d \u00e8 arrivata la definitiva consacrazione: il disco di platino e un tour che ha superato le 150mila persone.\u00a0<\/i><\/p>\n<p><i>Nel gennaio 2020 \u00e8 stato il primo e unico artista italiano ad essere invitato a suonare come ospite d\u2019onore al Mus\u00e9e d&#8217;Orsay di Parigi.<\/i><\/p>\n<p><b>MANNARINO su:<\/b><a href=\"https:\/\/www.instagram.com\/mannarino\/\" target=\"_blank\" rel=\"noopener noreferrer\" data-saferedirecturl=\"https:\/\/www.google.com\/url?q=https:\/\/www.instagram.com\/mannarino\/&amp;source=gmail&amp;ust=1627114273715000&amp;usg=AFQjCNGQguAtZTDSIesLrORpkTjTNVOsSw\"><b>\u00a0\u00a0<\/b><b>INSTAGRAM<\/b><\/a><b>\u00a0\u2013\u00a0<\/b><a href=\"https:\/\/www.facebook.com\/officialMannarino\" target=\"_blank\" rel=\"noopener noreferrer\" data-saferedirecturl=\"https:\/\/www.google.com\/url?q=https:\/\/www.facebook.com\/officialMannarino&amp;source=gmail&amp;ust=1627114273715000&amp;usg=AFQjCNE3ucBJ7r0SII-XT5OlpltbrfJyfQ\"><b>FACEBOOK<\/b><\/a><b>\u00a0\u2013\u00a0<\/b><a href=\"https:\/\/twitter.com\/Mannarino\" target=\"_blank\" rel=\"noopener noreferrer\" data-saferedirecturl=\"https:\/\/www.google.com\/url?q=https:\/\/twitter.com\/Mannarino&amp;source=gmail&amp;ust=1627114273715000&amp;usg=AFQjCNFAdThLyxdkQYI_3KxjNsL-Kmhv2g\"><b>TWITTER<\/b><\/a><\/p>\n","protected":false},"excerpt":{"rendered":"<div class=\"mh-excerpt\"><p>MANNARINO IL NUOVO ALBUM V DAL 17 SETTEMBRE L\u2019artista torna con un disco primordiale e futuristico Un viaggio in profondit\u00e0 nelle radici dell&#8217;umano alla ricerca <a class=\"mh-excerpt-more\" href=\"https:\/\/www.piuomenopop.it\/index.php\/2021\/07\/23\/mannarino-il-nuovo-album-v-in-uscita-a-settembre\/\" title=\"MANNARINO \/ Il nuovo album V in uscita a settembre\">[&#8230;]<\/a><\/p>\n<\/div>","protected":false},"author":2,"featured_media":67797,"comment_status":"closed","ping_status":"closed","sticky":false,"template":"","format":"standard","meta":{"sfsi_plus_gutenberg_text_before_share":"","sfsi_plus_gutenberg_show_text_before_share":"","sfsi_plus_gutenberg_icon_type":"","sfsi_plus_gutenberg_icon_alignemt":"","sfsi_plus_gutenburg_max_per_row":"","footnotes":"","_links_to":"","_links_to_target":""},"categories":[8],"tags":[2931],"class_list":["post-67796","post","type-post","status-publish","format-standard","has-post-thumbnail","hentry","category-uscite","tag-mannarino"],"aioseo_notices":[],"_links":{"self":[{"href":"https:\/\/www.piuomenopop.it\/index.php\/wp-json\/wp\/v2\/posts\/67796","targetHints":{"allow":["GET"]}}],"collection":[{"href":"https:\/\/www.piuomenopop.it\/index.php\/wp-json\/wp\/v2\/posts"}],"about":[{"href":"https:\/\/www.piuomenopop.it\/index.php\/wp-json\/wp\/v2\/types\/post"}],"author":[{"embeddable":true,"href":"https:\/\/www.piuomenopop.it\/index.php\/wp-json\/wp\/v2\/users\/2"}],"replies":[{"embeddable":true,"href":"https:\/\/www.piuomenopop.it\/index.php\/wp-json\/wp\/v2\/comments?post=67796"}],"version-history":[{"count":1,"href":"https:\/\/www.piuomenopop.it\/index.php\/wp-json\/wp\/v2\/posts\/67796\/revisions"}],"predecessor-version":[{"id":67798,"href":"https:\/\/www.piuomenopop.it\/index.php\/wp-json\/wp\/v2\/posts\/67796\/revisions\/67798"}],"wp:featuredmedia":[{"embeddable":true,"href":"https:\/\/www.piuomenopop.it\/index.php\/wp-json\/wp\/v2\/media\/67797"}],"wp:attachment":[{"href":"https:\/\/www.piuomenopop.it\/index.php\/wp-json\/wp\/v2\/media?parent=67796"}],"wp:term":[{"taxonomy":"category","embeddable":true,"href":"https:\/\/www.piuomenopop.it\/index.php\/wp-json\/wp\/v2\/categories?post=67796"},{"taxonomy":"post_tag","embeddable":true,"href":"https:\/\/www.piuomenopop.it\/index.php\/wp-json\/wp\/v2\/tags?post=67796"}],"curies":[{"name":"wp","href":"https:\/\/api.w.org\/{rel}","templated":true}]}}