{"id":68226,"date":"2021-07-30T18:06:49","date_gmt":"2021-07-30T16:06:49","guid":{"rendered":"http:\/\/www.piuomenopop.it\/?p=68226"},"modified":"2021-07-30T18:06:49","modified_gmt":"2021-07-30T16:06:49","slug":"we-reading-festival-dal-15-al-22-agosto-parole-e-musica-in-romagna-con-emanuela-fanellivaleria-solarinorachele-bastreghi-e-altri","status":"publish","type":"post","link":"https:\/\/www.piuomenopop.it\/index.php\/2021\/07\/30\/we-reading-festival-dal-15-al-22-agosto-parole-e-musica-in-romagna-con-emanuela-fanellivaleria-solarinorachele-bastreghi-e-altri\/","title":{"rendered":"We Reading Festival: dal 15 al 22 agosto parole e musica in Romagna con Emanuela Fanelli,Valeria Solarino,Rachele Bastreghi e altri"},"content":{"rendered":"<p dir=\"ltr\" style=\"text-align: center;\"><strong>Una settimana di parole e musica in Riviera<\/strong><\/p>\n<p align=\"center\"><strong>WE READING FESTIVAL<\/strong><\/p>\n<p align=\"center\"><em><strong>quinta edizione<\/strong><\/em><\/p>\n<p align=\"center\"><em><strong>ingresso libero<\/strong><\/em><\/p>\n<p align=\"center\"><strong>Dal 15 al 22 agosto in Romagna<\/strong><\/p>\n<p align=\"center\"><strong>con Emanuela Fanelli, Valeria Solarino,<\/strong><\/p>\n<p align=\"center\"><strong>Rachele Bastreghi, Davide Shorty e tanti altri<\/strong><\/p>\n<p align=\"center\"><strong><img loading=\"lazy\" decoding=\"async\" class=\"CToWUd a6T\" tabindex=\"0\" src=\"https:\/\/ci3.googleusercontent.com\/proxy\/gFkhcOe73NpSYhI-PXMFOhu4oeH6muzt2qrZbTbab288t0LmxP-tXHcOhVcOVyQT8VTMqueG44FpvqdxUQGSIgQvbCeUyFzn-obiDAgqKH2mPsLR2ErooYcckfxjdvnOqAabzrs2=s0-d-e1-ft#https:\/\/gdgpress.voxmail.it\/rsp\/pvwqdx\/content\/locandina_def.jpg?_d=66S&amp;_c=4be9c67f\" width=\"753\" height=\"394\" \/><\/strong><\/p>\n<p align=\"center\"><img loading=\"lazy\" decoding=\"async\" class=\"CToWUd a6T\" tabindex=\"0\" src=\"https:\/\/ci6.googleusercontent.com\/proxy\/iKHH2MSoROn0l7QGGboxwD8rXBT85oWp6ZcT2lXs3mFkF9DiavqI6bK5MAQBmb4mEe1kKkf8i-pKhsGtxsVDmMzz2N8IomdvypBY2bybBuUp9yuj_xjFdRFIKrCZdgZV3NY8JQ=s0-d-e1-ft#https:\/\/gdgpress.voxmail.it\/rsp\/pvwqdx\/content\/collage_def.jpg?_d=66S&amp;_c=ebb4789f\" width=\"806\" height=\"806\" \/><\/p>\n<p align=\"center\"><em>Dall&#8217;alto a sinistra in senso orario: Emanuela Fanelli, Valeria Solarino, Davide Shorty e Rachele Bastreghi<\/em><\/p>\n<p align=\"center\"><em><img loading=\"lazy\" decoding=\"async\" class=\"CToWUd a6T\" tabindex=\"0\" src=\"https:\/\/ci3.googleusercontent.com\/proxy\/FkDQ1C5ws54BOgiz4sQwYjXF8qLmNc1fX8dGPtdULmS9u86Gx5trPZ5kFygIVwfm4tx47louFCk2FtzsgXd7KEStEcKzCRKdjvcLHrf37afpBYjUJRIxuMqxO4Ri=s0-d-e1-ft#https:\/\/gdgpress.voxmail.it\/rsp\/pvwqdx\/content\/wrf1.jpg?_d=66S&amp;_c=6691aad5\" width=\"733\" height=\"550\" \/><\/em><\/p>\n<p align=\"center\"><img loading=\"lazy\" decoding=\"async\" class=\"CToWUd a6T\" tabindex=\"0\" src=\"https:\/\/ci5.googleusercontent.com\/proxy\/F1OonOIxZt0K7Aq4HpSLlNbsUbCmzgxTOz2PXGbCR9_3JMYSmaFXqOpjsp_JdLlpvA8MBd2v0xw_-Hmovdm886sK3KUurijNQAF7KqcxjqRUY1bonAPe6MMDtyaT=s0-d-e1-ft#https:\/\/gdgpress.voxmail.it\/rsp\/pvwqdx\/content\/wrf4.jpg?_d=66S&amp;_c=64b50fbb\" width=\"726\" height=\"545\" \/><\/p>\n<p align=\"center\"><em>Immagini delle passate edizioni di We Reading<\/em><\/p>\n<p align=\"justify\">Otto giorni di spettacoli inediti e sorprendenti, letture e talk in location suggestive, magici concerti in spiaggia al sorgere del sole.<\/p>\n<p align=\"justify\">La Riviera Romagnola torna a riempirsi di parole e musica con la\u00a0<strong>quinta edizione di We Reading Festival<\/strong>: una settimana fitta di eventi per un progetto culturale unico nel suo genere, che coinvolge i tre Comuni di\u00a0<strong>Cesenatico, Santarcangelo di Romagna, Savignano sul Rubicone<\/strong>\u00a0e vede tanti protagonisti del panorama culturale italiano reinventarsi per una sera, portando in scena testi e autori da loro scelti e amati.<\/p>\n<p align=\"justify\">Ospiti di questa edizione\u00a0<strong>Emanuela Fanelli, Valeria Solarino, Pippo Civati, Davide Shorty, Maria Antonietta, Pietro Turano e Cimini.\u00a0<\/strong>Ci sar\u00e0 poi spazio anche per suggestivi momenti musicali con\u00a0<strong>Rachele Bastreghi, La Municip\u00e0l, Folcast, Guidobaldi e Parsec<\/strong>.<\/p>\n<p align=\"justify\"><strong>Tutte le serate sono a ingresso libero su prenotazione fino a esaurimento posti. I posti sono prenotabili su\u00a0<a href=\"https:\/\/mailstat.us\/tr\/t\/a22c8avkrq4edto\/52\/https:\/\/gdgpress.voxmail.it\/nl\/pvwqdx\/yis0gt\/kb5yfm\/uf\/1\/aHR0cDovL3d3dy53ZXJlYWRpbmcuaXQv?_d=66S&amp;_c=04acd53d\" target=\"_blank\" rel=\"noopener noreferrer\" data-saferedirecturl=\"https:\/\/www.google.com\/url?q=https:\/\/mailstat.us\/tr\/t\/a22c8avkrq4edto\/52\/https:\/\/gdgpress.voxmail.it\/nl\/pvwqdx\/yis0gt\/kb5yfm\/uf\/1\/aHR0cDovL3d3dy53ZXJlYWRpbmcuaXQv?_d%3D66S%26_c%3D04acd53d&amp;source=gmail&amp;ust=1627746939706000&amp;usg=AFQjCNFn61iK7wwmxGN6tzAZhjZHTfHGrA\">www.wereading.it<\/a>\u00a0a partire da luned\u00ec 2 agosto.<\/strong><\/p>\n<p align=\"justify\">Le illustrazioni del festival sono curate da\u00a0<strong>Fumettibrutti<\/strong>, giovane fumettista catanese astro nascente del fumetto italiano.<\/p>\n<p align=\"justify\">Si comincia dunque il\u00a0<strong>15 agosto<\/strong>\u00a0a Cesenatico, al sorgere del sole, con il suggestivo live del duo pugliese\u00a0<strong>La Municip\u00e0l<\/strong>.<\/p>\n<p align=\"justify\">E poi spazio alle letture nella Chiesa del Suffragio di Savignano sul Rubicone il\u00a0<strong>16 agosto<\/strong>\u00a0con i\u00a0<strong>\u201cBattiti in Parole\u201d<\/strong>\u00a0di\u00a0<strong>Davide Shorty<\/strong>, cantautore, rapper e producer palermitano tra i protagonisti del Festival di Sanremo 2021 ed ex concorrente di X Factor nel 2015, a cui seguir\u00e0, al Podere Bislacco, la performance \u201cbe me\u201d di\u00a0<strong>Parsec<\/strong>.<\/p>\n<p align=\"justify\">Il\u00a0<strong>17 agosto<\/strong>\u00a0arriva la raffinata cantautrice pesarese\u00a0<strong>Maria Antonietta<\/strong>\u00a0con\u00a0<strong>\u201cL\u2019inferno di Guido\u201d<\/strong>, un\u2019interpretazione intima del canto XXVII dell\u2019Inferno de La Divina Commedia, che ha come protagonista Guido da Montefeltro, proprio nel 700\u00b0 anniversario della morte di Dante Alighieri. Maria Antonietta, grande appassionata di Medioevo e poesia, fa rivivere i tormenti e le gesta del dannato attraverso la propria voce, per avvicinare ancora di pi\u00f9 il grande pubblico all\u2019opera del Sommo Poeta.\u00a0A seguire, l&#8217;aftershow al Podere Bislacco del cantautore romano\u00a0<strong>Folcast<\/strong>, reduce dal successo della partecipazione a Sanremo Giovani.<\/p>\n<p align=\"justify\">Il\u00a0<strong>18 agosto<\/strong>\u00a0ci si sposta invece all&#8217; Arena dei Cappuccini di Cesenatico con\u00a0<strong>Emanuela Fanelli<\/strong>, attrice e avanguardia della comicit\u00e0 italiana, tra i protagonisti del programma TV gi\u00e0 diventato un cult \u201cUna pezza di Lundini\u201d, e\u00a0<strong>Giuseppe Pippo Civati<\/strong>, ex parlamentare e neo editore, per il reading\u00a0<strong>\u201cVoce di donna\u201d<\/strong>. A seguire, il live del cantautore romano\u00a0<strong>Guidobaldi\u00a0<\/strong>al Mar\u00e9.<\/p>\n<p align=\"justify\">Nello splendido Sferisterio a Santarcangelo di Romagna il\u00a0<strong>19 agosto<\/strong>\u00a0l\u2019attrice\u00a0<strong>Valeria Solarino<\/strong>\u00a0porta l\u2019esclusiva performance\u00a0<strong>\u201cOltre il Mare \u2013 Dentro le voci di chi \u00e8 in viaggio\u201d<\/strong>\u00a0per l&#8217;Ong\u00a0<strong>Mediterranea Saving Humans<\/strong>: un reading dedicato alle migliaia di persone che ogni anno lasciano le proprie case, villaggi, citt\u00e0 del continente africano per iniziare un cammino pieno di violenze e soprusi, in cui rischiano la vita nell\u2019indifferenza dei Paesi che hanno intorno, verso un futuro incerto e rischioso ma con la speranza che sia migliore di quello che lasciano.<\/p>\n<p align=\"justify\">Sempre allo Sferisterio, il\u00a0<strong>20 agosto<\/strong>\u00a0il cantautore calabrese di stanza a Bologna\u00a0<strong>Cimini\u00a0<\/strong>far\u00e0 una lettura tributo al Maestro\u00a0<strong>Franco Battiato<\/strong>, e il\u00a0<strong>21 agosto Pietro Turano<\/strong>, attore della serie Netflix \u201cSkam\u201d e celebre attivista LGBTQ+, proporr\u00e0 una lettura dello scrittore francese\u00a0<strong>\u00c9douard Louis.<\/strong><\/p>\n<p align=\"justify\">Gran finale all&#8217;alba del\u00a0<strong>22 agosto<\/strong>\u00a0in spiaggia a Cesenatico con la cantautrice e voce femminile dei Baustelle\u00a0<strong>Rachele Bastreghi<\/strong>, che chiuder\u00e0 il festival con uno show live inedito preparato appositamente per il festival, dal titolo\u00a0<strong>\u201cL\u2019alba di Psychodonna\u201d<\/strong>.<\/p>\n<p align=\"justify\">Il festival prevede anche un percorso off di talk pomeridiani su tematiche di attualit\u00e0 che verr\u00e0 annunciato a breve.<\/p>\n<p align=\"justify\">Nato come rete di volontari che organizzano spettacoli di lettura con ospiti inaspettati della propria citt\u00e0, We Reading si \u00e8 nel tempo diffuso a Bologna, Milano, Torino, Roma e tante altre citt\u00e0, ma ogni estate raccoglie le sinergie del suo network nazionale per creare un\u2019unica e ambiziosa rassegna che anima la Riviera, dove tutto \u00e8 nato.<\/p>\n<p align=\"justify\">We Reading Festival 2021 \u00e8 organizzato con il patrocinio della\u00a0<strong>Regione Emilia-Romagna, Comune di Cesenatico, Comune di Santarcangelo di Romagna, Comune di Savignano sul Rubicone<\/strong>.<\/p>\n<p align=\"justify\">Main Sponsor:\u00a0<strong>Credito Cooperativo Romagnolo &#8211; Bcc di Cesena e Gatteo<\/strong><\/p>\n<p align=\"justify\">Media Partner:\u00a0<strong>Zero<\/strong><\/p>\n<p align=\"justify\">Tutti gli spazi saranno gestiti secondo le normative antiCovid della Regione Emilia-Romagna.<\/p>\n<p align=\"justify\"><strong>IL CALENDARIO<\/strong><\/p>\n<p><em><strong>Domenica 15 agosto ore 06:00<\/strong><\/em>\u00a0&#8211; Spiaggia libera molo di levante, Cesenatico<\/p>\n<p><strong>LA MUNICIP\u00c0L<\/strong>\u00a0live all\u2019alba in spiaggia<\/p>\n<p><em><strong>Luned\u00ec 16 agosto ore 21:00<\/strong><\/em>\u00a0&#8211; Chiesa del Suffragio, Savignano sul Rubicone<\/p>\n<p><strong>DAVIDE SHORTY<\/strong>\u00a0&#8211;\u00a0<em>Battiti in Parole<\/em><\/p>\n<p><em>ore 23:00<\/em>\u00a0&#8211; Podere Bislacco<\/p>\n<p><strong>ParSec<\/strong>\u00a0performance \u201cbe me\u201d<\/p>\n<p><em><strong>Marted\u00ec 17 agosto ore 21:00\u00a0<\/strong><\/em>&#8211; Chiesa del Suffragio, Savignano sul Rubicone<\/p>\n<p><strong>MARIA ANTONIETTA<\/strong>\u00a0\u2013\u00a0<em>L\u2019inferno di Guido<\/em>. Interpretazione del Canto XXVII dell\u2019Inferno Dantesco<\/p>\n<p><em>ore 23:00<\/em>\u00a0&#8211; Podere Bislacco<\/p>\n<p><strong>Folcast<\/strong>\u00a0live<\/p>\n<p><em><strong>Mercoled\u00ec 18 agosto ore 21:00<\/strong><\/em>\u00a0&#8211; Arena dei Cappuccini, Cesenatico<\/p>\n<p><strong>EMANUELA FANELLI + GIUSEPPE CIVATI<\/strong>\u00a0&#8211;\u00a0<em>Voce di donna<\/em><\/p>\n<p><em>ore 23:00<\/em>\u00a0\u2013 Mar\u00e9<\/p>\n<p dir=\"ltr\"><strong>Guidobaldi<\/strong>\u00a0live<\/p>\n<p><em><strong>Gioved\u00ec 19 agosto ore 21:00\u00a0<\/strong><\/em>&#8211; Sferisterio, Santarcangelo di Romagna<\/p>\n<p><strong>VALERIA SOLARINO<\/strong>\u00a0&#8211;\u00a0<em>Oltre il Mare<\/em>. Dentro le voci di chi \u00e8 in viaggio<\/p>\n<p>Evento speciale per Mediterranea Saving Humans<\/p>\n<p><em><strong>Venerd\u00ec 20 agosto ore 21:00<\/strong><\/em>\u00a0&#8211; Sferisterio, Santarcangelo di Romagna<\/p>\n<p><strong>CIMINI<\/strong>\u00a0legge Franco Battiato<\/p>\n<p><em><strong>Sabato 21 agosto ore 21:00<\/strong><\/em>\u00a0&#8211; Sferisterio, Santarcangelo di Romagna<\/p>\n<p><strong>PIETRO TURANO<\/strong>\u00a0legge \u00c9douard Louis<\/p>\n<p><strong><em>Domenica 22 agosto ore 06:00<\/em><\/strong>\u00a0&#8211; Spiaggia libera molo di levante, Cesenatico<\/p>\n<p><strong>RACHELE BASTREGHI<\/strong>\u00a0live all\u2019alba in spiaggia<\/p>\n<p><em>L\u2019alba di Psychodonna<\/em><\/p>\n<p align=\"justify\">Posti prenotabili su\u00a0<a href=\"https:\/\/mailstat.us\/tr\/t\/a22c8avkrq4edto\/53\/https:\/\/gdgpress.voxmail.it\/nl\/pvwqdx\/yis0gt\/kb5yfm\/uf\/2\/aHR0cDovL3d3dy53ZXJlYWRpbmcuaXQv?_d=66S&amp;_c=bf4a38a1\" target=\"_blank\" rel=\"noopener noreferrer\" data-saferedirecturl=\"https:\/\/www.google.com\/url?q=https:\/\/mailstat.us\/tr\/t\/a22c8avkrq4edto\/53\/https:\/\/gdgpress.voxmail.it\/nl\/pvwqdx\/yis0gt\/kb5yfm\/uf\/2\/aHR0cDovL3d3dy53ZXJlYWRpbmcuaXQv?_d%3D66S%26_c%3Dbf4a38a1&amp;source=gmail&amp;ust=1627746939707000&amp;usg=AFQjCNEj6uakzjJaAbohph3dmph5VugsxQ\">www.wereading.it<\/a>\u00a0a partire da luned\u00ec 2 agosto.<\/p>\n","protected":false},"excerpt":{"rendered":"<div class=\"mh-excerpt\"><p>Una settimana di parole e musica in Riviera WE READING FESTIVAL quinta edizione ingresso libero Dal 15 al 22 agosto in Romagna con Emanuela Fanelli, <a class=\"mh-excerpt-more\" href=\"https:\/\/www.piuomenopop.it\/index.php\/2021\/07\/30\/we-reading-festival-dal-15-al-22-agosto-parole-e-musica-in-romagna-con-emanuela-fanellivaleria-solarinorachele-bastreghi-e-altri\/\" title=\"We Reading Festival: dal 15 al 22 agosto parole e musica in Romagna con Emanuela Fanelli,Valeria Solarino,Rachele Bastreghi e altri\">[&#8230;]<\/a><\/p>\n<\/div>","protected":false},"author":2,"featured_media":68227,"comment_status":"closed","ping_status":"closed","sticky":false,"template":"","format":"standard","meta":{"sfsi_plus_gutenberg_text_before_share":"","sfsi_plus_gutenberg_show_text_before_share":"","sfsi_plus_gutenberg_icon_type":"","sfsi_plus_gutenberg_icon_alignemt":"","sfsi_plus_gutenburg_max_per_row":"","footnotes":"","_links_to":"","_links_to_target":""},"categories":[5184],"tags":[12565],"class_list":["post-68226","post","type-post","status-publish","format-standard","has-post-thumbnail","hentry","category-calendario-concerti","tag-we-reading-festival"],"aioseo_notices":[],"_links":{"self":[{"href":"https:\/\/www.piuomenopop.it\/index.php\/wp-json\/wp\/v2\/posts\/68226","targetHints":{"allow":["GET"]}}],"collection":[{"href":"https:\/\/www.piuomenopop.it\/index.php\/wp-json\/wp\/v2\/posts"}],"about":[{"href":"https:\/\/www.piuomenopop.it\/index.php\/wp-json\/wp\/v2\/types\/post"}],"author":[{"embeddable":true,"href":"https:\/\/www.piuomenopop.it\/index.php\/wp-json\/wp\/v2\/users\/2"}],"replies":[{"embeddable":true,"href":"https:\/\/www.piuomenopop.it\/index.php\/wp-json\/wp\/v2\/comments?post=68226"}],"version-history":[{"count":1,"href":"https:\/\/www.piuomenopop.it\/index.php\/wp-json\/wp\/v2\/posts\/68226\/revisions"}],"predecessor-version":[{"id":68228,"href":"https:\/\/www.piuomenopop.it\/index.php\/wp-json\/wp\/v2\/posts\/68226\/revisions\/68228"}],"wp:featuredmedia":[{"embeddable":true,"href":"https:\/\/www.piuomenopop.it\/index.php\/wp-json\/wp\/v2\/media\/68227"}],"wp:attachment":[{"href":"https:\/\/www.piuomenopop.it\/index.php\/wp-json\/wp\/v2\/media?parent=68226"}],"wp:term":[{"taxonomy":"category","embeddable":true,"href":"https:\/\/www.piuomenopop.it\/index.php\/wp-json\/wp\/v2\/categories?post=68226"},{"taxonomy":"post_tag","embeddable":true,"href":"https:\/\/www.piuomenopop.it\/index.php\/wp-json\/wp\/v2\/tags?post=68226"}],"curies":[{"name":"wp","href":"https:\/\/api.w.org\/{rel}","templated":true}]}}