{"id":69190,"date":"2021-09-01T14:55:28","date_gmt":"2021-09-01T12:55:28","guid":{"rendered":"https:\/\/www.piuomenopop.it\/?p=69190"},"modified":"2021-09-01T14:55:29","modified_gmt":"2021-09-01T12:55:29","slug":"il-mondo-della-musica-e-dei-sogni-non-si-fermera-mai-intervista-ad-adriano-viterbini-i-hate-my-village","status":"publish","type":"post","link":"https:\/\/www.piuomenopop.it\/index.php\/2021\/09\/01\/il-mondo-della-musica-e-dei-sogni-non-si-fermera-mai-intervista-ad-adriano-viterbini-i-hate-my-village\/","title":{"rendered":"Il mondo della musica e dei sogni non si fermer\u00e0 mai: intervista ad Adriano Viterbini (I Hate my village)"},"content":{"rendered":"<p>A cura di <a href=\"https:\/\/www.piuomenopop.it\/?s=renata+rossi\" target=\"_blank\" rel=\"noopener noreferrer\">Renata Rossi<\/a><\/p>\n<p style=\"text-align: center;\"><strong>I Hate my village<\/strong><\/p>\n<p style=\"text-align: center;\"><a href=\"https:\/\/www.piuomenopop.it\/index.php\/2021\/09\/01\/il-mondo-della-musica-e-dei-sogni-non-si-fermera-mai-intervista-ad-adriano-viterbini-i-hate-my-village\/gibbone_low\/\" rel=\"attachment wp-att-69197\"><img loading=\"lazy\" decoding=\"async\" class=\"aligncenter wp-image-69197\" src=\"https:\/\/www.piuomenopop.it\/wp-content\/uploads\/2021\/09\/Gibbone_LOW.jpg\" alt=\"\" width=\"350\" height=\"350\" srcset=\"https:\/\/www.piuomenopop.it\/wp-content\/uploads\/2021\/09\/Gibbone_LOW.jpg 600w, https:\/\/www.piuomenopop.it\/wp-content\/uploads\/2021\/09\/Gibbone_LOW-150x150.jpg 150w, https:\/\/www.piuomenopop.it\/wp-content\/uploads\/2021\/09\/Gibbone_LOW-300x300.jpg 300w\" sizes=\"auto, (max-width: 350px) 100vw, 350px\" \/><\/a><em>Gibbone<\/em><\/p>\n<p style=\"text-align: center;\">(La tempesta international)<\/p>\n<p><strong>TRACKLIST<\/strong><\/p>\n<p><em>1. Yellowblack<\/em><br \/>\n<em>2. Gibbone<\/em><br \/>\n<em>3. Ami<\/em><br \/>\n<em>4. Har Disk Surprize<\/em><\/p>\n<p><a href=\"https:\/\/www.piuomenopop.it\/?s=i+hate+my+village\" target=\"_blank\" rel=\"noopener noreferrer\"><strong>I Hate my village<\/strong> <\/a>sono il supergruppo formato dal chitarrista romano <strong>Adriano Viterbini, <\/strong>anima dei Bud Spencer Blues Explosion, <strong>Fabio Rondanini<\/strong> batterista di Calibro 35 e Afterhours,\u00a0 <strong>Marco Fasolo<\/strong> dei Jennifer Gentle e <strong>Alberto Ferrari<\/strong> dei Verdena.<\/p>\n<p>Il 6 agosto \u00e8 uscito per <em>La Tempesta International<\/em> l\u2019EP <strong>\u201cGibbone\u201d.<br \/>\n<\/strong> L&#8217;Ep, registrato in presa diretta, conserva quell&#8217;atmosfera istintiva e sanguigna del disco d&#8217;esordio, di cui vi parlavamo <a href=\"https:\/\/www.piuomenopop.it\/index.php\/2019\/01\/18\/i-hate-my-village-per-amare-lafrica\/\">qui<\/a>. Allora ci avevano colpito la sferzata di energia che si sprigionava da ogni singolo suono, le sensazioni di libert\u00e0 e\u00a0 di sensualit\u00e0 che venivano fuori da questo coinvolgimento di artisti e anime diverse.<\/p>\n<p>Tutto questo \u00e8 oggi ancora presente, le quattro tracce sono vive e, se<em> Yellowblack<\/em>, singolo e brano iniziale, \u00e8 un continuum col passato, <em>Gibbone<\/em> esplora nuove strade, fa riemergere orizzonti nascosti, e l&#8217;intero lavoro \u00e8 eterogeneo, vive della musica africana e del suo colore, spostandosi d&#8217;improvviso su suoni distorti, e finendo in estasi psichedelica.<\/p>\n<p>Il segreto \u00e8 essenzialmente quello di affidarsi a quattro grandi musicisti che hanno una gran voglia di divertirsi e di giocare coi suoni.<\/p>\n<p>Abbiamo pensato di farci raccontare qualcosa in pi\u00f9 da <strong>Adriano Viterbini,<\/strong> ecco cosa ne \u00e8 venuto fuori&#8230;<\/p>\n<p>&nbsp;<\/p>\n<p><img loading=\"lazy\" decoding=\"async\" class=\"aligncenter wp-image-44922 size-full\" src=\"https:\/\/www.piuomenopop.it\/wp-content\/uploads\/2019\/02\/i_hate_my_village-23.jpg\" alt=\"\" width=\"1200\" height=\"801\" srcset=\"https:\/\/www.piuomenopop.it\/wp-content\/uploads\/2019\/02\/i_hate_my_village-23.jpg 1200w, https:\/\/www.piuomenopop.it\/wp-content\/uploads\/2019\/02\/i_hate_my_village-23-300x200.jpg 300w, https:\/\/www.piuomenopop.it\/wp-content\/uploads\/2019\/02\/i_hate_my_village-23-768x513.jpg 768w, https:\/\/www.piuomenopop.it\/wp-content\/uploads\/2019\/02\/i_hate_my_village-23-1024x684.jpg 1024w\" sizes=\"auto, (max-width: 1200px) 100vw, 1200px\" \/><\/p>\n<p>&nbsp;<\/p>\n<p><em>Innanzitutto in bocca al lupo per il nuovo album e il nuovo tour. Esce oggi 6 agosto, \u201cgibbone\u201d il vostro nuovo Ep. Come si \u00e8 evoluto il vostro progetto, cosa \u00e8 cambiato rispetto all\u2019esordio?<\/em><\/p>\n<p>ADRIANO: W il lupo! i hate my village \u00e8 un luogo magico che abbiamo coltivato, dove sperimentare, condividere, imparare, vivere esperienze nuove. Il nostro incontro \u00e8 mutevole come uno stormo di uccelli che cambia continuamente forma, ma insieme. Oggi sappiamo di aver costruito qualcosa di bello, e che qualcosa di interessante si nasconde sempre dietro l&#8217;angolo, il nostro compito \u00e8 arrivare a scoprire cos&#8217;\u00e8 e magari tentare di spostare l&#8217; asticella sempre pi\u00f9 in alto, ma senza troppa consapevolezza, un po per caso.<\/p>\n<p>&nbsp;<\/p>\n<p><em>Siamo incuriositi dal titolo dell\u2019EP. Perch\u00e9 gibbone? Cosa vi piace di questo animale e cosa rappresenta?<\/em><\/p>\n<p>ADRIANO: l&#8217;ep si intitola Gibbone perch\u00e9 il brano forse pi\u00f9 rappresentativo \u00e8 appunto Gibbone. 10 minuti di musica nata da un incontro in cui Fabio e Marco hanno cominciato a costruire jammando una tessitura ritmica impossibile, zoppicante, ed irresistibile, registrata su cassetta . Io non ho fatto altro che inserirmi in alcuni punti, ampliando il paesaggio con il primo guitarsynth della storia (anni70). Per Gibbone, intendiamo quella voglia di uscire dalla gabbia e sentirci liberi.La copertina dell&#8217;ep \u00e8 stata disegnata da Scarful, l&#8217;artista che ha gi\u00e0 disegnato la copertina del nostro primo album.<\/p>\n<p>&nbsp;<\/p>\n<p><em>Questa maledetta pandemia ha influito su ciascuno di noi, se non altro ci ha fatto fermare, ci ha portato ad interrogarci sulle nostre vite, sul significato delle nostre scelte e di come queste possano influenzare chi ci sta vicino. Mi pare proprio di capire che voi non vi siete mai fermati, n\u00e9 tantomeno il Covid ha annebbiato in alcun modo la vostra creativit\u00e0.Pensate, tuttavia, che abbia potuto influire in qualche modo sul disco?<\/em><\/p>\n<p>ADRIANO: questo ep \u00e8 stato registrato mesi prima della pandemia, e gi\u00e0 dal primo ascolto eravamo certi che avrebbe avuto senso pubblicarlo prima o poi; una performance ed un sound talmente sorprendente e organico, ricco di spunti e genuino che sarebbe stato un peccato ritoccare troppo, o far diventare qualcos&#8217;altro. E&#8217; stato molto importante pubblicare qualcosa di cosi fuori da ogni regola, fuori dal gioco, cercando creare un ascolto attivo e consapevole da parte del pubblico.<\/p>\n<p>&nbsp;<\/p>\n<p><em>Il modo di vivere i concerti \u00e8 cambiato: distanziamento, sedie che sostituiscono il pogo, mascherine. Cambier\u00e0 l\u2019approccio dei vostri live? Sar\u00e0 un live pi\u00f9 \u201dformale\u201d, meno improvvisato, o sar\u00e0 messa a dura prova la capacit\u00e0 del pubblico di restare seduto sulle proprie sedie?<\/em><\/p>\n<p>ADRIANO: daremo il massimo come sempre, ma ci sar\u00e0 qualcosa di pi\u00f9, legato appunto alla modalit\u00e0 di ascolto, che scopriremo tutti insieme. Dal vivo suoneremo tutto il nostro repertorio, cercando di connetterci con il nostro pubblico, improvviseremo ogni sera, ed ogni sera sar\u00e0&#8217; un esperienza diversa per tutti. Durante il primo tour la gente alla fine del concerto saliva sul palco insieme a noi, questo non accadr\u00e0 nel tour di Gibbone, ma saremo ugualmente collegati e sullo stesso piano, band e pubblico.<\/p>\n<p>&nbsp;<\/p>\n<p><em>La prima sorpresa del disco \u00e8 stato Yellowblack, il vostro singolo uscito a giugno. Il video \u00e8 molto particolare e racconta una sorta di fiaba in bianco e nero. Come nasce la collaborazione di Cosbru?<br \/>\n<\/em><br \/>\nADRIANO: Yellowblack \u00e8 il brano che fa da collante tra il primo disco\/ep ed il secondo ep (gibbone) ed \u00e8 un brano cinetico in pieno stile i hate my village, una sorta di afro pop psichedelico. Quando pensavamo al video, eravamo tutti d&#8217;accordo sul fare qualcosa in cui non ci fosse la band, magari realizzato con dei disegni. Grazie ad amici comuni abbiamo contattato Cosbru che ha realizzato il video, utilizzando una tecnica molto simile alla nostra modalit\u00e0&#8217; musicale. Tutto a mano, con pazienza e velocit\u00e0, e capacita di vedere oltre, immettendo elementi originali e suggeriti da noi ihmv, creando questa specie di racconto visionario, un po&#8217; buffo, che ci \u00e8 piaciuto immediatamente.<\/p>\n<p>&nbsp;<\/p>\n<p><em>Siamo curiosi di sapere se avremo il privilegio di ascoltare nuova musica anche da parte delle vostre band di riferimento, o se magari siete coinvolti in altri progetti interessanti. Diteci un po\u2019\u2026<\/em><\/p>\n<p>ADRIANO: noi tutti siamo costantemente al lavoro, il mondo della musica e dei sogni non si fermer\u00e0&#8217; mai.<\/p>\n<p>&nbsp;<\/p>\n<p style=\"text-align: center;\"><strong>I Hate My Village sono in tour, di seguito le prossime date:<\/strong><\/p>\n<p style=\"text-align: center;\"><em>03 settembre<\/em> &#8211; Roma Spring Attitude Festival<br \/>\n<em>04 settembre &#8211;<\/em> Marina di Eboli (SA) Barezzi Summer Anteprima<br \/>\n<em>05 settembre &#8211;<\/em> Putignano (BA) Farm Festival<br \/>\n<em>06 settembre &#8211;<\/em> Bologna SUNSHINE SUPERHEROES<\/p>\n","protected":false},"excerpt":{"rendered":"<div class=\"mh-excerpt\"><p>A cura di Renata Rossi I Hate my village Gibbone (La tempesta international) TRACKLIST 1. Yellowblack 2. Gibbone 3. Ami 4. Har Disk Surprize I <a class=\"mh-excerpt-more\" href=\"https:\/\/www.piuomenopop.it\/index.php\/2021\/09\/01\/il-mondo-della-musica-e-dei-sogni-non-si-fermera-mai-intervista-ad-adriano-viterbini-i-hate-my-village\/\" title=\"Il mondo della musica e dei sogni non si fermer\u00e0 mai: intervista ad Adriano Viterbini (I Hate my village)\">[&#8230;]<\/a><\/p>\n<\/div>","protected":false},"author":1,"featured_media":69196,"comment_status":"closed","ping_status":"closed","sticky":false,"template":"","format":"standard","meta":{"sfsi_plus_gutenberg_text_before_share":"","sfsi_plus_gutenberg_show_text_before_share":"","sfsi_plus_gutenberg_icon_type":"","sfsi_plus_gutenberg_icon_alignemt":"","sfsi_plus_gutenburg_max_per_row":"","footnotes":"","_links_to":"","_links_to_target":""},"categories":[4,8,7],"tags":[4418,5918,1337,12605,8170,2801,8607,2219],"class_list":["post-69190","post","type-post","status-publish","format-standard","has-post-thumbnail","hentry","category-interviste","category-uscite","category-recensioni","tag-adriano-viterbini","tag-alberto-ferrari","tag-fabio-rondanini","tag-gibbone","tag-i-hate-my-village","tag-la-tempesta-international","tag-marco-fasolo","tag-renata-rossi"],"aioseo_notices":[],"_links":{"self":[{"href":"https:\/\/www.piuomenopop.it\/index.php\/wp-json\/wp\/v2\/posts\/69190","targetHints":{"allow":["GET"]}}],"collection":[{"href":"https:\/\/www.piuomenopop.it\/index.php\/wp-json\/wp\/v2\/posts"}],"about":[{"href":"https:\/\/www.piuomenopop.it\/index.php\/wp-json\/wp\/v2\/types\/post"}],"author":[{"embeddable":true,"href":"https:\/\/www.piuomenopop.it\/index.php\/wp-json\/wp\/v2\/users\/1"}],"replies":[{"embeddable":true,"href":"https:\/\/www.piuomenopop.it\/index.php\/wp-json\/wp\/v2\/comments?post=69190"}],"version-history":[{"count":7,"href":"https:\/\/www.piuomenopop.it\/index.php\/wp-json\/wp\/v2\/posts\/69190\/revisions"}],"predecessor-version":[{"id":69199,"href":"https:\/\/www.piuomenopop.it\/index.php\/wp-json\/wp\/v2\/posts\/69190\/revisions\/69199"}],"wp:featuredmedia":[{"embeddable":true,"href":"https:\/\/www.piuomenopop.it\/index.php\/wp-json\/wp\/v2\/media\/69196"}],"wp:attachment":[{"href":"https:\/\/www.piuomenopop.it\/index.php\/wp-json\/wp\/v2\/media?parent=69190"}],"wp:term":[{"taxonomy":"category","embeddable":true,"href":"https:\/\/www.piuomenopop.it\/index.php\/wp-json\/wp\/v2\/categories?post=69190"},{"taxonomy":"post_tag","embeddable":true,"href":"https:\/\/www.piuomenopop.it\/index.php\/wp-json\/wp\/v2\/tags?post=69190"}],"curies":[{"name":"wp","href":"https:\/\/api.w.org\/{rel}","templated":true}]}}