{"id":69200,"date":"2021-09-02T14:36:11","date_gmt":"2021-09-02T12:36:11","guid":{"rendered":"https:\/\/www.piuomenopop.it\/?p=69200"},"modified":"2021-09-02T14:36:11","modified_gmt":"2021-09-02T12:36:11","slug":"la-mia-generazione-festival-2021-mauro-ermanno-giovanardi-lancia-la-nuova-edizione","status":"publish","type":"post","link":"https:\/\/www.piuomenopop.it\/index.php\/2021\/09\/02\/la-mia-generazione-festival-2021-mauro-ermanno-giovanardi-lancia-la-nuova-edizione\/","title":{"rendered":"LA MIA GENERAZIONE FESTIVAL 2021 &#8211; Mauro Ermanno Giovanardi lancia la nuova edizione"},"content":{"rendered":"<p style=\"text-align: center;\"><strong>LA MIA GENERAZIONE FESTIVAL <\/strong><\/p>\n<p style=\"text-align: center;\"><strong>10 &#8211; 11 settembre 2021 &#8211; Ancona, Mole Vanvitelliana<\/strong><\/p>\n<p style=\"text-align: center;\"><strong>\u00a0<\/strong><\/p>\n<p style=\"text-align: center;\"><strong><u>DIREZIONE ARTISTICA: MAURO ERMANNO GIOVANARDI <\/u><\/strong><\/p>\n<p style=\"text-align: center;\"><strong>\u00a0<\/strong><\/p>\n<p style=\"text-align: center;\"><strong>Line up:<\/strong><\/p>\n<p style=\"text-align: center;\"><strong><em>EVA POLES (PROZAC+)<\/em><\/strong><\/p>\n<p style=\"text-align: center;\"><strong><em>GIORGIENESS<\/em><\/strong><\/p>\n<p style=\"text-align: center;\"><strong><em>VIOLANTE PLACIDO<\/em><\/strong><\/p>\n<p style=\"text-align: center;\"><strong><em>RACHELE BASTREGHI<\/em><\/strong><\/p>\n<p style=\"text-align: center;\"><strong><em>NADA MALANIMA<\/em><\/strong><\/p>\n<p style=\"text-align: center;\"><strong><em>CARLO CHICCO<\/em><\/strong><\/p>\n<p style=\"text-align: center;\"><strong><em>MAURO ERMANNO GIOVANARDI<\/em><\/strong><\/p>\n<p style=\"text-align: center;\"><strong><em>FRANCESCO BIANCONI<\/em><\/strong><\/p>\n<p style=\"text-align: center;\"><strong><em>DIODATO<\/em><\/strong><\/p>\n<p style=\"text-align: center;\"><strong><em>NICCOLO\u2019 FABI<\/em><\/strong><\/p>\n<p style=\"text-align: center;\"><strong><em>\u00a0<\/em><\/strong><\/p>\n<p style=\"text-align: center;\"><strong>Conduce:<\/strong><\/p>\n<p style=\"text-align: center;\"><strong><em>MASSIMO COTTO<\/em><\/strong><\/p>\n<p style=\"text-align: center;\"><strong><em>\u00a0<\/em><\/strong><\/p>\n<p><strong>\u00a0<\/strong><\/p>\n<p><strong>Si appresta a cominciare la quarta edizione de La Mia Generazione Festival, la kermesse ideata da Mauro Ermanno Giovanardi, cantautore e storica voce dei La Crus, e Comune di Ancona, con l\u2019intento di mettere in connessione le generazioni di artisti italiani che dal circuito indipendente fino al grande pubblico hanno segnato un profondo solco nella musica e nella produzione discografica nazionale degli ultimi 30 anni.<\/strong><\/p>\n<p><strong>\u00a0<\/strong><\/p>\n<p>L\u2019edizione 2021 far\u00e0 il suo esordio i prossimi 10 e 11 settembre, con due serate volutamente diversificate per genere.<\/p>\n<p><strong>Venerd\u00ec <\/strong>di <strong>Venere<\/strong> e <strong>Sabato <\/strong>di <strong>Saturno<\/strong>. Le ha volute intitolare cos\u00ec il direttore artistico <strong>Mauro Ermanno Giovanardi<\/strong>, cantautore e storico frontman dei <strong>La Crus<\/strong>, che nella serata di sabato 11 settembre aprir\u00e0 i live set con una breve ma intensa performance che andr\u00e0 ad omaggiare l\u2019album \u201c<u>CROCEVIA<\/u>\u201d nel suo 20ennale della pubblicazione.<\/p>\n<p>&nbsp;<\/p>\n<blockquote><p>\u00abDopo un anno e mezzo in cui gli artisti hanno dovuto sfruttare maggiormente il veicolo della parola, dello streaming e del dialogo per comunicare con il mondo esterno, \u00e8 stata una mia precisa scelta quella di dare ampio spazio alla dimensione live &#8211; spiega <strong>Mauro Ermanno Giovanardi<\/strong> &#8211; in questo modo abbiamo deciso di riportare il festival alla sua ambientazione naturale: quella della musica suonata, rinunciando ai talk che hanno caratterizzato le edizioni precedenti. E in un luogo topico della citt\u00e0 di Ancona, La Mole Vanvitelliana, arena estiva per i maggiori concerti e spettacoli. In quest\u2019anno e mezzo di pandemia sono state usate tante, fin troppe, parole. Pertanto abbiamo deliberatamente deciso di ricreare la vera atmosfera dell\u2019Happening musicale di cui il pubblico, ora pi\u00f9 che mai, ne ha veramente bisogno\u00bb.<\/p><\/blockquote>\n<p>&nbsp;<\/p>\n<p>Entrambe le serate si apriranno con i dj set <strong>\u201cAl calar del Sole\u201d<\/strong> nell\u2019area <u>Lazzabaretto <\/u>della Mole Vanvitelliana di Ancona.<\/p>\n<p>I protagonisti dei rispettivi pre-show saranno: <strong>Eva Poles (Prozac+) <\/strong>e il giornalista e direttore radiofonico <strong>Carlo Chicco<\/strong>. I dj set (ad ingresso gratuito) avranno inizio alle 18,30 e accoglieranno, ed accompagneranno, il pubblico fino all\u2019avvio dei live set previsto per le 21,30 nella Corte della Mole Vanvitelliana.<\/p>\n<p>Disponibile area bar con possibilit\u00e0 di ristorazione da asporto.<\/p>\n<p>&nbsp;<\/p>\n<p><u>Quale migliore occasione per rispolverare il suono del rock che ha contraddistinto gli anni d\u2019oro delle etichette indipendenti, di qua e di l\u00e0 dell\u2019oceano. E con un occhio di riguardo a quanto accadeva in Italia nell\u2019epoca che ha visto il fiorire, appunto, di una generazione che ha gettato le basi per quanto sta accadendo oggi sul panorama nazionale. <\/u><\/p>\n<p><u>Dunque l\u2019eclettismo dei due dj gli permetter\u00e0 di attraversare epoche e continenti, rievocando i glory days, ma senza piglio nostalgico. Infatti il viaggio far\u00e0 tappa pi\u00f9 volte nella contemporaneit\u00e0, sfruttando il fil rouge dei rimandi e delle ispirazioni.<\/u><\/p>\n<p>&nbsp;<\/p>\n<p>&nbsp;<\/p>\n<p><strong><em><u>IL PROGRAMMA:<\/u><\/em><\/strong><\/p>\n<p><strong><em><u>\u00a0<\/u><\/em><\/strong><\/p>\n<p><em><u>Venerd\u00ec di Venere<\/u><\/em><\/p>\n<p>10 settembre &#8211; Mole Vanvitelliana, Ancona<\/p>\n<p>&nbsp;<\/p>\n<p>Ore 18,30<\/p>\n<p>Selezioni Musicali al Calar del Sole &#8211; Lazzabaretto (ingresso gratuito)<\/p>\n<ul>\n<li>Dj set Eva Poles (Prozac+)<\/li>\n<\/ul>\n<p><em><u>\u00a0<\/u><\/em><\/p>\n<p><em><u>\u00a0<\/u><\/em><\/p>\n<p>Ore 21,30<\/p>\n<p>Concerti &#8211; Corte della Mole Vanvitelliana<\/p>\n<p><u>\u00a0<\/u><\/p>\n<ul>\n<li>Giorgieness<\/li>\n<li>Violante Placido<\/li>\n<li>Rachele Bastreghi<\/li>\n<li>Nada Malanima<\/li>\n<\/ul>\n<p>&nbsp;<\/p>\n<p><em><u>Sabato di Saturno<\/u><\/em><\/p>\n<p>11 settembre &#8211; Mole Vanvitelliana, Ancona<\/p>\n<p>&nbsp;<\/p>\n<p>Ore 18,30<\/p>\n<p>Selezioni Musicali al Calar del Sole &#8211; Lazzabaretto (ingresso gratuito)<\/p>\n<ul>\n<li>Dj set Carlo Chicco<\/li>\n<\/ul>\n<p>&nbsp;<\/p>\n<p>&nbsp;<\/p>\n<p>Ore 21,30<\/p>\n<p>Concerti &#8211; Corte della Mole Vanvitelliana<\/p>\n<ul>\n<li>Mauro Ermanno Giovanardi<\/li>\n<li>Francesco Bianconi<\/li>\n<li>Diodato<\/li>\n<li>Niccol\u00f2 Fabi<\/li>\n<\/ul>\n<p>&nbsp;<\/p>\n<p>L\u2019intera conduzione del festival \u00e8 affidata al giornalista, scrittore, Dj <strong>Massimo Cotto<\/strong>.<\/p>\n<p>&nbsp;<\/p>\n<p><strong><u>La Mia Generazione Festival \u00e8 un progetto di: G-RO, Arci Ancona, Comune di Ancona, La Mole<\/u><\/strong><\/p>\n<p>&nbsp;<\/p>\n<p><em><u>IN CASO DI MALTEMPO I CONCERTI SI TERRANNO AL TEATRO DELLE MUSE (ANCONA)<\/u><\/em><\/p>\n<p><em><u>\u00a0<\/u><\/em><\/p>\n<p><u>Ingresso ai concerti: 15euro + dp<\/u><\/p>\n<p>&nbsp;<\/p>\n<p><strong><u>Prevendite Vivaticket<\/u><\/strong><\/p>\n<p>&nbsp;<\/p>\n<p>&nbsp;<\/p>\n<p>&nbsp;<\/p>\n<p>&nbsp;<\/p>\n","protected":false},"excerpt":{"rendered":"<div class=\"mh-excerpt\"><p>LA MIA GENERAZIONE FESTIVAL 10 &#8211; 11 settembre 2021 &#8211; Ancona, Mole Vanvitelliana \u00a0 DIREZIONE ARTISTICA: MAURO ERMANNO GIOVANARDI \u00a0 Line up: EVA POLES (PROZAC+) <a class=\"mh-excerpt-more\" href=\"https:\/\/www.piuomenopop.it\/index.php\/2021\/09\/02\/la-mia-generazione-festival-2021-mauro-ermanno-giovanardi-lancia-la-nuova-edizione\/\" title=\"LA MIA GENERAZIONE FESTIVAL 2021 &#8211; Mauro Ermanno Giovanardi lancia la nuova edizione\">[&#8230;]<\/a><\/p>\n<\/div>","protected":false},"author":2,"featured_media":69201,"comment_status":"closed","ping_status":"closed","sticky":false,"template":"","format":"standard","meta":{"sfsi_plus_gutenberg_text_before_share":"","sfsi_plus_gutenberg_show_text_before_share":"","sfsi_plus_gutenberg_icon_type":"","sfsi_plus_gutenberg_icon_alignemt":"","sfsi_plus_gutenburg_max_per_row":"","footnotes":"","_links_to":"","_links_to_target":""},"categories":[5184,3],"tags":[10284,12606,975],"class_list":["post-69200","post","type-post","status-publish","format-standard","has-post-thumbnail","hentry","category-calendario-concerti","category-news","tag-la-mia-generazione-festival","tag-la-mia-generazione-festival-2021","tag-mauro-ermanno-giovanardi"],"aioseo_notices":[],"_links":{"self":[{"href":"https:\/\/www.piuomenopop.it\/index.php\/wp-json\/wp\/v2\/posts\/69200","targetHints":{"allow":["GET"]}}],"collection":[{"href":"https:\/\/www.piuomenopop.it\/index.php\/wp-json\/wp\/v2\/posts"}],"about":[{"href":"https:\/\/www.piuomenopop.it\/index.php\/wp-json\/wp\/v2\/types\/post"}],"author":[{"embeddable":true,"href":"https:\/\/www.piuomenopop.it\/index.php\/wp-json\/wp\/v2\/users\/2"}],"replies":[{"embeddable":true,"href":"https:\/\/www.piuomenopop.it\/index.php\/wp-json\/wp\/v2\/comments?post=69200"}],"version-history":[{"count":1,"href":"https:\/\/www.piuomenopop.it\/index.php\/wp-json\/wp\/v2\/posts\/69200\/revisions"}],"predecessor-version":[{"id":69202,"href":"https:\/\/www.piuomenopop.it\/index.php\/wp-json\/wp\/v2\/posts\/69200\/revisions\/69202"}],"wp:featuredmedia":[{"embeddable":true,"href":"https:\/\/www.piuomenopop.it\/index.php\/wp-json\/wp\/v2\/media\/69201"}],"wp:attachment":[{"href":"https:\/\/www.piuomenopop.it\/index.php\/wp-json\/wp\/v2\/media?parent=69200"}],"wp:term":[{"taxonomy":"category","embeddable":true,"href":"https:\/\/www.piuomenopop.it\/index.php\/wp-json\/wp\/v2\/categories?post=69200"},{"taxonomy":"post_tag","embeddable":true,"href":"https:\/\/www.piuomenopop.it\/index.php\/wp-json\/wp\/v2\/tags?post=69200"}],"curies":[{"name":"wp","href":"https:\/\/api.w.org\/{rel}","templated":true}]}}