{"id":69609,"date":"2021-09-14T14:48:56","date_gmt":"2021-09-14T12:48:56","guid":{"rendered":"https:\/\/www.piuomenopop.it\/?p=69609"},"modified":"2021-09-14T14:48:56","modified_gmt":"2021-09-14T12:48:56","slug":"patti-smith-bill-viola-e-molto-altro-presentata-la-i-ed-di-riemergere-dal-15-settembre-al-29-giugno-2022-a-roma","status":"publish","type":"post","link":"https:\/\/www.piuomenopop.it\/index.php\/2021\/09\/14\/patti-smith-bill-viola-e-molto-altro-presentata-la-i-ed-di-riemergere-dal-15-settembre-al-29-giugno-2022-a-roma\/","title":{"rendered":"Patti Smith, Bill Viola e molto altro. Presentata la I ed. di RIEMERGERE, dal 15 settembre al 29 giugno 2022 a Roma"},"content":{"rendered":"<p align=\"center\"><strong>EUR Culture per Roma<br \/>\npresenta<\/strong><\/p>\n<p align=\"center\"><strong>\u00a0<\/strong><\/p>\n<p align=\"center\"><strong><em>RIEMERGERE<\/em><\/strong><strong><br \/>\nI edizione<br \/>\nStagione 2021 \u2013 2022<\/strong><\/p>\n<p align=\"center\"><strong>\u00a0<\/strong><\/p>\n<p align=\"center\"><strong>dal 15 settembre 2021 al 29 giugno 2022<\/strong><\/p>\n<p align=\"center\"><strong>La Nuvola, Palazzo dei Congressi e altri spazi dell\u2019EUR<\/strong><\/p>\n<p>\u00a0<img loading=\"lazy\" decoding=\"async\" class=\"CToWUd a6T\" tabindex=\"0\" src=\"https:\/\/ci3.googleusercontent.com\/proxy\/00alTeSpV_OyGZ7L9FxwMCin6Ie20oh87tF3ynxxj-H8oLtYabXc3Gt6EKukKLrC8IUJZl1ONeZ1XOVxaAKUyAc2jFYnYNY3ryBhX376kKTAUJAJWOnpLPUp68yYirQ=s0-d-e1-ft#https:\/\/gdgpress.voxmail.it\/rsp\/pvwqdx\/content\/plpl_4.jpg?_d=68D&amp;_c=b55c39b2\" width=\"941\" height=\"627\" \/><\/p>\n<p>Pi\u00f9 libri pi\u00f9 liberi &#8211; Nuvola<\/p>\n<p><img loading=\"lazy\" decoding=\"async\" class=\"CToWUd a6T\" tabindex=\"0\" src=\"https:\/\/ci4.googleusercontent.com\/proxy\/suoB4xzz0wUiIC1-wBvCU49YL4Bs-jriDKHvnH7rsxdff2zK8RaAiv5qlQO5wfK61yeyls47UsNAWQzaeY6KfFK58RhRNxwntLlwEorAYK9r__1SV23Ca2Cuf4j74grEl6F43g=s0-d-e1-ft#https:\/\/gdgpress.voxmail.it\/rsp\/pvwqdx\/content\/patti_smith.jpg?_d=68D&amp;_c=7ab33a74\" width=\"940\" height=\"587\" \/><\/p>\n<p>Patti Smith<\/p>\n<p><img loading=\"lazy\" decoding=\"async\" class=\"CToWUd a6T\" tabindex=\"0\" src=\"https:\/\/ci4.googleusercontent.com\/proxy\/_z1RUWa3IsZ6janTkmgLiPmJ6bXrknyD-ANh5RSdYkFcfO6qw2J8ZdgiTMgpZG4c90hx8i6I-KUEWZMSncxy-Rbek3akqRrWmbg9fFYJPa38l5zrQ6Wr9zy9LYX-07aSvS-KIGOhjuFc8CgvCzw6ZumaPQ=s0-d-e1-ft#https:\/\/gdgpress.voxmail.it\/rsp\/pvwqdx\/content\/videocitta_mapping_eur-min.jpg?_d=68D&amp;_c=9c871235\" width=\"977\" height=\"651\" \/><\/p>\n<p>Videocitt\u00e0 &#8211; EUR<\/p>\n<p><img loading=\"lazy\" decoding=\"async\" class=\"CToWUd a6T\" tabindex=\"0\" src=\"https:\/\/ci3.googleusercontent.com\/proxy\/mOFaCXQukJ6ir2bdCY3krsldkBy2-HZsmqmPgRYCf5KQCnkElh5i1DbEAcByr56Hx4gbWDnlji7pxx7WWIGDB1THTMAOQK2tBBMHn4iWgZHrDyvSh06PIkH_1QY0ve8JoDKUKqDUKVB-fAdMYZE6xhBUZ5wkjbKZ2WatPw=s0-d-e1-ft#https:\/\/gdgpress.voxmail.it\/rsp\/pvwqdx\/content\/bill-viola-photo-kira-perov-480x719.jpg?_d=68D&amp;_c=39b8d7b7\" width=\"1000\" height=\"559\" \/><\/p>\n<p>Bill Viola<\/p>\n<p>La storica rockstar\u00a0<strong>Patti Smith<\/strong>, il video artista pi\u00f9 celebre al mondo\u00a0<strong>Bill Viola<\/strong>, la\u00a0<strong>multietnica Orchestra di Piazza Vittorio<\/strong>, il regista pi\u00f9 radicale della scena contemporanea internazionale\u00a0<strong>Romeo Castellucci<\/strong>, la scultrice americana\u00a0<strong>Janet Echelman<\/strong>\u00a0e il pi\u00f9 ammirato autore di cinema d\u2019animazione italiano\u00a0<strong>Gianluigi Toccafondo<\/strong>. Ma anche\u00a0<strong>Luca Zingaretti<\/strong>\u00a0che legge\u00a0<strong>Andrea Camilleri<\/strong>,\u00a0<strong>Federico Rampini<\/strong>\u00a0che parla di economia attraverso i\u00a0<strong>Beatles, Emma Bonino\u00a0<\/strong>voce recitante per un film di<strong>\u00a0Werner Herzog<\/strong>.<\/p>\n<p>E poi ancora\u00a0<strong>concerti<\/strong>, festival di cinema, videoarte e fotografia,\u00a0<strong>fiere<\/strong>\u00a0dell\u2019editoria e dell\u2019arte contemporanea,\u00a0<strong>messe musicali<\/strong>\u00a0e lunghe\u00a0<strong>notti sonore<\/strong>\u00a0fra\u00a0<strong>jazz, gospel, taranta, indie e trap<\/strong>; appuntamenti orchestrali,\u00a0<strong>mostre<\/strong>\u00a0d\u2019arte e\u00a0<strong>incontri<\/strong>\u00a0con i rappresentanti del mondo del giornalismo e della cultura, omaggi a\u00a0<strong>grandi scrittori<\/strong>\u00a0e a\u00a0<strong>icone pop<\/strong>,\u00a0<strong>eventi speciali e progetti riservati ai pi\u00f9 piccoli<\/strong>:\u00a0<strong>oltre 100 eventi artistico-culturali<\/strong>\u00a0culturali rivolti a tutte le fasce d\u2019et\u00e0 che coinvolgeranno\u00a0<strong>pi\u00f9 di 600 tra artisti ed esponenti della cultura<\/strong>\u00a0per quasi\u00a0<strong>10 mesi<\/strong>\u00a0di programmazione.<\/p>\n<p>\u00c8\u00a0<strong><em>Riemergere<\/em><\/strong>, prima edizione, uno straordinario programma di eventi ideato da\u00a0<strong>EUR Culture per Roma<\/strong>\u00a0e\u00a0<strong>realizzato da EUR S.p.A.<\/strong>\u00a0con la\u00a0<strong>direzione artistica<\/strong>\u00a0di\u00a0<strong>Oscar Pizzo,<\/strong>\u00a0che\u00a0<strong>dal 15 settembre 2021 al 29 giugno 2022<\/strong>\u00a0trasformer\u00e0 l\u2019iconica\u00a0<strong>Nuvola<\/strong>\u00a0di\u00a0<strong>Massimiliano Fuksas<\/strong>, il\u00a0<strong>Palazzo dei Congressi<\/strong>\u00a0e l\u2019intero complesso urbanistico in una\u00a0<strong>nuova centralit\u00e0 della cultura capitolina e non solo<\/strong>.<\/p>\n<p>\u201c<em>L\u2019obiettivo sar\u00e0 di passare da EUR oggetto a EUR soggetto di cultura, sia nel rapporto sinergico con le Istituzioni culturali romane e nazionali che, ancor pi\u00f9 importante, nell\u2019immaginario cittadino, modificando il senso comune verso un quartiere percepito come luogo elitario e lontano<\/em>\u201d dichiara il\u00a0<strong>Direttore Artistico Oscar Pizzo<\/strong>.\u00a0<em>\u201cAbbiamo voluto aprire La Nuvola alla citt\u00e0. Il centro vaccinale ha dimostrato la forza e la suggestione di questo luogo magico. La nostra ambizione \u00e8 rendere questa straordinaria opera architettonica un luogo per tutti e fruibile ogni giorno dell\u2019anno. La Pandemia ci lascia in eredit\u00e0 una sfida per il futuro della citt\u00e0: gli spazi, se ben utilizzati, ci aiuteranno a costruire luoghi familiari. I beni comuni, in particolare per le future generazioni, rappresenteranno il valore aggiunto per una citt\u00e0 pi\u00f9 semplice da vivere, con pi\u00f9 colori, emozioni e sicurezza\u201d<\/em>\u00a0aggiunge\u00a0<strong>l\u2019Amministratore Delegato di EUR S.p.A. Antonio Rosati<\/strong>, mentre il\u00a0<strong>Presidente di EUR S.p.A<\/strong>.\u00a0<strong>Alberto Sasso<\/strong>\u00a0conclude:\u00a0<em>\u201cAbbiamo ritenuto che La Nuvola, capace di grande attrattivit\u00e0 internazionale, debba finalmente aprirsi alla citt\u00e0 di Roma, coniugando alla sua fondamentale funzione congressuale, una straordinaria offerta culturale di livello nazionale e internazionale. Eur Culture per Roma \u00e8 una sfida unica nel suo genere<\/em>\u201d.<\/p>\n<p>Una sfida che si riassume in un titolo,\u00a0<strong><em>Riemergere<\/em><\/strong>, fortemente simbolico, sia alla luce del periodo storico che stiamo vivendo, sia rispetto alla funzione che la Nuvola ha svolto in questi mesi, come hub vaccinale contro il Covid-19 fra i pi\u00f9 imponenti in Italia: \u201c<em>In questo presente incerto, la coincidenza alla Nuvola di due eventi straordinari quali\u00a0 la presenza di uno dei maggiori Hub vaccinali italiani contro il Covid &#8211; 19 e il\u00a0<strong>Summit Internazionale G20<\/strong>\u00a0crea le condizioni per un progetto culturale unico e irripetibile per la nostra citt\u00e0. People, Planet, Prosperity sono i tre pilastri sui quali pogger\u00e0 il vertice di ottobre 2021 e che ispirano il palinsesto eventi del progetto Eur Culture per Roma.\u201d\u00a0<\/em>(Oscar Pizzo).<\/p>\n<p><strong>People<\/strong>,<strong>\u00a0Planet<\/strong>\u00a0e\u00a0<strong>Prosperity<\/strong>\u00a0sono dunque le tre macro-sezioni che scandiscono il ritmo alla programmazione di\u00a0<em>Riemegere.<\/em><\/p>\n<p><strong>SETTEMBRE 2021<\/strong><\/p>\n<p>Si parte il\u00a0<strong>15 settembre\u00a0<\/strong>al<strong>\u00a0Palazzo dei Congressi<\/strong>\u00a0e \u201csi parte dalla coda\u201d.\u00a0<strong><em>Partire dalla coda<\/em><\/strong>\u00a0\u00e8 infatti il titolo dell\u2019evento di apertura, un\u00a0<strong>concerto visivo<\/strong>\u00a0che si sviluppa sulle note di un\u00a0<strong>capolavoro del minimalismo<\/strong>\u00a0firmato da uno dei pi\u00f9 grandi compositori nord-europei contemporanei:\u00a0<em>Canto Ostinato<\/em>\u00a0(1976) di\u00a0<strong>Simeon ten Holt<\/strong>. Sullo schermo invece scorreranno\u00a0<strong>le emozionanti immagini di un poetico \u201cmash-up\u201d<\/strong>\u00a0realizzato da un artista e illustratore, protagonista indiscusso del cinema d\u2019animazione, come\u00a0<strong>Gianluigi Toccafondo.\u00a0<\/strong>L\u2019orizzonte visivo, poi, esplode verso le nuove direzioni dei linguaggi audio-video nei quattro giorni seguenti,\u00a0<strong>dal 15 al 19 settembre\u00a0<\/strong>fra<strong>\u00a0Palazzo dei Congressi\u00a0<\/strong>e il<strong>\u00a0Giardino delle Cascate<\/strong>, con<strong>\u00a0Videocitt\u00e0<\/strong>, il<strong>\u00a0festival\u00a0<\/strong>ideato da<strong>\u00a0Francesco Rutelli e coprodotto da EUR S.p.A.\u00a0<\/strong>e<strong>\u00a0<\/strong>dedicato al cinema, alla videoarte, al video-mapping, alla realt\u00e0 virtuale e all\u2019Intelligenza Artificiale. Fra gli ospiti: lo studio di Istanbul\u00a0<strong>OUCHHH<\/strong>, il collettivo russo\u00a0<strong>AES+F<\/strong>\u00a0reduce dalla\u00a0<strong>55\u00b0 Biennale d\u2019Arte di Venezia<\/strong>\u00a0e la performer di fama internazionale\u00a0<strong>M\u00a5SS KETA<\/strong>.<\/p>\n<p>Il\u00a0<strong>22 settembre<\/strong>\u00a0ci si sposta alla\u00a0<strong>Nuvola<\/strong>\u00a0per\u00a0<strong><em>Standing ovation<\/em><\/strong>, il grande omaggio, curato dal critico cinematografico\u00a0<strong>Mario Sesti<\/strong>, a un\u2019icona pop che ha segnato l\u2019immaginario televisivo e cinematografico di tutti:\u00a0<strong>Lino Banfi, ospite d\u2019onore.<\/strong><\/p>\n<p>Il\u00a0<strong>28 settembre<\/strong>\u00a0sar\u00e0 il giorno per celebrare La Nuvola e il suo prezioso contributo alla cura della salute pubblica con la proiezione di\u00a0<strong><em>Giorni di nuvola<\/em><\/strong>, il documentario realizzato da\u00a0<strong>Marco Delogu<\/strong>\u00a0per raccontare una rinascita, dopo un anno di isolamento, sofferenza, morte. Il film mostra il grande lavoro fatto per mesi nell\u2019hub vaccinale che ha coinvolto operatori sanitari, le strutture operative della Asl e dell\u2019EUR S.p.A., i volontari e tutta la cittadinanza che \u00e8 passata per ricevere il vaccino. Un emozionante omaggio alla lotta contro il Covid-19, un racconto che diventa fondante di quel \u201criemergere\u201d che d\u00e0 il titolo alla stagione. Contestualmente, sar\u00e0 allestita\u00a0<strong><em>Ritratti di Nuvola<\/em><\/strong>, una mostra che \u00e8 la naturale declinazione fotografica del film, visitabile\u00a0<strong>fino al 24 ottobre.<\/strong><\/p>\n<p>A celebrare la rinascita ci pensa anche l\u2019<strong>Orchestra di Piazza Vittorio\u00a0<\/strong>il<strong>\u00a028 settembre\u00a0<\/strong>alla<strong>\u00a0Nuvola\u00a0<\/strong>con\u00a0<strong><em>Dancefloor<\/em>,\u00a0<\/strong>il nuovo progetto dell\u2019ensemble multietnico fondato nel 2002 da\u00a0<strong>Mario Tronco<\/strong>\u00a0e oggi famoso in tutto il mondo.\u00a0<em>Dancefloor<\/em>\u00a0\u00e8 uno spettacolo dedicato al ballo, al ritmo e alla musica che supera i generi, gli stili e le nazioni, per raccontare\u00a0<strong>la storia di un\u2019utopia diventata realt\u00e0<\/strong>. Un viaggio per ripercorrere le tappe fondamentali di\u00a0<strong>un progetto che ha ridefinito il concetto stesso di world music<\/strong>, ispirando decine di esperienze analoghe in Italia e nel mondo, e facendo dell\u2019Orchestra il segno tangibile di una scommessa possibile: tenere insieme continenti diversi con le loro culture, i loro suoni e la loro storia.<\/p>\n<p><strong>OTTOBRE 2021<\/strong><\/p>\n<p>La programmazione del primo mese autunnale si apre il\u00a0<strong>10 ottobre<\/strong>\u00a0con un nome che campeggia fra i manuali di storia della musica, la cantautrice e rocker americana\u00a0<strong>Patti Smith<\/strong>\u00a0in concerto alla\u00a0<strong>Nuvola<\/strong>, che per la prima volta dall\u2019avvento della pandemia si apre a un grande evento musicale. Un concerto simbolo della ripartenza umana e artistica del Paese. L\u2019evento \u00e8\u00a0<strong>l\u2019unica data in Italia<\/strong>\u00a0per Patti Smith che far\u00e0\u00a0<strong>soltanto altre due date in Europa<\/strong>, in due templi della musica mondiale: la\u00a0<strong>Royal Albert Hall di Londra<\/strong>\u00a0e il\u00a0<strong>Grand Rex di Parigi.<\/strong><\/p>\n<p><strong>NOVEMBRE 2021<\/strong><\/p>\n<p>Dopo la pausa di programmazione dovuta al G20 che si terr\u00e0 proprio alla Nuvola il 30 e 31 ottobre, la programmazione di\u00a0<em>Riemergere<\/em>\u00a0riparte\u00a0<strong>dal 18 al 21 novembre<\/strong>\u00a0con\u00a0<strong><em>Arte in nuvola<\/em><\/strong>, una grande fiera di arte moderna e contemporanea che ha l\u2019obiettivo di avvicinare il grande pubblico all\u2019espressione artistica e, al tempo stesso, l\u2019ambizione di diventare un polo di riferimento per il collezionismo dell\u2019intera Italia centro-meridionale. Un\u2019iniziativa importante che mira a colmare un vuoto di proposta nella Capitale \u2013 da ben dieci anni Roma non ospita un evento di questa natura \u2013 e che accoglie gallerie nazionali e internazionali e oltre 25 esposizioni provenienti da Israele, paese di questa prima edizione. Per l\u2019occasione, Massimiliano Fuksas ha disegnato il logo della manifestazione mentre l\u2019evento di punta sar\u00e0 l\u2019inaugurazione, il\u00a0<strong>18 novembre<\/strong>, di\u00a0<strong><em>Noli Timere<\/em><\/strong>,\u00a0<strong>maestosa installazione di 27&#215;13 metri<\/strong>\u00a0della celebre artista americana\u00a0<strong>Janet Echelman<\/strong>\u00a0che sar\u00e0 esposta\u00a0<strong>nel foyer della Nuvola fino all\u20198 dicembre<\/strong>, giornata conclusiva di\u00a0<em>Pi\u00f9 Libri Pi\u00f9 Liberi<\/em>. Nota in tutto il mondo per le sue sculture fluttuanti, spesso site-specific, che modificano la percezione dello spazio pubblico, la Echelman realizza opere intersecando scultura, architettura, disegno urbano, informatica, scienza dei materiali, ingegneria strutturale e aeronautica.<\/p>\n<p>Il\u00a0<strong>20 novembre<\/strong>, invece, alla\u00a0<strong>Basilica di SS. Pietro e Paolo<\/strong>\u00a0prende il via\u00a0<strong><em>In nome del Padre<\/em>,\u00a0<\/strong>un originale ciclo di messe cantate che segnano l\u2019incontro fra la musica nelle sue diverse declinazioni e la liturgia cristiana. Per un sabato al mese\u00a0<strong>tra novembre 2021 e maggio 2022<\/strong>, ogni messa prevede la partecipazione straordinaria di\u00a0<strong>cardinali provenienti da tutto il mondo<\/strong>\u00a0che coinvolgeranno i fedeli attraverso le loro omelie. Il primo appuntamento sar\u00e0 la\u00a0<strong>Messa Africana in commemorazione dell\u2019Ambasciatore Luca Attanasio, del Carabiniere Vittorio Iacovacci e dei martiri del Kivu<\/strong>, con l\u2019omelia del\u00a0<strong>Cardinale Antoine Kambanda<\/strong>\u00a0e la parte musicale affidata alla\u00a0<strong>star senegalese Badara Seck<\/strong>\u00a0e al coro\u00a0<strong>Ready Made Ensemble.\u00a0<\/strong>In calendario poi: il\u00a0<strong>18 dicembre\u00a0<\/strong>la\u00a0<strong>Messa Popolare in commemorazione del beato Giuseppe Puglisi\u00a0<\/strong>con<strong>\u00a0Ambrogio Sparagna<\/strong>, uno dei pi\u00f9 importanti esponenti della musica popolare in Europa<strong>,\u00a0<\/strong>e l\u2019omelia del<strong>\u00a0Cardinale Enrico Feroci<\/strong>; il<strong>\u00a022 gennaio\u00a0<\/strong>la<strong>\u00a0Messa Medievale\u00a0<\/strong>che vedr\u00e0 nuovamente il Ready Made Ensemble, stavolta alle prese con\u00a0<strong><em>La Messe de Nostre Dame<\/em><\/strong><em>\u00a0<\/em>del compositore medievale francese\u00a0<strong>Guillaume de Machaut,<\/strong>\u00a0e l\u2019omelia del\u00a0<strong>Cardinale Mauro Gambetti<\/strong>; il 26 febbraio la\u00a0<strong>Messa Jazz\u00a0<\/strong>con il fisarmonicista<strong>\u00a0Antonello Salis<\/strong>, il musicista rom\u00a0<strong>Santino Spinelli\u00a0<\/strong>e l\u2019omelia del\u00a0<strong>Cardinale Augusto Paolo Lojudice<\/strong>; il<strong>\u00a026 marzo\u00a0<\/strong>la<strong>\u00a0Messa Latino-Americana in commemorazione del beato Oscar Romero\u00a0<\/strong>con l\u2019omelia del<strong>\u00a0Cardinale Pedro Ricardo Barreto Imeno\u00a0<\/strong>e il coinvolgimento degli artisti della comunit\u00e0 latinoamericana di Roma; il\u00a0<strong>23 aprile<\/strong>\u00a0la\u00a0<strong>Messa Contemporanea<\/strong>\u00a0con una creazione del compositore, musicista e giornalista\u00a0<strong>Marcello Filotei<\/strong>\u00a0e l\u2019omelia del\u00a0<strong>Cardinale Gianfranco Ravasi<\/strong>; e, infine, il 21maggio, la\u00a0<strong>Messa Mediterranea<\/strong>\u00a0con il cantante, polistrumentista e attore\u00a0<strong>Mario Incudine<\/strong>\u00a0e l\u2019omelia del\u00a0<strong>Cardinale Matteo Maria Zuppi.<\/strong><\/p>\n<p><strong>DICEMBRE 2021<\/strong><\/p>\n<p>Dopo la sospensione dell\u2019edizione 2020 a causa della pandemia, torna uno degli appuntamenti pi\u00f9 amati dal pubblico della Capitale per festeggiare i 20 anni di storia:\u00a0<strong>Pi\u00f9 libri Pi\u00f9 liberi<\/strong>, alla\u00a0<strong>Nuvola<\/strong>\u00a0<strong>dal<\/strong>\u00a0<strong>4 all\u20198 dicembre.\u00a0<\/strong>Organizzata dall\u2019<strong>Associazione Italiana Editori<\/strong>, la pi\u00f9 importante\u00a0<strong>Fiera Nazionale della Piccola e Media Editoria<\/strong>\u00a0rappresenta oggi circa il 52% del mercato ed \u00e8 una vetrina esclusiva della produzione dell\u2019editoria indipendente italiana ma soprattutto un consolidato spazio di incontro sia per gli operatori professionali sia per i lettori che vogliono incontrare gli autori, assistere a performance musicali e reading. Grandi nomi e giovani emergenti, un\u2019ampia attivit\u00e0 laboratoriale pensata per l\u2019avvicinamento alla lettura dei pi\u00f9 piccoli, una programmazione dedicata agli addetti ai lavori e un focus dedicato all\u2019internazionalizzazione che ha come obiettivo l\u2019incoming di editori stranieri interessati alle nuove proposte editoriali indipendenti italiane sono gli assi portanti della manifestazione. Evento di punta di questa edizione, il reading di\u00a0<strong>Luca Zingaretti<\/strong>\u00a0in omaggio a un maestro della letteratura italiana scomparso nel 2019,\u00a0<strong>Andrea Camilleri<\/strong>:\u00a0<strong>l\u20198 dicembre<\/strong>, l\u2019attore romano sar\u00e0 alle prese con\u00a0<strong><em>Mamma Carissima<\/em><\/strong>, l\u2019ultimo\u00a0<strong>capolavoro inedito<\/strong>\u00a0dello scrittore siciliano e prima produzione del Fondo Camilleri. Si tratta di un corpus di lettere mai pubblicate e scritte dal Maestro alla \u201cmamma carissima\u201d per raccontare avventure e disavventure del giovane Camilleri a Roma. I suoi incontri con\u00a0<strong>Anna Magnani, Jean Genet e il variegato mondo della Dolce Vita<\/strong>\u00a0romana degli anni \u201850 in una lettura sapiente eseguita dal suo interprete prediletto.<\/p>\n<p>Sempre alla\u00a0<strong>Nuvola<\/strong>, il\u00a0<strong>18 e 19 dicembre<\/strong>, approda\u00a0<strong>per la prima volta a Roma<\/strong>\u00a0il\u00a0<strong>Festival di Internazionale<\/strong>, festival del giornalismo organizzato dalla rinomata rivista insieme ad Eur Culture per Roma. Come da tradizione il festival propone incontri e dibattiti con i rappresentanti pi\u00f9 significativi del giornalismo mondiale e italiano, scrittori, economisti e fumettisti in un programma che si arricchisce di workshop, mostre, proiezioni e spettacoli.<\/p>\n<p>I successivi due appuntamenti di dicembre alla\u00a0<strong>Nuvola<\/strong>\u00a0saranno invece una vera immersione nell\u2019atmosfera natalizia: il\u00a0<strong>22 dicembre<\/strong>\u00a0la\u00a0<strong>Gospel Night<\/strong>, concerto dei\u00a0<strong>South Carolina Mass Choir<\/strong>, ensemble di 16 elementi noto in tutto il mondo per la carica attrattiva delle loro performance che coinvolgono il pubblico in modo totale; e il\u00a0<strong>26 dicembre<\/strong>\u00a0<strong><em>The Snowman<\/em><\/strong>, un\u00a0<strong>pomeriggio di cinema dedicato alle giovani e giovanissime generazioni\u00a0<\/strong>con la proiezione del film di animazione<strong>\u00a0<em>Il Pupazzo di Neve\u00a0<\/em><\/strong>di<strong>\u00a0Raymond Briggs\u00a0<\/strong>con le musiche eseguite dal vivo<strong>\u00a0<\/strong>da\u00a0<strong>Europa InCanto Orchestra.<\/strong><\/p>\n<p><strong>GENNAIO 2022<\/strong><\/p>\n<p>La programmazione del 2022 di\u00a0<em>Riemergere<\/em>\u00a0si apre il\u00a0<strong>9 gennaio<\/strong>\u00a0con il primo di sei concerti di\u00a0<strong>Orchestra senza spine<\/strong>\u00a0\u2013 che riunisce oltre\u00a0<strong>450 musicisti under 35<\/strong>\u00a0tra i migliori laureati dei Conservatori Italiani \u2013 che si svolgeranno\u00a0<strong>da gennaio a giugno<\/strong>\u00a0<strong>fra la Nuvola e Palazzo dei Congressi\u00a0<\/strong>per riconsegnare la musica classica all\u2019amore del grande pubblico.<\/p>\n<p>Il\u00a0<strong>16 gennaio<\/strong>\u00a0invece con<strong>\u00a0<em>Cantico dei Cantici<\/em><\/strong>\u00a0si apre alla\u00a0<strong>Nuvola\u00a0<\/strong>la rassegna dal titolo\u00a0<strong><em>La sapienza antica<\/em><\/strong>:\u00a0<strong><em>riflessioni d\u2019amore in poesia, arte e musica tra \u2018500 e \u2018600<\/em><\/strong>. Le \u201cArti sorelle\u201d saranno protagoniste di un\u00a0<strong>ciclo di conferenze-concerto<\/strong>\u00a0che offrir\u00e0 al pubblico la possibilit\u00e0 di apprezzare, nello stesso evento, il filo rosso che unisce la produzione letteraria, visiva e musicale. Da\u00a0<strong>Tiziano<\/strong>\u00a0e\u00a0<strong>Giorgione<\/strong>\u00a0fino ad\u00a0<strong>Artemisia Gentileschi<\/strong>, da\u00a0<strong>Palestrina<\/strong>\u00a0a\u00a0<strong>Monteverdi<\/strong>, dal\u00a0<strong><em>Cantico dei Cantici<\/em><\/strong>\u00a0a\u00a0<strong>Francesco Petrarca (30 gennaio)<\/strong>\u00a0e\u00a0<strong>G.B.Guarini (20 febbraio)<\/strong>, tre serate dedicate al mondo dell\u2019arte rinascimentale e barocca in compagnia di storici d\u2019arte e di letteratura quali\u00a0<strong>Augusto Gentili, Costanza Barbieri, Claudio Strinati, Renzo Bragantini<\/strong>\u00a0e la partecipazione del\u00a0<strong>Concerto Italiano<\/strong>\u00a0diretto da\u00a0<strong>Rinaldo Alessandrini<\/strong>, interpreti tra i pi\u00f9 raffinati del panorama europeo per la musica antica.<br \/>\nIl\u00a0<strong>23 gennaio<\/strong>\u00a0l\u2019<strong>Orchestra Sinfonica Abruzzese\u00a0<\/strong>presenta alla<strong>\u00a0Nuvola\u00a0<\/strong>il primo di<strong>\u00a0sei eventi intersezionali:\u00a0<\/strong>si parte con<strong>\u00a0<em>Apocalisse nel deserto<\/em>\u00a0<\/strong>di<strong>\u00a0Werner Herzog\u00a0<\/strong>con la voce recitante di<strong>\u00a0Emma Bonino\u00a0<\/strong>e le musiche eseguite dal vivo dall\u2019Orchestra<strong>\u00a0<\/strong>per proseguire il\u00a0<strong>27 febbraio<\/strong>\u00a0con\u00a0<strong><em>Diwan \u2013 la musica del Mediterraneo<\/em><\/strong>\u00a0con la\u00a0<strong>Human Right Band;\u00a0<\/strong>il<strong>\u00a020 marzo\u00a0<\/strong>con<strong>\u00a0<em>All you need is love<\/em>\u00a0<\/strong>in cui il giornalista<strong>\u00a0Federico Rampini\u00a0<\/strong>parler\u00e0 al pubblico di\u00a0<strong>temi economici attraverso le canzoni dei Beatles<\/strong>; il\u00a0<strong>3 aprile<\/strong>\u00a0con\u00a0<strong><em>Atom Heart Mother<\/em><\/strong>, nella versione originale dei\u00a0<strong>Pink Floyd,<\/strong>\u00a0e\u00a0<strong><em>Lezioni di piano<\/em><\/strong>\u00a0di\u00a0<strong>Michael Nyman.\u00a0<\/strong>Il ciclo si chiude il<strong>\u00a022 maggio\u00a0<\/strong>con<strong>\u00a0<em>Somebody to Love<\/em>,\u00a0<\/strong>omaggio ai<strong>\u00a0Queen.<\/strong><\/p>\n<p>Il mese di gennaio si chiude con l\u2019inaugurazione, il\u00a0<strong>30 gennaio<\/strong>\u00a0alla Nuvola, di\u00a0<strong><em>Dialoghi Sinfonici: Ludwig van Beethoven<\/em><\/strong>, un altro ciclo di concerti, quelli di Europa Incanto Orchestra, formazione composta da giovani tra i 18 e i 35 anni con l\u2019obiettivo di diffondere la cultura artistica, musicale e letteraria tra le nuove generazioni. Vincitrice del programma\u00a0<strong>Creative Europe dell\u2019Unione Europe e\u00a0<\/strong>riconosciuta come\u00a0<strong>Progetto di eccellenza<\/strong>\u00a0da parte del\u00a0<strong>Ministero dell\u2019Istruzione, dell\u2019Universit\u00e0 e della Ricerca,\u00a0<\/strong>l\u2019Orchestra si esibir\u00e0 poi il\u00a0<strong>20 febbraio<\/strong>, il\u00a0<strong>27 marzo<\/strong>\u00a0e il\u00a0<strong>5 maggio<\/strong>.<\/p>\n<p><strong>FEBBRAIO 2022<\/strong><\/p>\n<p>Fra gli appuntamenti pi\u00f9 attesi di\u00a0<em>Riemergere<\/em>\u00a0c\u2019\u00e8 sicuramente il\u00a0<strong>Festival Italiano di Fotografia<\/strong>\u00a0diretto da\u00a0<strong>Marco Delogu<\/strong>\u00a0che inaugura, a partire dal 2022, una presenza costante del linguaggio fotografico alla Nuvola. Il festival si svolger\u00e0\u00a0<strong>dal 16 febbraio al 19 marzo\u00a0<\/strong>e<strong>\u00a0<\/strong>sar\u00e0 incentrato sul\u00a0<strong>tema dell\u2019identit\u00e0 contemporanea<\/strong>, sicuramente mutata dalla comparsa della pandemia. Grande attenzione alla produzione delle giovani generazioni e all\u2019interazione con il pubblico saranno le peculiarit\u00e0 di questa edizione che avr\u00e0 come ospite d\u2019onore il fotografo, artista e scenografo milanese\u00a0<strong>Paolo Ventura<\/strong>. Fra i pi\u00f9 apprezzati talenti in ambito internazionale, Ventura realizzer\u00e0\u00a0<strong>un progetto ad hoc sull\u2019EUR<\/strong>\u00a0insieme a sette giovani fotografi italiani mentre i fotografi stranieri borsisti nelle accademie di cultura presenti a Roma saranno i protagonisti di una mostra collettiva.<\/p>\n<p><strong><em>La Quadriga<\/em><\/strong>\u00a0\u00e8 certamente uno dei progetti di punta di EUR Culture per Roma. A piazzale Kennedy, sulla facciata del Palazzo dei Congressi, si staglia una enorme mensola vuota, in origine destinata ad ospitare un gruppo scultoreo in bronzo: la\u00a0<em>Quadriga della Vittoria Fascista<\/em>\u00a0con tanto di auriga trionfante. L\u2019opera venne commissionata nel 1941 allo scultore Francesco Messina. La guerra caus\u00f2 l\u2019interruzione dei lavori per la costruzione del quartiere. EUR Culture per Roma vuole ritornare su questo spazio non compiuto. Ogni anno verr\u00e0 commissionata un\u2019opera da posizionare sulla mensola. Per il 2022 la commissione \u00e8 stata affidata a\u00a0<strong>Don McCullin<\/strong>, uno dei pi\u00f9 famosi artisti mondiali della fotografia. La sua installazione fotografica in cima al\u00a0<strong>Palazzo dei Congressi<\/strong>\u00a0sar\u00e0 visibile dalla citt\u00e0\u00a0<strong>dal 16 febbraio al 9 marzo<\/strong>.<\/p>\n<p><strong>MARZO 2022<\/strong><\/p>\n<p>Fra i momenti simbolicamente pi\u00f9 significativi della stagione c\u2019\u00e8\u00a0<strong><em>Emergence<\/em><\/strong>, l\u2019opera del videoartista pi\u00f9 celebre al mondo,\u00a0<strong>Bill Viola<\/strong>,<strong>\u00a0in mostra alla Nuvola dal 19 marzo al 5 aprile.\u00a0<\/strong>La celebrazione del tema universale della rinascita, che l\u2019artista statunitense compie nella sua famosa opera attraverso un ideale viaggio fra i motivi figurativi del Rinascimento, si collega idealmente al \u201criemergere\u201d che d\u00e0 il titolo alla prima edizione del progetto di EUR Culture per Roma. L\u2019opera di Viola sar\u00e0 il cardine di un percorso espositivo pi\u00f9 ampio, curato da\u00a0<strong>Costanza Barbieri<\/strong>, che compie un viaggio a ritroso dal contemporaneo all\u2019antico seguendo il filo rosso di valori universali che incarnano il desiderio di sconfiggere le paure e l\u2019ansia di rinnovamento. Attraverso le opere di artisti come\u00a0<strong>Paolo Veronese<\/strong>,\u00a0<strong>Paul Bril\u00a0<\/strong>e\u00a0<strong>Guido Reni<\/strong>, la mostra mira a creare una sinestesia attraverso immagini e suoni e si concluder\u00e0 con la realizzazione di una \u201cvera nuvola nella Nuvola\u201d, opera del visual artist olandese\u00a0<strong>Berndnaut Smilde.<\/strong><\/p>\n<p>Sempre il\u00a0<strong>19 marzo<\/strong>\u00a0si apre alla\u00a0<strong>Nuvola<\/strong>\u00a0la\u00a0<strong>rassegna di due giorni<\/strong>\u00a0dedicata alle creazioni e visioni dei\u00a0<strong>giovani autori del cinema indipendente<\/strong>\u00a0di finzione, documentario, sperimentale e di animazione dal titolo\u00a0<strong><em>Fuorinorma<\/em><\/strong>, curata da un decano della critica cinematografica, nonch\u00e9 regista\u00a0<strong>Adriano Apr\u00e0.<\/strong><\/p>\n<p>La ricognizione sulle nuove forme di lavoro nate dalla crisi pandemica e i cambiamenti che ne conseguiranno in futuro sono al centro di\u00a0<strong><em>Nuove culture del lavoro<\/em><\/strong>, evento di due giorni, il\u00a0<strong>25 e 26 marzo alla Nuvola<\/strong>, curato da un comitato scientifico presieduto dall\u2019ex vicedirettore del Corriere della Sera Dario Di Vico, con la partecipazione dell\u2019Associazione Anima per il Sociale.<\/p>\n<p>La settimana seguente, inoltre, ci si addentra nei territori dell\u2019economia con<strong>\u00a0<em>Incontri di economia e societ\u00e0<\/em>,\u00a0<\/strong>il<strong>\u00a026 e 27 marzo\u00a0<\/strong>alla\u00a0<strong>Nuvola:\u00a0<\/strong>un ciclo di incontri con nomi di assoluto rilievo del mondo economico e dell\u2019informazione curato dal\u00a0<strong>sociologo ed ex Ministro per la Coesione Territoriale<\/strong>\u00a0<strong>Carlo Trigilia\u00a0<\/strong>e dalla casa editrice\u00a0<strong>Il Mulino.<\/strong><\/p>\n<p><strong>APRILE 2022<\/strong><\/p>\n<p>Sono ben\u00a0<strong>otto gli appuntamenti<\/strong>\u00a0con\u00a0<strong><em>La Nuvola della non conoscenza<\/em><\/strong>, una rassegna concertistica che presenta alcuni\u00a0<strong>capolavori della musica classica e del jazz\u00a0<\/strong>eseguiti da promettenti o gi\u00e0 famosi pianisti,<strong>\u00a0con guida all\u2019ascolto da parte di prestigiosi esponenti del mondo della cultura contemporanea<\/strong>. Ispirata dall\u2019omonimo e anonimo testo inglese del \u2018300 che invitava a ripercorrere lo stesso viaggio di Mos\u00e8 all\u2019interno di una nuvola verso rivelazioni trascendenti e nuove comprensioni su cose un tempo ignote,\u00a0<em>La Nuvola della non conoscenza<\/em>\u00a0presenta: il\u00a0<strong>2 aprile<\/strong>\u00a0le\u00a0<strong><em>Variazioni Goldberg<\/em><\/strong>\u00a0di\u00a0<strong>J.S. Bach<\/strong>\u00a0con guida all\u2019ascolto del noto\u00a0<strong>ex giudice della<\/strong>\u00a0<strong>Corte Costituzionale Sabino Cassese<\/strong>; il\u00a0<strong>9 aprile<\/strong>\u00a0le musiche di\u00a0<strong>Chopin<\/strong>\u00a0con la partecipazione della\u00a0<strong>Senatrice Liliana Segre<\/strong>; il\u00a0<strong>15 aprile<\/strong>\u00a0il ciclo completo di\u00a0<strong><em>Studi Sinfonici<\/em><\/strong>\u00a0di\u00a0<strong>Robert Schumann<\/strong>\u00a0accompagnato dalle riflessioni del regista\u00a0<strong>Romeo Castellucci<\/strong>; il<strong>\u00a022 aprile<\/strong>\u00a0le\u00a0<strong><em>Sonate<\/em><\/strong>\u00a0di\u00a0<strong>Scarlatti<\/strong>\u00a0con guida all\u2019ascolto dell\u2019<strong>architetto<\/strong>\u00a0<strong>Massimiliano Fuksas;\u00a0<\/strong>il\u00a0<strong>6 maggio<\/strong>\u00a0la suite di\u00a0<strong>Giacinto Scelsi<\/strong>\u00a0<strong><em>Ttai<\/em><\/strong>\u00a0\u201ccommentata\u201d dal\u00a0<strong>fisico<\/strong>\u00a0<strong>e divulgatore scientifico<\/strong>\u00a0<strong>Guido Tonelli<\/strong>; il\u00a0<strong>14 maggio<\/strong>\u00a0gli\u00a0<strong><em>Etudes Tableaux<\/em><\/strong>\u00a0di\u00a0<strong>Sergei Rachmaninov<\/strong>\u00a0con guida all\u2019ascolto del\u00a0<strong>giornalista Ezio Mauro<\/strong>; il\u00a0<strong>21 maggio<\/strong>\u00a0una creazione ad hoc del\u00a0<strong>pianista jazz Danilo Rea<\/strong>\u00a0in compagnia di\u00a0<strong>Walter Veltroni<\/strong>; e, infine, il\u00a0<strong>28 maggio<\/strong>\u00a0il celeberrimo\u00a0<strong><em>K\u00f6ln Concert<\/em><\/strong>\u00a0di\u00a0<strong>Keith Jarret\u00a0<\/strong>con le parole di accompagnamento del<strong>\u00a0compositore e direttore d\u2019orchestra Franco Piersanti.<\/strong><\/p>\n<p>Nel cuore della Settimana Santa,\u00a0<strong>il 10, 12 e 13 aprile alla Nuvola<\/strong>,\u00a0<strong>uno dei pi\u00f9 importanti appuntamenti<\/strong>\u00a0della stagione: il\u00a0<strong>nuovo allestiment<\/strong>o della\u00a0<strong><em>Passione<\/em><\/strong>\u00a0di\u00a0<strong>Romeo Castellucci<\/strong>, realizzato dal\u00a0<strong>Teatro dell\u2019Opera in collaborazione con EUR S.p.A.\u00a0<\/strong>A partire dalla<strong>\u00a0<em>Passione di Matteo<\/em>\u00a0<\/strong>di\u00a0<strong>J.S. Bach, il pi\u00f9 radicale autore della scena teatrale contemporanea, fondatore della Soc\u00ecetas Raffaello Sanzio<\/strong>, riflette sul concetto di<strong>\u00a0Rivelazione\u00a0<\/strong>ponendo lo spettatore di fronte allo<strong>\u00a0<\/strong><em>skandalon<\/em>\u00a0greco: un ostacolo che provoca la perdita momentanea di equilibrio e ci costringe a cambiare il percorso.<\/p>\n<p>Subito dopo Pasqua, appuntamento il\u00a0<strong>21 aprile alla Nuvola<\/strong>\u00a0con il primo dei tre eventi di\u00a0<strong><em>Jazz Cloud Code<\/em><\/strong>, minirassegna di jazz esperienziale \u2013 curata dal\u00a0<strong>Direttore Artistico del Roma Jazz Festival Mario Ciamp\u00e0 \u2013\u00a0<\/strong>che far\u00e0 percepire simultaneamente musica, immagini e colori. Si inizia con\u00a0<strong><em>We want Miles<\/em><\/strong>\u00a0del collettivo di danza contemporanea\u00a0<strong>Gruppo Nanou<\/strong>\u00a0che mette la danza a confronto con il jazz di\u00a0<strong>Miles Davis<\/strong>. Si prosegue il\u00a0<strong>15 maggio<\/strong>\u00a0con\u00a0<strong><em>Dieci Piccoli Fotoconcerti<\/em><\/strong>, lavoro su luci e colori portato avanti dal critico d\u2019arte, curatore e docente\u00a0<strong>Daniele Torcellini<\/strong>. I\u00a0<em>Dieci Piccoli Fotoconcerti<\/em>\u00a0sono le narrazioni visive dei temi delle canzoni che raccontano dieci storie, cantate e suonate, mentre il fotografo\u00a0<strong>Andrea Boccalini<\/strong>, in tempo reale, dialoga attraverso le sue immagini con la band che esegue le musiche del compositore\u00a0<strong>Massimo Nunzi<\/strong>. L\u2019ultimo appuntamento, il\u00a0<strong>22 maggio<\/strong>, sar\u00e0 il concerto\u00a0<strong><em>Antropocene<\/em><\/strong>: un mondo nuovo, creato con l\u2019utilizzo delle tecnologie digitali, in cui il crossover del pianista e compositore\u00a0<strong>Kekko Fornarelli<\/strong>\u00a0si unisce agli scenari della video-arte, in una performance in cui tutto si trasforma, dove ogni nota ha la sua epifania.<\/p>\n<p>Il\u00a0<strong>21 aprile<\/strong>\u00a0si inaugura al\u00a0<strong>Palazzo dei Congressi<\/strong>\u00a0<strong><em>Casta Diva<\/em><\/strong>, ulteriore progetto\u00a0<strong>in collaborazione con il Teatro dell\u2019Opera:\u00a0<\/strong>una mostra, che rimarr\u00e0 allestita\u00a0<strong>fino al 22 maggio<\/strong>\u00a0per presentare al pubblico i migliori allestimenti, costumi, oggetti di scena, manichini e video d\u2019arte di artisti del Teatro dell\u2019Opera di Roma realizzati nel corso dei decenni da artisti come\u00a0<strong>Cambellotti, Prampolini, De Chirico, Manz\u00f9, Chagall, Picasso, Guttuso, Pizzi, Zeffirelli, Calder, Kentridge<\/strong>\u00a0e\u00a0<strong>Ai Weiwei.<\/strong><\/p>\n<p>Fra il\u00a0<strong>23 e il 24 aprile<\/strong>\u00a0l\u2019attenzione si sposta verso i pi\u00f9 piccoli con un progetto realizzato in collaborazione con il Corpo nazionale dei Giovani Esploratori ed Esploratrici dal titolo\u00a0<strong><em>Una notte sulla Nuvola<\/em><\/strong>: fra musica, giochi, proiezioni e cacce al tesoro alla scoperta di luoghi e storie del quartiere, i bambini trascorreranno 24 ore all\u2019interno della Nuvola passando la notte in un vero e proprio campo di tende allestito negli spazi della\u00a0<strong>Nuvola.<\/strong><\/p>\n<p><strong>MAGGIO 2022<\/strong><\/p>\n<p>Ancora un progetto dal forte valore simbolico per\u00a0<em>Riemergere<\/em>\u00a0\u00e8\u00a0<strong><em>Arco della Pace<\/em><\/strong>\u00a0che\u00a0<strong>il 13 e 14 maggio alla Nuvola<\/strong>\u00a0vedr\u00e0 l\u2019incontro fra\u00a0<strong>i sindaci di Roma, Marsiglia, Barcellona, Tunisi, Tel Aviv, Istanbul e Dubrovnik<\/strong>\u00a0per unire i due lembi del Mediterraneo, per raccontare le culture dei mari come simbolo della necessaria richiesta di armonizzazione tra le diverse civilt\u00e0 di questo continente, costruendo un ideale Arco al posto di quello reale previsto nel progetto urbanistico iniziale dell\u2019EUR e mai realizzato a causa dello scoppio del Secondo Conflitto Mondiale.\u00a0<em>Arco della Pace<\/em>\u00a0\u00e8 un evento realizzato\u00a0<strong>in collaborazione con la Comunit\u00e0 di Sant\u2019Egidio<\/strong>.<\/p>\n<p><strong>GIUGNO 2022<\/strong><\/p>\n<p>Le nuove sonorit\u00e0 urban e indie saranno invece al centro di\u00a0<strong><em>Scialla \u2013 La notte della Trap<\/em><\/strong>, il\u00a0<strong>17 giugno<\/strong>\u00a0al\u00a0<strong>Palazzo dei Congressi,\u00a0<\/strong>nuovo format della Capitale che riunisce in una location storica il meglio della scena trap romana. Fra i protagonisti il rapper e producer\u00a0<strong>Ketama 126.<\/strong><\/p>\n<p>La celebre\u00a0<em>Notte della Taranta<\/em>\u00a0di\u00a0<strong>Ambrogio Sparagna<\/strong>\u00a0approda\u00a0<strong>a Roma il 29 giugno<\/strong>\u00a0e si trasforma in\u00a0<strong><em>La Nuvola della Taranta<\/em><\/strong>: una grande\u00a0<strong>festa-spettacolo dedicata al ricco repertorio di pizziche, serenate e tarantelle<\/strong>, la danza matrice di tante tradizioni musicali delle regioni italiane, in occasione del giorno in cui si celebra\u00a0<strong>San Paolo, protettore della taranta e dei tarantolati<\/strong>. Sul palco, oltre al maestro di cerimonie Sparagna, anche\u00a0<strong>Mario Incudine<\/strong>, la cantante\u00a0<strong>Maria Nazionale<\/strong>,\u00a0<strong>l\u2019Orchestra Popolare Italiana<\/strong>, la voce di\u00a0<strong>Rachele Andrioli<\/strong>\u00a0e il tamburello indiavolato di\u00a0<strong>Carlo \u201cCanaglia\u201d<\/strong>.<\/p>\n<p>La programmazione della I edizione di EUR Culture per Roma \u2013 Riemergere si chiude con un altro evento dedicato ai pi\u00f9 piccoli e realizzato da Europa Incanto Orchestra, che\u00a0<strong>a giugno al Luneur\u00a0<\/strong>presenta il debutto di<strong>\u00a0<em>L\u2019Elisir d\u2019amore<\/em>\u00a0<\/strong>di<strong>\u00a0Gaetano Donizetti<\/strong>, esito finale di un percorso di avvicinamento all\u2019opera lirica<strong>.<\/strong>\u00a0In una data in via di definizione i bambini canteranno coralmente i brani pi\u00f9 celebri dell\u2019opera di Donizetti, in un allestimento scenico unico, le macchine del divertimento del Luneur di Roma. Uno spettacolo in grado di affascinare il pubblico di ogni et\u00e0.<\/p>\n<p><b>\u00a0<\/b><\/p>\n<p><strong><u>INFO<\/u><\/strong><\/p>\n<p><a href=\"https:\/\/gdgpress.voxmail.it\/nl\/pvwqdx\/jyzsee\/wx1ggd7\/uf\/4\/aHR0cHM6Ly93d3cuZXVyc3BhLml0Lw?_d=68D&amp;_c=3c3f7f56\" target=\"_blank\" rel=\"noopener noreferrer\" data-saferedirecturl=\"https:\/\/www.google.com\/url?q=https:\/\/gdgpress.voxmail.it\/nl\/pvwqdx\/jyzsee\/wx1ggd7\/uf\/4\/aHR0cHM6Ly93d3cuZXVyc3BhLml0Lw?_d%3D68D%26_c%3D3c3f7f56&amp;source=gmail&amp;ust=1631708699239000&amp;usg=AFQjCNFo4I2pqwv_eh4o3Ncs2sqtw7AT6Q\">https:\/\/www.eurspa.it\/<\/a><\/p>\n<p><a href=\"https:\/\/gdgpress.voxmail.it\/nl\/pvwqdx\/jyzsee\/wx1ggd7\/uf\/5\/aHR0cHM6Ly93d3cuZmFjZWJvb2suY29tL2V1cnNwYQ?_d=68D&amp;_c=56ee8e41\" target=\"_blank\" rel=\"noopener noreferrer\" data-saferedirecturl=\"https:\/\/www.google.com\/url?q=https:\/\/gdgpress.voxmail.it\/nl\/pvwqdx\/jyzsee\/wx1ggd7\/uf\/5\/aHR0cHM6Ly93d3cuZmFjZWJvb2suY29tL2V1cnNwYQ?_d%3D68D%26_c%3D56ee8e41&amp;source=gmail&amp;ust=1631708699239000&amp;usg=AFQjCNGo8vDsaM4CtX-fl8ZqwgE4n-d_7A\">https:\/\/www.facebook.com\/<wbr \/>eurspa<\/a><\/p>\n<p><a href=\"https:\/\/gdgpress.voxmail.it\/nl\/pvwqdx\/jyzsee\/wx1ggd7\/uf\/6\/aHR0cHM6Ly93d3cuaW5zdGFncmFtLmNvbS9ldXJzcGEv?_d=68D&amp;_c=5f9945cd\" target=\"_blank\" rel=\"noopener noreferrer\" data-saferedirecturl=\"https:\/\/www.google.com\/url?q=https:\/\/gdgpress.voxmail.it\/nl\/pvwqdx\/jyzsee\/wx1ggd7\/uf\/6\/aHR0cHM6Ly93d3cuaW5zdGFncmFtLmNvbS9ldXJzcGEv?_d%3D68D%26_c%3D5f9945cd&amp;source=gmail&amp;ust=1631708699239000&amp;usg=AFQjCNGjqzNavkyR6-uVgHH3dgz0N2JZjg\">https:\/\/www.instagram.com\/<wbr \/>eurspa\/<\/a><\/p>\n","protected":false},"excerpt":{"rendered":"<div class=\"mh-excerpt\"><p>EUR Culture per Roma presenta \u00a0 RIEMERGERE I edizione Stagione 2021 \u2013 2022 \u00a0 dal 15 settembre 2021 al 29 giugno 2022 La Nuvola, Palazzo <a class=\"mh-excerpt-more\" href=\"https:\/\/www.piuomenopop.it\/index.php\/2021\/09\/14\/patti-smith-bill-viola-e-molto-altro-presentata-la-i-ed-di-riemergere-dal-15-settembre-al-29-giugno-2022-a-roma\/\" title=\"Patti Smith, Bill Viola e molto altro. Presentata la I ed. di RIEMERGERE, dal 15 settembre al 29 giugno 2022 a Roma\">[&#8230;]<\/a><\/p>\n<\/div>","protected":false},"author":2,"featured_media":69610,"comment_status":"closed","ping_status":"closed","sticky":false,"template":"","format":"standard","meta":{"sfsi_plus_gutenberg_text_before_share":"","sfsi_plus_gutenberg_show_text_before_share":"","sfsi_plus_gutenberg_icon_type":"","sfsi_plus_gutenberg_icon_alignemt":"","sfsi_plus_gutenburg_max_per_row":"","footnotes":"","_links_to":"","_links_to_target":""},"categories":[3],"tags":[12638,12637],"class_list":["post-69609","post","type-post","status-publish","format-standard","has-post-thumbnail","hentry","category-news","tag-eur-culture-per-roma","tag-riemergere"],"aioseo_notices":[],"_links":{"self":[{"href":"https:\/\/www.piuomenopop.it\/index.php\/wp-json\/wp\/v2\/posts\/69609","targetHints":{"allow":["GET"]}}],"collection":[{"href":"https:\/\/www.piuomenopop.it\/index.php\/wp-json\/wp\/v2\/posts"}],"about":[{"href":"https:\/\/www.piuomenopop.it\/index.php\/wp-json\/wp\/v2\/types\/post"}],"author":[{"embeddable":true,"href":"https:\/\/www.piuomenopop.it\/index.php\/wp-json\/wp\/v2\/users\/2"}],"replies":[{"embeddable":true,"href":"https:\/\/www.piuomenopop.it\/index.php\/wp-json\/wp\/v2\/comments?post=69609"}],"version-history":[{"count":1,"href":"https:\/\/www.piuomenopop.it\/index.php\/wp-json\/wp\/v2\/posts\/69609\/revisions"}],"predecessor-version":[{"id":69611,"href":"https:\/\/www.piuomenopop.it\/index.php\/wp-json\/wp\/v2\/posts\/69609\/revisions\/69611"}],"wp:featuredmedia":[{"embeddable":true,"href":"https:\/\/www.piuomenopop.it\/index.php\/wp-json\/wp\/v2\/media\/69610"}],"wp:attachment":[{"href":"https:\/\/www.piuomenopop.it\/index.php\/wp-json\/wp\/v2\/media?parent=69609"}],"wp:term":[{"taxonomy":"category","embeddable":true,"href":"https:\/\/www.piuomenopop.it\/index.php\/wp-json\/wp\/v2\/categories?post=69609"},{"taxonomy":"post_tag","embeddable":true,"href":"https:\/\/www.piuomenopop.it\/index.php\/wp-json\/wp\/v2\/tags?post=69609"}],"curies":[{"name":"wp","href":"https:\/\/api.w.org\/{rel}","templated":true}]}}