{"id":69711,"date":"2021-09-18T10:35:32","date_gmt":"2021-09-18T08:35:32","guid":{"rendered":"https:\/\/www.piuomenopop.it\/?p=69711"},"modified":"2021-09-18T10:35:34","modified_gmt":"2021-09-18T08:35:34","slug":"bachi-da-pietra-res3t-la-nuova-versione-deluxe-in-doppio-vinile-e-fuori-il-1-ottobre","status":"publish","type":"post","link":"https:\/\/www.piuomenopop.it\/index.php\/2021\/09\/18\/bachi-da-pietra-res3t-la-nuova-versione-deluxe-in-doppio-vinile-e-fuori-il-1-ottobre\/","title":{"rendered":"BACHI DA PIETRA: &#8220;RES3T&#8221; la nuova versione deluxe in doppio vinile \u00e8 fuori il 1 ottobre"},"content":{"rendered":"<table border=\"0\" width=\"100%\" cellspacing=\"0\" cellpadding=\"0\">\n<tbody>\n<tr>\n<td valign=\"top\">\n<table class=\"m_83891897747891331mcnTextContentContainer\" border=\"0\" width=\"100%\" cellspacing=\"0\" cellpadding=\"0\" align=\"left\">\n<tbody>\n<tr>\n<td class=\"m_83891897747891331mcnTextContent\" valign=\"top\">\n<h2 id=\"m_83891897747891331:y2\" style=\"text-align: center;\">BACHI DA PIETRA<\/h2>\n<\/td>\n<\/tr>\n<\/tbody>\n<\/table>\n<\/td>\n<\/tr>\n<\/tbody>\n<\/table>\n<table border=\"0\" width=\"100%\" cellspacing=\"0\" cellpadding=\"0\">\n<tbody>\n<tr>\n<td valign=\"top\">\n<table class=\"m_83891897747891331mcnTextContentContainer\" border=\"0\" width=\"100%\" cellspacing=\"0\" cellpadding=\"0\" align=\"left\">\n<tbody>\n<tr>\n<td class=\"m_83891897747891331mcnTextContent\" valign=\"top\">\n<div>\n<p dir=\"ltr\" style=\"text-align: center;\"><strong id=\"m_83891897747891331docs-internal-guid-aec82e33-7fff-3588-7500-bffd6c63367d\">\u201cRES3T\u201d FUORI IL 1 OTTOBRE<\/strong><\/p>\n<p dir=\"ltr\" style=\"text-align: center;\"><strong id=\"m_83891897747891331docs-internal-guid-aec82e33-7fff-3588-7500-bffd6c63367d\">A POCHI MESI DALL\u2019ESORDIO IN TRIO CON L\u2019ALBUM \u201cRESET\u201d IN ARRIVO UNA NUOVA VERSIONE DELUXE IN DOPPIO VINILE\u00a0<\/strong><\/p>\n<p dir=\"ltr\" style=\"text-align: center;\"><strong id=\"m_83891897747891331docs-internal-guid-aec82e33-7fff-3588-7500-bffd6c63367d\">Al suo interno un ep di inediti e una esclusiva live session della nuova formazione\u00a0<\/strong><\/p>\n<\/div>\n<\/td>\n<\/tr>\n<\/tbody>\n<\/table>\n<\/td>\n<\/tr>\n<\/tbody>\n<\/table>\n<p><a href=\"https:\/\/www.piuomenopop.it\/index.php\/2021\/09\/18\/bachi-da-pietra-res3t-la-nuova-versione-deluxe-in-doppio-vinile-e-fuori-il-1-ottobre\/bachi-2\/\" rel=\"attachment wp-att-69712\"><img loading=\"lazy\" decoding=\"async\" class=\"aligncenter wp-image-69712\" src=\"https:\/\/www.piuomenopop.it\/wp-content\/uploads\/2021\/09\/bachi.jpg\" alt=\"\" width=\"400\" height=\"400\" srcset=\"https:\/\/www.piuomenopop.it\/wp-content\/uploads\/2021\/09\/bachi.jpg 600w, https:\/\/www.piuomenopop.it\/wp-content\/uploads\/2021\/09\/bachi-150x150.jpg 150w, https:\/\/www.piuomenopop.it\/wp-content\/uploads\/2021\/09\/bachi-300x300.jpg 300w\" sizes=\"auto, (max-width: 400px) 100vw, 400px\" \/><\/a><\/p>\n<table border=\"0\" width=\"100%\" cellspacing=\"0\" cellpadding=\"0\">\n<tbody>\n<tr>\n<td valign=\"top\">\n<table class=\"m_83891897747891331mcnTextContentContainer\" border=\"0\" width=\"100%\" cellspacing=\"0\" cellpadding=\"0\" align=\"left\">\n<tbody>\n<tr>\n<td class=\"m_83891897747891331mcnTextContent\" valign=\"top\">\n<div>\n<p dir=\"ltr\">A pochi mesi dal ritorno sulle scene con l\u2019acclamato full-lenght\u00a0<a href=\"https:\/\/garrinchadischi.us5.list-manage.com\/track\/click?u=5e1061c6d7b350cf59e3a006e&amp;id=75dc2fb7a8&amp;e=df4bb8f23a\" target=\"_blank\" rel=\"noopener noreferrer\" data-saferedirecturl=\"https:\/\/www.google.com\/url?q=https:\/\/garrinchadischi.us5.list-manage.com\/track\/click?u%3D5e1061c6d7b350cf59e3a006e%26id%3D75dc2fb7a8%26e%3Ddf4bb8f23a&amp;source=gmail&amp;ust=1631919833220000&amp;usg=AFQjCNG85knC6puZAr2cgPucE5wLE9SX3w\">\u201cRESET\u201d<\/a> &#8211; (<a href=\"https:\/\/www.piuomenopop.it\/index.php\/2021\/05\/07\/recensione-il-rock-e-morto-i-bachi-da-pietra-dicono-di-no\/\" target=\"_blank\" rel=\"noopener noreferrer\">leggi la recensione<\/a>) &#8211; esaurito in tour e quasi introvabile nei negozi e online &#8211; i<strong>\u00a0Bachi da Pietra\u00a0<\/strong>celebrano questo risultato con una\u00a0<strong>nuova versione deluxe in doppio vinile viola<\/strong>\u00a0dal titolo\u00a0<strong>RES3T<\/strong>,<strong>\u00a0in uscita il 1 ottobre 2021\u00a0<\/strong>via\u00a0<strong>Garrincha Dischi.<\/strong><\/p>\n<p><strong>La lussuosa ristampa<\/strong>\u00a0far\u00e0 gola non solo a chi si \u00e8 perso la prima edizione perch\u00e9 si arricchisce di un secondo vinile con contenuti extra: da un lato mette sul piatto\u00a0<strong>un nuovo EP\u00a0<\/strong>intitolato<strong>\u00a0IL MONDO \u00c8 NOSTRO<\/strong>, composto di\u00a0<strong>3 inediti<\/strong>,<em>\u00a0tre inni trionfali scritti sulla<\/em>\u00a0<em><strong>SABBIA\u00a0<\/strong>per le celebrazioni di questo traguardo annunciato, certificato con assoluta precisione dalla<strong>\u00a0RAGIONERIA<\/strong>\u00a0del formicaio<\/em>; sul lato opposto la prima\u00a0<strong>sessione LIVE<\/strong>\u00a0registrata dalla nuova formazione in trio, un prezioso documento audio video (con QR Code) del primo incontro sul palco di Succi e Dorella con il nuovo arrivato Marcello Batelli (Non Voglio Che Clara, Il Teatro Degli Orrori). Un (re)SET di quattro pezzi suonati dal vivo\u00a0<em>per non dimenticare &#8211;<\/em>\u00a0come afferma Succi\u00a0<em>&#8211; chi siamo, da dove veniamo, cosa facciamo e cosa continueremo a fare, nonostante tutto.<\/em><\/p>\n<p dir=\"ltr\"><em>\u00abDicono che gli insetti sopravviverebbero anche alle catastrofi nucleari. RES3T \u00e8 dedicato a chi, come gli insetti, in qualche modo, prima o poi ne viene fuori. A fasi alterne, a riveder le stelle\u00bb. &#8211;\u00a0<\/em>Bachi da Pietra<\/p>\n<\/div>\n<\/td>\n<\/tr>\n<\/tbody>\n<\/table>\n<\/td>\n<\/tr>\n<\/tbody>\n<\/table>\n<table border=\"0\" width=\"100%\" cellspacing=\"0\" cellpadding=\"0\">\n<tbody>\n<tr>\n<td align=\"center\" valign=\"top\">\n<table border=\"0\" width=\"100%\" cellspacing=\"0\" cellpadding=\"0\">\n<tbody>\n<tr>\n<td align=\"center\" valign=\"middle\"><a class=\"m_83891897747891331mcnButton\" title=\"PREORDINA IL DOPPIO VINILE DI &quot;RES3T&quot;\" href=\"https:\/\/garrinchadischi.us5.list-manage.com\/track\/click?u=5e1061c6d7b350cf59e3a006e&amp;id=84b1bb9278&amp;e=df4bb8f23a\" target=\"_blank\" rel=\"noopener noreferrer\" data-saferedirecturl=\"https:\/\/www.google.com\/url?q=https:\/\/garrinchadischi.us5.list-manage.com\/track\/click?u%3D5e1061c6d7b350cf59e3a006e%26id%3D84b1bb9278%26e%3Ddf4bb8f23a&amp;source=gmail&amp;ust=1631919833221000&amp;usg=AFQjCNGcRaMWjQxWaQDeKd2yoHhqYparDw\">PREORDINA IL DOPPIO VINILE DI &#8220;RES3T&#8221;<\/a><\/td>\n<\/tr>\n<\/tbody>\n<\/table>\n<\/td>\n<\/tr>\n<\/tbody>\n<\/table>\n<p>I BACHI DA PIETRA sono insetti e spaccano la pietra, o li odi o li ami: quando pensi di trovarli in cantina sono sulle scale, quando li vedi in soggiorno sono gi\u00e0 in cucina. L\u2019unica certezza \u00e8 che ci sono e che loro sanno quello che fanno. Un vero bacato sa di non poter stare mai tranquillo, perch\u00e9 i BACHI DA PIETRA sono la sfida.<br \/>\nComincia adesso.<\/p>\n<p>I Bachi da Pietra sono:<br \/>\nBATELLI: corde grosse e spippoli<br \/>\nDORELLA: massi, mazze e scudi<br \/>\nSUCCI: pece, scuri e corni<\/p>\n<p dir=\"ltr\">Discografia:<br \/>\n<strong>Tornare Nella Terra\u00a0<\/strong>(2005),\u00a0<strong>Non io<\/strong>\u00a0(2007),\u00a0<strong>Tarlo Terzo<\/strong>\u00a0(2009).<br \/>\n<strong>Quarzo\u00a0<\/strong>(2010),\u00a0<strong>Quintale\u00a0<\/strong>(2013),\u00a0<strong>Necroide<\/strong>\u00a0(2015).<br \/>\n<strong>Reset<\/strong>\u00a0(2021).<\/p>\n","protected":false},"excerpt":{"rendered":"<div class=\"mh-excerpt\"><p>BACHI DA PIETRA \u201cRES3T\u201d FUORI IL 1 OTTOBRE A POCHI MESI DALL\u2019ESORDIO IN TRIO CON L\u2019ALBUM \u201cRESET\u201d IN ARRIVO UNA NUOVA VERSIONE DELUXE IN DOPPIO <a class=\"mh-excerpt-more\" href=\"https:\/\/www.piuomenopop.it\/index.php\/2021\/09\/18\/bachi-da-pietra-res3t-la-nuova-versione-deluxe-in-doppio-vinile-e-fuori-il-1-ottobre\/\" title=\"BACHI DA PIETRA: &#8220;RES3T&#8221; la nuova versione deluxe in doppio vinile \u00e8 fuori il 1 ottobre\">[&#8230;]<\/a><\/p>\n<\/div>","protected":false},"author":2,"featured_media":69713,"comment_status":"closed","ping_status":"closed","sticky":false,"template":"","format":"standard","meta":{"sfsi_plus_gutenberg_text_before_share":"","sfsi_plus_gutenberg_show_text_before_share":"","sfsi_plus_gutenberg_icon_type":"","sfsi_plus_gutenberg_icon_alignemt":"","sfsi_plus_gutenburg_max_per_row":"","footnotes":"","_links_to":"","_links_to_target":""},"categories":[3,8],"tags":[455,4928],"class_list":["post-69711","post","type-post","status-publish","format-standard","has-post-thumbnail","hentry","category-news","category-uscite","tag-bachi-da-pietra","tag-reset"],"aioseo_notices":[],"_links":{"self":[{"href":"https:\/\/www.piuomenopop.it\/index.php\/wp-json\/wp\/v2\/posts\/69711","targetHints":{"allow":["GET"]}}],"collection":[{"href":"https:\/\/www.piuomenopop.it\/index.php\/wp-json\/wp\/v2\/posts"}],"about":[{"href":"https:\/\/www.piuomenopop.it\/index.php\/wp-json\/wp\/v2\/types\/post"}],"author":[{"embeddable":true,"href":"https:\/\/www.piuomenopop.it\/index.php\/wp-json\/wp\/v2\/users\/2"}],"replies":[{"embeddable":true,"href":"https:\/\/www.piuomenopop.it\/index.php\/wp-json\/wp\/v2\/comments?post=69711"}],"version-history":[{"count":2,"href":"https:\/\/www.piuomenopop.it\/index.php\/wp-json\/wp\/v2\/posts\/69711\/revisions"}],"predecessor-version":[{"id":69715,"href":"https:\/\/www.piuomenopop.it\/index.php\/wp-json\/wp\/v2\/posts\/69711\/revisions\/69715"}],"wp:featuredmedia":[{"embeddable":true,"href":"https:\/\/www.piuomenopop.it\/index.php\/wp-json\/wp\/v2\/media\/69713"}],"wp:attachment":[{"href":"https:\/\/www.piuomenopop.it\/index.php\/wp-json\/wp\/v2\/media?parent=69711"}],"wp:term":[{"taxonomy":"category","embeddable":true,"href":"https:\/\/www.piuomenopop.it\/index.php\/wp-json\/wp\/v2\/categories?post=69711"},{"taxonomy":"post_tag","embeddable":true,"href":"https:\/\/www.piuomenopop.it\/index.php\/wp-json\/wp\/v2\/tags?post=69711"}],"curies":[{"name":"wp","href":"https:\/\/api.w.org\/{rel}","templated":true}]}}