{"id":69741,"date":"2021-09-20T10:15:08","date_gmt":"2021-09-20T08:15:08","guid":{"rendered":"https:\/\/www.piuomenopop.it\/?p=69741"},"modified":"2021-09-20T10:15:08","modified_gmt":"2021-09-20T08:15:08","slug":"i-vincitori-della-12a-edizione-di-musica-da-bere","status":"publish","type":"post","link":"https:\/\/www.piuomenopop.it\/index.php\/2021\/09\/20\/i-vincitori-della-12a-edizione-di-musica-da-bere\/","title":{"rendered":"I vincitori della 12\u00aa edizione di Musica da Bere"},"content":{"rendered":"<table border=\"0\" width=\"100%\" cellspacing=\"0\" cellpadding=\"0\">\n<tbody>\n<tr>\n<td valign=\"top\">\n<table class=\"m_630497444894533658mcnTextContentContainer\" border=\"0\" width=\"100%\" cellspacing=\"0\" cellpadding=\"0\" align=\"left\">\n<tbody>\n<tr>\n<td class=\"m_630497444894533658mcnTextContent\" valign=\"top\">\n<h1 style=\"text-align: center;\"><span style=\"color: #009ee2;\">N\u00f2e e Dellacasa Maldive<br \/>\nsono i vincitori di<br \/>\nMusica da Bere 2021<\/span><br \/>\n__________<\/h1>\n<p>Sabato 11 e domenica 12 settembre, sul palco dello Spazio Polaresco di Bergamo, sono andate in scena le finali di\u00a0<strong>Musica da Bere 2021<\/strong>, concorso musicale rivolto a solisti e band emergenti, ideato dall\u2019associazione bresciana\u00a0<strong>Il Graffio<\/strong>.<\/p>\n<p>La giuria del concorso, giunto quest\u2019anno alla\u00a0<strong>dodicesima edizione<\/strong>, ha ascoltato e valutato i\u00a0<strong>6 progetti finalisti<\/strong>, selezionati fra 550 iscritti, assegnando il Primo Premio a\u00a0<strong>N\u00f2e<\/strong>\u00a0e il Premio Live a\u00a0<strong>Dellacasa Maldive<\/strong>.<\/td>\n<\/tr>\n<\/tbody>\n<\/table>\n<\/td>\n<\/tr>\n<\/tbody>\n<\/table>\n<table class=\"m_630497444894533658mcnDividerBlock\" border=\"0\" width=\"100%\" cellspacing=\"0\" cellpadding=\"0\">\n<tbody>\n<tr>\n<td>\n<table border=\"0\" width=\"100%\" cellspacing=\"0\" cellpadding=\"0\">\n<tbody>\n<tr>\n<td><\/td>\n<\/tr>\n<\/tbody>\n<\/table>\n<\/td>\n<\/tr>\n<\/tbody>\n<\/table>\n<table border=\"0\" width=\"100%\" cellspacing=\"0\" cellpadding=\"0\">\n<tbody>\n<tr>\n<td valign=\"top\">\n<table border=\"0\" width=\"100%\" cellspacing=\"0\" cellpadding=\"0\" align=\"left\">\n<tbody>\n<tr>\n<td valign=\"top\"><img decoding=\"async\" class=\"m_630497444894533658mcnImage CToWUd a6T aligncenter\" tabindex=\"0\" src=\"https:\/\/ci6.googleusercontent.com\/proxy\/UJnrc4LeX7Qr7hiEAvi7Bt9IQrQwemQrxN4uzv4BUBvuUgVzYeJlxHPydczq2ZEwoEkDnlZiMGtQQDkaHbI0_HyEEGveJ_Zg6WY3HSn_cFSXkEN7pSJNhCNipCuJ9kP2WvMOae1-rwnLs8JiUn8kGvUBt7HzWg=s0-d-e1-ft#https:\/\/mcusercontent.com\/36e24928d5a4f84c6857126ed\/images\/d66afa32-59a5-e089-1655-2f410337959f.jpg\" alt=\"\" width=\"564\" align=\"center\" \/><\/td>\n<\/tr>\n<\/tbody>\n<\/table>\n<\/td>\n<\/tr>\n<\/tbody>\n<\/table>\n<table border=\"0\" width=\"100%\" cellspacing=\"0\" cellpadding=\"0\">\n<tbody>\n<tr>\n<td valign=\"top\">\n<table class=\"m_630497444894533658mcnTextContentContainer\" border=\"0\" width=\"100%\" cellspacing=\"0\" cellpadding=\"0\" align=\"left\">\n<tbody>\n<tr>\n<td class=\"m_630497444894533658mcnTextContent\" valign=\"top\"><strong>N\u00f2e<\/strong>, cantautrice siciliana di stanza a Milano, muove i primi passi nel mondo della musica nel 2016, pubblicando il singolo \u201cNon lo so\u201d e un ep autoprodotto.\u00a0 Ai primi concerti da busker in giro per l\u2019Italia seguono numerose partecipazioni a prestigiosi festival e premi (Meeting del Mare, Musicultura, Farcisentire, Indiemood, Reset Festival)\u00a0\u00a0fino ad approdare sul palco dell\u2019Arena di Verona, premiata dal Festival Show. Il suo ultimo singolo \u201cFarei anche un figlio\u201d, prodotto da Fabio Gargiulo e pubblicato da Freecom Music, egna l\u2019inizio di un nuovo progetto dove sonorit\u00e0 elettroniche si mescolano a influenze classiche e folk.<\/p>\n<p>La giuria di Musica da Bere ha motivato cos\u00ec l\u2019assegnazione a N\u00f2e del Primo Premio: \u201cPer la sua versatilit\u00e0 nel proporre un repertorio in continua evoluzione, per capacit\u00e0 di dominare il palco, coinvolgendo attivamente il pubblico e per la cura e l\u2019attenzione nell\u2019esecuzione degli arrangiamenti\u201d.\u00a0\u00a0La cantautrice ricever\u00e0 un premio in denaro del valore complessivo di 2.500 \u20ac, avr\u00e0 la possibilit\u00e0 di usufruire di una giornata di registrazione gratuita negli studi bresciani di IndieBox Music Hall e si esibir\u00e0 sul palco di 4 festival e live club partner del concorso.<\/td>\n<\/tr>\n<\/tbody>\n<\/table>\n<\/td>\n<\/tr>\n<\/tbody>\n<\/table>\n<table class=\"m_630497444894533658mcnDividerBlock\" border=\"0\" width=\"100%\" cellspacing=\"0\" cellpadding=\"0\">\n<tbody>\n<tr>\n<td>\n<table border=\"0\" width=\"100%\" cellspacing=\"0\" cellpadding=\"0\">\n<tbody>\n<tr>\n<td><\/td>\n<\/tr>\n<\/tbody>\n<\/table>\n<\/td>\n<\/tr>\n<\/tbody>\n<\/table>\n<table border=\"0\" width=\"100%\" cellspacing=\"0\" cellpadding=\"0\">\n<tbody>\n<tr>\n<td valign=\"top\">\n<table border=\"0\" width=\"100%\" cellspacing=\"0\" cellpadding=\"0\" align=\"left\">\n<tbody>\n<tr>\n<td valign=\"top\"><img decoding=\"async\" class=\"m_630497444894533658mcnImage CToWUd a6T aligncenter\" tabindex=\"0\" src=\"https:\/\/ci3.googleusercontent.com\/proxy\/QcBQLihq2whP6cnL0Bn9wDFMCo8IsjrKfZ-j9eqpx2Mmi8liM9BTBfZnAoEw_Gdi8lAjo9_GOtK5Po4SbXY-Znn8jW4gqKTIpO6uE2c9g9IAF7q7hxLVxuMmKvhznwqbWeHrukkPqwLncr35fPZt7zf1yxVeXA=s0-d-e1-ft#https:\/\/mcusercontent.com\/36e24928d5a4f84c6857126ed\/images\/e40cf3f3-d2de-2a71-2f69-09a7b69e77b2.jpg\" alt=\"\" width=\"564\" align=\"center\" \/><\/td>\n<\/tr>\n<\/tbody>\n<\/table>\n<\/td>\n<\/tr>\n<\/tbody>\n<\/table>\n<table border=\"0\" width=\"100%\" cellspacing=\"0\" cellpadding=\"0\">\n<tbody>\n<tr>\n<td valign=\"top\">\n<table class=\"m_630497444894533658mcnTextContentContainer\" border=\"0\" width=\"100%\" cellspacing=\"0\" cellpadding=\"0\" align=\"left\">\n<tbody>\n<tr>\n<td class=\"m_630497444894533658mcnTextContent\" valign=\"top\">Il Premio Live \u00e8 stato assegnato a\u00a0<strong>Dellacasa Maldive<\/strong>, progetto di musica italiana di Riccardo Dellacasa, in bilico fra elettronica, psichedelia e lo-fi. Dopo l\u2019esordio discografico, \u201cAmore Italiano\u201d (La Valigetta 2019), il giovane polistrumentista lombardo ha in cantiere un nuovo album, in arrivo il prossimo autunno.\u00a0\u00a0La giuria di Musica da Bere \u00e8 stata colpita dalla \u201cfreschezza della sua proposta e dalla\u00a0vivace presenza scenica, espressione di una potenzialit\u00e0 da esprimere live\u201d.\u00a0\u00a0Dellacasa Maldive avr\u00e0 la possibilit\u00e0 di suonare sul palco di 6 festival e live club partner del concorso e ricever\u00e0 un premio in denaro del valore complessivo di 1.500 \u20ac.<\/td>\n<\/tr>\n<\/tbody>\n<\/table>\n<\/td>\n<\/tr>\n<\/tbody>\n<\/table>\n<table class=\"m_630497444894533658mcnDividerBlock\" border=\"0\" width=\"100%\" cellspacing=\"0\" cellpadding=\"0\">\n<tbody>\n<tr>\n<td>\n<table border=\"0\" width=\"100%\" cellspacing=\"0\" cellpadding=\"0\">\n<tbody>\n<tr>\n<td><\/td>\n<\/tr>\n<\/tbody>\n<\/table>\n<\/td>\n<\/tr>\n<\/tbody>\n<\/table>\n<table border=\"0\" width=\"100%\" cellspacing=\"0\" cellpadding=\"0\">\n<tbody>\n<tr>\n<td valign=\"top\">\n<table border=\"0\" width=\"100%\" cellspacing=\"0\" cellpadding=\"0\" align=\"left\">\n<tbody>\n<tr>\n<td valign=\"top\"><img decoding=\"async\" class=\"m_630497444894533658mcnRetinaImage CToWUd a6T aligncenter\" tabindex=\"0\" src=\"https:\/\/ci4.googleusercontent.com\/proxy\/9nRyv1zi3W-EHsBvJyunjqLNld15wcUTloVoNYJdOxJsBlShupDLk3bVAfsMCvsESfLF6hbzcUyWL8fR2-IdxKI3BjPAcEHZkJCIU3OXE1pneRmDccsChGBeYLrW5hdWfOibjJWlD1MwkhwyKlXQzTLaYvhJfw=s0-d-e1-ft#https:\/\/mcusercontent.com\/36e24928d5a4f84c6857126ed\/images\/80ad918f-ab57-bbc8-c8f9-801a4e7f71dc.jpg\" alt=\"\" width=\"564\" align=\"center\" \/><\/td>\n<\/tr>\n<\/tbody>\n<\/table>\n<\/td>\n<\/tr>\n<\/tbody>\n<\/table>\n<table class=\"m_630497444894533658mcnDividerBlock\" border=\"0\" width=\"100%\" cellspacing=\"0\" cellpadding=\"0\">\n<tbody>\n<tr>\n<td>\n<table border=\"0\" width=\"100%\" cellspacing=\"0\" cellpadding=\"0\">\n<tbody>\n<tr>\n<td><\/td>\n<\/tr>\n<\/tbody>\n<\/table>\n<\/td>\n<\/tr>\n<\/tbody>\n<\/table>\n<table border=\"0\" width=\"100%\" cellspacing=\"0\" cellpadding=\"0\">\n<tbody>\n<tr>\n<td valign=\"top\">\n<table class=\"m_630497444894533658mcnTextContentContainer\" border=\"0\" width=\"100%\" cellspacing=\"0\" cellpadding=\"0\" align=\"left\">\n<tbody>\n<tr>\n<td class=\"m_630497444894533658mcnTextContent\" valign=\"top\">\n<h3 role=\"textbox\" aria-label=\"Scrivi titolo\u2026\" aria-multiline=\"true\">Sul palco del Polaresco anche gli I Hate My Village e i Ministri, premiati con la Targa Musica da Bere 2021.<\/h3>\n<p>Oltre alle esibizioni degli altri artisti finalisti,\u00a0<strong>Diorama\u00a0<\/strong>(Puglia),\u00a0<strong>f<wbr \/>ollowtheriver<br \/>\n<\/strong>(Liguria),\u00a0<strong>T\u014dru\u00a0<\/strong>(Toscana) e<strong>\u00a0Wime\u00a0<\/strong>(Piemonte), le serate finali del concorso sono state impreziosite dalle esibizioni degli ospiti\u00a0<strong>I Hate My Village\u00a0<\/strong>e\u00a0<strong>Ministri<\/strong>, premiati con le\u00a0<strong>Targhe Musica da Bere 2021<\/strong>.<\/p>\n<p>Chiusura sulle note della \u201cCanzone del Pane\u201d dei Camillas ricordando Mirko \u201cZagor Camillas\u201d Bertuccioli, amico e presentatore di Musica da Bere scomparso lo scorso anno, a cui \u00e8 dedicato il concorso.<\/p>\n<p>Musica da\u00a0Bere \u00e8 organizzata dall&#8217;<strong>Associazione Culturale Il Graffio\u00a0<\/strong>con la collaborazione e il supporto di\u00a0<strong>Doc Servizi, Spazio Polaresco, Latteria Molloy<\/strong>. Partner: IndieBox Music, KeepOn Live, Azienda Vinicola\u202fTrabucchi d&#8217;Illasi, Cantina Fratelli Trevisani, Toscolano Paper.\u202f Festival Partner: Anfiteatro del Venda, Coopera Village, Diluvio Festival, Farcisentire Festival, Germi Luogo di Contaminazione, Musicastrada Festival, Reload Sound Festival e Rock sul Serio. Media partner: Le Rane, IndieVision, Pi\u00f9 o Meno POP, Sei tutto l&#8217;indie di cui ho bisogno.<\/td>\n<\/tr>\n<\/tbody>\n<\/table>\n<\/td>\n<\/tr>\n<\/tbody>\n<\/table>\n","protected":false},"excerpt":{"rendered":"<div class=\"mh-excerpt\"><p>N\u00f2e e Dellacasa Maldive sono i vincitori di Musica da Bere 2021 __________ Sabato 11 e domenica 12 settembre, sul palco dello Spazio Polaresco di <a class=\"mh-excerpt-more\" href=\"https:\/\/www.piuomenopop.it\/index.php\/2021\/09\/20\/i-vincitori-della-12a-edizione-di-musica-da-bere\/\" title=\"I vincitori della 12\u00aa edizione di Musica da Bere\">[&#8230;]<\/a><\/p>\n<\/div>","protected":false},"author":2,"featured_media":69742,"comment_status":"closed","ping_status":"closed","sticky":false,"template":"","format":"standard","meta":{"sfsi_plus_gutenberg_text_before_share":"","sfsi_plus_gutenberg_show_text_before_share":"","sfsi_plus_gutenberg_icon_type":"","sfsi_plus_gutenberg_icon_alignemt":"","sfsi_plus_gutenburg_max_per_row":"","footnotes":"","_links_to":"","_links_to_target":""},"categories":[3],"tags":[3457],"class_list":["post-69741","post","type-post","status-publish","format-standard","has-post-thumbnail","hentry","category-news","tag-musica-da-bere"],"aioseo_notices":[],"_links":{"self":[{"href":"https:\/\/www.piuomenopop.it\/index.php\/wp-json\/wp\/v2\/posts\/69741","targetHints":{"allow":["GET"]}}],"collection":[{"href":"https:\/\/www.piuomenopop.it\/index.php\/wp-json\/wp\/v2\/posts"}],"about":[{"href":"https:\/\/www.piuomenopop.it\/index.php\/wp-json\/wp\/v2\/types\/post"}],"author":[{"embeddable":true,"href":"https:\/\/www.piuomenopop.it\/index.php\/wp-json\/wp\/v2\/users\/2"}],"replies":[{"embeddable":true,"href":"https:\/\/www.piuomenopop.it\/index.php\/wp-json\/wp\/v2\/comments?post=69741"}],"version-history":[{"count":1,"href":"https:\/\/www.piuomenopop.it\/index.php\/wp-json\/wp\/v2\/posts\/69741\/revisions"}],"predecessor-version":[{"id":69743,"href":"https:\/\/www.piuomenopop.it\/index.php\/wp-json\/wp\/v2\/posts\/69741\/revisions\/69743"}],"wp:featuredmedia":[{"embeddable":true,"href":"https:\/\/www.piuomenopop.it\/index.php\/wp-json\/wp\/v2\/media\/69742"}],"wp:attachment":[{"href":"https:\/\/www.piuomenopop.it\/index.php\/wp-json\/wp\/v2\/media?parent=69741"}],"wp:term":[{"taxonomy":"category","embeddable":true,"href":"https:\/\/www.piuomenopop.it\/index.php\/wp-json\/wp\/v2\/categories?post=69741"},{"taxonomy":"post_tag","embeddable":true,"href":"https:\/\/www.piuomenopop.it\/index.php\/wp-json\/wp\/v2\/tags?post=69741"}],"curies":[{"name":"wp","href":"https:\/\/api.w.org\/{rel}","templated":true}]}}