{"id":70502,"date":"2021-10-21T10:03:04","date_gmt":"2021-10-21T08:03:04","guid":{"rendered":"https:\/\/www.piuomenopop.it\/?p=70502"},"modified":"2021-10-21T10:03:04","modified_gmt":"2021-10-21T08:03:04","slug":"cosmo-posticipate-le-date-de-la-prima-festa-dellamore-questo-e-il-comunicato-di-una-sconfitta-la-nostra-e-forse-quella-di-un-intero-settore","status":"publish","type":"post","link":"https:\/\/www.piuomenopop.it\/index.php\/2021\/10\/21\/cosmo-posticipate-le-date-de-la-prima-festa-dellamore-questo-e-il-comunicato-di-una-sconfitta-la-nostra-e-forse-quella-di-un-intero-settore\/","title":{"rendered":"COSMO: posticipate le date de &#8220;LA PRIMA FESTA DELL&#8217;AMORE&#8221;. Questo \u00e8 il comunicato di una sconfitta. La nostra e forse quella di un intero settore."},"content":{"rendered":"<p style=\"text-align: center;\">\u00a0<strong>COSMO<\/strong><\/p>\n<p style=\"font-weight: 400; text-align: center;\"><strong>BOLOGNA ARENA PARCO NORD<\/strong><\/p>\n<p style=\"font-weight: 400; text-align: center;\"><strong><em>LA PRIMA FESTA DELL\u2019AMORE<\/em><\/strong><\/p>\n<p style=\"font-weight: 400; text-align: center;\"><strong><em>\u00a0<\/em><\/strong><\/p>\n<p style=\"font-weight: 400; text-align: center;\"><strong>NUOVE DATE:\u00a015,16,18 APRILE 2022<\/strong><\/p>\n<p style=\"font-weight: 400; text-align: center;\"><strong><em><br \/>\n<\/em><\/strong><strong><em>I BIGLIETTI GI\u00c0 ACQUISTATI SONO VALIDI PER LE NUOVE DATE<\/em><\/strong><\/p>\n<p style=\"font-weight: 400; text-align: center;\">\n<p style=\"font-weight: 400; text-align: center;\">\n<p style=\"font-weight: 400; text-align: center;\">Questo \u00e8 il comunicato di una sconfitta.<\/p>\n<p style=\"font-weight: 400; text-align: center;\">La nostra e forse quella di un intero settore.<\/p>\n<p style=\"font-weight: 400;\">\n<p style=\"font-weight: 400;\">Dopo essere stati obbligati a rimandare i concerti di\u00a0<strong>COSMO<\/strong>\u00a0a data da destinarsi e alla luce delle nuove regole relative agli spettacoli sia al chiuso che all\u2019aperto, eravamo in realt\u00e0 pronti a annunciare che\u00a0<strong><em>LA PRIMA FESTA DELL\u2019AMORE\u00a0<\/em><\/strong>si sarebbe tenuta a Bologna nell\u2019ultimo weekend di ottobre.<br \/>\nPurtroppo non sar\u00e0 cos\u00ec e per il ritorno sul palco di Cosmo a tre anni di distanza dal trionfale concerto del Forum d\u2019Assago di Milano ci sar\u00e0 ancora da aspettare.<\/p>\n<p style=\"font-weight: 400;\">Ci tenevamo tantissimo a portare in scena entro la fine del 2021 questo spettacolo a cui lavoriamo da tempo, ma purtroppo siamo stati costretti a rimandare tutto al 2022.<\/p>\n<p style=\"font-weight: 400;\">Le nuove date sono quindi quelle del 15-16 e 18 aprile.<\/p>\n<p style=\"font-weight: 400;\">Sempre al Parco Nord, sempre a Bologna, sempre nel tendone che abbiamo progettato per rendere l\u2019esperienza unica e indimenticabile.<\/p>\n<p style=\"font-weight: 400;\">\n<p style=\"font-weight: 400;\">Siamo delusi e scoraggiati perch\u00e9 siamo in realt\u00e0 tutti consapevoli che non esiste nessun motivo per rimandare questi concerti se non l\u2019ottusit\u00e0 di un\u2019istituzione che mentre sbandiera riaperture e ritorno alla normalit\u00e0, dall\u2019altro rende impossibile queste riaperture con una serie di cavilli burocratici infiniti. Essenzialmente il decreto che rende possibile lo svolgimento degli spettacoli di musica dal vivo col pubblico in piedi e non distanziato non \u00e8 scritto in modo chiaro ed \u00e8 passabile di interpretazione. L\u2019autorizzazione quindi deve passare per delle autorit\u00e0 locali che al momento non ritengono opportuno concedere i permessi per questo tipo di concerti proprio perch\u00e9 il decreto non \u00e8 chiaro. Un circolo vizioso irrefrenabile che ci ha fatto perdere tempo e energie.<\/p>\n<p style=\"font-weight: 400;\">\n<p style=\"font-weight: 400;\">Ma nonostante tutto non siamo qui a dirvi che molliamo.<\/p>\n<p style=\"font-weight: 400;\">Non abbiamo nessuna intenzione di farlo.<\/p>\n<p style=\"font-weight: 400;\">I tre concerti di aprile saranno degli spettacoli particolari, dei veri e propri eventi unici pensati e sviluppati come tali. Dal nostro lato in questi mesi ci impegneremo a rendere la proposta ancora pi\u00f9 interessante. Le tre date annunciate sono quelle del weekend di Pasqua con la data di luned\u00ec 18 che partir\u00e0 dal pomeriggio e si concluder\u00e0 con concerto di Cosmo.<\/p>\n<p style=\"font-weight: 400;\">Le modalit\u00e0 con cui gli show si svolgeranno sono le medesime che erano state annunciate con la messa in vendita dei biglietti a met\u00e0 luglio: solo posti in piedi, no distanziamento, la location utilizzata sar\u00e0 un tendone montato per l\u2019occasione a aperto su tutti i lati, in modo da permettere vie di fuga e naturale circolazione dell\u2019aria.<\/p>\n<p style=\"font-weight: 400;\">\n<p style=\"font-weight: 400;\">I biglietti gi\u00e0 acquistati per le date originarie restano valide per le nuove rispettando il giorno della settimana (da venerd\u00ec 1\/10 a\u00a0<a href=\"https:\/\/dice.fm\/partner\/arena-parco-nord\/event\/wadav-cosmo-la-prima-festa-dellamore-1-ottobre-2021-15th-apr-arena-parco-nord-bologna-tickets?dice_source=web&amp;dice_medium=organic&amp;dice_campaign=Arena+Parco+Nord&amp;_branch_match_id=978560157958864664\" data-saferedirecturl=\"https:\/\/www.google.com\/url?q=https:\/\/dice.fm\/partner\/arena-parco-nord\/event\/wadav-cosmo-la-prima-festa-dellamore-1-ottobre-2021-15th-apr-arena-parco-nord-bologna-tickets?dice_source%3Dweb%26dice_medium%3Dorganic%26dice_campaign%3DArena%2BParco%2BNord%26_branch_match_id%3D978560157958864664&amp;source=gmail&amp;ust=1634887666851000&amp;usg=AFQjCNGev0HwGhBrKgOPwpMUAxIwM70umw\">venerd\u00ec 15\/04<\/a>, da sabato 2\/10 a\u00a0<a href=\"https:\/\/dice.fm\/partner\/dna-concerti-ed-eventi-srl\/event\/r7d7v-cosmo-la-prima-festa-dellamore-2-ottobre-2021-16th-apr-arena-parco-nord-bologna-tickets?dice_source=web&amp;dice_medium=organic&amp;dice_campaign=DNA+concerti+ed+eventi+srl&amp;_branch_match_id=978560157958864664\" data-saferedirecturl=\"https:\/\/www.google.com\/url?q=https:\/\/dice.fm\/partner\/dna-concerti-ed-eventi-srl\/event\/r7d7v-cosmo-la-prima-festa-dellamore-2-ottobre-2021-16th-apr-arena-parco-nord-bologna-tickets?dice_source%3Dweb%26dice_medium%3Dorganic%26dice_campaign%3DDNA%2Bconcerti%2Bed%2Beventi%2Bsrl%26_branch_match_id%3D978560157958864664&amp;source=gmail&amp;ust=1634887666851000&amp;usg=AFQjCNF-PHwFFk0DZglKaaKj_57_xuR1fw\">sabato 16\/04<\/a>, da domenica 3\/10 a\u00a0<a href=\"https:\/\/dice.fm\/partner\/dna-concerti-ed-eventi-srl\/event\/wx8px-cosmo-la-prima-festa-dellamore-3-ottobre-2021-3rd-oct-arena-parco-nord-bologna-tickets?dice_source=web&amp;dice_medium=organic&amp;dice_campaign=DNA+concerti+ed+eventi+srl&amp;_branch_match_id=978560157958864664\" data-saferedirecturl=\"https:\/\/www.google.com\/url?q=https:\/\/dice.fm\/partner\/dna-concerti-ed-eventi-srl\/event\/wx8px-cosmo-la-prima-festa-dellamore-3-ottobre-2021-3rd-oct-arena-parco-nord-bologna-tickets?dice_source%3Dweb%26dice_medium%3Dorganic%26dice_campaign%3DDNA%2Bconcerti%2Bed%2Beventi%2Bsrl%26_branch_match_id%3D978560157958864664&amp;source=gmail&amp;ust=1634887666851000&amp;usg=AFQjCNGdYg1D9in6IPlsKJilT_rye0WjVA\">luned\u00ec 18\/04<\/a>). Chi non volesse o fosse impossibilitato a partecipare alle nuove date potr\u00e0 fare richiesta di rimborso entro la data del 5\/11\/2021. Nonostante fosse stato dichiarato il sold out per i concerti di venerd\u00ec e sabato, essendo stati chiesti dei rimborsi (pochi, e vi ringraziamo tantissimo per questo ennesimo attestato di fiducia), siamo in grado di rimettere in vendita delle limitate disponibilit\u00e0:<\/p>\n<p style=\"font-weight: 400;\">Per qualsiasi ulteriore richiesta \u00e8 a disposizione l&#8217;email\u00a0<a href=\"mailto:aiuto@dice.fm\">aiuto@dice.fm<\/a>.<\/p>\n<p style=\"font-weight: 400;\"><strong>\u00a0<\/strong><\/p>\n<p style=\"font-weight: 400;\"><strong>L\u2019idea \u00e8 quella di mettere la comunit\u00e0 che vive la musica al centro di tutto<\/strong>\u00a0e per allontanare dall\u2019immaginario collettivo l\u2019idea che i concerti siano un luogo pericoloso, nell\u2019area del concerto verranno allestiti anche dei punti di sensibilizzazione e stand dedicati alla tematica della riduzione del danno per gli utilizzatori di sostanze.<\/p>\n<p style=\"font-weight: 400;\">Ma non finisce qui, abbiamo deciso -appunto- che non staremo con le mani in mano ad aspettare aprile e stiamo preparando delle sorprese che permetteranno di incontrarci anche prima di quelle date. Come, dove e quando ve lo faremo sapere fra davvero poco.<\/p>\n<p style=\"font-weight: 400;\">Grazie ancora per la rinnovata fiducia e per il supporto dato nel corso di questi mesi che sono stati duri, logoranti, ma che ci hanno fatto sentire anche la voglia forte di rivedere Cosmo sul palco.<\/p>\n<p style=\"font-weight: 400;\">A presto!<\/p>\n<p style=\"font-weight: 400;\"><strong><em>\u00a0<\/em><\/strong><\/p>\n<p style=\"font-weight: 400;\"><strong><em>LA PRIMA FESTA DELL\u2019AMORE\u00a0<\/em><\/strong>sar\u00e0 anche l\u2019occasione per\u00a0<strong>COSMO<\/strong>\u00a0di portare per la prima volta live il suo nuovo album\u00a0<strong><em>LA TERZA ESTATE DELL\u2019AMORE<\/em><\/strong>, pubblicato da\u00a0<strong>Columbia\/Sony Music Italy<\/strong>\u00a0con\u00a0<strong>42 Records<\/strong>\u00a0e\u00a0<strong>IVREATRONIC<\/strong>. Dedicato alle tematiche di rinascita del corpo, condivisione e liberazione,\u00a0<strong><em>LA TERZA ESTATE DELL\u2019AMORE<\/em><\/strong>\u00a0\u00e8 un disco maturo e complesso, libero dalle logiche imposte dal mercato, che ha da subito stregato pubblico, critica e addetti ai lavori. Non mancheranno brani estratti dai suoi precedenti album, reinventati appositamente in occasione del live per renderlo esattamente quello che \u00e8:\u00a0<strong>un\u2019esperienza unica e irripetibile<\/strong>.<\/p>\n","protected":false},"excerpt":{"rendered":"<div class=\"mh-excerpt\"><p>\u00a0COSMO BOLOGNA ARENA PARCO NORD LA PRIMA FESTA DELL\u2019AMORE \u00a0 NUOVE DATE:\u00a015,16,18 APRILE 2022 I BIGLIETTI GI\u00c0 ACQUISTATI SONO VALIDI PER LE NUOVE DATE Questo <a class=\"mh-excerpt-more\" href=\"https:\/\/www.piuomenopop.it\/index.php\/2021\/10\/21\/cosmo-posticipate-le-date-de-la-prima-festa-dellamore-questo-e-il-comunicato-di-una-sconfitta-la-nostra-e-forse-quella-di-un-intero-settore\/\" title=\"COSMO: posticipate le date de &#8220;LA PRIMA FESTA DELL&#8217;AMORE&#8221;. Questo \u00e8 il comunicato di una sconfitta. La nostra e forse quella di un intero settore.\">[&#8230;]<\/a><\/p>\n<\/div>","protected":false},"author":2,"featured_media":31151,"comment_status":"closed","ping_status":"closed","sticky":false,"template":"","format":"standard","meta":{"sfsi_plus_gutenberg_text_before_share":"","sfsi_plus_gutenberg_show_text_before_share":"","sfsi_plus_gutenberg_icon_type":"","sfsi_plus_gutenberg_icon_alignemt":"","sfsi_plus_gutenburg_max_per_row":"","footnotes":"","_links_to":"","_links_to_target":""},"categories":[5184,3],"tags":[362],"class_list":["post-70502","post","type-post","status-publish","format-standard","has-post-thumbnail","hentry","category-calendario-concerti","category-news","tag-cosmo"],"aioseo_notices":[],"_links":{"self":[{"href":"https:\/\/www.piuomenopop.it\/index.php\/wp-json\/wp\/v2\/posts\/70502","targetHints":{"allow":["GET"]}}],"collection":[{"href":"https:\/\/www.piuomenopop.it\/index.php\/wp-json\/wp\/v2\/posts"}],"about":[{"href":"https:\/\/www.piuomenopop.it\/index.php\/wp-json\/wp\/v2\/types\/post"}],"author":[{"embeddable":true,"href":"https:\/\/www.piuomenopop.it\/index.php\/wp-json\/wp\/v2\/users\/2"}],"replies":[{"embeddable":true,"href":"https:\/\/www.piuomenopop.it\/index.php\/wp-json\/wp\/v2\/comments?post=70502"}],"version-history":[{"count":1,"href":"https:\/\/www.piuomenopop.it\/index.php\/wp-json\/wp\/v2\/posts\/70502\/revisions"}],"predecessor-version":[{"id":70503,"href":"https:\/\/www.piuomenopop.it\/index.php\/wp-json\/wp\/v2\/posts\/70502\/revisions\/70503"}],"wp:featuredmedia":[{"embeddable":true,"href":"https:\/\/www.piuomenopop.it\/index.php\/wp-json\/wp\/v2\/media\/31151"}],"wp:attachment":[{"href":"https:\/\/www.piuomenopop.it\/index.php\/wp-json\/wp\/v2\/media?parent=70502"}],"wp:term":[{"taxonomy":"category","embeddable":true,"href":"https:\/\/www.piuomenopop.it\/index.php\/wp-json\/wp\/v2\/categories?post=70502"},{"taxonomy":"post_tag","embeddable":true,"href":"https:\/\/www.piuomenopop.it\/index.php\/wp-json\/wp\/v2\/tags?post=70502"}],"curies":[{"name":"wp","href":"https:\/\/api.w.org\/{rel}","templated":true}]}}