{"id":7110,"date":"2016-10-08T22:53:31","date_gmt":"2016-10-08T20:53:31","guid":{"rendered":"http:\/\/www.piuomenopop.it\/?p=7110"},"modified":"2018-01-01T18:11:02","modified_gmt":"2018-01-01T17:11:02","slug":"tarja-lun-2811-obihall","status":"publish","type":"post","link":"https:\/\/www.piuomenopop.it\/index.php\/2016\/10\/08\/tarja-lun-2811-obihall\/","title":{"rendered":"TARJA lun 28\/11 Obihall &#8211; debutta a Firenze il tour italiano dalla star del rock sinfonico"},"content":{"rendered":"<p style=\"text-align: center;\">Barley Arts<br \/>\npresenta<\/p>\n<p style=\"text-align: center;\"><a href=\"http:\/\/tarjaturunen.com\/home-tarja\/\" target=\"_blank\"><span style=\"font-size: 18pt;\"><strong>TARJA<\/strong><\/span><\/a><br \/>\n<strong>IN ITALIA PER DUE TAPPE DEL THE SHADOW SHOWS 2016<\/strong><br \/>\n<strong>IL CONCERTO DI ASSAGO VERR\u00c0 IMMORTALATO NEL DVD \u201cACT II\u201d<\/strong><\/p>\n<p style=\"text-align: center;\"><img loading=\"lazy\" decoding=\"async\" class=\"aligncenter wp-image-7112\" src=\"http:\/\/www.piuomenopop.it\/wp-content\/uploads\/2016\/10\/unnamed-5.jpg\" alt=\"unnamed\" width=\"267\" height=\"400\" srcset=\"https:\/\/www.piuomenopop.it\/wp-content\/uploads\/2016\/10\/unnamed-5.jpg 226w, https:\/\/www.piuomenopop.it\/wp-content\/uploads\/2016\/10\/unnamed-5-201x300.jpg 201w\" sizes=\"auto, (max-width: 267px) 100vw, 267px\" \/><\/p>\n<p style=\"text-align: justify;\">La stella pi\u00f9 luminosa del firmamento della scena del rock sinfonico, <a href=\"http:\/\/tarjaturunen.com\/home-tarja\/\" target=\"_blank\"><strong>Tarja Turunen<\/strong><\/a>, sar\u00e0 in Italia per due straordinari concerti dei <strong>The Shadow Shows 2016<\/strong>: luned\u00ec 28 novembre 2016 al <strong>Teatro Obihall di Firenze<\/strong> e marted\u00ec 29 novembre al <strong>Teatro della Luna di Assago (MI)<\/strong>. La data milanese \u00e8 davvero imperdibile per i veri fan: durante il concerto sar\u00e0 infatti registrato uno dei prossimi lavori di Tarja, il DVD live che porter\u00e0 il titolo di <strong>\u201cAct II\u201d<\/strong>. I biglietti per entrambi i concerti sono disponibili in prevendita sul circuito Ticketone (online e nei punti vendita) dalle 10 di gioved\u00ec 6 ottobre 2016.<\/p>\n<p style=\"text-align: justify;\">Soprano, compositrice e cantautrice, <strong>Tarja<\/strong> ha raggiunto la fama internazionale grazie alla sua militanza nei <strong>Nightwish<\/strong>, band symphonic metal finlandese di cui \u00e8 stata co-fondatrice e voce per nove anni. La combinazione unica tra musica metal e la voce di <strong>Tarja<\/strong> hanno dato vita a un nuovo genere che ha rapidamente conquistato la popolarit\u00e0 tra pubblico e critica, ispirando un nuovo filone del rock. Nel 2005 Tarja ha intrapreso la carriera solista, sempre in bilico tra rock e musica lirica, e ha attualmente all\u2019attivo 7 album in studio. Il suo ultimo lavoro <strong>\u201cThe Shadow Self\u201d<\/strong> (earMUSIC, 2016) ha raggiunto la Top 20 in Austria, Finlandia, Germania e Svizzera. Il tour che ne accompagna l\u2019uscita, The Shadow Shows 2016, \u00e8 in partenza tra pochi giorni e toccher\u00e0 Firenze e Assago a fine novembre.<\/p>\n<p><strong>Luned\u00ec 28 Novembre 2016<\/strong><br \/>\n<strong>Firenze, Teatro Obihall \u2013 via Fabrizio De Andr\u00e9<\/strong><\/p>\n<p>Biglietti<br \/>\nPrimo settore: \u20ac 50,00 + prev.<br \/>\nSecondo settore: \u20ac 40,00 + prev.<br \/>\nTerzo settore: \u20ac 30,00 + prev.<\/p>\n<p><strong>Marted\u00ec 29 Novembre 2016<\/strong><br \/>\n<strong>Assago (MI), Teatro della Luna \u2013 via Giuseppe Di Vittorio, 6<\/strong><\/p>\n<p>Biglietti<br \/>\nPoltronissima Blu: \u20ac 48,00 + prev.<br \/>\nPoltronissima: \u20ac 40,00 + prev.<br \/>\nPoltrona: \u20ac 35,00 + prev.<br \/>\nSeconda Poltrona: \u20ac 29,00 + prev.<\/p>\n<p>&nbsp;<\/p>\n","protected":false},"excerpt":{"rendered":"<div class=\"mh-excerpt\"><p>Barley Arts presenta TARJA IN ITALIA PER DUE TAPPE DEL THE SHADOW SHOWS 2016 IL CONCERTO DI ASSAGO VERR\u00c0 IMMORTALATO NEL DVD \u201cACT II\u201d La <a class=\"mh-excerpt-more\" href=\"https:\/\/www.piuomenopop.it\/index.php\/2016\/10\/08\/tarja-lun-2811-obihall\/\" title=\"TARJA lun 28\/11 Obihall &#8211; debutta a Firenze il tour italiano dalla star del rock sinfonico\">[&#8230;]<\/a><\/p>\n<\/div>","protected":false},"author":1,"featured_media":7111,"comment_status":"closed","ping_status":"closed","sticky":false,"template":"","format":"standard","meta":{"sfsi_plus_gutenberg_text_before_share":"","sfsi_plus_gutenberg_show_text_before_share":"","sfsi_plus_gutenberg_icon_type":"","sfsi_plus_gutenberg_icon_alignemt":"","sfsi_plus_gutenburg_max_per_row":"","footnotes":"","_links_to":"","_links_to_target":""},"categories":[3],"tags":[1052,275,299,1051],"class_list":["post-7110","post","type-post","status-publish","format-standard","has-post-thumbnail","hentry","category-news","tag-barleysarts","tag-firenze","tag-obihall","tag-tarja"],"aioseo_notices":[],"_links":{"self":[{"href":"https:\/\/www.piuomenopop.it\/index.php\/wp-json\/wp\/v2\/posts\/7110","targetHints":{"allow":["GET"]}}],"collection":[{"href":"https:\/\/www.piuomenopop.it\/index.php\/wp-json\/wp\/v2\/posts"}],"about":[{"href":"https:\/\/www.piuomenopop.it\/index.php\/wp-json\/wp\/v2\/types\/post"}],"author":[{"embeddable":true,"href":"https:\/\/www.piuomenopop.it\/index.php\/wp-json\/wp\/v2\/users\/1"}],"replies":[{"embeddable":true,"href":"https:\/\/www.piuomenopop.it\/index.php\/wp-json\/wp\/v2\/comments?post=7110"}],"version-history":[{"count":1,"href":"https:\/\/www.piuomenopop.it\/index.php\/wp-json\/wp\/v2\/posts\/7110\/revisions"}],"predecessor-version":[{"id":7113,"href":"https:\/\/www.piuomenopop.it\/index.php\/wp-json\/wp\/v2\/posts\/7110\/revisions\/7113"}],"wp:featuredmedia":[{"embeddable":true,"href":"https:\/\/www.piuomenopop.it\/index.php\/wp-json\/wp\/v2\/media\/7111"}],"wp:attachment":[{"href":"https:\/\/www.piuomenopop.it\/index.php\/wp-json\/wp\/v2\/media?parent=7110"}],"wp:term":[{"taxonomy":"category","embeddable":true,"href":"https:\/\/www.piuomenopop.it\/index.php\/wp-json\/wp\/v2\/categories?post=7110"},{"taxonomy":"post_tag","embeddable":true,"href":"https:\/\/www.piuomenopop.it\/index.php\/wp-json\/wp\/v2\/tags?post=7110"}],"curies":[{"name":"wp","href":"https:\/\/api.w.org\/{rel}","templated":true}]}}