{"id":71114,"date":"2021-12-14T17:05:55","date_gmt":"2021-12-14T16:05:55","guid":{"rendered":"https:\/\/www.piuomenopop.it\/?p=71114"},"modified":"2021-12-14T17:17:36","modified_gmt":"2021-12-14T16:17:36","slug":"live-report-il-tre-per-i-fan-solo-guido-al-fabrique-di-milano-uno-dei-giorni-piu-belli-della-mia-vita","status":"publish","type":"post","link":"https:\/\/www.piuomenopop.it\/index.php\/2021\/12\/14\/live-report-il-tre-per-i-fan-solo-guido-al-fabrique-di-milano-uno-dei-giorni-piu-belli-della-mia-vita\/","title":{"rendered":"[Live Report] Il Tre (per i fan solo Guido) al Fabrique di Milano: &#8220;Uno dei giorni pi\u00f9 belli della mia vita&#8221;"},"content":{"rendered":"<p>&#8220;<em>Le lacrime non sempre fanno male, quelle che ho versato ieri mi hanno fatto un bene che non ho mai provato in vita mia<\/em>&#8220;.<strong> Il Tre<\/strong> ha riassunto con queste parole la serata di sabato 11 dicembre che lo ha visto protagonista al<strong> Fabrique di Milano<\/strong>. La prima data del suo <strong>Ali Tour<\/strong> \u00e8 stata <strong>una<\/strong> <strong>montagna russa di emozioni<\/strong> contrastanti: dal rap crudo con <strong>Vegas Jones, Gemitaiz, Briga e Mostro come ospiti<\/strong>, sono saliti sul palco anche i genitori di Guido (vero nome de Il Tre), il quale non ha mai nascosto il grande legame che li unisce. Difficile per lui riuscire a trattenere le lacrime di fronte ai loro volti fieri ed emozionati.<\/p>\n<p>Chi lo segue sui social sa il rapporto quasi di amicizia che Il Tre ha con i propri fan, il live al Fabrique \u00e8 stata un&#8217;altra buona occasione per riunirsi e sancire questa unione. Il giorno dopo, a mente lucida, il rapper ha scritto sui social: &#8220;<em>Non \u00e8 stato un concerto, a me \u00e8 sembrato pi\u00f9 un festeggiamento, una festa tra amici. 3000 voci, anzi 3001 con la mia, grazie con tutto il cuore per aver fatto parte di uno dei giorni pi\u00f9 belli della mia vita<\/em>&#8220;.<\/p>\n<p>Per quelle tremila persone (e per molte altre che verranno con le prossime date del tour), Il Tre \u00e8 semplicemente <strong>Guido<\/strong>, il giovane 24enne della porta accanto cresciuto a Santa Maria delle Mole con una <strong>grande passione per la musica e per il calcio<\/strong>. A renderlo cos\u00ec speciale agli occhi dei fan si aggiungono i suoi pezzi, su questa vita &#8220;<em>fottutamente bella<\/em>&#8220;, sulle battaglie e gli obiettivi personali da non abbandonare mai. Nella scaletta presentata a Milano i brani del progetto &#8220;<strong>Ali<\/strong>&#8220;, che ha dato inizio alla carriera discografica dell&#8217;artista con successi quali &#8220;<strong>Te Lo Prometto<\/strong>&#8220;, &#8220;<strong>Pioggia<\/strong>&#8220;, &#8220;<strong>Fuori \u00e8 Notte<\/strong>&#8220;, &#8220;<strong>Il Tuo Nome<\/strong>&#8220;, &#8220;<strong>Cracovia, Pt. 3<\/strong>&#8220;.<\/p>\n<p>Tra una canzone e l&#8217;altra non sono mancati momenti di ironia e di completa improvvisazione fra Il Tre e il pubblico, come qualche aggiornamento sulla partita del Milan in corso (da buon tifoso interista), o l&#8217;arrivo di un pallone sul palco, qualche palleggio a suon di &#8220;Seven Nation Army&#8221; e lancio finale tra la gente. Una grande festa era quello che voleva, ma Guido si \u00e8 portato a casa <strong>uno dei giorni pi\u00f9 importanti e significativi<\/strong> che potesse avere. Il tutto sigillato dalla <strong>consegna del doppio disco di platino<\/strong> per il singolo &#8220;Te Lo Prometto&#8221;, che va ad aggiungersi al disco d&#8217;oro ricevuto per &#8220;Il Tuo Nome&#8221; e per l&#8217;album &#8220;Ali&#8221;, e ad un altro platino per &#8220;Cracovia, Pt. 3&#8221;.<\/p>\n","protected":false},"excerpt":{"rendered":"<div class=\"mh-excerpt\"><p>&#8220;Le lacrime non sempre fanno male, quelle che ho versato ieri mi hanno fatto un bene che non ho mai provato in vita mia&#8220;. Il <a class=\"mh-excerpt-more\" href=\"https:\/\/www.piuomenopop.it\/index.php\/2021\/12\/14\/live-report-il-tre-per-i-fan-solo-guido-al-fabrique-di-milano-uno-dei-giorni-piu-belli-della-mia-vita\/\" title=\"[Live Report] Il Tre (per i fan solo Guido) al Fabrique di Milano: &#8220;Uno dei giorni pi\u00f9 belli della mia vita&#8221;\">[&#8230;]<\/a><\/p>\n<\/div>","protected":false},"author":43,"featured_media":71120,"comment_status":"closed","ping_status":"closed","sticky":false,"template":"","format":"standard","meta":{"sfsi_plus_gutenberg_text_before_share":"","sfsi_plus_gutenberg_show_text_before_share":"","sfsi_plus_gutenberg_icon_type":"","sfsi_plus_gutenberg_icon_alignemt":"","sfsi_plus_gutenburg_max_per_row":"","footnotes":"","_links_to":"","_links_to_target":""},"categories":[311,2840,5],"tags":[6718,7845,5051,12042],"class_list":["post-71114","post","type-post","status-publish","format-standard","has-post-thumbnail","hentry","category-hip-hop","category-rap-2","category-report","tag-fabrique","tag-fabrique-di-milano","tag-fabrique-milano","tag-il-tre"],"aioseo_notices":[],"_links":{"self":[{"href":"https:\/\/www.piuomenopop.it\/index.php\/wp-json\/wp\/v2\/posts\/71114","targetHints":{"allow":["GET"]}}],"collection":[{"href":"https:\/\/www.piuomenopop.it\/index.php\/wp-json\/wp\/v2\/posts"}],"about":[{"href":"https:\/\/www.piuomenopop.it\/index.php\/wp-json\/wp\/v2\/types\/post"}],"author":[{"embeddable":true,"href":"https:\/\/www.piuomenopop.it\/index.php\/wp-json\/wp\/v2\/users\/43"}],"replies":[{"embeddable":true,"href":"https:\/\/www.piuomenopop.it\/index.php\/wp-json\/wp\/v2\/comments?post=71114"}],"version-history":[{"count":5,"href":"https:\/\/www.piuomenopop.it\/index.php\/wp-json\/wp\/v2\/posts\/71114\/revisions"}],"predecessor-version":[{"id":71119,"href":"https:\/\/www.piuomenopop.it\/index.php\/wp-json\/wp\/v2\/posts\/71114\/revisions\/71119"}],"wp:featuredmedia":[{"embeddable":true,"href":"https:\/\/www.piuomenopop.it\/index.php\/wp-json\/wp\/v2\/media\/71120"}],"wp:attachment":[{"href":"https:\/\/www.piuomenopop.it\/index.php\/wp-json\/wp\/v2\/media?parent=71114"}],"wp:term":[{"taxonomy":"category","embeddable":true,"href":"https:\/\/www.piuomenopop.it\/index.php\/wp-json\/wp\/v2\/categories?post=71114"},{"taxonomy":"post_tag","embeddable":true,"href":"https:\/\/www.piuomenopop.it\/index.php\/wp-json\/wp\/v2\/tags?post=71114"}],"curies":[{"name":"wp","href":"https:\/\/api.w.org\/{rel}","templated":true}]}}