{"id":71121,"date":"2021-12-15T19:29:58","date_gmt":"2021-12-15T18:29:58","guid":{"rendered":"https:\/\/www.piuomenopop.it\/?p=71121"},"modified":"2021-12-15T19:31:59","modified_gmt":"2021-12-15T18:31:59","slug":"im-not-a-blonde-welcome-shadows-e-il-nuovo-ep-in-uscita-oggi-per-inri-metatron-annunciate-le-prime-date-del-tour","status":"publish","type":"post","link":"https:\/\/www.piuomenopop.it\/index.php\/2021\/12\/15\/im-not-a-blonde-welcome-shadows-e-il-nuovo-ep-in-uscita-oggi-per-inri-metatron-annunciate-le-prime-date-del-tour\/","title":{"rendered":"I&#8217;M NOT A BLONDE: WELCOME SHADOWS \u00e8 il nuovo EP in uscita oggi per INRI\/METATRON. Annunciate le prime date del tour."},"content":{"rendered":"<p align=\"center\"><strong>I\u2019M NOT A BLONDE<\/strong><\/p>\n<p align=\"center\"><em><strong>WELCOME SHADOWS<\/strong><\/em><\/p>\n<p align=\"center\"><strong>il nuovo EP per INRI\/Metatron<\/strong><\/p>\n<p align=\"center\"><strong>Ascoltalo qui:\u00a0<a href=\"https:\/\/lnk.to\/WelcomeShadows\" target=\"_blank\" rel=\"noopener noreferrer\" data-saferedirecturl=\"https:\/\/www.google.com\/url?q=https:\/\/lnk.to\/WelcomeShadows&amp;source=gmail&amp;ust=1639678874391000&amp;usg=AOvVaw3U7Lzgx1Sk37zp3fKW83Tw\">https:\/\/lnk.to\/<wbr \/>WelcomeShadows<\/a><\/strong><\/p>\n<p align=\"center\"><strong>LE PRIME DATE DEL TOUR<\/strong><\/p>\n<p align=\"center\"><b>\u00a0<\/b><\/p>\n<p align=\"center\"><strong>14\/1 Germi, Milano (nuova data)\u00a0<\/strong><br \/>\n<strong>22\/1 Polaresco, Bergamo\u00a0<\/strong><br \/>\n<strong>28\/1 Off Topic, Torino\u00a0<\/strong><br \/>\n<strong>18\/2 Giardini Luzzati, Genova\u00a0<\/strong><br \/>\n<strong>26\/2 Circolo Dev, Bologna\u00a0<\/strong><\/p>\n<p align=\"justify\">Un viaggio sonoro dall\u2019anima electro che esplora l\u2019oscurit\u00e0 e le ombre, i sentimenti pi\u00f9 difficili e cupi, e ha il coraggio di guardarli negli occhi e accoglierli come elementi indispensabili alla vita.<\/p>\n<p align=\"justify\"><strong>\u00c8 uscito il 10 dicembre negli store digitali e in radio per INRI\/Metatron <em>Welcome Shadows<\/em>, il nuovo EP di I\u2019m Not a Blonde<\/strong>, il duo femminile pi\u00f9 \u201ccool\u201d della scena musicale italiana ed europea formato da\u00a0<strong>Chiara Castello<\/strong>\u00a0e\u00a0<strong>Camilla Matley<\/strong>.<\/p>\n<p align=\"justify\"><strong>Ascoltalo qui:\u00a0<a href=\"https:\/\/lnk.to\/WelcomeShadows\" target=\"_blank\" rel=\"noopener noreferrer\" data-saferedirecturl=\"https:\/\/www.google.com\/url?q=https:\/\/lnk.to\/WelcomeShadows&amp;source=gmail&amp;ust=1639678874392000&amp;usg=AOvVaw3LuzUYGFtfbFiF5xeh1LNl\">https:\/\/lnk.to\/<wbr \/>WelcomeShadows<\/a>\u00a0<\/strong><\/p>\n<p align=\"justify\">Il lavoro, realizzato con il sostegno di Italia Music Lab, fa parte di un progetto pi\u00f9 ampio che prevede la pubblicazione di un secondo EP nella primavera 2022, dal titolo\u00a0<em><strong>This is Light<\/strong>.<\/em><\/p>\n<p align=\"justify\"><strong>Annunciate anche le prime date del tour di<em>\u00a0Welcome Shadows:\u00a0<\/em><\/strong>si comincia il\u00a0<strong>14 gennaio<\/strong>\u00a0a\u00a0<strong>Germi<\/strong>\u00a0a\u00a0<strong>Milano<\/strong>\u00a0\u00a0(riprogrammazione per ragioni di salute della data prevista oggi 10 dicembre), per proseguire il\u00a0<strong>22\u00a0<\/strong>al\u00a0<strong>Polaresco<\/strong>\u00a0a\u00a0<strong>Bergamo<\/strong>, il\u00a0<strong>28<\/strong>\u00a0all\u2019<strong>Off Topic<\/strong>\u00a0a\u00a0<strong>Torino<\/strong>, il\u00a0<strong>18 febbraio<\/strong>\u00a0ai\u00a0<strong>Giardini Luzzati<\/strong>\u00a0a\u00a0<strong>Genova<\/strong>\u00a0e il\u00a0<strong>26<\/strong>\u00a0al\u00a0<strong>Circolo Dev<\/strong>\u00a0a\u00a0<strong>Bologna<\/strong>.<\/p>\n<p align=\"justify\">L\u2019EP sviluppa tematiche tanto personali quanto collettive e universali (l\u2019amore, le relazioni, la morte, la natura e l\u2019ambiente) guardandole nel loro lato pi\u00f9 scuro, pi\u00f9 di \u201csfogo\u201d e ribellione, quando nel pieno delle emozioni si \u00e8 avvolti dai dubbi e dalle incertezze.<\/p>\n<p align=\"justify\"><strong><em>Welcome Shadows<\/em>\u00a0esplora le ombre, il tramonto, le riflessioni e i sogni cupi, la rabbia e la tristezza, mantenendo per\u00f2 sempre un senso di accettazione<\/strong>\u00a0(di benvenuto, come appunto recita il titolo)\u00a0<strong>di queste sensazioni come parte necessaria della vita.<\/strong>\u00a0\u00c8 un invito dunque ad accogliere questi momenti come passaggi fondamentali per comprendere, conoscersi, crescere e cambiare.<\/p>\n<p align=\"justify\"><em>Welcome Shadows<\/em>\u00a0\u00e8 la faccia di una medaglia che trover\u00e0 il suo elemento complementare in\u00a0<em>This is Light<\/em>. Due lati, due personaggi, \u201cShadows\u201d e \u201c Light\u201d, che raffigurano, con tutte le loro sfumature, Chiara e Camilla, la loro dualit\u00e0 e diverso approccio alla vita e alla musica: Chiara con un carattere pi\u00f9 positivo, Camilla un p\u00f2 pi\u00f9 scuro. Due anime diverse e spesso in contrasto, il cui rapporto \u00e8 un po&#8217; come quello che c\u2019\u00e8 tra ombre e luci: c\u2019\u00e8 bisogno del buio per vedere la luce, e serve la luce per scoprire le sfumature. Uno \u00e8 quindi funzionale e indispensabile all\u2019altro nella crescita.<\/p>\n<p align=\"justify\">Il viaggio dei due Ep attraverso le ombre fino al ritorno alla luce rappresenta poi bene come I\u2019m Not a Blonde ha vissuto la pandemia di Covid 19, durante la quale si \u00e8 sviluppato tutto il processo creativo.\u00a0<em>Welcome Shadows<\/em>, scritto e registrato in casa durante le varie fasi di lockdown nazionale (ad esclusione di\u00a0<em>Circles<\/em>, prodotta con Leziero Rescigno), rispecchia infatti la paura e l\u2019incredulit\u00e0 vissute nel primo periodo di chiusura, quando il futuro aveva sopra di s\u00e9 una lunga ombra scura.<\/p>\n<p align=\"justify\">La dualit\u00e0 del progetto \u00e8 espressa anche attraverso l\u2019<strong>uso sia della lingua inglese che \u2013 per la prima volta \u2013 di quella italiana<\/strong>, anche all\u2019interno dello stesso pezzo. Chiara \u00e8 infatti italo-americana, e il mix delle due lingue rappresenta bene la sua modalit\u00e0 comunicativa.<\/p>\n<p align=\"justify\">Dal punto di vista sonoro,\u00a0<strong>in\u00a0<em>Welcome Shadows<\/em>\u00a0domina una potente matrice elettronica<\/strong>: synth forti e decisi, frequente uso degli arpeggiatori, chitarre utilizzate in funzione pi\u00f9 \u201cpercussiva\u201d e di controcanto. Altro tratto caratteristico, l\u2019uso di \u201cpitch shifting\u201d sulla voce di Chiara abbassando l\u2019ottava, a voler raccontare ancora la dualit\u00e0 (anche tra organico e sintetico) e la voglia di giocare liberamente con i ruoli di genere e identit\u00e0.<\/p>\n<p align=\"justify\"><strong><em>Welcome Shadows<\/em>\u00a0si apre con\u00a0<em>\u201c1984\u201d<\/em><\/strong>, un pezzo che dichiara immediatamente le intenzioni dell\u2019Ep stesso, cupo e malinconico. Liberamente ispirato al capolavoro di George Orwell, \u00e8 un inno synth-pop alla libert\u00e0 di esprimersi e amare e al diritto di essere ci\u00f2 che si \u00e8. Cassa dritta e synth arpeggiatore a scandire un ritmo in crescendo che approda a un refrain liberatorio. Un vortice onirico che abbraccia un testo essenziale che evoca ricordi ed emozioni, oppressione e liberazione, paura e orgoglio, resistenza e abbandono, solitudine e amore per raccontare la storia della scoperta della propria omosessualit\u00e0 durante l\u2019adolescenza.<\/p>\n<p align=\"justify\">Si prosegue con\u00a0<strong>\u201cWhite Roses\u201d<\/strong>, brano intenso che tocca il tema della morte visto da chi ne \u00e8 sempre a contatto, cio\u00e8 il necroforo (becchino). Parla di rimpianti, che arrivano sempre troppo tardi, e del tempo perduto che non pu\u00f2 ritornare. La voce \u00e8 potente e decisa, quasi aliena, ed \u00e8 sorretta da una musica incalzante, dove beat e synth arpeggiatore sono protagonisti e le chitarre ritmiche verso la fine diventano melodiche, quasi a fare da controcanto alla voce.<\/p>\n<p align=\"justify\"><strong>\u201cCircles\u201d\u00a0<\/strong>allenta un po&#8217; il mood scuro, nonostante parli della sensazione di \u201ccorrere in tondo\u201d e della fatica di dover ricominciare da capo quando una relazione importante finisce, ponendo fine a una dipendenza d\u2019amore. Malinconico e al tempo stesso upbeat, minimale e stratificato, \u00e8 un brano electro dal beat asciutto e deciso che unisce in geometrica armonia il sound groovy dei synth alle chitarre percussive.<\/p>\n<p align=\"justify\">Segue\u00a0<strong>\u201cWinter is not coming&#8221;<\/strong>, che giocando nel titolo con la celebre frase della serie\u00a0<em>Game of Thrones<\/em>\u00a0tocca l\u2019attualissimo tema dell\u2019ambientalismo e del movimento Fridays for Future: una manifestazione incazzata di chi, come I\u2019m Not a Blonde, vorrebbe che gli esseri umani rispettassero di pi\u00f9 il mondo in cui viviamo. Il brano \u00e8 scarno e ruvido, minimal e lo-fi, dall\u2019attitudine punk: la voce a met\u00e0 tra umano e robotico delle strofe esplode in un ritornello \u201criot\u201d e culmina in una coda di matrice elettronica pi\u00f9 spinta, dove la voce aliena si incanta a loop e si deforma per sfociare in un canto \u201clirico\u201d distorto, in una visione distopica del futuro in cui il nostro pianeta si ribella e la catastrofe \u00e8 inevitabile.<\/p>\n<p align=\"justify\">L\u2019Ep si chiude dilatando il ritmo con una ballata,\u00a0<strong>\u201cGhost\u201d<\/strong>, che parla del sentirsi un fantasma quando ci si accorge di non essere pi\u00f9 visti dalla persona amata. \u00c8 il racconto di una relazione amorosa che \u00e8 finita, un ultimo saluto di addio dove la voce si fa pi\u00f9 adulta, calda e sensuale, cullandosi su un riff ipnotico colorato da un malinconico pianoforte.<\/p>\n<p align=\"justify\"><strong>BIO<\/strong><\/p>\n<p align=\"justify\"><strong>I\u2019m Not a Blonde<\/strong>\u00a0\u00e8 un duo italo-americano di base a\u00a0<strong>Milano\u00a0<\/strong>composto da<strong>\u00a0Chiara Castello<\/strong>\u00a0e\u00a0<strong>Camilla Matley<\/strong>. Il loro<strong>\u00a0elegante electro-pop\u00a0<\/strong>\u2013 fatto di ritmi e synth anni \u201980 e chitarre e melodie dal sapore punk\/rock anni \u201990 \u2013 si muove in perfetto equilibrio fra gli aspetti delle due personalit\u00e0: ironia e follia, divertimento e seriet\u00e0,\u00a0<strong>minimalismo e art-pop<\/strong>, digitale e analogico. Tutto avvolto da un velo di malinconia di derivazione\u00a0<strong>new wave<\/strong>\u00a0che dona alla loro musica una precisa identit\u00e0 e uno stile inconfondibile.<\/p>\n<p align=\"justify\">Esordiscono nel 2016 con l\u2019album\u00a0<em><strong>Introducing I\u2019m Not a Blonde<\/strong><\/em>\u00a0e dallo stesso anno entrano stabilmente nel roster di INRI. Il 2018 \u00e8 l\u2019anno del secondo LP dal titolo\u00a0<em><strong>The Blonde Album<\/strong><\/em>, cui segue nel 2019 la pubblicazione del terzo disco\u00a0<em><strong>Under the Rug<\/strong><\/em>, presentato al\u00a0<strong>Reeperbahn Festival in Germania<\/strong>. Particolarmente apprezzate dalla stampa e dal pubblico dell\u2019Europa centro-nord, sul piano internazionale collaborano con la label\u00a0<strong>Backseat<\/strong>\u00a0e con il booking\u00a0<strong>All Rooms<\/strong>\u00a0di Berlino.<\/p>\n<p align=\"justify\">Prima che la pandemia bloccasse il mondo, sono state protagoniste in diversi festival italiani e internazionali, condividendo il palco con artisti del calibro di\u00a0<strong>Duran Duran, Moderat, Soulwax, Peaches, Ghostpoet, Hurts<\/strong>\u00a0e molti altri. Dal vivo, le loro architetture sonore fatte di sovrapposizioni di loop di voci, chitarre, synth e beat elettronici riempiono lo spazio del palco con la forza e l\u2019impatto di una full band. Il loro stile ha sedotto artisti di fama mondiale che hanno scelto I\u2019m Not a Blonde per l\u2019apertura dei live in Italia: i\u00a0<strong>Franz Ferdinand<\/strong>\u00a0nel 2018 all\u2019Unipol Arena di Bologna,\u00a0<strong>The Killers<\/strong>\u00a0a Rock in Roma (2018), i\u00a0<strong>Wolf Alice<\/strong>\u00a0per la loro data unica in Italia del 2018 e\u00a0<strong>Miki Shinoda<\/strong>\u00a0dei\u00a0<strong>Linkin\u2019 Park<\/strong>\u00a0nel 2019 a Milano e Padova.<\/p>\n<p>Orfane della dimensione live a causa del lockdown, pubblicano nel 2020 l\u2019EP Songs from Home.<\/p>\n<p align=\"justify\">Nel 2021 vincono la call indetta da\u00a0<strong>Italia Music Export<\/strong>, a supporto della loro attivit\u00e0 promozionale all\u2019estero.<br \/>\n<strong><em>Circles\u00a0<\/em><\/strong>e\u00a0<em><strong>1984<\/strong><\/em>\u00a0sono i due singoli che anticipano il nuovo EP\u00a0<strong><em>Welcome Shadows<\/em><\/strong>, in uscita il 10 dicembre 2021, primo capitolo di un progetto articolato in due tappe. Nel 2022 uscir\u00e0 il secondo capitolo\u00a0<em><strong>This is Light<\/strong><\/em>.<\/p>\n<p align=\"justify\"><strong>Credits<\/strong><\/p>\n<p><em>Scritto da<\/em>\u00a0Camilla Benedini e Chiara Castello<br \/>\n<em>Prodotto da<\/em>\u00a0Camilla Benedini, Chiara Castello, eccetto \u201cCircles\u201d prodotta da Camilla Benedini, Chiara Castello e Leziero Rescigno<br \/>\n<em>Mixato da\u00a0<\/em>Mario Conte<br \/>\n<em>Masterizzato da\u00a0<\/em>Giovanni Versari<br \/>\n<em>Artwork di\u00a0<\/em>Gergely Agoston<\/p>\n<p align=\"justify\"><strong>Tracklist<\/strong><\/p>\n<ol>\n<li>\n<p align=\"justify\">1984<\/p>\n<\/li>\n<li>\n<p align=\"justify\">White Roses<\/p>\n<\/li>\n<li>\n<p align=\"justify\">Circles<\/p>\n<\/li>\n<li>\n<p align=\"justify\">Winter is Not Coming<\/p>\n<\/li>\n<li>\n<p align=\"justify\">Ghost<\/p>\n<\/li>\n<\/ol>\n","protected":false},"excerpt":{"rendered":"<div class=\"mh-excerpt\"><p>I\u2019M NOT A BLONDE WELCOME SHADOWS il nuovo EP per INRI\/Metatron Ascoltalo qui:\u00a0https:\/\/lnk.to\/WelcomeShadows LE PRIME DATE DEL TOUR \u00a0 14\/1 Germi, Milano (nuova data)\u00a0 22\/1 <a class=\"mh-excerpt-more\" href=\"https:\/\/www.piuomenopop.it\/index.php\/2021\/12\/15\/im-not-a-blonde-welcome-shadows-e-il-nuovo-ep-in-uscita-oggi-per-inri-metatron-annunciate-le-prime-date-del-tour\/\" title=\"I&#8217;M NOT A BLONDE: WELCOME SHADOWS \u00e8 il nuovo EP in uscita oggi per INRI\/METATRON. Annunciate le prime date del tour.\">[&#8230;]<\/a><\/p>\n<\/div>","protected":false},"author":2,"featured_media":71122,"comment_status":"closed","ping_status":"closed","sticky":false,"template":"","format":"standard","meta":{"sfsi_plus_gutenberg_text_before_share":"","sfsi_plus_gutenberg_show_text_before_share":"","sfsi_plus_gutenberg_icon_type":"","sfsi_plus_gutenberg_icon_alignemt":"","sfsi_plus_gutenburg_max_per_row":"","footnotes":"","_links_to":"","_links_to_target":""},"categories":[5184,8],"tags":[],"class_list":["post-71121","post","type-post","status-publish","format-standard","has-post-thumbnail","hentry","category-calendario-concerti","category-uscite"],"aioseo_notices":[],"_links":{"self":[{"href":"https:\/\/www.piuomenopop.it\/index.php\/wp-json\/wp\/v2\/posts\/71121","targetHints":{"allow":["GET"]}}],"collection":[{"href":"https:\/\/www.piuomenopop.it\/index.php\/wp-json\/wp\/v2\/posts"}],"about":[{"href":"https:\/\/www.piuomenopop.it\/index.php\/wp-json\/wp\/v2\/types\/post"}],"author":[{"embeddable":true,"href":"https:\/\/www.piuomenopop.it\/index.php\/wp-json\/wp\/v2\/users\/2"}],"replies":[{"embeddable":true,"href":"https:\/\/www.piuomenopop.it\/index.php\/wp-json\/wp\/v2\/comments?post=71121"}],"version-history":[{"count":3,"href":"https:\/\/www.piuomenopop.it\/index.php\/wp-json\/wp\/v2\/posts\/71121\/revisions"}],"predecessor-version":[{"id":71125,"href":"https:\/\/www.piuomenopop.it\/index.php\/wp-json\/wp\/v2\/posts\/71121\/revisions\/71125"}],"wp:featuredmedia":[{"embeddable":true,"href":"https:\/\/www.piuomenopop.it\/index.php\/wp-json\/wp\/v2\/media\/71122"}],"wp:attachment":[{"href":"https:\/\/www.piuomenopop.it\/index.php\/wp-json\/wp\/v2\/media?parent=71121"}],"wp:term":[{"taxonomy":"category","embeddable":true,"href":"https:\/\/www.piuomenopop.it\/index.php\/wp-json\/wp\/v2\/categories?post=71121"},{"taxonomy":"post_tag","embeddable":true,"href":"https:\/\/www.piuomenopop.it\/index.php\/wp-json\/wp\/v2\/tags?post=71121"}],"curies":[{"name":"wp","href":"https:\/\/api.w.org\/{rel}","templated":true}]}}