{"id":71467,"date":"2022-03-16T14:30:32","date_gmt":"2022-03-16T13:30:32","guid":{"rendered":"https:\/\/www.piuomenopop.it\/?p=71467"},"modified":"2022-03-16T21:10:41","modified_gmt":"2022-03-16T20:10:41","slug":"cor-veleno-e-tre-allegri-ragazzi-morti-in-tour-da-aprile-2022","status":"publish","type":"post","link":"https:\/\/www.piuomenopop.it\/index.php\/2022\/03\/16\/cor-veleno-e-tre-allegri-ragazzi-morti-in-tour-da-aprile-2022\/","title":{"rendered":"COR VELENO e TRE ALLEGRI RAGAZZI MORTI in TOUR da Aprile 2022"},"content":{"rendered":"<p>&nbsp;<\/p>\n<table role=\"presentation\" border=\"0\" width=\"100%\" cellspacing=\"0\" cellpadding=\"10\">\n<tbody>\n<tr>\n<td>\n<div>\n<div data-ogsc=\"rgb(85, 85, 85)\">\n<p style=\"text-align: center;\"><strong>LE DATE<\/strong><\/p>\n<p style=\"text-align: center;\">16\/04 PORDENONE, Capitol<\/p>\n<p style=\"text-align: center;\">19\/04 MILANO, Magazzini Generali<\/p>\n<p style=\"text-align: center;\">22\/04 BOLOGNA, Estragon<\/p>\n<p style=\"text-align: center;\">23\/04 ROMA, Monk<\/p>\n<p style=\"text-align: center;\">25\/04 NAPOLI, Comicon<\/p>\n<\/div>\n<\/div>\n<\/td>\n<\/tr>\n<\/tbody>\n<\/table>\n<table role=\"presentation\" border=\"0\" width=\"100%\" cellspacing=\"0\" cellpadding=\"10\">\n<tbody>\n<tr>\n<td>\n<div data-ogsc=\"rgb(85, 85, 85)\">\n<p>COR VELENO e TRE ALLEGRI RAGAZZI MORTI da aprile in tour. Le due band sono pronte a infiammare i palchi dei club italiani, per presentare l\u2019album \u201cMeme K Ultra\u201d in uscita il prossimo 25 marzo per La Tempesta Dischi \/ distr. Artist First, che li vede insieme in una fusione di stili e sonorit\u00e0 mai vista prima.<\/p>\n<p>Dopo la pubblicazione dei primi due singoli \u201cLa gente libera\u201d e \u201cA me di Roma piace il rap\u201d feat. Metal Carter, preludio al loro imminente album, TARM e Cor Veleno si incontrano per una prima serie di concerti incredibili: il supergruppo, che vedr\u00e0 le due band sullo stesso palco, sar\u00e0 dal vivo a Pordenone in data zero il 16 aprile, per poi toccare Milano (19 aprile), Bologna (22 aprile), Roma (23 aprile) e Napoli (25 aprile) con il concerto di chiusura del Comicon. Cinque concerti di anteprima alla tourn\u00e9e che in estate toccher\u00e0 alcuni dei maggiori festival nazionali e che vedr\u00e0 interagire in combo le due band.<\/p>\n<p>Tre allegri ragazzi morti sono considerati tra i pilastri della scena indipendente italiana, con oltre venticinque anni di musica, indipendenza e avventure, pi\u00f9 di millecinquecento concerti, dischi, fumetti, maschere, disegni, sogni e la fondazione di un\u2019etichetta (La Tempesta) che ha dato voce a tantissimi nuovi artisti.<\/p>\n<p>I Cor Veleno si annoverano tra le formazioni rap italiane pi\u00f9 importanti, ispiratori di gran parte della nuova scena musicale. Con la loro attitudine hardcore, fatta di beat potenti e rime taglienti e profonde, negli anni hanno saputo coniugare perfettamente l\u2019impostazione pi\u00f9 \u2018old school\u2019 e le sonorit\u00e0 del rap pi\u00f9 attuale.<\/p>\n<p>I biglietti per i concerti sono disponibili in prevendita su\u00a0<a href=\"https:\/\/bigtimeedimusicasnc.musvc2.net\/e\/t?q=7%3dEaNbKa%262%3dU%262%3daP%26I%3dEWKVE%26Q%3dx5o7qN8L9_Leyf_Wo_Ngwd_Xv_Leyf_VtHyHyP8.9s_Ngwd_XvxOxcgcxliZkds%26r%3dIAM09H.HsP%26yM%3dMY&amp;mupckp=mupAtu4m8OiX0wt\" target=\"_blank\" rel=\"noopener noreferrer\" data-auth=\"NotApplicable\" data-linkindex=\"7\" data-ogsc=\"rgb(0, 0, 255)\">https:\/\/linktr.ee\/TARMCORVELENO<\/a><\/p>\n<p>&nbsp;<\/p>\n<\/div>\n<\/td>\n<\/tr>\n<\/tbody>\n<\/table>\n","protected":false},"excerpt":{"rendered":"<div class=\"mh-excerpt\"><p>&nbsp; LE DATE 16\/04 PORDENONE, Capitol 19\/04 MILANO, Magazzini Generali 22\/04 BOLOGNA, Estragon 23\/04 ROMA, Monk 25\/04 NAPOLI, Comicon COR VELENO e TRE ALLEGRI RAGAZZI <a class=\"mh-excerpt-more\" href=\"https:\/\/www.piuomenopop.it\/index.php\/2022\/03\/16\/cor-veleno-e-tre-allegri-ragazzi-morti-in-tour-da-aprile-2022\/\" title=\"COR VELENO e TRE ALLEGRI RAGAZZI MORTI in TOUR da Aprile 2022\">[&#8230;]<\/a><\/p>\n<\/div>","protected":false},"author":46,"featured_media":71465,"comment_status":"closed","ping_status":"closed","sticky":false,"template":"","format":"standard","meta":{"sfsi_plus_gutenberg_text_before_share":"","sfsi_plus_gutenberg_show_text_before_share":"","sfsi_plus_gutenberg_icon_type":"","sfsi_plus_gutenberg_icon_alignemt":"","sfsi_plus_gutenburg_max_per_row":"","footnotes":"","_links_to":"","_links_to_target":""},"categories":[5184],"tags":[2216,70,3705],"class_list":["post-71467","post","type-post","status-publish","format-standard","has-post-thumbnail","hentry","category-calendario-concerti","tag-cor-veleno","tag-piu-o-meno-pop","tag-tre-allegri-ragazzi-morti"],"aioseo_notices":[],"aioseo_head":"\n\t\t<!-- All in One SEO 5.0.1.1 - aioseo.com -->\n\t<meta name=\"description\" content=\"LE DATE 16\/04 PORDENONE, Capitol 19\/04 MILANO, Magazzini Generali 22\/04 BOLOGNA, Estragon 23\/04 ROMA, Monk 25\/04 NAPOLI, Comicon COR VELENO e TRE ALLEGRI RAGAZZI MORTI da aprile in tour. Le due band sono pronte a infiammare i palchi dei club italiani, per presentare l\u2019album \u201cMeme K Ultra\u201d in uscita il prossimo 25 marzo per\" \/>\n\t<meta name=\"robots\" content=\"max-image-preview:large\" \/>\n\t<meta name=\"author\" content=\"Lucia Cirillo\"\/>\n\t<link rel=\"canonical\" href=\"https:\/\/www.piuomenopop.it\/index.php\/2022\/03\/16\/cor-veleno-e-tre-allegri-ragazzi-morti-in-tour-da-aprile-2022\/\" \/>\n\t<meta name=\"generator\" content=\"All in One SEO (AIOSEO) 5.0.1.1\" \/>\n\t\t<meta property=\"og:locale\" content=\"it_IT\" \/>\n\t\t<meta property=\"og:site_name\" content=\"Piu o Meno POP - uno spazio di condivisione, che si occupa di passioni\" \/>\n\t\t<meta property=\"og:type\" content=\"article\" \/>\n\t\t<meta property=\"og:title\" content=\"COR VELENO e TRE ALLEGRI RAGAZZI MORTI in TOUR da Aprile 2022 - Piu o Meno POP\" \/>\n\t\t<meta property=\"og:description\" content=\"LE DATE 16\/04 PORDENONE, Capitol 19\/04 MILANO, Magazzini Generali 22\/04 BOLOGNA, Estragon 23\/04 ROMA, Monk 25\/04 NAPOLI, Comicon COR VELENO e TRE ALLEGRI RAGAZZI MORTI da aprile in tour. Le due band sono pronte a infiammare i palchi dei club italiani, per presentare l\u2019album \u201cMeme K Ultra\u201d in uscita il prossimo 25 marzo per\" \/>\n\t\t<meta property=\"og:url\" content=\"https:\/\/www.piuomenopop.it\/index.php\/2022\/03\/16\/cor-veleno-e-tre-allegri-ragazzi-morti-in-tour-da-aprile-2022\/\" \/>\n\t\t<meta property=\"article:published_time\" content=\"2022-03-16T13:30:32+00:00\" \/>\n\t\t<meta property=\"article:modified_time\" content=\"2022-03-16T20:10:41+00:00\" \/>\n\t\t<meta name=\"twitter:card\" content=\"summary\" \/>\n\t\t<meta name=\"twitter:title\" content=\"COR VELENO e TRE ALLEGRI RAGAZZI MORTI in TOUR da Aprile 2022 - Piu o Meno POP\" \/>\n\t\t<meta name=\"twitter:description\" content=\"LE DATE 16\/04 PORDENONE, Capitol 19\/04 MILANO, Magazzini Generali 22\/04 BOLOGNA, Estragon 23\/04 ROMA, Monk 25\/04 NAPOLI, Comicon COR VELENO e TRE ALLEGRI RAGAZZI MORTI da aprile in tour. Le due band sono pronte a infiammare i palchi dei club italiani, per presentare l\u2019album \u201cMeme K Ultra\u201d in uscita il prossimo 25 marzo per\" \/>\n\t\t<script type=\"application\/ld+json\" class=\"aioseo-schema\">\n\t\t\t{\"@context\":\"https:\\\/\\\/schema.org\",\"@graph\":[{\"@type\":\"BlogPosting\",\"@id\":\"https:\\\/\\\/www.piuomenopop.it\\\/index.php\\\/2022\\\/03\\\/16\\\/cor-veleno-e-tre-allegri-ragazzi-morti-in-tour-da-aprile-2022\\\/#blogposting\",\"name\":\"COR VELENO e TRE ALLEGRI RAGAZZI MORTI in TOUR da Aprile 2022 - Piu o Meno POP\",\"headline\":\"COR VELENO e TRE ALLEGRI RAGAZZI MORTI in TOUR da Aprile 2022\",\"author\":{\"@id\":\"https:\\\/\\\/www.piuomenopop.it\\\/index.php\\\/author\\\/lucia-cirillo\\\/#author\"},\"publisher\":{\"@id\":\"https:\\\/\\\/www.piuomenopop.it\\\/#organization\"},\"image\":{\"@type\":\"ImageObject\",\"url\":\"https:\\\/\\\/www.piuomenopop.it\\\/wp-content\\\/uploads\\\/2022\\\/03\\\/TARM_CORVELENO_Ph.-Antonio-Viscido_0520.jpg\",\"width\":1200,\"height\":801,\"caption\":\"\\u00a9 Antonio Viscido\"},\"datePublished\":\"2022-03-16T14:30:32+01:00\",\"dateModified\":\"2022-03-16T21:10:41+01:00\",\"inLanguage\":\"it-IT\",\"mainEntityOfPage\":{\"@id\":\"https:\\\/\\\/www.piuomenopop.it\\\/index.php\\\/2022\\\/03\\\/16\\\/cor-veleno-e-tre-allegri-ragazzi-morti-in-tour-da-aprile-2022\\\/#webpage\"},\"isPartOf\":{\"@id\":\"https:\\\/\\\/www.piuomenopop.it\\\/index.php\\\/2022\\\/03\\\/16\\\/cor-veleno-e-tre-allegri-ragazzi-morti-in-tour-da-aprile-2022\\\/#webpage\"},\"articleSection\":\"calendario concerti, cor veleno, pi\\u00f9 o meno pop, Tre Allegri Ragazzi Morti\"},{\"@type\":\"BreadcrumbList\",\"@id\":\"https:\\\/\\\/www.piuomenopop.it\\\/index.php\\\/2022\\\/03\\\/16\\\/cor-veleno-e-tre-allegri-ragazzi-morti-in-tour-da-aprile-2022\\\/#breadcrumblist\",\"itemListElement\":[{\"@type\":\"ListItem\",\"@id\":\"https:\\\/\\\/www.piuomenopop.it#listItem\",\"position\":1,\"name\":\"Home\",\"item\":\"https:\\\/\\\/www.piuomenopop.it\",\"nextItem\":{\"@type\":\"ListItem\",\"@id\":\"https:\\\/\\\/www.piuomenopop.it\\\/index.php\\\/category\\\/calendario-concerti\\\/#listItem\",\"name\":\"calendario concerti\"}},{\"@type\":\"ListItem\",\"@id\":\"https:\\\/\\\/www.piuomenopop.it\\\/index.php\\\/category\\\/calendario-concerti\\\/#listItem\",\"position\":2,\"name\":\"calendario concerti\",\"item\":\"https:\\\/\\\/www.piuomenopop.it\\\/index.php\\\/category\\\/calendario-concerti\\\/\",\"nextItem\":{\"@type\":\"ListItem\",\"@id\":\"https:\\\/\\\/www.piuomenopop.it\\\/index.php\\\/2022\\\/03\\\/16\\\/cor-veleno-e-tre-allegri-ragazzi-morti-in-tour-da-aprile-2022\\\/#listItem\",\"name\":\"COR VELENO e TRE ALLEGRI RAGAZZI MORTI in TOUR da Aprile 2022\"},\"previousItem\":{\"@type\":\"ListItem\",\"@id\":\"https:\\\/\\\/www.piuomenopop.it#listItem\",\"name\":\"Home\"}},{\"@type\":\"ListItem\",\"@id\":\"https:\\\/\\\/www.piuomenopop.it\\\/index.php\\\/2022\\\/03\\\/16\\\/cor-veleno-e-tre-allegri-ragazzi-morti-in-tour-da-aprile-2022\\\/#listItem\",\"position\":3,\"name\":\"COR VELENO e TRE ALLEGRI RAGAZZI MORTI in TOUR da Aprile 2022\",\"previousItem\":{\"@type\":\"ListItem\",\"@id\":\"https:\\\/\\\/www.piuomenopop.it\\\/index.php\\\/category\\\/calendario-concerti\\\/#listItem\",\"name\":\"calendario concerti\"}}]},{\"@type\":\"Organization\",\"@id\":\"https:\\\/\\\/www.piuomenopop.it\\\/#organization\",\"name\":\"Piu o Meno POP\",\"description\":\"uno spazio di condivisione, che si occupa di passioni\",\"url\":\"https:\\\/\\\/www.piuomenopop.it\\\/\"},{\"@type\":\"Person\",\"@id\":\"https:\\\/\\\/www.piuomenopop.it\\\/index.php\\\/author\\\/lucia-cirillo\\\/#author\",\"url\":\"https:\\\/\\\/www.piuomenopop.it\\\/index.php\\\/author\\\/lucia-cirillo\\\/\",\"name\":\"Lucia Cirillo\",\"image\":{\"@type\":\"ImageObject\",\"@id\":\"https:\\\/\\\/www.piuomenopop.it\\\/index.php\\\/2022\\\/03\\\/16\\\/cor-veleno-e-tre-allegri-ragazzi-morti-in-tour-da-aprile-2022\\\/#authorImage\",\"url\":\"https:\\\/\\\/www.piuomenopop.it\\\/wp-content\\\/uploads\\\/2022\\\/03\\\/lucia-150x150.jpg\",\"width\":96,\"height\":96,\"caption\":\"Lucia Cirillo\"}},{\"@type\":\"WebPage\",\"@id\":\"https:\\\/\\\/www.piuomenopop.it\\\/index.php\\\/2022\\\/03\\\/16\\\/cor-veleno-e-tre-allegri-ragazzi-morti-in-tour-da-aprile-2022\\\/#webpage\",\"url\":\"https:\\\/\\\/www.piuomenopop.it\\\/index.php\\\/2022\\\/03\\\/16\\\/cor-veleno-e-tre-allegri-ragazzi-morti-in-tour-da-aprile-2022\\\/\",\"name\":\"COR VELENO e TRE ALLEGRI RAGAZZI MORTI in TOUR da Aprile 2022 - Piu o Meno POP\",\"description\":\"LE DATE 16\\\/04 PORDENONE, Capitol 19\\\/04 MILANO, Magazzini Generali 22\\\/04 BOLOGNA, Estragon 23\\\/04 ROMA, Monk 25\\\/04 NAPOLI, Comicon COR VELENO e TRE ALLEGRI RAGAZZI MORTI da aprile in tour. Le due band sono pronte a infiammare i palchi dei club italiani, per presentare l\\u2019album \\u201cMeme K Ultra\\u201d in uscita il prossimo 25 marzo per\",\"inLanguage\":\"it-IT\",\"isPartOf\":{\"@id\":\"https:\\\/\\\/www.piuomenopop.it\\\/#website\"},\"breadcrumb\":{\"@id\":\"https:\\\/\\\/www.piuomenopop.it\\\/index.php\\\/2022\\\/03\\\/16\\\/cor-veleno-e-tre-allegri-ragazzi-morti-in-tour-da-aprile-2022\\\/#breadcrumblist\"},\"author\":{\"@id\":\"https:\\\/\\\/www.piuomenopop.it\\\/index.php\\\/author\\\/lucia-cirillo\\\/#author\"},\"creator\":{\"@id\":\"https:\\\/\\\/www.piuomenopop.it\\\/index.php\\\/author\\\/lucia-cirillo\\\/#author\"},\"image\":{\"@type\":\"ImageObject\",\"url\":\"https:\\\/\\\/www.piuomenopop.it\\\/wp-content\\\/uploads\\\/2022\\\/03\\\/TARM_CORVELENO_Ph.-Antonio-Viscido_0520.jpg\",\"@id\":\"https:\\\/\\\/www.piuomenopop.it\\\/index.php\\\/2022\\\/03\\\/16\\\/cor-veleno-e-tre-allegri-ragazzi-morti-in-tour-da-aprile-2022\\\/#mainImage\",\"width\":1200,\"height\":801,\"caption\":\"\\u00a9 Antonio Viscido\"},\"primaryImageOfPage\":{\"@id\":\"https:\\\/\\\/www.piuomenopop.it\\\/index.php\\\/2022\\\/03\\\/16\\\/cor-veleno-e-tre-allegri-ragazzi-morti-in-tour-da-aprile-2022\\\/#mainImage\"},\"datePublished\":\"2022-03-16T14:30:32+01:00\",\"dateModified\":\"2022-03-16T21:10:41+01:00\"},{\"@type\":\"WebSite\",\"@id\":\"https:\\\/\\\/www.piuomenopop.it\\\/#website\",\"url\":\"https:\\\/\\\/www.piuomenopop.it\\\/\",\"name\":\"Piu o Meno POP\",\"description\":\"uno spazio di condivisione, che si occupa di passioni\",\"inLanguage\":\"it-IT\",\"publisher\":{\"@id\":\"https:\\\/\\\/www.piuomenopop.it\\\/#organization\"}}]}\n\t\t<\/script>\n\t\t<!-- All in One SEO -->\n\n","aioseo_head_json":{"title":"COR VELENO e TRE ALLEGRI RAGAZZI MORTI in TOUR da Aprile 2022 - Piu o Meno POP","description":"LE DATE 16\/04 PORDENONE, Capitol 19\/04 MILANO, Magazzini Generali 22\/04 BOLOGNA, Estragon 23\/04 ROMA, Monk 25\/04 NAPOLI, Comicon COR VELENO e TRE ALLEGRI RAGAZZI MORTI da aprile in tour. Le due band sono pronte a infiammare i palchi dei club italiani, per presentare l\u2019album \u201cMeme K Ultra\u201d in uscita il prossimo 25 marzo per","canonical_url":"https:\/\/www.piuomenopop.it\/index.php\/2022\/03\/16\/cor-veleno-e-tre-allegri-ragazzi-morti-in-tour-da-aprile-2022\/","robots":"max-image-preview:large","keywords":"","webmasterTools":{"miscellaneous":""},"schema":{"@context":"https:\/\/schema.org","@graph":[{"@type":"BlogPosting","@id":"https:\/\/www.piuomenopop.it\/index.php\/2022\/03\/16\/cor-veleno-e-tre-allegri-ragazzi-morti-in-tour-da-aprile-2022\/#blogposting","name":"COR VELENO e TRE ALLEGRI RAGAZZI MORTI in TOUR da Aprile 2022 - Piu o Meno POP","headline":"COR VELENO e TRE ALLEGRI RAGAZZI MORTI in TOUR da Aprile 2022","author":{"@id":"https:\/\/www.piuomenopop.it\/index.php\/author\/lucia-cirillo\/#author"},"publisher":{"@id":"https:\/\/www.piuomenopop.it\/#organization"},"image":{"@type":"ImageObject","url":"https:\/\/www.piuomenopop.it\/wp-content\/uploads\/2022\/03\/TARM_CORVELENO_Ph.-Antonio-Viscido_0520.jpg","width":1200,"height":801,"caption":"\u00a9 Antonio Viscido"},"datePublished":"2022-03-16T14:30:32+01:00","dateModified":"2022-03-16T21:10:41+01:00","inLanguage":"it-IT","mainEntityOfPage":{"@id":"https:\/\/www.piuomenopop.it\/index.php\/2022\/03\/16\/cor-veleno-e-tre-allegri-ragazzi-morti-in-tour-da-aprile-2022\/#webpage"},"isPartOf":{"@id":"https:\/\/www.piuomenopop.it\/index.php\/2022\/03\/16\/cor-veleno-e-tre-allegri-ragazzi-morti-in-tour-da-aprile-2022\/#webpage"},"articleSection":"calendario concerti, cor veleno, pi\u00f9 o meno pop, Tre Allegri Ragazzi Morti"},{"@type":"BreadcrumbList","@id":"https:\/\/www.piuomenopop.it\/index.php\/2022\/03\/16\/cor-veleno-e-tre-allegri-ragazzi-morti-in-tour-da-aprile-2022\/#breadcrumblist","itemListElement":[{"@type":"ListItem","@id":"https:\/\/www.piuomenopop.it#listItem","position":1,"name":"Home","item":"https:\/\/www.piuomenopop.it","nextItem":{"@type":"ListItem","@id":"https:\/\/www.piuomenopop.it\/index.php\/category\/calendario-concerti\/#listItem","name":"calendario concerti"}},{"@type":"ListItem","@id":"https:\/\/www.piuomenopop.it\/index.php\/category\/calendario-concerti\/#listItem","position":2,"name":"calendario concerti","item":"https:\/\/www.piuomenopop.it\/index.php\/category\/calendario-concerti\/","nextItem":{"@type":"ListItem","@id":"https:\/\/www.piuomenopop.it\/index.php\/2022\/03\/16\/cor-veleno-e-tre-allegri-ragazzi-morti-in-tour-da-aprile-2022\/#listItem","name":"COR VELENO e TRE ALLEGRI RAGAZZI MORTI in TOUR da Aprile 2022"},"previousItem":{"@type":"ListItem","@id":"https:\/\/www.piuomenopop.it#listItem","name":"Home"}},{"@type":"ListItem","@id":"https:\/\/www.piuomenopop.it\/index.php\/2022\/03\/16\/cor-veleno-e-tre-allegri-ragazzi-morti-in-tour-da-aprile-2022\/#listItem","position":3,"name":"COR VELENO e TRE ALLEGRI RAGAZZI MORTI in TOUR da Aprile 2022","previousItem":{"@type":"ListItem","@id":"https:\/\/www.piuomenopop.it\/index.php\/category\/calendario-concerti\/#listItem","name":"calendario concerti"}}]},{"@type":"Organization","@id":"https:\/\/www.piuomenopop.it\/#organization","name":"Piu o Meno POP","description":"uno spazio di condivisione, che si occupa di passioni","url":"https:\/\/www.piuomenopop.it\/"},{"@type":"Person","@id":"https:\/\/www.piuomenopop.it\/index.php\/author\/lucia-cirillo\/#author","url":"https:\/\/www.piuomenopop.it\/index.php\/author\/lucia-cirillo\/","name":"Lucia Cirillo","image":{"@type":"ImageObject","@id":"https:\/\/www.piuomenopop.it\/index.php\/2022\/03\/16\/cor-veleno-e-tre-allegri-ragazzi-morti-in-tour-da-aprile-2022\/#authorImage","url":"https:\/\/www.piuomenopop.it\/wp-content\/uploads\/2022\/03\/lucia-150x150.jpg","width":96,"height":96,"caption":"Lucia Cirillo"}},{"@type":"WebPage","@id":"https:\/\/www.piuomenopop.it\/index.php\/2022\/03\/16\/cor-veleno-e-tre-allegri-ragazzi-morti-in-tour-da-aprile-2022\/#webpage","url":"https:\/\/www.piuomenopop.it\/index.php\/2022\/03\/16\/cor-veleno-e-tre-allegri-ragazzi-morti-in-tour-da-aprile-2022\/","name":"COR VELENO e TRE ALLEGRI RAGAZZI MORTI in TOUR da Aprile 2022 - Piu o Meno POP","description":"LE DATE 16\/04 PORDENONE, Capitol 19\/04 MILANO, Magazzini Generali 22\/04 BOLOGNA, Estragon 23\/04 ROMA, Monk 25\/04 NAPOLI, Comicon COR VELENO e TRE ALLEGRI RAGAZZI MORTI da aprile in tour. Le due band sono pronte a infiammare i palchi dei club italiani, per presentare l\u2019album \u201cMeme K Ultra\u201d in uscita il prossimo 25 marzo per","inLanguage":"it-IT","isPartOf":{"@id":"https:\/\/www.piuomenopop.it\/#website"},"breadcrumb":{"@id":"https:\/\/www.piuomenopop.it\/index.php\/2022\/03\/16\/cor-veleno-e-tre-allegri-ragazzi-morti-in-tour-da-aprile-2022\/#breadcrumblist"},"author":{"@id":"https:\/\/www.piuomenopop.it\/index.php\/author\/lucia-cirillo\/#author"},"creator":{"@id":"https:\/\/www.piuomenopop.it\/index.php\/author\/lucia-cirillo\/#author"},"image":{"@type":"ImageObject","url":"https:\/\/www.piuomenopop.it\/wp-content\/uploads\/2022\/03\/TARM_CORVELENO_Ph.-Antonio-Viscido_0520.jpg","@id":"https:\/\/www.piuomenopop.it\/index.php\/2022\/03\/16\/cor-veleno-e-tre-allegri-ragazzi-morti-in-tour-da-aprile-2022\/#mainImage","width":1200,"height":801,"caption":"\u00a9 Antonio Viscido"},"primaryImageOfPage":{"@id":"https:\/\/www.piuomenopop.it\/index.php\/2022\/03\/16\/cor-veleno-e-tre-allegri-ragazzi-morti-in-tour-da-aprile-2022\/#mainImage"},"datePublished":"2022-03-16T14:30:32+01:00","dateModified":"2022-03-16T21:10:41+01:00"},{"@type":"WebSite","@id":"https:\/\/www.piuomenopop.it\/#website","url":"https:\/\/www.piuomenopop.it\/","name":"Piu o Meno POP","description":"uno spazio di condivisione, che si occupa di passioni","inLanguage":"it-IT","publisher":{"@id":"https:\/\/www.piuomenopop.it\/#organization"}}]},"og:locale":"it_IT","og:site_name":"Piu o Meno POP - uno spazio di condivisione, che si occupa di passioni","og:type":"article","og:title":"COR VELENO e TRE ALLEGRI RAGAZZI MORTI in TOUR da Aprile 2022 - Piu o Meno POP","og:description":"LE DATE 16\/04 PORDENONE, Capitol 19\/04 MILANO, Magazzini Generali 22\/04 BOLOGNA, Estragon 23\/04 ROMA, Monk 25\/04 NAPOLI, Comicon COR VELENO e TRE ALLEGRI RAGAZZI MORTI da aprile in tour. Le due band sono pronte a infiammare i palchi dei club italiani, per presentare l\u2019album \u201cMeme K Ultra\u201d in uscita il prossimo 25 marzo per","og:url":"https:\/\/www.piuomenopop.it\/index.php\/2022\/03\/16\/cor-veleno-e-tre-allegri-ragazzi-morti-in-tour-da-aprile-2022\/","article:published_time":"2022-03-16T13:30:32+00:00","article:modified_time":"2022-03-16T20:10:41+00:00","twitter:card":"summary","twitter:title":"COR VELENO e TRE ALLEGRI RAGAZZI MORTI in TOUR da Aprile 2022 - Piu o Meno POP","twitter:description":"LE DATE 16\/04 PORDENONE, Capitol 19\/04 MILANO, Magazzini Generali 22\/04 BOLOGNA, Estragon 23\/04 ROMA, Monk 25\/04 NAPOLI, Comicon COR VELENO e TRE ALLEGRI RAGAZZI MORTI da aprile in tour. Le due band sono pronte a infiammare i palchi dei club italiani, per presentare l\u2019album \u201cMeme K Ultra\u201d in uscita il prossimo 25 marzo per"},"aioseo_meta_data":{"post_id":"71467","title":null,"description":null,"keywords":null,"keyphrases":null,"primary_term":null,"canonical_url":null,"og_title":null,"og_description":null,"og_object_type":"default","og_image_type":"default","og_image_url":null,"og_image_width":null,"og_image_height":null,"og_image_custom_url":null,"og_image_custom_fields":null,"og_video":null,"og_custom_url":null,"og_article_section":null,"og_article_tags":null,"twitter_use_og":false,"twitter_card":"default","twitter_image_type":"default","twitter_image_url":null,"twitter_image_custom_url":null,"twitter_image_custom_fields":null,"twitter_title":null,"twitter_description":null,"schema":{"blockGraphs":[],"customGraphs":[],"default":{"data":{"Article":[],"Course":[],"Dataset":[],"FAQPage":[],"Movie":[],"Person":[],"Product":[],"ProductReview":[],"Car":[],"Recipe":[],"Service":[],"SoftwareApplication":[],"WebPage":[]},"graphName":"BlogPosting","isEnabled":true},"graphs":[]},"schema_type":"default","schema_type_options":null,"pillar_content":false,"robots_default":true,"robots_noindex":false,"robots_noarchive":false,"robots_nosnippet":false,"robots_nofollow":false,"robots_noimageindex":false,"robots_noodp":false,"robots_notranslate":false,"robots_max_snippet":null,"robots_max_videopreview":null,"robots_max_imagepreview":"large","priority":null,"frequency":null,"local_seo":null,"limit_modified_date":false,"created":"2022-06-22 12:09:38","updated":"2026-06-22 18:54:46","ai":null,"breadcrumb_settings":null,"seo_analyzer_scan_date":null,"focus_keyword":null,"additional_keywords":null,"truseo_locale":null},"aioseo_breadcrumb":"<div class=\"aioseo-breadcrumbs\"><span class=\"aioseo-breadcrumb\">\n\t\t\t<a href=\"https:\/\/www.piuomenopop.it\" title=\"Home\">Home<\/a>\n\t\t<\/span><span class=\"aioseo-breadcrumb-separator\">&raquo;<\/span><span class=\"aioseo-breadcrumb\">\n\t\t\t<a href=\"https:\/\/www.piuomenopop.it\/index.php\/category\/calendario-concerti\/\" title=\"calendario concerti\">calendario concerti<\/a>\n\t\t<\/span><span class=\"aioseo-breadcrumb-separator\">&raquo;<\/span><span class=\"aioseo-breadcrumb\">\n\t\t\tCOR VELENO e TRE ALLEGRI RAGAZZI MORTI in TOUR da Aprile 2022\n\t\t<\/span><\/div>","aioseo_breadcrumb_json":[{"label":"Home","link":"https:\/\/www.piuomenopop.it"},{"label":"calendario concerti","link":"https:\/\/www.piuomenopop.it\/index.php\/category\/calendario-concerti\/"},{"label":"COR VELENO e TRE ALLEGRI RAGAZZI MORTI in TOUR da Aprile 2022","link":"https:\/\/www.piuomenopop.it\/index.php\/2022\/03\/16\/cor-veleno-e-tre-allegri-ragazzi-morti-in-tour-da-aprile-2022\/"}],"_links":{"self":[{"href":"https:\/\/www.piuomenopop.it\/index.php\/wp-json\/wp\/v2\/posts\/71467","targetHints":{"allow":["GET"]}}],"collection":[{"href":"https:\/\/www.piuomenopop.it\/index.php\/wp-json\/wp\/v2\/posts"}],"about":[{"href":"https:\/\/www.piuomenopop.it\/index.php\/wp-json\/wp\/v2\/types\/post"}],"author":[{"embeddable":true,"href":"https:\/\/www.piuomenopop.it\/index.php\/wp-json\/wp\/v2\/users\/46"}],"replies":[{"embeddable":true,"href":"https:\/\/www.piuomenopop.it\/index.php\/wp-json\/wp\/v2\/comments?post=71467"}],"version-history":[{"count":8,"href":"https:\/\/www.piuomenopop.it\/index.php\/wp-json\/wp\/v2\/posts\/71467\/revisions"}],"predecessor-version":[{"id":71478,"href":"https:\/\/www.piuomenopop.it\/index.php\/wp-json\/wp\/v2\/posts\/71467\/revisions\/71478"}],"wp:featuredmedia":[{"embeddable":true,"href":"https:\/\/www.piuomenopop.it\/index.php\/wp-json\/wp\/v2\/media\/71465"}],"wp:attachment":[{"href":"https:\/\/www.piuomenopop.it\/index.php\/wp-json\/wp\/v2\/media?parent=71467"}],"wp:term":[{"taxonomy":"category","embeddable":true,"href":"https:\/\/www.piuomenopop.it\/index.php\/wp-json\/wp\/v2\/categories?post=71467"},{"taxonomy":"post_tag","embeddable":true,"href":"https:\/\/www.piuomenopop.it\/index.php\/wp-json\/wp\/v2\/tags?post=71467"}],"curies":[{"name":"wp","href":"https:\/\/api.w.org\/{rel}","templated":true}]}}