{"id":71524,"date":"2022-03-23T11:53:51","date_gmt":"2022-03-23T10:53:51","guid":{"rendered":"https:\/\/www.piuomenopop.it\/?p=71524"},"modified":"2022-03-23T15:13:35","modified_gmt":"2022-03-23T14:13:35","slug":"musart-festival-2022-con-bolle-lp-bregovic-capossela-hackett-achille-lauro-e-altri-ospiti-nel-cuore-di-firenze","status":"publish","type":"post","link":"https:\/\/www.piuomenopop.it\/index.php\/2022\/03\/23\/musart-festival-2022-con-bolle-lp-bregovic-capossela-hackett-achille-lauro-e-altri-ospiti-nel-cuore-di-firenze\/","title":{"rendered":"MUSART FESTIVAL 2022 con BOLLE, LP, BREGOVIC, CAPOSSELA, HACKETT, ACHILLE LAURO e altri ospiti nel cuore di Firenze"},"content":{"rendered":"<h4 style=\"text-align: center;\"><span style=\"color: #3366ff;\"><strong><i>Nel cuore di Firenze, torna <\/i><\/strong><\/span><\/h4>\n<h4 style=\"text-align: center;\"><span style=\"color: #3366ff; font-size: 18pt;\"><strong>Musart Festival<\/strong><\/span><br \/>\n<span style=\"color: #3366ff;\"><strong><i>Musica, danza, mostre, visite a luoghi d\u2019arte e tanti altri appuntamenti<\/i>\u00a0<\/strong><\/span><br \/>\n<span style=\"color: #3366ff;\"><strong>\u00a0<\/strong><\/span><br \/>\n<span style=\"color: #3366ff; font-size: 18pt;\"><i>Dal 16 al 26 luglio 2022 in piazza della Santissima Annunziata<\/i> <\/span><br \/>\n<span style=\"color: #3366ff;\"><strong>\u00a0<\/strong><\/span><br \/>\n<span style=\"color: #3366ff; font-size: 14pt;\"><strong><i>Roberto Bolle and Friends<\/i>\u00a0<\/strong><\/span><br \/>\n<span style=\"color: #3366ff; font-size: 14pt;\"><strong><i>LP<\/i>\u00a0<\/strong><\/span><br \/>\n<span style=\"color: #3366ff; font-size: 14pt;\"><strong><i>Achille Lauro &amp; Electric Orchestra<\/i>\u00a0<\/strong><\/span><br \/>\n<span style=\"color: #3366ff; font-size: 14pt;\"><strong><i>Vinicio Capossela<\/i>\u00a0<\/strong><\/span><br \/>\n<span style=\"color: #3366ff; font-size: 14pt;\"><strong><i>Goran Bregovic<\/i>\u00a0<\/strong><\/span><br \/>\n<span style=\"color: #3366ff; font-size: 14pt;\"><strong><i>Rock The Opera Vol. 2<\/i>\u00a0<\/strong><\/span><br \/>\n<span style=\"color: #3366ff; font-size: 14pt;\"><strong><i>Steve Hackett<\/i>\u00a0<\/strong><\/span><br \/>\n<span style=\"color: #3366ff; font-size: 14pt;\"><strong><i>Concerto all\u2019alba con Dado Moroni<\/i>\u00a0<\/strong><\/span><br \/>\n<span style=\"color: #ff0000;\"><strong>\u00a0<\/strong><\/span><\/h4>\n\t\t\t<style>\r\n                #foogallery-gallery-71530.fg-masonry .fg-item {\r\n                    width: 150px;\r\n                    margin-right: 10px;\r\n                    margin-bottom: 10px;\r\n                }\r\n\t\t\t<\/style>\r\n\t\t\t\t\t\t<style>\r\n                #foogallery-gallery-71530_1.fg-masonry .fg-item {\r\n                    width: 150px;\r\n                    margin-right: 10px;\r\n                    margin-bottom: 10px;\r\n                }\r\n\t\t\t<\/style>\r\n\t\t\t<div class=\"foogallery foogallery-container foogallery-masonry foogallery-lightbox-foobox fg-center fg-masonry fg-light fg-border-thin fg-shadow-outline fg-loading-default fg-loaded-fade-in fg-caption-hover fg-hover-fade fg-hover-zoom fg-ready fg-fixed\" id=\"foogallery-gallery-71530_1\" data-foogallery=\"{&quot;item&quot;:{&quot;showCaptionTitle&quot;:true,&quot;showCaptionDescription&quot;:true},&quot;lazy&quot;:true,&quot;template&quot;:{&quot;columnWidth&quot;:150,&quot;gutter&quot;:10}}\" >\r\n\t\t<div class=\"fg-item fg-type-image fg-idle\"><figure class=\"fg-item-inner\"><a href=\"https:\/\/www.piuomenopop.it\/wp-content\/uploads\/2022\/03\/Roberto-Bolle-Foto-Ufficiale-Firenza_ph.-Andrej-Uspenski_-bassa.jpg\" data-attachment-id=\"71536\" data-type=\"image\" class=\"fg-thumb\"><span class=\"fg-image-wrap\"><img decoding=\"async\" src=\"https:\/\/www.piuomenopop.it\/wp-content\/uploads\/cache\/2022\/03\/Roberto-Bolle-Foto-Ufficiale-Firenza_ph_-Andrej-Uspenski_-bassa\/1597202397.jpg\" width=\"150\" height=\"100\" class=\"skip-lazy fg-image\" loading=\"eager\"><\/span><span class=\"fg-image-overlay\"><\/span><\/a><figcaption class=\"fg-caption\"><div class=\"fg-caption-inner\"><\/div><\/figcaption><\/figure><div class=\"fg-loader\"><\/div><\/div><div class=\"fg-item fg-type-image fg-idle\"><figure class=\"fg-item-inner\"><a href=\"https:\/\/www.piuomenopop.it\/wp-content\/uploads\/2022\/03\/Musart-foto-23-pic.jpg\" data-attachment-id=\"71533\" data-type=\"image\" class=\"fg-thumb\"><span class=\"fg-image-wrap\"><img decoding=\"async\" src=\"https:\/\/www.piuomenopop.it\/wp-content\/uploads\/cache\/2022\/03\/Musart-foto-23-pic\/4258072434.jpg\" width=\"150\" height=\"85\" class=\"skip-lazy fg-image\" loading=\"eager\"><\/span><span class=\"fg-image-overlay\"><\/span><\/a><figcaption class=\"fg-caption\"><div class=\"fg-caption-inner\"><\/div><\/figcaption><\/figure><div class=\"fg-loader\"><\/div><\/div><div class=\"fg-item fg-type-image fg-idle\"><figure class=\"fg-item-inner\"><a href=\"https:\/\/www.piuomenopop.it\/wp-content\/uploads\/2022\/03\/Musart-foto-ok-6724-pic.jpg\" data-attachment-id=\"71535\" data-type=\"image\" class=\"fg-thumb\"><span class=\"fg-image-wrap\"><img decoding=\"async\" src=\"https:\/\/www.piuomenopop.it\/wp-content\/uploads\/cache\/2022\/03\/Musart-foto-ok-6724-pic\/3383413085.jpg\" width=\"150\" height=\"100\" class=\"skip-lazy fg-image\" loading=\"eager\"><\/span><span class=\"fg-image-overlay\"><\/span><\/a><figcaption class=\"fg-caption\"><div class=\"fg-caption-inner\"><\/div><\/figcaption><\/figure><div class=\"fg-loader\"><\/div><\/div><div class=\"fg-item fg-type-image fg-idle\"><figure class=\"fg-item-inner\"><a href=\"https:\/\/www.piuomenopop.it\/wp-content\/uploads\/2022\/03\/Musart-foto-ok-riv-pic.jpg\" data-attachment-id=\"71534\" data-type=\"image\" class=\"fg-thumb\"><span class=\"fg-image-wrap\"><img decoding=\"async\" src=\"https:\/\/www.piuomenopop.it\/wp-content\/uploads\/cache\/2022\/03\/Musart-foto-ok-riv-pic\/3315207120.jpg\" width=\"150\" height=\"100\" class=\"skip-lazy fg-image\" loading=\"eager\"><\/span><span class=\"fg-image-overlay\"><\/span><\/a><figcaption class=\"fg-caption\"><div class=\"fg-caption-inner\"><\/div><\/figcaption><\/figure><div class=\"fg-loader\"><\/div><\/div><\/div>\n<p><span data-ccp-props=\"{&quot;201341983&quot;:0,&quot;335559739&quot;:160,&quot;335559740&quot;:259}\">\u00a0<\/span><\/p>\n<p><span data-contrast=\"none\">Musica, danza, esposizioni e visite a luoghi d\u2019arte nel cuore del centro di Firenze, a pochi passi dal Duomo. <span style=\"font-size: 14pt;\"><strong>Roberto Bolle, LP, Achille Lauro, Vinicio Capossela, Goran Bregovic, Rock The Opera, Steve Hackett e Dado Moroni<\/strong><\/span> sono gli ospiti principali di <span style=\"font-size: 14pt;\"><strong>Musart Festival<\/strong><\/span>, rassegna che abbina grandi nomi dello spettacolo al fascino secolare di Firenze, dal 16 al 26 luglio 2022 in piazza della Santissima Annunziata, uno dei luoghi pi\u00f9 iconici della citt\u00e0.<\/span><\/p>\n<p><span data-contrast=\"none\">I biglietti sono disponibili online sul sito ufficiale\u00a0<\/span><a href=\"http:\/\/www.musartfestival.it\/\"><span data-contrast=\"none\">www.musartfestival.it<\/span><\/a><span data-contrast=\"none\">\u00a0(info tel. 055.667566) e nei punti Boxoffice Toscana\u00a0<\/span><a href=\"http:\/\/www.boxofficetoscana.it\/punti-vendita\"><span data-contrast=\"none\">www.boxofficetoscana.it\/punti-vendita<\/span><\/a><span data-contrast=\"none\">. La direzione artistica \u00e8 affidata a Stefano Senardi.<\/span><\/p>\n<p><span data-contrast=\"none\">Saranno <strong>Roberto Bolle<\/strong> e il suo straordinario Gala di danza a inaugurare sabato 16 luglio il <strong>Musart Festival<\/strong>. Una presenza consolidata quella dell\u2019\u00e9toile dei due mondi, che da anni ha inserito <strong>piazza Santissima Annunziata<\/strong> tra le mete privilegiate dei suoi tour estivi, insieme alle Terme di Caracalla e all\u2019Arena di Verona.<\/span><br \/>\n<span data-contrast=\"none\">Luned\u00ec 18 luglio spazio alla <strong>cantautrice americana LP<\/strong> e al suo nuovo album <strong>\u201cChurches\u201d<\/strong>, un caleidoscopio in cui pop, rock, soul e un pizzico di folk si intersecano a testi poetici e particolari.<\/span><br \/>\n<span data-contrast=\"none\">Mercoled\u00ec 20 luglio <strong>Achille Lauro<\/strong> come non l\u2019avete mai visto, accompagnato dalla sua band e da un ensemble di 52 elementi, l\u2019<strong>Electric Orchestra<\/strong>: uno show tutto nuovo, dagli arrangiamenti ai costumi, evoluzione di tutto ci\u00f2 che abbiamo visto finora.<\/span><\/p>\n<p><span data-contrast=\"none\">Gioved\u00ec 21 luglio segna il ritorno di <strong>Vinicio Capossela<\/strong>: a un anno esatto dal concerto fiorentino ispirato a Dante, il genio e la teatralit\u00e0 di uno dei cantautori pi\u00f9 ispirati dell\u2019italica canzone.<\/span><br \/>\n<span data-contrast=\"none\">Con <strong>\u201cForm Sarajevo\u201d,<\/strong> venerd\u00ec 22 luglio <strong>Goran Bregovic<\/strong> trasformer\u00e0 in musica le molteplici anime della capitale della Bosnia-Erzegovina: ci saranno tre violini solisti, suonati secondo la tradizione classica occidentale, quella klezmer e quella orientale. Non mancheranno la <strong>Wedding and Funeral Band,<\/strong> orchestra, ensemble di fiati gitani e coro di voci bulgare.<\/span><br \/>\n<span data-contrast=\"none\">Dai <strong><em>Pink Floyd<\/em><\/strong> agli <strong><em>Zeppelin<\/em><\/strong>, grandi successi del rock eseguiti in chiave sinfonica per <strong>\u201cRock The Opera vol. 2\u201d<\/strong>, il concerto che sabato 23 luglio vedr\u00e0 sullo stesso palco l\u2019<strong>Orchestra della Toscana<\/strong> e la <strong>Prague Philharmonic Orchestra<\/strong> dirette da <strong>Friedemann Riehle<\/strong>.<\/span><\/p>\n<p><span data-contrast=\"none\">A tutti i fan dei <strong><em>Genesis<\/em><\/strong>: imperdibile l\u2019appuntamento con<strong> Steve Hackett,<\/strong> luned\u00ec 25 luglio sempre sul palco di piazza Santissima Annunziata. Il leggendario chitarrista approder\u00e0 nell\u2019ambito di <strong>\u201cSeconds out + more\u201d<\/strong>, tour che vede in primo piano \u201cSeconds Out\u201d, tra i maggiori successi discografici dei Genesis. Poche ore pi\u00f9 tardi, marted\u00ec 26 luglio alle 4,45 nel Cortile degli Uomini degli Istituto Degli Innocenti, sar\u00e0 il concerto all\u2019alba del pianista <strong>Dado Moroni<\/strong> a far calare il sipario di Musart Festival.<\/span><\/p>\n<p><span data-contrast=\"none\"><span style=\"font-size: 14pt;\"><em>Prima degli spettacoli si potranno visitare gratuitamente giardini, luoghi di culto e palazzi monumentali adiacenti a piazza della Santissima Annunziata. E ancora, nell\u2019ambito di Musart concerti pomeridiani, mostre fotografiche, docu-film musicali, un itinerario attraverso luoghi e spazi che hanno fatto la storia della musica dal vivo a Firenze e altre iniziative, in gran parte a ingresso libero.<\/em><\/span><\/span><\/p>\n<p style=\"text-align: center;\"><span data-contrast=\"none\">Musart Festival \u00e8 prodotto da associazione culturale Musart in collaborazione con Istituto degli Innocenti e Universit\u00e0 degli Studi di Firenze. Con il contributo di Regione Toscana, Citt\u00e0 Metropolitana di Firenze, Comune di Firenze, Fondazione CR Firenze, Toscana Promozione Turistica e con il sostegno di Publiacqua, ChiantiBanca, Sammontana, Findomestic, Unicoop Firenze, Ruffino, Prinz.<\/span><br \/>\n<span data-contrast=\"none\">Programma, informazioni e aggiornamenti sul sito ufficiale\u00a0<\/span><a href=\"http:\/\/www.musartfestival.it\/\"><span data-contrast=\"none\">www.musartfestival.it<\/span><\/a><span data-contrast=\"none\">\u00a0e sulla pagina Facebook del festival @MusArtFestival.<\/span><br \/>\n<span data-ccp-props=\"{&quot;201341983&quot;:0,&quot;335551550&quot;:6,&quot;335551620&quot;:6,&quot;335559739&quot;:160,&quot;335559740&quot;:259}\">\u00a0<img loading=\"lazy\" decoding=\"async\" class=\"size-medium wp-image-71539 aligncenter\" src=\"https:\/\/www.piuomenopop.it\/wp-content\/uploads\/2022\/03\/Musart-Festival-foto-2-pic-1-200x300.jpg\" alt=\"\" width=\"200\" height=\"300\" srcset=\"https:\/\/www.piuomenopop.it\/wp-content\/uploads\/2022\/03\/Musart-Festival-foto-2-pic-1-200x300.jpg 200w, https:\/\/www.piuomenopop.it\/wp-content\/uploads\/2022\/03\/Musart-Festival-foto-2-pic-1-768x1152.jpg 768w, https:\/\/www.piuomenopop.it\/wp-content\/uploads\/2022\/03\/Musart-Festival-foto-2-pic-1-683x1024.jpg 683w, https:\/\/www.piuomenopop.it\/wp-content\/uploads\/2022\/03\/Musart-Festival-foto-2-pic-1.jpg 800w\" sizes=\"auto, (max-width: 200px) 100vw, 200px\" \/><\/span><\/p>\n<h2 style=\"text-align: center;\"><em><span style=\"color: #3366ff;\"><b>Programma Musart Festival 2022<\/b><\/span><\/em><\/h2>\n<h3 style=\"text-align: center;\"><span style=\"color: #3366ff;\"><b>Firenze &#8211; Piazza SS. Annunziata h 21.15<\/b><\/span><\/h3>\n<h3 style=\"text-align: left;\"><span style=\"color: #000080;\"><b>Sabato 16 luglio \u2013 ROBERTO BOLLE AND FRIENDS<\/b><\/span><br \/>\n<span style=\"color: #000080;\"><b>Luned\u00ec 18 luglio \u2013 LP<\/b><\/span><br \/>\n<span style=\"color: #000080;\"><b>Mercoled\u00ec 20 luglio \u2013 ACHILLE LAURO SUPERSTAR &#8211; ELECTRIC ORCHESTRA<\/b><\/span><br \/>\n<span style=\"color: #000080;\"><b>Gioved\u00ec 21 luglio \u2013 VINICIO CAPOSSELA<\/b><\/span><br \/>\n<span style=\"color: #000080;\"><b>Venerd\u00ec 22 luglio \u2013 GORAN BREGOVIC &#8211; FROM SARAJEVO<\/b><\/span><br \/>\n<span style=\"color: #000080;\"><b>Sabato 23 luglio \u2013 ROCK THE OPERA &amp; ORCHESTRA DELLA TOSCANA<\/b><\/span><br \/>\n<span style=\"color: #000080;\"><b>Luned\u00ec 25 luglio \u2013 STEVE HACKETT<\/b><\/span><br \/>\n<span style=\"color: #000080;\"><b>Marted\u00ec 26 luglio \u2013 DADO MORONI (concerto all\u2019alba)<\/b><\/span><\/h3>\n<p><span style=\"font-size: 14pt;\"><a href=\"http:\/\/www.musartfestival.it\/\"><b>www.musartfestival.it<\/b><\/a><\/span><\/p>\n<p><b><span data-contrast=\"none\">Prevendite<\/span><\/b><br \/>\n<b><span data-contrast=\"none\">Sul sito ufficiale\u00a0<\/span><\/b><a href=\"http:\/\/www.musartfestival.it\/\"><span data-contrast=\"none\">www.musartfestival.it<\/span><\/a><span data-contrast=\"none\">\u00a0(info tel. 055\/667566) e nei punti Boxoffice Toscana\u00a0<\/span><a href=\"http:\/\/www.boxofficetoscana.it\/punti-vendita\"><span data-contrast=\"none\">www.boxofficetoscana.it\/punti-vendita<\/span><\/a><\/p>\n<p><b><span data-contrast=\"none\">Info Musart Festival Firenze<\/span><\/b><br \/>\n<b><span data-contrast=\"none\">Piazza della Santissima Annunziata \u2013 Firenze<\/span><\/b><br \/>\n<b><span data-contrast=\"none\">Ingresso da via de\u2019 Servi \u2013 Biglietteria piazza Brunelleschi<\/span><\/b><br \/>\n<b><span data-contrast=\"none\">Info tel. 055.667566 \u2013\u00a0<\/span><\/b><a href=\"http:\/\/www.musartfestival.it\/\"><span data-contrast=\"none\">www.musartfestival.it<\/span><\/a><br \/>\n<b><span data-contrast=\"none\">Facebook: @MusArtFestival<\/span><\/b><br \/>\n<span data-ccp-props=\"{&quot;201341983&quot;:0,&quot;335559739&quot;:160,&quot;335559740&quot;:259}\">\u00a0<\/span><\/p>\n","protected":false},"excerpt":{"rendered":"<div class=\"mh-excerpt\"><p>Nel cuore di Firenze, torna Musart Festival Musica, danza, mostre, visite a luoghi d\u2019arte e tanti altri appuntamenti\u00a0 \u00a0 Dal 16 al 26 luglio 2022 <a class=\"mh-excerpt-more\" href=\"https:\/\/www.piuomenopop.it\/index.php\/2022\/03\/23\/musart-festival-2022-con-bolle-lp-bregovic-capossela-hackett-achille-lauro-e-altri-ospiti-nel-cuore-di-firenze\/\" title=\"MUSART FESTIVAL 2022 con BOLLE, LP, BREGOVIC, CAPOSSELA, HACKETT, ACHILLE LAURO e altri ospiti nel cuore di Firenze\">[&#8230;]<\/a><\/p>\n<\/div>","protected":false},"author":46,"featured_media":71528,"comment_status":"closed","ping_status":"closed","sticky":false,"template":"","format":"standard","meta":{"sfsi_plus_gutenberg_text_before_share":"","sfsi_plus_gutenberg_show_text_before_share":"","sfsi_plus_gutenberg_icon_type":"","sfsi_plus_gutenberg_icon_alignemt":"","sfsi_plus_gutenburg_max_per_row":"","footnotes":"","_links_to":"","_links_to_target":""},"categories":[5184],"tags":[12756,12758,4517,5720,70,9392,12757,6399,3922],"class_list":["post-71524","post","type-post","status-publish","format-standard","has-post-thumbnail","hentry","category-calendario-concerti","tag-achille-lauro-electric-orchestra","tag-dado-moroni","tag-goran-bregovic","tag-lp","tag-piu-o-meno-pop","tag-roberto-bolle","tag-rock-the-opera-vol-2","tag-steve-hackett","tag-vinicio-capossela"],"aioseo_notices":[],"_links":{"self":[{"href":"https:\/\/www.piuomenopop.it\/index.php\/wp-json\/wp\/v2\/posts\/71524","targetHints":{"allow":["GET"]}}],"collection":[{"href":"https:\/\/www.piuomenopop.it\/index.php\/wp-json\/wp\/v2\/posts"}],"about":[{"href":"https:\/\/www.piuomenopop.it\/index.php\/wp-json\/wp\/v2\/types\/post"}],"author":[{"embeddable":true,"href":"https:\/\/www.piuomenopop.it\/index.php\/wp-json\/wp\/v2\/users\/46"}],"replies":[{"embeddable":true,"href":"https:\/\/www.piuomenopop.it\/index.php\/wp-json\/wp\/v2\/comments?post=71524"}],"version-history":[{"count":11,"href":"https:\/\/www.piuomenopop.it\/index.php\/wp-json\/wp\/v2\/posts\/71524\/revisions"}],"predecessor-version":[{"id":71544,"href":"https:\/\/www.piuomenopop.it\/index.php\/wp-json\/wp\/v2\/posts\/71524\/revisions\/71544"}],"wp:featuredmedia":[{"embeddable":true,"href":"https:\/\/www.piuomenopop.it\/index.php\/wp-json\/wp\/v2\/media\/71528"}],"wp:attachment":[{"href":"https:\/\/www.piuomenopop.it\/index.php\/wp-json\/wp\/v2\/media?parent=71524"}],"wp:term":[{"taxonomy":"category","embeddable":true,"href":"https:\/\/www.piuomenopop.it\/index.php\/wp-json\/wp\/v2\/categories?post=71524"},{"taxonomy":"post_tag","embeddable":true,"href":"https:\/\/www.piuomenopop.it\/index.php\/wp-json\/wp\/v2\/tags?post=71524"}],"curies":[{"name":"wp","href":"https:\/\/api.w.org\/{rel}","templated":true}]}}