{"id":71666,"date":"2022-03-31T09:42:00","date_gmt":"2022-03-31T07:42:00","guid":{"rendered":"https:\/\/www.piuomenopop.it\/?p=71666"},"modified":"2022-03-31T09:42:00","modified_gmt":"2022-03-31T07:42:00","slug":"mannarino-annunciata-la-data-zero-24-aprile-2022-bliss-laquila-sold-out-le-prime-date-di-milano-e-torino","status":"publish","type":"post","link":"https:\/\/www.piuomenopop.it\/index.php\/2022\/03\/31\/mannarino-annunciata-la-data-zero-24-aprile-2022-bliss-laquila-sold-out-le-prime-date-di-milano-e-torino\/","title":{"rendered":"MANNARINO\u00a0\u00a0ANNUNCIATA LA DATA ZERO\u00a024 APRILE 2022 @ BLISS \u2013 L\u2019AQUILA\u00a0&#8211; SOLD OUT LE PRIME DATE DI MILANO E TORINO\u00a0"},"content":{"rendered":"<h1 style=\"text-align: center;\"><span style=\"color: #ff0000;\"><strong>MANNARINO\u00a0<\/strong><\/span><\/h1>\n<p>&nbsp;<\/p>\n<h3 style=\"text-align: center;\"><span style=\"color: #000000;\"><strong>SOLD OUT LE PRIME DATE DI MILANO E TORINO<\/strong><\/span><span style=\"color: #000000;\"><strong>\u00a0<\/strong><\/span><\/h3>\n<h3 style=\"text-align: center;\"><span style=\"color: #000000;\"><strong>ANNUNCIATA LA DATA ZERO\u00a0<\/strong><\/span><\/h3>\n<h3 style=\"text-align: center;\"><span style=\"color: #000000;\"><strong>24 APRILE 2022 @ BLISS \u2013 L\u2019AQUILA\u00a0<\/strong><\/span><\/h3>\n<h3 style=\"text-align: center;\"><\/h3>\n<h3 style=\"text-align: center;\"><span style=\"color: #ff0000;\"><strong>\u00a0<\/strong><\/span><\/h3>\n<p style=\"text-align: center;\"><span style=\"color: #ff0000;\"><b>CALENDARIO AGGIORNATO:<\/b>\u00a0<\/span><\/p>\n<p style=\"text-align: center;\"><b><span data-contrast=\"none\">Domenica 24 aprile 2022 | L\u2019Aquila @Bliss DATA ZERO<\/span><\/b><span data-ccp-props=\"{&quot;201341983&quot;:0,&quot;335551550&quot;:2,&quot;335551620&quot;:2,&quot;335559739&quot;:160,&quot;335559740&quot;:259}\">\u00a0<\/span><\/p>\n<p style=\"text-align: center;\"><b><span data-contrast=\"none\">Mercoled\u00ec 27 aprile 2022 | Milano @Fabrique SOLD OUT<\/span><\/b><span data-ccp-props=\"{&quot;201341983&quot;:0,&quot;335551550&quot;:2,&quot;335551620&quot;:2,&quot;335559739&quot;:160,&quot;335559740&quot;:259}\">\u00a0<\/span><\/p>\n<p style=\"text-align: center;\"><b><span data-contrast=\"none\">Marted\u00ec 03 maggio 2022 | Milano @Fabrique<\/span><\/b><span data-ccp-props=\"{&quot;201341983&quot;:0,&quot;335551550&quot;:2,&quot;335551620&quot;:2,&quot;335559739&quot;:160,&quot;335559740&quot;:259}\">\u00a0<\/span><\/p>\n<p style=\"text-align: center;\"><b><span data-contrast=\"none\">Mercoled\u00ec 04 maggio 2022 | Milano @Fabrique<\/span><\/b><span data-ccp-props=\"{&quot;201341983&quot;:0,&quot;335551550&quot;:2,&quot;335551620&quot;:2,&quot;335559739&quot;:160,&quot;335559740&quot;:259}\">\u00a0<\/span><\/p>\n<p style=\"text-align: center;\"><b><span data-contrast=\"none\">Luned\u00ec 09 maggio 2022 | Venaria Reale (TO) @Teatro della Concordia SOLD OUT<\/span><\/b><span data-ccp-props=\"{&quot;201341983&quot;:0,&quot;335551550&quot;:2,&quot;335551620&quot;:2,&quot;335559739&quot;:160,&quot;335559740&quot;:259}\">\u00a0<\/span><\/p>\n<p style=\"text-align: center;\"><b><span data-contrast=\"none\">Marted\u00ec 10 maggio 2022 | Venaria Reale (TO) @Teatro della Concordia<\/span><\/b><span data-ccp-props=\"{&quot;201341983&quot;:0,&quot;335551550&quot;:2,&quot;335551620&quot;:2,&quot;335559739&quot;:160,&quot;335559740&quot;:259}\">\u00a0<\/span><\/p>\n<p style=\"text-align: center;\"><b><span data-contrast=\"none\">Gioved\u00ec 12 maggio 2022 | Firenze @Tuscany Hall<\/span><\/b><span data-ccp-props=\"{&quot;201341983&quot;:0,&quot;335551550&quot;:2,&quot;335551620&quot;:2,&quot;335559739&quot;:160,&quot;335559740&quot;:259}\">\u00a0<\/span><\/p>\n<p style=\"text-align: center;\"><b><span data-contrast=\"none\">Marted\u00ec 17 maggio 2022 | Napoli @Casa della Musica<\/span><\/b><span data-ccp-props=\"{&quot;201341983&quot;:0,&quot;335551550&quot;:2,&quot;335551620&quot;:2,&quot;335559739&quot;:160,&quot;335559740&quot;:259}\">\u00a0<\/span><\/p>\n<p style=\"text-align: center;\"><b><span data-contrast=\"none\">Mercoled\u00ec 18 maggio 2022 | Napoli @Casa della Musica<\/span><\/b><span data-ccp-props=\"{&quot;201341983&quot;:0,&quot;335551550&quot;:2,&quot;335551620&quot;:2,&quot;335559739&quot;:160,&quot;335559740&quot;:259}\">\u00a0<\/span><\/p>\n<p style=\"text-align: center;\"><b><span data-contrast=\"none\">Domenica 22 maggio 2022 | Roma @Atlantico<\/span><\/b><span data-ccp-props=\"{&quot;201341983&quot;:0,&quot;335551550&quot;:2,&quot;335551620&quot;:2,&quot;335559739&quot;:160,&quot;335559740&quot;:259}\">\u00a0<\/span><\/p>\n<p style=\"text-align: center;\"><b><span data-contrast=\"none\">Marted\u00ec 24 maggio 2022 | Roma @Atlantico<\/span><\/b><span data-ccp-props=\"{&quot;201341983&quot;:0,&quot;335551550&quot;:2,&quot;335551620&quot;:2,&quot;335559739&quot;:160,&quot;335559740&quot;:259}\">\u00a0<\/span><\/p>\n<p style=\"text-align: center;\"><b><span data-contrast=\"none\">Mercoled\u00ec 25 maggio 2022 | Roma @Atlantico<\/span><\/b><span data-ccp-props=\"{&quot;201341983&quot;:0,&quot;335551550&quot;:2,&quot;335551620&quot;:2,&quot;335559739&quot;:160,&quot;335559740&quot;:259}\">\u00a0<\/span><\/p>\n<p style=\"text-align: center;\"><b><span data-contrast=\"none\">Luned\u00ec 30 maggio 2022| Firenze @Tuscany Hall<\/span><\/b><span data-ccp-props=\"{&quot;201341983&quot;:0,&quot;335551550&quot;:2,&quot;335551620&quot;:2,&quot;335559739&quot;:160,&quot;335559740&quot;:259}\">\u00a0<\/span><\/p>\n<p style=\"text-align: center;\"><b><span data-contrast=\"none\">Marted\u00ec 31 maggio 2022 | Firenze @Tuscany Hall<\/span><\/b><span data-ccp-props=\"{&quot;201341983&quot;:0,&quot;335551550&quot;:2,&quot;335551620&quot;:2,&quot;335559739&quot;:160,&quot;335559740&quot;:259}\">\u00a0<\/span><\/p>\n<p style=\"text-align: center;\"><b><span data-contrast=\"none\">Gioved\u00ec 11 agosto 2022 | Locorotondo (BA) @Locus Festival<\/span><\/b><span data-ccp-props=\"{&quot;201341983&quot;:0,&quot;335551550&quot;:2,&quot;335551620&quot;:2,&quot;335559739&quot;:160,&quot;335559740&quot;:259}\">\u00a0<\/span><\/p>\n<p style=\"text-align: center;\"><b><span data-contrast=\"none\">Sabato 03 settembre 2022 | Catania @Villa Bellini<\/span><\/b><span data-ccp-props=\"{&quot;201341983&quot;:0,&quot;335551550&quot;:2,&quot;335551620&quot;:2,&quot;335559739&quot;:160,&quot;335559740&quot;:259}\">\u00a0<\/span><\/p>\n<p style=\"text-align: center;\"><b><span data-contrast=\"none\">Mercoled\u00ec 28 settembre 2022 | Verona @Arena di Verona<\/span><\/b><span data-ccp-props=\"{&quot;201341983&quot;:0,&quot;335551550&quot;:2,&quot;335551620&quot;:2,&quot;335559739&quot;:160,&quot;335559740&quot;:259}\">\u00a0<\/span><\/p>\n<p><strong>MANNARINO<\/strong><span data-contrast=\"none\"> r<\/span><b><span data-contrast=\"none\">egistra il sold out per le prime date di Milano e Torino<\/span><\/b><span data-contrast=\"none\">, e <\/span><b><span data-contrast=\"none\">annuncia la data zero<\/span><\/b> <b><span data-contrast=\"none\">del tour che si terr\u00e0 domenica 24 aprile al Bliss dell\u2019Aquila<\/span><\/b><span data-contrast=\"none\">, per poi proseguire ad esibirsi live in tutti i club d\u2019Italia. Il tour sar\u00e0 l&#8217;occasione per ascoltare per la prima volta dal vivo l&#8217;ultimo progetto discografico dell&#8217;artista, &#8220;V&#8221; (Polydor\/Universal Music Italia).<\/span><span data-ccp-props=\"{&quot;201341983&quot;:0,&quot;335559739&quot;:160,&quot;335559740&quot;:259}\">\u00a0<\/span><\/p>\n<p><span data-contrast=\"none\">Prodotto dallo stesso <\/span><b><span data-contrast=\"none\">MANNARINO<\/span><\/b><span data-contrast=\"none\">, registrato tra New York, Los Angeles, Citt\u00e0 del Messico, Rio De Janeiro, l\u2019Amazzonia e l\u2019Italia e il coinvolgimento &#8211; su alcuni brani &#8211; dei produttori internazionali Joey Waronker (Beck, REM, Atoms for Peace) e Camilo Lara (Mexican Institute of Sound) oltre che di Tony Canto e Iacopo Brail Sinigaglia, l\u2019album \u00e8 un invito ad appellarsi alla saggezza ancestrale degli esseri umani. Un disco che parla le lingue del mondo, intriso di suoni di foresta e voci indigene registrate in Amazzonia. Mannarino va alla ricerca della sorgente tribale e atavica dell\u2019umanit\u00e0, proposta come unico e potente antidoto contemporaneo alla brutalit\u00e0 del disumano. Natura, patriarcato, animismo, femminilit\u00e0, rapporto uomo-donna, sono questi solo alcuni dei temi affrontati dal cantautore nel disco pi\u00f9 politico e visionario della sua carriera dove l\u2019amore, l\u2019irrazionale e un senso magico della vita diventano strumenti reali di decolonizzazione del pensiero e di resistenza umana. Il disco \u00e8 stato anticipato dai singoli \u201cAfrica\u201d e \u201cCantar\u00e8\u201d.<\/span><span data-ccp-props=\"{&quot;201341983&quot;:0,&quot;335559739&quot;:160,&quot;335559740&quot;:259}\">\u00a0<\/span><\/p>\n<p><b><span data-contrast=\"none\">I biglietti<\/span><\/b><span data-contrast=\"none\"> per la data zero e per tutte le date sono in vendita online su <\/span><a href=\"https:\/\/word-edit.officeapps.live.com\/we\/www.vivoconcerti.com\"><b><span data-contrast=\"none\">www.vivoconcerti.com<\/span><\/b><\/a><span data-contrast=\"none\"> e sui circuiti autorizzati <\/span><b><span data-contrast=\"none\">Ticketone<\/span><\/b><span data-contrast=\"none\"> e <\/span><b><span data-contrast=\"none\">Vivaticket <\/span><\/b><span data-contrast=\"none\">da <\/span><b><span data-contrast=\"none\">mercoled\u00ec 30 marzo alle ore 16:00<\/span><\/b><span data-contrast=\"none\"> e <\/span><b><span data-contrast=\"none\">in tutti i punti vendita autorizzati da luned\u00ec 4 aprile alle ore 16:00.<\/span><\/b><span data-ccp-props=\"{&quot;201341983&quot;:0,&quot;335559739&quot;:160,&quot;335559740&quot;:259}\">\u00a0<\/span><\/p>\n<p><span data-contrast=\"none\">L\u2019organizzatore declina ogni responsabilit\u00e0 in caso di acquisto di biglietti fuori dai circuiti di biglietteria autorizzati non presenti nei nostri comunicati ufficiali.<\/span><span data-ccp-props=\"{&quot;201341983&quot;:0,&quot;335559739&quot;:160,&quot;335559740&quot;:259}\">\u00a0<\/span><\/p>\n<p><span data-contrast=\"none\">Considerato uno dei migliori artisti italiani contemporanei, erede della grande tradizione di cantautori come <\/span><b><span data-contrast=\"none\">Paolo Conte<\/span><\/b><span data-contrast=\"none\"> e <\/span><b><span data-contrast=\"none\">Fabrizio De Andr\u00e9<\/span><\/b><span data-contrast=\"none\">, <\/span><b><span data-contrast=\"none\">MANNARINO,<\/span><\/b><span data-contrast=\"none\"> attraverso la cifra originale del suo lavoro, una rigorosa ricerca musicale e un sound che attinge a ritmi d\u2019Oltreoceano si \u00e8 dimostrato un modello non omologato per le nuove generazioni.<\/span><span data-ccp-props=\"{&quot;201341983&quot;:0,&quot;335559739&quot;:160,&quot;335559740&quot;:259}\">\u00a0<\/span><\/p>\n<p><span data-contrast=\"none\">Con i suoi 5 album, tra cui l\u2019ultimo disco \u201cV\u201d, l\u2019album pi\u00f9 politico e visionato della sua carriera, ha saputo dare dignit\u00e0 di poesia alle sue ballate, creando canzoni indimenticabili da leggere e poesie da ascoltare. Brani come \u201cMe so \u2018mbriacato\u201d, \u201cApriti Cielo\u201d, \u201cMarylou\u201d, \u201cAfrica\u201d o \u201cCantar\u00e8\u201d sono diventati velocemente dei grandi classici. Con l\u2019album \u201cAPRITI CIELO\u201d per Mannarino arriva la definitiva consacrazione: il disco di platino e un tour che in appena un anno supera le 150mila persone.<\/span><span data-ccp-props=\"{&quot;201341983&quot;:0,&quot;335559739&quot;:160,&quot;335559740&quot;:259}\">\u00a0<\/span><\/p>\n<p style=\"text-align: center;\"><span style=\"color: #ff0000; font-size: 14pt;\"><strong>DETTAGLI DATE 2022\u00a0<\/strong><\/span><\/p>\n<p style=\"text-align: center;\"><span style=\"color: #ff0000;\">Domenica 24 aprile 2022 | L\u2019Aquila @Bliss\u00a0<\/span><\/p>\n<p style=\"text-align: center;\"><span data-contrast=\"none\">Orari<\/span><span data-ccp-props=\"{&quot;201341983&quot;:0,&quot;335551550&quot;:2,&quot;335551620&quot;:2,&quot;335559739&quot;:160,&quot;335559740&quot;:259}\">\u00a0<\/span><\/p>\n<p style=\"text-align: center;\"><span data-contrast=\"none\">Apertura Porte \u2013 Ore 19:00<\/span><span data-ccp-props=\"{&quot;201341983&quot;:0,&quot;335551550&quot;:2,&quot;335551620&quot;:2,&quot;335559739&quot;:160,&quot;335559740&quot;:259}\">\u00a0<\/span><\/p>\n<p style=\"text-align: center;\"><span data-contrast=\"none\">Show \u2013 Ore 21:00<\/span><span data-ccp-props=\"{&quot;201341983&quot;:0,&quot;335551550&quot;:2,&quot;335551620&quot;:2,&quot;335559739&quot;:160,&quot;335559740&quot;:259}\">\u00a0<\/span><\/p>\n<p style=\"text-align: center;\"><span data-contrast=\"none\">Prezzi biglietti:<\/span><span data-ccp-props=\"{&quot;201341983&quot;:0,&quot;335551550&quot;:2,&quot;335551620&quot;:2,&quot;335559739&quot;:160,&quot;335559740&quot;:259}\">\u00a0<\/span><\/p>\n<p style=\"text-align: center;\"><span data-contrast=\"none\">Parterre in piedi: \u20ac30,00 + \u20ac4,50 diritti di prevendita<\/span><span data-ccp-props=\"{&quot;201341983&quot;:0,&quot;335551550&quot;:2,&quot;335551620&quot;:2,&quot;335559739&quot;:160,&quot;335559740&quot;:259}\">\u00a0<\/span><\/p>\n<p style=\"text-align: center;\"><span style=\"color: #ff0000;\">Mercoled\u00ec 27 aprile \u2013 Marted\u00ec 03 maggio \u2013 Mercoled\u00ec 04 maggio 2022 | Milano @Fabrique\u00a0<\/span><\/p>\n<p style=\"text-align: center;\"><span data-contrast=\"none\">Orari<\/span><span data-ccp-props=\"{&quot;201341983&quot;:0,&quot;335551550&quot;:2,&quot;335551620&quot;:2,&quot;335559739&quot;:160,&quot;335559740&quot;:259}\">\u00a0<\/span><\/p>\n<p style=\"text-align: center;\"><span data-contrast=\"none\">Apertura Porte \u2013 Ore 19:30<\/span><span data-ccp-props=\"{&quot;201341983&quot;:0,&quot;335551550&quot;:2,&quot;335551620&quot;:2,&quot;335559739&quot;:160,&quot;335559740&quot;:259}\">\u00a0<\/span><\/p>\n<p style=\"text-align: center;\"><span data-contrast=\"none\">Show \u2013 Ore 21:00<\/span><span data-ccp-props=\"{&quot;201341983&quot;:0,&quot;335551550&quot;:2,&quot;335551620&quot;:2,&quot;335559739&quot;:160,&quot;335559740&quot;:259}\">\u00a0<\/span><\/p>\n<p style=\"text-align: center;\"><span data-contrast=\"none\">Prezzi biglietti:<\/span><span data-ccp-props=\"{&quot;201341983&quot;:0,&quot;335551550&quot;:2,&quot;335551620&quot;:2,&quot;335559739&quot;:160,&quot;335559740&quot;:259}\">\u00a0<\/span><\/p>\n<p style=\"text-align: center;\"><span data-contrast=\"none\">Parterre in piedi: \u20ac 35,00 + \u20ac 5,25 diritti di prevendita<\/span><span data-ccp-props=\"{&quot;201341983&quot;:0,&quot;335551550&quot;:2,&quot;335551620&quot;:2,&quot;335559739&quot;:160,&quot;335559740&quot;:259}\">\u00a0<\/span><\/p>\n<p style=\"text-align: center;\"><span style=\"color: #ff0000;\">Luned\u00ec 09 maggio \u2013 Marted\u00ec 10 maggio 2022 | Venaria Reale (TO) @Teatro della Concordia\u00a0<\/span><\/p>\n<p style=\"text-align: center;\"><span data-contrast=\"none\">Orari<\/span><span data-ccp-props=\"{&quot;201341983&quot;:0,&quot;335551550&quot;:2,&quot;335551620&quot;:2,&quot;335559739&quot;:160,&quot;335559740&quot;:259}\">\u00a0<\/span><\/p>\n<p style=\"text-align: center;\"><span data-contrast=\"none\">Apertura Porte \u2013 Ore 19:30<\/span><span data-ccp-props=\"{&quot;201341983&quot;:0,&quot;335551550&quot;:2,&quot;335551620&quot;:2,&quot;335559739&quot;:160,&quot;335559740&quot;:259}\">\u00a0<\/span><\/p>\n<p style=\"text-align: center;\"><span data-contrast=\"none\">Show \u2013 Ore 21:30<\/span><span data-ccp-props=\"{&quot;201341983&quot;:0,&quot;335551550&quot;:2,&quot;335551620&quot;:2,&quot;335559739&quot;:160,&quot;335559740&quot;:259}\">\u00a0<\/span><\/p>\n<p style=\"text-align: center;\"><span data-contrast=\"none\">Prezzi biglietti:<\/span><span data-ccp-props=\"{&quot;201341983&quot;:0,&quot;335551550&quot;:2,&quot;335551620&quot;:2,&quot;335559739&quot;:160,&quot;335559740&quot;:259}\">\u00a0<\/span><\/p>\n<p style=\"text-align: center;\"><span data-contrast=\"none\">Parterre in piedi: \u20ac 35,00 + \u20ac 5,25 diritti di prevendita<\/span><span data-ccp-props=\"{&quot;201341983&quot;:0,&quot;335551550&quot;:2,&quot;335551620&quot;:2,&quot;335559739&quot;:160,&quot;335559740&quot;:259}\">\u00a0<\/span><\/p>\n<p style=\"text-align: center;\"><span style=\"color: #ff0000;\">Gioved\u00ec 12 maggio 2022 \u2013 luned\u00ec 30 maggio 2022 \u2013 marted\u00ec 31 maggio 2022 | Firenze @Tuscany Hall\u00a0<\/span><\/p>\n<p style=\"text-align: center;\"><span data-contrast=\"none\">Orari<\/span><span data-ccp-props=\"{&quot;201341983&quot;:0,&quot;335551550&quot;:2,&quot;335551620&quot;:2,&quot;335559739&quot;:160,&quot;335559740&quot;:259}\">\u00a0<\/span><\/p>\n<p style=\"text-align: center;\"><span data-contrast=\"none\">Apertura Porte \u2013 Ore 19:30<\/span><span data-ccp-props=\"{&quot;201341983&quot;:0,&quot;335551550&quot;:2,&quot;335551620&quot;:2,&quot;335559739&quot;:160,&quot;335559740&quot;:259}\">\u00a0<\/span><\/p>\n<p style=\"text-align: center;\"><span data-contrast=\"none\">Show \u2013 Ore 21:30<\/span><span data-ccp-props=\"{&quot;201341983&quot;:0,&quot;335551550&quot;:2,&quot;335551620&quot;:2,&quot;335559739&quot;:160,&quot;335559740&quot;:259}\">\u00a0<\/span><\/p>\n<p style=\"text-align: center;\"><span data-contrast=\"none\">Prezzi biglietti:<\/span><span data-ccp-props=\"{&quot;201341983&quot;:0,&quot;335551550&quot;:2,&quot;335551620&quot;:2,&quot;335559739&quot;:160,&quot;335559740&quot;:259}\">\u00a0<\/span><\/p>\n<p style=\"text-align: center;\"><span data-contrast=\"none\">Parterre in piedi: \u20ac 35,00 + \u20ac 5,25 diritti di prevendita<\/span><span data-ccp-props=\"{&quot;201341983&quot;:0,&quot;335551550&quot;:2,&quot;335551620&quot;:2,&quot;335559739&quot;:160,&quot;335559740&quot;:259}\">\u00a0<\/span><\/p>\n<p style=\"text-align: center;\"><span style=\"color: #ff0000;\">Marted\u00ec 17 maggio \u2013 Mercoled\u00ec 18 maggio 2022 | Napoli @Casa della Musica\u00a0<\/span><\/p>\n<p style=\"text-align: center;\"><span data-contrast=\"none\">Orari<\/span><span data-ccp-props=\"{&quot;201341983&quot;:0,&quot;335551550&quot;:2,&quot;335551620&quot;:2,&quot;335559739&quot;:160,&quot;335559740&quot;:259}\">\u00a0<\/span><\/p>\n<p style=\"text-align: center;\"><span data-contrast=\"none\">Apertura Porte \u2013 Ore 19:30<\/span><span data-ccp-props=\"{&quot;201341983&quot;:0,&quot;335551550&quot;:2,&quot;335551620&quot;:2,&quot;335559739&quot;:160,&quot;335559740&quot;:259}\">\u00a0<\/span><\/p>\n<p style=\"text-align: center;\"><span data-contrast=\"none\">Show \u2013 Ore 21:30<\/span><span data-ccp-props=\"{&quot;201341983&quot;:0,&quot;335551550&quot;:2,&quot;335551620&quot;:2,&quot;335559739&quot;:160,&quot;335559740&quot;:259}\">\u00a0<\/span><\/p>\n<p style=\"text-align: center;\"><span data-contrast=\"none\">Prezzi biglietti:<\/span><span data-ccp-props=\"{&quot;201341983&quot;:0,&quot;335551550&quot;:2,&quot;335551620&quot;:2,&quot;335559739&quot;:160,&quot;335559740&quot;:259}\">\u00a0<\/span><\/p>\n<p style=\"text-align: center;\"><span data-contrast=\"none\">Parterre in piedi: \u20ac 35,00 + \u20ac 5,25 diritti di prevendita<\/span><span data-ccp-props=\"{&quot;201341983&quot;:0,&quot;335551550&quot;:2,&quot;335551620&quot;:2,&quot;335559739&quot;:160,&quot;335559740&quot;:259}\">\u00a0<\/span><\/p>\n<p style=\"text-align: center;\"><span style=\"color: #ff0000;\">Domenica 22 maggio \u2013 Marted\u00ec 24 maggio 2022 \u2013 Mercoled\u00ec 25 maggio 2022 | Roma @Atlantico\u00a0<\/span><\/p>\n<p style=\"text-align: center;\"><span data-contrast=\"none\">Orari<\/span><span data-ccp-props=\"{&quot;201341983&quot;:0,&quot;335551550&quot;:2,&quot;335551620&quot;:2,&quot;335559739&quot;:160,&quot;335559740&quot;:259}\">\u00a0<\/span><\/p>\n<p style=\"text-align: center;\"><span data-contrast=\"none\">Apertura Porte \u2013 Ore 19:30<\/span><span data-ccp-props=\"{&quot;201341983&quot;:0,&quot;335551550&quot;:2,&quot;335551620&quot;:2,&quot;335559739&quot;:160,&quot;335559740&quot;:259}\">\u00a0<\/span><\/p>\n<p style=\"text-align: center;\"><span data-contrast=\"none\">Show \u2013 Ore 21:30<\/span><span data-ccp-props=\"{&quot;201341983&quot;:0,&quot;335551550&quot;:2,&quot;335551620&quot;:2,&quot;335559739&quot;:160,&quot;335559740&quot;:259}\">\u00a0<\/span><\/p>\n<p style=\"text-align: center;\"><span data-contrast=\"none\">Prezzi biglietti:<\/span><span data-ccp-props=\"{&quot;201341983&quot;:0,&quot;335551550&quot;:2,&quot;335551620&quot;:2,&quot;335559739&quot;:160,&quot;335559740&quot;:259}\">\u00a0<\/span><\/p>\n<p style=\"text-align: center;\"><span data-contrast=\"none\">Parterre in piedi: \u20ac 35,00 + \u20ac 5,25 diritti di prevendita<\/span><span data-ccp-props=\"{&quot;201341983&quot;:0,&quot;335551550&quot;:2,&quot;335551620&quot;:2,&quot;335559739&quot;:160,&quot;335559740&quot;:259}\">\u00a0<\/span><\/p>\n<p style=\"text-align: center;\"><span style=\"color: #ff0000;\">Gioved\u00ec 11 agosto 2022 | Locorotondo (BA) | @Locus Festival\u00a0<\/span><\/p>\n<p style=\"text-align: center;\"><span data-contrast=\"none\">Orari<\/span><span data-ccp-props=\"{&quot;201341983&quot;:0,&quot;335551550&quot;:2,&quot;335551620&quot;:2,&quot;335559739&quot;:160,&quot;335559740&quot;:259}\">\u00a0<\/span><\/p>\n<p style=\"text-align: center;\"><span data-contrast=\"none\">Apertura Porte \u2013 Ore 19:00<\/span><span data-ccp-props=\"{&quot;201341983&quot;:0,&quot;335551550&quot;:2,&quot;335551620&quot;:2,&quot;335559739&quot;:160,&quot;335559740&quot;:259}\">\u00a0<\/span><\/p>\n<p style=\"text-align: center;\"><span data-contrast=\"none\">Show \u2013 Ore 21:00<\/span><span data-ccp-props=\"{&quot;201341983&quot;:0,&quot;335551550&quot;:2,&quot;335551620&quot;:2,&quot;335559739&quot;:160,&quot;335559740&quot;:259}\">\u00a0<\/span><\/p>\n<p style=\"text-align: center;\"><span data-contrast=\"none\">Prezzi biglietti:<\/span><span data-ccp-props=\"{&quot;201341983&quot;:0,&quot;335551550&quot;:2,&quot;335551620&quot;:2,&quot;335559739&quot;:160,&quot;335559740&quot;:259}\">\u00a0<\/span><\/p>\n<p style=\"text-align: center;\"><span data-contrast=\"none\">Parterre in piedi: \u20ac 35,00 + \u20ac 5,25 diritti di prevendita<\/span><span data-ccp-props=\"{&quot;201341983&quot;:0,&quot;335551550&quot;:2,&quot;335551620&quot;:2,&quot;335559739&quot;:160,&quot;335559740&quot;:259}\">\u00a0<\/span><\/p>\n<p style=\"text-align: center;\"><span style=\"color: #ff0000;\">Sabato 03 settembre 2022 | Catania | @Villa Bellini\u00a0<\/span><\/p>\n<p style=\"text-align: center;\"><span data-contrast=\"none\">Orari<\/span><span data-ccp-props=\"{&quot;201341983&quot;:0,&quot;335551550&quot;:2,&quot;335551620&quot;:2,&quot;335559739&quot;:160,&quot;335559740&quot;:259}\">\u00a0<\/span><\/p>\n<p style=\"text-align: center;\"><span data-contrast=\"none\">Apertura Porte \u2013 Ore 19:30<\/span><span data-ccp-props=\"{&quot;201341983&quot;:0,&quot;335551550&quot;:2,&quot;335551620&quot;:2,&quot;335559739&quot;:160,&quot;335559740&quot;:259}\">\u00a0<\/span><\/p>\n<p style=\"text-align: center;\"><span data-contrast=\"none\">Show \u2013 Ore 21:30<\/span><span data-ccp-props=\"{&quot;201341983&quot;:0,&quot;335551550&quot;:2,&quot;335551620&quot;:2,&quot;335559739&quot;:160,&quot;335559740&quot;:259}\">\u00a0<\/span><\/p>\n<p style=\"text-align: center;\"><span data-contrast=\"none\">Prezzi biglietti:<\/span><span data-ccp-props=\"{&quot;201341983&quot;:0,&quot;335551550&quot;:2,&quot;335551620&quot;:2,&quot;335559739&quot;:160,&quot;335559740&quot;:259}\">\u00a0<\/span><\/p>\n<p style=\"text-align: center;\"><span data-contrast=\"none\">Parterre in piedi: \u20ac 35,00 + \u20ac 5,25 diritti di prevendita<\/span><span data-ccp-props=\"{&quot;201341983&quot;:0,&quot;335551550&quot;:2,&quot;335551620&quot;:2,&quot;335559739&quot;:160,&quot;335559740&quot;:259}\">\u00a0<\/span><\/p>\n<p style=\"text-align: center;\"><span style=\"color: #ff0000;\">Mercoled\u00ec 28 settembre 2022 | Verona | @Arena di Verona\u00a0<\/span><\/p>\n<p style=\"text-align: center;\"><span style=\"color: #ff0000;\">Orari\u00a0<\/span><\/p>\n<p style=\"text-align: center;\"><span data-contrast=\"none\">Apertura Porte \u2013 Ore 19:00<\/span><span data-ccp-props=\"{&quot;201341983&quot;:0,&quot;335551550&quot;:2,&quot;335551620&quot;:2,&quot;335559739&quot;:160,&quot;335559740&quot;:259}\">\u00a0<\/span><\/p>\n<p style=\"text-align: center;\"><span data-contrast=\"none\">Show \u2013 Ore 21:00<\/span><span data-ccp-props=\"{&quot;201341983&quot;:0,&quot;335551550&quot;:2,&quot;335551620&quot;:2,&quot;335559739&quot;:160,&quot;335559740&quot;:259}\">\u00a0<\/span><\/p>\n<p style=\"text-align: center;\"><span data-contrast=\"none\">Prezzi biglietti:<\/span><span data-ccp-props=\"{&quot;201341983&quot;:0,&quot;335551550&quot;:2,&quot;335551620&quot;:2,&quot;335559739&quot;:160,&quot;335559740&quot;:259}\">\u00a0<\/span><\/p>\n<p style=\"text-align: center;\"><span data-contrast=\"none\">Poltronissima Gold numerata: \u20ac 60,00 + \u20ac 9,00 diritti di prevendita<\/span><span data-ccp-props=\"{&quot;201341983&quot;:0,&quot;335551550&quot;:2,&quot;335551620&quot;:2,&quot;335559739&quot;:160,&quot;335559740&quot;:259}\">\u00a0<\/span><\/p>\n<p style=\"text-align: center;\"><span data-contrast=\"none\">Poltronissima 1 numerata: \u20ac 55,00 + \u20ac 8,25 diritti di prevendita<\/span><span data-ccp-props=\"{&quot;201341983&quot;:0,&quot;335551550&quot;:2,&quot;335551620&quot;:2,&quot;335559739&quot;:160,&quot;335559740&quot;:259}\">\u00a0<\/span><\/p>\n<p style=\"text-align: center;\"><span data-contrast=\"none\">Poltronissima 2 numerata: \u20ac 50,00 + \u20ac 7,50 diritti di prevendita<\/span><span data-ccp-props=\"{&quot;201341983&quot;:0,&quot;335551550&quot;:2,&quot;335551620&quot;:2,&quot;335559739&quot;:160,&quot;335559740&quot;:259}\">\u00a0<\/span><\/p>\n<p style=\"text-align: center;\"><span data-contrast=\"none\">Poltronissima 3 numerata: \u20ac 42,00 + \u20ac 6,30 diritti di prevendita<\/span><span data-ccp-props=\"{&quot;201341983&quot;:0,&quot;335551550&quot;:2,&quot;335551620&quot;:2,&quot;335559739&quot;:160,&quot;335559740&quot;:259}\">\u00a0<\/span><\/p>\n<p style=\"text-align: center;\"><span data-contrast=\"none\">Poltroncina bassa I settore numerata \u20ac 42,00 + \u20ac 6,30 diritti di prevendita<\/span><span data-ccp-props=\"{&quot;201341983&quot;:0,&quot;335551550&quot;:2,&quot;335551620&quot;:2,&quot;335559739&quot;:160,&quot;335559740&quot;:259}\">\u00a0<\/span><\/p>\n<p style=\"text-align: center;\"><span data-contrast=\"none\">Poltroncina bassa II settore numerata: \u20ac 38,00 + \u20ac 5,70 diritti di prevendita<\/span><span data-ccp-props=\"{&quot;201341983&quot;:0,&quot;335551550&quot;:2,&quot;335551620&quot;:2,&quot;335559739&quot;:160,&quot;335559740&quot;:259}\">\u00a0<\/span><\/p>\n<p style=\"text-align: center;\"><span data-contrast=\"none\">Poltroncina bassa III settore numerata: \u20ac 38,00 + \u20ac 5,70 diritti di prevendita<\/span><span data-ccp-props=\"{&quot;201341983&quot;:0,&quot;335551550&quot;:2,&quot;335551620&quot;:2,&quot;335559739&quot;:160,&quot;335559740&quot;:259}\">\u00a0<\/span><\/p>\n<p style=\"text-align: center;\"><span data-contrast=\"none\">Poltroncina alta I settore numerata: \u20ac 38,00 + \u20ac 5,70 diritti di prevendita<\/span><span data-ccp-props=\"{&quot;201341983&quot;:0,&quot;335551550&quot;:2,&quot;335551620&quot;:2,&quot;335559739&quot;:160,&quot;335559740&quot;:259}\">\u00a0<\/span><\/p>\n<p style=\"text-align: center;\"><span data-contrast=\"none\">Poltroncina alta II settore numerata: \u20ac 35,00 + \u20ac 5,25 diritti di prevendita<\/span><span data-ccp-props=\"{&quot;201341983&quot;:0,&quot;335551550&quot;:2,&quot;335551620&quot;:2,&quot;335559739&quot;:160,&quot;335559740&quot;:259}\">\u00a0<\/span><\/p>\n<p style=\"text-align: center;\"><span data-contrast=\"none\">Poltroncina alta III settore numerata: \u20ac 35,00 + \u20ac 5,25 diritti di prevendita<\/span><span data-ccp-props=\"{&quot;201341983&quot;:0,&quot;335551550&quot;:2,&quot;335551620&quot;:2,&quot;335559739&quot;:160,&quot;335559740&quot;:259}\">\u00a0<\/span><\/p>\n<p style=\"text-align: center;\"><span data-contrast=\"none\">Poltroncina Visibilit\u00e0 limitata numerata: \u20ac 35,00 + \u20ac 5,25 diritti di prevendita<\/span><span data-ccp-props=\"{&quot;201341983&quot;:0,&quot;335551550&quot;:2,&quot;335551620&quot;:2,&quot;335559739&quot;:160,&quot;335559740&quot;:259}\">\u00a0<\/span><\/p>\n<p style=\"text-align: center;\"><span data-contrast=\"none\">Gradinata libera: \u20ac 35,00 + \u20ac 5,25 diritti di prevendita<\/span><span data-ccp-props=\"{&quot;201341983&quot;:0,&quot;335551550&quot;:2,&quot;335551620&quot;:2,&quot;335559739&quot;:160,&quot;335559740&quot;:259}\">\u00a0<\/span><\/p>\n<p style=\"text-align: center;\"><span data-contrast=\"none\">Ridotto (Disoccupati e Studenti): \u20ac10,00 + \u20ac1,50 diritti di prevendita<\/span><span data-ccp-props=\"{&quot;201341983&quot;:0,&quot;335551550&quot;:2,&quot;335551620&quot;:2,&quot;335559739&quot;:160,&quot;335559740&quot;:259}\">\u00a0<\/span><\/p>\n<p style=\"text-align: center;\"><b><span data-contrast=\"auto\">Per i disoccupati e gli studenti universitari muniti di tesserino, sono disponibili in tutti i punti vendita TicketOne, un numero limitato di biglietti al prezzo ridotto di \u20ac10,00 pi\u00f9 diritti di prevendita<\/span><\/b><span data-ccp-props=\"{&quot;201341983&quot;:0,&quot;335551550&quot;:2,&quot;335551620&quot;:2,&quot;335559739&quot;:160,&quot;335559740&quot;:259}\">\u00a0<\/span><\/p>\n<p style=\"text-align: center;\"><span data-contrast=\"none\">Per tutte le info di biglietteria: <\/span><a href=\"https:\/\/word-edit.officeapps.live.com\/we\/www.vivoconcerti.com\"><span data-contrast=\"none\">www.vivoconcerti.com<\/span><\/a><span data-ccp-props=\"{&quot;201341983&quot;:0,&quot;335551550&quot;:2,&quot;335551620&quot;:2,&quot;335559739&quot;:160,&quot;335559740&quot;:259}\">\u00a0<\/span><\/p>\n<p>&nbsp;<\/p>\n<p style=\"text-align: left;\">credit ph. Magliocchetti<\/p>\n<p style=\"text-align: center;\"><span data-ccp-props=\"{&quot;201341983&quot;:0,&quot;335551550&quot;:2,&quot;335551620&quot;:2,&quot;335559739&quot;:160,&quot;335559740&quot;:259}\">\u00a0<\/span><\/p>\n","protected":false},"excerpt":{"rendered":"<div class=\"mh-excerpt\"><p>MANNARINO\u00a0 &nbsp; SOLD OUT LE PRIME DATE DI MILANO E TORINO\u00a0 ANNUNCIATA LA DATA ZERO\u00a0 24 APRILE 2022 @ BLISS \u2013 L\u2019AQUILA\u00a0 \u00a0 CALENDARIO AGGIORNATO:\u00a0 <a class=\"mh-excerpt-more\" href=\"https:\/\/www.piuomenopop.it\/index.php\/2022\/03\/31\/mannarino-annunciata-la-data-zero-24-aprile-2022-bliss-laquila-sold-out-le-prime-date-di-milano-e-torino\/\" title=\"MANNARINO\u00a0\u00a0ANNUNCIATA LA DATA ZERO\u00a024 APRILE 2022 @ BLISS \u2013 L\u2019AQUILA\u00a0&#8211; SOLD OUT LE PRIME DATE DI MILANO E TORINO\u00a0\">[&#8230;]<\/a><\/p>\n<\/div>","protected":false},"author":46,"featured_media":71671,"comment_status":"closed","ping_status":"closed","sticky":false,"template":"","format":"standard","meta":{"sfsi_plus_gutenberg_text_before_share":"","sfsi_plus_gutenberg_show_text_before_share":"","sfsi_plus_gutenberg_icon_type":"","sfsi_plus_gutenberg_icon_alignemt":"","sfsi_plus_gutenburg_max_per_row":"","footnotes":"","_links_to":"","_links_to_target":""},"categories":[5184,8],"tags":[2931],"class_list":["post-71666","post","type-post","status-publish","format-standard","has-post-thumbnail","hentry","category-calendario-concerti","category-uscite","tag-mannarino"],"aioseo_notices":[],"_links":{"self":[{"href":"https:\/\/www.piuomenopop.it\/index.php\/wp-json\/wp\/v2\/posts\/71666","targetHints":{"allow":["GET"]}}],"collection":[{"href":"https:\/\/www.piuomenopop.it\/index.php\/wp-json\/wp\/v2\/posts"}],"about":[{"href":"https:\/\/www.piuomenopop.it\/index.php\/wp-json\/wp\/v2\/types\/post"}],"author":[{"embeddable":true,"href":"https:\/\/www.piuomenopop.it\/index.php\/wp-json\/wp\/v2\/users\/46"}],"replies":[{"embeddable":true,"href":"https:\/\/www.piuomenopop.it\/index.php\/wp-json\/wp\/v2\/comments?post=71666"}],"version-history":[{"count":6,"href":"https:\/\/www.piuomenopop.it\/index.php\/wp-json\/wp\/v2\/posts\/71666\/revisions"}],"predecessor-version":[{"id":71673,"href":"https:\/\/www.piuomenopop.it\/index.php\/wp-json\/wp\/v2\/posts\/71666\/revisions\/71673"}],"wp:featuredmedia":[{"embeddable":true,"href":"https:\/\/www.piuomenopop.it\/index.php\/wp-json\/wp\/v2\/media\/71671"}],"wp:attachment":[{"href":"https:\/\/www.piuomenopop.it\/index.php\/wp-json\/wp\/v2\/media?parent=71666"}],"wp:term":[{"taxonomy":"category","embeddable":true,"href":"https:\/\/www.piuomenopop.it\/index.php\/wp-json\/wp\/v2\/categories?post=71666"},{"taxonomy":"post_tag","embeddable":true,"href":"https:\/\/www.piuomenopop.it\/index.php\/wp-json\/wp\/v2\/tags?post=71666"}],"curies":[{"name":"wp","href":"https:\/\/api.w.org\/{rel}","templated":true}]}}