{"id":71735,"date":"2022-04-01T18:49:43","date_gmt":"2022-04-01T16:49:43","guid":{"rendered":"https:\/\/www.piuomenopop.it\/?p=71735"},"modified":"2022-04-02T14:51:34","modified_gmt":"2022-04-02T12:51:34","slug":"coez-il-2-aprile-parte-volare-tour","status":"publish","type":"post","link":"https:\/\/www.piuomenopop.it\/index.php\/2022\/04\/01\/coez-il-2-aprile-parte-volare-tour\/","title":{"rendered":"COEZ\u00a0IL 2 APRILE PARTE \u00a0VOLARE TOUR"},"content":{"rendered":"<h1 style=\"text-align: center;\"><span style=\"color: #ff0000;\"><b>COEZ<\/b>\u00a0<\/span><\/h1>\n<h1 style=\"text-align: center;\"><span style=\"color: #ff0000;\"><b>IL 2 APRILE PARTE <\/b>\u00a0<\/span><br \/>\n<span style=\"color: #ff0000;\"><b>VOLARE TOUR<\/b>\u00a0<\/span><\/h1>\n<p style=\"text-align: center;\"><span style=\"font-size: 14pt;\"><strong>UNO DEI PRIMI ARTISTI AD INAUGURARE LA RIPARTENZA DEI LIVE A PIENA CAPIENZA CON 13 DATE GI\u00c0 SOLD OUT<\/strong><\/span><span data-ccp-props=\"{&quot;134233117&quot;:true,&quot;134233118&quot;:true,&quot;201341983&quot;:0,&quot;335551550&quot;:2,&quot;335551620&quot;:2,&quot;335559685&quot;:-567,&quot;335559737&quot;:-568,&quot;335559740&quot;:276}\">\u00a0<\/span><\/p>\n<p><span data-ccp-props=\"{&quot;134233117&quot;:true,&quot;134233118&quot;:true,&quot;201341983&quot;:0,&quot;335551550&quot;:2,&quot;335551620&quot;:2,&quot;335559685&quot;:-567,&quot;335559737&quot;:-568,&quot;335559740&quot;:240}\">\u00a0<\/span><\/p>\n<p style=\"text-align: center;\"><b><span data-contrast=\"auto\">ON STAGE LE GRANDI HIT E I NUOVI BRANI DELL\u2019ULTIMO ALBUM<\/span><\/b><span data-ccp-props=\"{&quot;134233117&quot;:true,&quot;134233118&quot;:true,&quot;201341983&quot;:0,&quot;335551550&quot;:2,&quot;335551620&quot;:2,&quot;335559685&quot;:-567,&quot;335559737&quot;:-568,&quot;335559740&quot;:240}\">\u00a0<\/span><\/p>\n<p style=\"text-align: center;\"><b><i><span data-contrast=\"none\">VOLARE<\/span><\/i><\/b><span data-ccp-props=\"{&quot;201341983&quot;:0,&quot;335551550&quot;:2,&quot;335551620&quot;:2,&quot;335559685&quot;:-284,&quot;335559737&quot;:-323,&quot;335559739&quot;:0,&quot;335559740&quot;:240}\">\u00a0<\/span><\/p>\n<p style=\"text-align: center;\"><b><span data-contrast=\"none\">CERTIFICATO DISCO D\u2019ORO<\/span><\/b><span data-ccp-props=\"{&quot;201341983&quot;:0,&quot;335551550&quot;:2,&quot;335551620&quot;:2,&quot;335559685&quot;:-284,&quot;335559737&quot;:-323,&quot;335559739&quot;:0,&quot;335559740&quot;:240}\">\u00a0<\/span><\/p>\n<p style=\"text-align: center;\"><span data-ccp-props=\"{&quot;134233117&quot;:true,&quot;134233118&quot;:true,&quot;201341983&quot;:0,&quot;335559737&quot;:-568,&quot;335559740&quot;:240}\">\u00a0<\/span><\/p>\n<p style=\"text-align: center;\"><span style=\"font-size: 14pt;\"><b>ANNUNCIATA LA PARTECIPAZIONE AL CONCERTO <\/b><\/span><br \/>\n<span style=\"font-size: 14pt;\"><b>DEL PRIMO MAGGIO A ROMA<\/b>\u00a0<\/span><\/p>\n<p style=\"text-align: center;\"><span data-ccp-props=\"{&quot;134233117&quot;:true,&quot;134233118&quot;:true,&quot;201341983&quot;:0,&quot;335551550&quot;:2,&quot;335551620&quot;:2,&quot;335559685&quot;:-567,&quot;335559737&quot;:-568,&quot;335559740&quot;:240}\">\u00a0<\/span><\/p>\n<p><span data-ccp-props=\"{&quot;201341983&quot;:0,&quot;335551550&quot;:6,&quot;335551620&quot;:6,&quot;335559737&quot;:-568,&quot;335559739&quot;:0,&quot;335559740&quot;:240}\">\u00a0<\/span><\/p>\n<p><b><span data-contrast=\"none\">COEZ<\/span><\/b> <b><span data-contrast=\"none\">torna finalmente sui palchi dei club dopo due anni di pausa<\/span><\/b><span data-contrast=\"none\"> e di aperture ridotte a causa dell\u2019emergenza sanitaria, <\/span><b><span data-contrast=\"none\">confermandosi come uno dei primi artisti ad inaugurare la ripartenza dei live a piena capienza<\/span><\/b><span data-contrast=\"none\">.<\/span><span data-ccp-props=\"{&quot;201341983&quot;:0,&quot;335551550&quot;:6,&quot;335551620&quot;:6,&quot;335559685&quot;:-567,&quot;335559737&quot;:-568,&quot;335559739&quot;:0,&quot;335559740&quot;:240}\">\u00a0<\/span><\/p>\n<p><span data-contrast=\"none\">Il tour prevede due venue differenti per tappa, un club piccolo e un club grande, sia per toccare anche i palchi dove il cantautore si \u00e8 esibito agli inizi della sua carriera, sia per avere una tourn\u00e8e pi\u00f9 estesa nel tempo, cos\u00ec da permettere ai lavoratori dello spettacolo di poter tornare a lavorare con pi\u00f9 continuit\u00e0 dopo due anni di pausa.<\/span><span data-ccp-props=\"{&quot;201341983&quot;:0,&quot;335551550&quot;:6,&quot;335551620&quot;:6,&quot;335559685&quot;:-567,&quot;335559737&quot;:-568,&quot;335559739&quot;:0,&quot;335559740&quot;:240}\">\u00a0<\/span><\/p>\n<p><span data-ccp-props=\"{&quot;201341983&quot;:0,&quot;335551550&quot;:6,&quot;335551620&quot;:6,&quot;335559685&quot;:-567,&quot;335559737&quot;:-568,&quot;335559739&quot;:0,&quot;335559740&quot;:240}\">\u00a0<\/span><\/p>\n<p><span data-contrast=\"none\">Dopo aver riempito i pi\u00f9 importanti palazzetti italiani nel 2019, registrando il doppio sold out al Mediolanum Forum di Milano, <\/span><b><span data-contrast=\"none\">da sabato 2 aprile 2022 parte da Brescia<\/span><\/b> <b><i><span data-contrast=\"none\">VOLARE TOUR<\/span><\/i><\/b><span data-contrast=\"none\">, prodotto da <\/span><b><span data-contrast=\"none\">Vivo Concerti<\/span><\/b><span data-contrast=\"none\">, un\u2019occasione per tornare a cantare i suoi grandi successi nei principali club italiani con un tour <\/span><b><span data-contrast=\"none\">di 20 date, di cui 13 sold out<\/span><\/b><span data-contrast=\"none\">. Con questi live, il cantautore ripercorre la sua carriera a partire dagli esordi, in un ritorno alle origini che permetter\u00e0 di ritrovare un autentico contatto con il pubblico dopo pi\u00f9 di due anni di assenza dai palchi, portando per la prima volta on stage <\/span><b><i><span data-contrast=\"none\">VOLARE <\/span><\/i><\/b><span data-contrast=\"auto\">(Carosello Records)<\/span><span data-contrast=\"none\">, l\u2019ultimo album di Coez, <\/span><b><span data-contrast=\"none\">certificato disco d\u2019oro<\/span><\/b><span data-contrast=\"none\">.<\/span><span data-ccp-props=\"{&quot;201341983&quot;:0,&quot;335551550&quot;:6,&quot;335551620&quot;:6,&quot;335559685&quot;:-567,&quot;335559737&quot;:-568,&quot;335559739&quot;:0,&quot;335559740&quot;:240}\">\u00a0<\/span><\/p>\n<p><span data-ccp-props=\"{&quot;201341983&quot;:0,&quot;335551550&quot;:6,&quot;335551620&quot;:6,&quot;335559685&quot;:-567,&quot;335559737&quot;:-568,&quot;335559739&quot;:0,&quot;335559740&quot;:240}\">\u00a0<\/span><\/p>\n<blockquote><p><strong>\u201c<i>Questi live saranno una boccata d\u2019aria fresca dopo due anni di apnea, mi sento eccitato carico a mille e con un po\u2019 di ansia, di quella buona, quella che ti fa distruggere il palco, voglio tornare fra le urla della gente, solo li mi sento a casa<\/i>\u201d \u2013 ha dichiarato Coez.\u00a0\u00a0<\/strong><\/p><\/blockquote>\n<p><strong>\u00a0<\/strong><\/p>\n<p><span data-contrast=\"none\">Il nuovo progetto \u00e8 arrivato a due anni e mezzo di distanza dal disco <\/span><b><span data-contrast=\"none\">\u00c8 SEMPRE BELLO<\/span><\/b><span data-contrast=\"none\"> (doppio disco di platino), che ha consacrato <\/span><b><span data-contrast=\"none\">Coez<\/span><\/b><span data-contrast=\"none\"> tra i pi\u00f9 influenti artisti italiani che con la sua scrittura crossover tra rap e pop \u00e8 diventato il simbolo del nuovo cantautorato italiano. In <\/span><b><i><span data-contrast=\"none\">VOLARE<\/span><\/i><\/b><b><span data-contrast=\"none\"> Coez <\/span><\/b><span data-contrast=\"none\">si racconta con uno stile onesto e senza filtri, caratterizzato da emotivit\u00e0 e personalit\u00e0, suo marchio di fabbrica che lo ha reso unico nel panorama musicale italiano, i cui brani rappresentano un viaggio a tappe che ripercorre canzoni e riferimenti che hanno formato il cantautore nel corso degli anni. Il nuovo disco \u00e8 stato preceduto da due brani, \u201c<\/span><b><i><span data-contrast=\"none\">Wu-Tang<\/span><\/i><\/b><span data-contrast=\"none\">\u201d e \u201c<\/span><b><i><span data-contrast=\"none\">Flow Easy<\/span><\/i><\/b><span data-contrast=\"none\">\u201d, e da \u201c<\/span><b><i><span data-contrast=\"none\">Come nelle canzoni<\/span><\/i><\/b><span data-contrast=\"none\">\u201d, <\/span><b><span data-contrast=\"none\">certificato disco di platino<\/span><\/b><span data-contrast=\"none\">, tra i singoli pi\u00f9 suonati dalle radio, brano tra i pi\u00f9 \u201cshazamati\u201d al mondo e con oltre 18 milioni di stream su Spotify, ancora oggi saldo nella Top 50 della piattaforma.<\/span><span data-ccp-props=\"{&quot;201341983&quot;:0,&quot;335551550&quot;:6,&quot;335551620&quot;:6,&quot;335559685&quot;:-567,&quot;335559737&quot;:-568,&quot;335559739&quot;:0,&quot;335559740&quot;:240}\">\u00a0<\/span><\/p>\n<p><span data-contrast=\"none\">Con il suo stile unico tra rap e cantautorato, <\/span><b><span data-contrast=\"none\">Coez<\/span><\/b><span data-contrast=\"none\"> aggiunge al tour un nuovo appuntamento esibendosi live al <\/span><b><span data-contrast=\"none\">Concerto del Primo Maggio a Roma<\/span><\/b><span data-contrast=\"none\">, uno dei pi\u00f9 grandi ed attesi eventi musicali italiani, andando ad aggiungersi alla line up dell\u2019evento, tra i grandi big della musica italiana. Il concerto, promosso da CGIL, CISL e UIL, prodotto e organizzato da iCompany, verr\u00e0 trasmesso in diretta su RAI 3 e Rai Radio2.\u00a0<\/span><span data-ccp-props=\"{&quot;201341983&quot;:0,&quot;335551550&quot;:6,&quot;335551620&quot;:6,&quot;335559685&quot;:-567,&quot;335559737&quot;:-568,&quot;335559739&quot;:0,&quot;335559740&quot;:240}\">\u00a0<\/span><\/p>\n<p style=\"text-align: center;\"><span data-ccp-props=\"{&quot;201341983&quot;:0,&quot;335559737&quot;:-568,&quot;335559739&quot;:100,&quot;335559740&quot;:240}\"> <img loading=\"lazy\" decoding=\"async\" class=\"aligncenter wp-image-71737 size-full\" src=\"https:\/\/www.piuomenopop.it\/wp-content\/uploads\/2022\/04\/coez_volareTour22_quadrato_b.jpg\" alt=\"\" width=\"1200\" height=\"1200\" srcset=\"https:\/\/www.piuomenopop.it\/wp-content\/uploads\/2022\/04\/coez_volareTour22_quadrato_b.jpg 1200w, https:\/\/www.piuomenopop.it\/wp-content\/uploads\/2022\/04\/coez_volareTour22_quadrato_b-150x150.jpg 150w, https:\/\/www.piuomenopop.it\/wp-content\/uploads\/2022\/04\/coez_volareTour22_quadrato_b-300x300.jpg 300w, https:\/\/www.piuomenopop.it\/wp-content\/uploads\/2022\/04\/coez_volareTour22_quadrato_b-768x768.jpg 768w, https:\/\/www.piuomenopop.it\/wp-content\/uploads\/2022\/04\/coez_volareTour22_quadrato_b-1024x1024.jpg 1024w\" sizes=\"auto, (max-width: 1200px) 100vw, 1200px\" \/><\/span><\/p>\n<p><b><span data-contrast=\"none\">I biglietti per tutte le date sono in vendita online su<\/span><\/b> <a href=\"http:\/\/www.vivoconcerti.com\/\"><b><span data-contrast=\"none\">www.vivoconcerti.com<\/span><\/b><\/a> <b><span data-contrast=\"auto\">e presso tutte le rivendite autorizzate<\/span><\/b><span data-ccp-props=\"{&quot;201341983&quot;:0,&quot;335559685&quot;:-567,&quot;335559737&quot;:-567,&quot;335559739&quot;:0,&quot;335559740&quot;:240}\">\u00a0<\/span><\/p>\n<p><span data-ccp-props=\"{&quot;201341983&quot;:0,&quot;335559739&quot;:0,&quot;335559740&quot;:240}\">\u00a0<\/span><\/p>\n<p><b><i><span data-contrast=\"auto\">L\u2019organizzatore declina ogni responsabilit\u00e0 in caso di acquisto di biglietti fuori dai circuiti di biglietteria autorizzati non presenti nei nostri comunicati ufficiali.<\/span><\/i><\/b><span data-ccp-props=\"{&quot;201341983&quot;:0,&quot;335551550&quot;:2,&quot;335551620&quot;:2,&quot;335559685&quot;:-567,&quot;335559737&quot;:-567,&quot;335559739&quot;:0,&quot;335559740&quot;:240}\">\u00a0<\/span><\/p>\n<p>&nbsp;<\/p>\n<p>&nbsp;<\/p>\n<p><span data-ccp-props=\"{&quot;201341983&quot;:0,&quot;335559737&quot;:-568,&quot;335559739&quot;:100,&quot;335559740&quot;:240}\">\u00a0<\/span><\/p>\n<p><span data-ccp-props=\"{&quot;201341983&quot;:0,&quot;335559685&quot;:-567,&quot;335559737&quot;:-568,&quot;335559739&quot;:100,&quot;335559740&quot;:240}\">\u00a0<\/span><\/p>\n","protected":false},"excerpt":{"rendered":"<div class=\"mh-excerpt\"><p>COEZ\u00a0 IL 2 APRILE PARTE \u00a0 VOLARE TOUR\u00a0 UNO DEI PRIMI ARTISTI AD INAUGURARE LA RIPARTENZA DEI LIVE A PIENA CAPIENZA CON 13 DATE GI\u00c0 <a class=\"mh-excerpt-more\" href=\"https:\/\/www.piuomenopop.it\/index.php\/2022\/04\/01\/coez-il-2-aprile-parte-volare-tour\/\" title=\"COEZ\u00a0IL 2 APRILE PARTE \u00a0VOLARE TOUR\">[&#8230;]<\/a><\/p>\n<\/div>","protected":false},"author":46,"featured_media":71739,"comment_status":"closed","ping_status":"closed","sticky":false,"template":"","format":"standard","meta":{"sfsi_plus_gutenberg_text_before_share":"","sfsi_plus_gutenberg_show_text_before_share":"","sfsi_plus_gutenberg_icon_type":"","sfsi_plus_gutenberg_icon_alignemt":"","sfsi_plus_gutenburg_max_per_row":"","footnotes":"","_links_to":"","_links_to_target":""},"categories":[5184],"tags":[116,70,1940],"class_list":["post-71735","post","type-post","status-publish","format-standard","has-post-thumbnail","hentry","category-calendario-concerti","tag-coez","tag-piu-o-meno-pop","tag-vivo-concerti"],"aioseo_notices":[],"_links":{"self":[{"href":"https:\/\/www.piuomenopop.it\/index.php\/wp-json\/wp\/v2\/posts\/71735","targetHints":{"allow":["GET"]}}],"collection":[{"href":"https:\/\/www.piuomenopop.it\/index.php\/wp-json\/wp\/v2\/posts"}],"about":[{"href":"https:\/\/www.piuomenopop.it\/index.php\/wp-json\/wp\/v2\/types\/post"}],"author":[{"embeddable":true,"href":"https:\/\/www.piuomenopop.it\/index.php\/wp-json\/wp\/v2\/users\/46"}],"replies":[{"embeddable":true,"href":"https:\/\/www.piuomenopop.it\/index.php\/wp-json\/wp\/v2\/comments?post=71735"}],"version-history":[{"count":8,"href":"https:\/\/www.piuomenopop.it\/index.php\/wp-json\/wp\/v2\/posts\/71735\/revisions"}],"predecessor-version":[{"id":71747,"href":"https:\/\/www.piuomenopop.it\/index.php\/wp-json\/wp\/v2\/posts\/71735\/revisions\/71747"}],"wp:featuredmedia":[{"embeddable":true,"href":"https:\/\/www.piuomenopop.it\/index.php\/wp-json\/wp\/v2\/media\/71739"}],"wp:attachment":[{"href":"https:\/\/www.piuomenopop.it\/index.php\/wp-json\/wp\/v2\/media?parent=71735"}],"wp:term":[{"taxonomy":"category","embeddable":true,"href":"https:\/\/www.piuomenopop.it\/index.php\/wp-json\/wp\/v2\/categories?post=71735"},{"taxonomy":"post_tag","embeddable":true,"href":"https:\/\/www.piuomenopop.it\/index.php\/wp-json\/wp\/v2\/tags?post=71735"}],"curies":[{"name":"wp","href":"https:\/\/api.w.org\/{rel}","templated":true}]}}