{"id":72197,"date":"2022-04-15T15:05:35","date_gmt":"2022-04-15T13:05:35","guid":{"rendered":"https:\/\/www.piuomenopop.it\/?p=72197"},"modified":"2022-04-15T15:05:35","modified_gmt":"2022-04-15T13:05:35","slug":"todays-festival-annuncia-la-settimana-edizione-e-lintero-cartellone-torino-dal-26-al-28-agosto-2022","status":"publish","type":"post","link":"https:\/\/www.piuomenopop.it\/index.php\/2022\/04\/15\/todays-festival-annuncia-la-settimana-edizione-e-lintero-cartellone-torino-dal-26-al-28-agosto-2022\/","title":{"rendered":"TODAYS FESTIVAL annuncia la settimana edizione e l&#8217;intero cartellone: TORINO, dal 26 al 28 agosto 2022"},"content":{"rendered":"<div>\n<p style=\"text-align: center;\"><strong>TORINO<\/strong><\/p>\n<p style=\"text-align: center;\"><strong>26 &#8211; 27- 28 AGOSTO 2022<\/strong><\/p>\n<p style=\"text-align: center;\"><strong><em>C&#8217;\u00e8 chi disegna confini, noi vediamo\u00a0solo nuovo orizzonti&#8230;.<\/em><\/strong><\/p>\n<p style=\"text-align: center;\">TASH SULTANA<\/p>\n<p style=\"text-align: center;\">DIJON<\/p>\n<p style=\"text-align: center;\">HURRAY FOR THE RIFF RAFF<\/p>\n<p style=\"text-align: center;\">GEESE<\/p>\n<p style=\"text-align: center;\">FKJ<\/p>\n<p style=\"text-align: center;\">MOLCHAT DOMA<\/p>\n<p style=\"text-align: center;\">LOS BITCHOS<\/p>\n<p style=\"text-align: center;\">SQUID<\/p>\n<p style=\"text-align: center;\">PRIMAL SCREAM present SCREMADELICA<\/p>\n<p style=\"text-align: center;\">YARD ACT<\/p>\n<p style=\"text-align: center;\">DIIV<\/p>\n<p style=\"text-align: center;\">ARAB STRAP<\/p>\n<p style=\"text-align: center;\">ADIEL<\/p>\n<p style=\"text-align: center;\">TAMBURI NERI<\/p>\n<p style=\"text-align: center;\">MYSTIC JUNGLE<\/p>\n<p style=\"text-align: center;\">WHODAMANNY<\/p>\n<p style=\"text-align: center;\">..e molto di pi\u00f9<\/p>\n<p><img decoding=\"async\" class=\"CToWUd a6T aligncenter\" tabindex=\"0\" src=\"https:\/\/ci3.googleusercontent.com\/proxy\/_uKr9WVjCezR-mBu6SJUYhHyZLi3PhTmdZbQofFRSCJvFBdxeU1lIBaCm_3Ars03fFWg4zdR2-eTVUT0UnoaOj_svVT5vgmMmpszXLP-BC_LtetcYZix01ev9jXkhPBIffOwPYuV_WYoVG86x8gtNxEJDLQUPf0OJ2be_lekcnn9=s0-d-e1-ft#https:\/\/jalamediaactivities.img.musvc2.net\/static\/141628\/assets\/1\/Schermata%202022-04-14%20alle%2010.24.17.png\" alt=\"\" \/><\/p>\n<div><b><i>\u00a0<\/i><\/b><\/div>\n<p><strong>TOdays Festival<\/strong>, progetto della\u00a0<strong>Citt\u00e0 di Torino<\/strong>\u00a0realizzato dalla\u00a0<strong>Fondazione per la Cultura Torino<\/strong>, torna per la sua<strong>\u00a0settima edizione<\/strong>\u00a0nell&#8217;ultimo week-end di agosto, dal primo pomeriggio a notte inoltrata. In un momento storico cos\u00ec incerto e complesso,\u00a0<strong>TOdays\u00a0<\/strong>porter\u00e0 per tre giorni,\u00a0<strong>dal 26 al 28 agosto 2022, 96 artisti per 16 band, delle quali 11 in esclusiva nazionale e 14 per la prima volta a Torino<\/strong>.<\/p>\n<p>&#8220;<em>Alla fine dell&#8217;estate, per oltre sei anni, Torino diventa una delle mete europee per i giovani e gli appassionati della musica rock d&#8217;avanguardia che, oltre a vivere tre giorni di altissimo livello musicale, scoprono la ricchezza della sua offerta culturale anche in spazi\u00a0lontani dal circuito turistico tradizionale.\u00a0TOdays \u00e8 un esempio di come l&#8217;arte e la cultura siano straordinariamente vive nelle periferie torinesi. Anche in un quartiere come quello di Barriera di Milano, la variet\u00e0 delle realt\u00e0 associative e la creativit\u00e0 delle loro proposte \u00e8\u00a0sorprendente.\u00a0Portare grandi concerti di richiamo internazionale in quel territorio significa valorizzare e sostenere in\u00a0maniera strategica gli operatori che da anni operano una rigenerazione su base\u00a0culturale del quartiere, interagendo con il pubblico che lo abita. Significa per l&#8217;amministrazione cittadina offrire\u00a0un&#8217;opportunit\u00e0 di\u00a0coinvolgimento e messa in rete di\u00a0spazi, enti, saperi, soggetti del territorio che sanno interpretare le\u00a0trasformazioni della Citt\u00e0 e\u00a0sostenerle con maggiore continuit\u00e0.<\/em>&#8221;\u00a0<strong>Rossella Purchia, Assessora alla\u00a0Cultura della Citt\u00e0<\/strong><\/p>\n<p>&#8220;<em>Siamo certi che la citt\u00e0,\u00a0soprattutto dopo la\u00a0pandemia, possa rinascere anche attraverso la progettazione e l&#8217;organizzazione di grandi eventi e, per raggiungere questo obiettivo, \u00e8 importante mettere\u00a0nuovamente a sistema l&#8217;enorme patrimonio esistente, fatto di risorse e capacit\u00e0. In questo contesto TODays rappresenta uno dei tasselli fondamentali per la ripartenza<\/em>&#8220;.\u00a0<strong>Domenico Carretta, Assessore sport, grandi eventi, turismo e rapporti con consiglio comunale<\/strong><\/p>\n<p align=\"CENTER\"><span lang=\"it-IT\"><strong>La conferenza stampa di presentazione d<\/strong><\/span><strong><span lang=\"it-IT\">i tutto il programma si svolger\u00e0<\/span><\/strong><\/p>\n<p align=\"CENTER\"><strong><span lang=\"it-IT\">\u00a0<\/span><\/strong><strong><span lang=\"it-IT\"><b>mercoled\u00ec 13<\/b><\/span><span lang=\"it-IT\"><b>luglio ore 11.30\u00a0<\/b><\/span><span lang=\"it-IT\">nel dehor di\u00a0<\/span><span lang=\"it-IT\"><b>EDIT\u00a0<\/b><\/span><span lang=\"it-IT\">piazza semicoperta della ex\u00a0<\/span><\/strong><span lang=\"it-IT\"><b>fabbrica INCET, Torino<\/b><\/span><\/p>\n<p align=\"CENTER\"><span lang=\"it-IT\"><em>&#8220;Il festival vuole confermarsi un evento visionario ed\u00a0ambizioso, proseguendo nel solco di un percorso\u00a0identitario preciso e focalizzato nel superare la visione di un mondo che c&#8217;\u00e8 gi\u00e0 per andare oltre l&#8217;inatteso. D&#8217;altronde la differenza la fa sempre quello che non ci basta mai. In questi anni\u00a0TOdays \u00e8 stato capace di suturare la cesura tra centro e periferia e superare i confini musicali, dando cittadinanza a suoni e voci che\u00a0difficilmente la troverebbero altrove. Dal 2015 TODays \u00e8 un osservatorio attento al presente che, mai come in questi anni, \u00e8 sempre in continua trasformazione. L&#8217;edizione 2022 vuole invitare il pubblico a spostare l&#8217;asticella ancora pi\u00f9 in l\u00e0 e mettersi in discussione destrutturando il pop e\u00a0osando sempre di pi\u00f9:\u00a0TOdays\u00a0vuole portare a Torino il meglio della musica d&#8217;avanguardia\u00a0internazionale offrendo un&#8217;esperienza di innovazione sociale e\u00a0culturale dalle tante\u00a0sfumature in cui la musica, l&#8217;arte e la creativit\u00e0 si aggregano, dialogano, occupano spazi periferici e restituiscono vita e\u00a0occasioni di incontro a un pubblico che segue il festival con grande passione<\/em>.&#8221;\u00a0<strong>Gianluca Gozzi, Direttore A<\/strong><\/span><strong>rtistico\u00a0<\/strong><\/p>\n<p align=\"CENTER\">\n<p align=\"CENTER\"><i><b><span style=\"color: #ff3333;\">IL PROGETTO ARTISTICO\u00a0<\/span><\/b><\/i><\/p>\n<p align=\"CENTER\"><span style=\"font-family: Tahoma;\">Il\u00a0<strong>26, 27 e 28 agosto 2022\u00a0<\/strong>la\u00a0<strong>settima\u00a0edizione<\/strong>\u00a0di\u00a0<strong>TOdays<\/strong>\u00a0porter\u00e0 a\u00a0<strong>Torino<\/strong>\u00a0un arcobaleno di artisti internazionali, produzioni esclusive, anteprime, showcase,\u00a0performance, eventi formativi e\u00a0d&#8217;incontro con il meglio della scena musicale contemporanea. Non solo una sequenza di\u00a0concerti ed artisti per riempire il cartellone, ma una\u00a0celebrazione coraggiosa del presente che intende offrire spazio ai suoni che verranno, rendendo centrali\u00a0musiche e luoghi di confine,\u00a0anticipando idee e trend,\u00a0sperimentando opposti per generare nuovi equilibri: un festival che\u00a0vedr\u00e0 tutti i musicisti, sia nomi\u00a0affermati della scena internazionale che nuove eccellenze emergenti, protagonisti nel\u00a0raccontare le citt\u00e0 del mondo a Torino e Torino, a sua volta, al mondo\u00a0intero.\u00a0<\/span><\/p>\n<p align=\"CENTER\"><span style=\"font-family: Tahoma;\">Rispetto per la\u00a0diversit\u00e0, superamento dei confini, creazione di nuovi orizzonti saranno le linee guida del festival che, attraverso la musica e l&#8217;arte, intende restituire al suo\u00a0pubblico, per tre giorni,\u00a0un&#8217;esperienza di\u00a0armonia ed equilibrio, mischiando generi, emozioni, visioni. Il poster del 2022 vuole rappresentare questa missione tramite una scelta di colori dalla forte\u00a0identit\u00e0: il rosso richiama le emozioni e gli stimoli pi\u00f9 creativi e\u00a0vivaci in un continuo divenire e la capacit\u00e0 di trasformazione delle cose, al nero si associa la forza della profondit\u00e0 capace di dare senso alle cose e che ci permette di procedere oltre la paura di ci\u00f2 che non si conosce, oltre il buio di\u00a0questi anni. L&#8217;accostamento di queste due tonalit\u00e0 e la fitta geometria di curve che si intersecano ri-compongono uno spazio\u00a0vivo per suggerire che le soluzioni non sono mai\u00a0estreme e statiche: il dialogo si trova nelle sfumature ed \u00e8 necessario imparare a guardare per costruire nuove visioni.\u00a0<\/span><\/p>\n<p align=\"CENTER\"><span style=\"font-family: Tahoma;\"><strong><em>LE SEDI E GLI ORARI\u00a0<\/em><\/strong><\/span><\/p>\n<p align=\"JUSTIFY\"><span style=\"color: #000000;\"><b>Due<\/b><\/span><span style=\"color: #000000;\"><b>\u00a0saranno i palchi principali<\/b><\/span><span style=\"color: #000000;\">\u00a0della proposta artistica: l&#8217;area\u00a0<\/span><span style=\"color: #000000;\"><b>main stage<\/b><\/span><span style=\"color: #000000;\">\u00a0degli spettacoli sar\u00e0 il consueto grande prato verde di\u00a0<\/span><span style=\"color: #000000;\"><b>sPAZIO211<\/b><\/span><span style=\"color: #000000;\">,\u00a0<\/span><span style=\"color: #000000;\">il palcoscenico a cielo aperto<\/span><span style=\"color: #000000;\">, dove si alterneranno concerti\u00a0<\/span><span style=\"color: #000000;\"><b>tra le ore 18.00 e le 24.00<\/b><\/span><span style=\"color: #000000;\">\u00a0per tutte le tre serate. A<\/span><span style=\"color: #000000;\">llo\u00a0<\/span><span style=\"color: #000000;\"><b>scoccare della mezzanotte<\/b><\/span><span style=\"color: #000000;\">\u00a0ci si trasferir\u00e0 tra le mura della\u00a0<\/span><span style=\"color: #000000;\"><b>ex fabbrica<\/b><\/span><span style=\"color: #000000;\">\u00a0<\/span><span style=\"color: #000000;\"><b>INCET<\/b><\/span><span style=\"color: #000000;\">, la piazza interna semicoperta fulcro evocativo dell\u2019ex Industria Nazionale Cavi Elettrici Torino,\u00a0<\/span><span style=\"color: #000000;\">per una serie di performance che non ci faranno rimanere fermi neppure un secondo.\u00a0<\/span><\/p>\n<p align=\"JUSTIFY\"><span style=\"color: #000000;\">Sempre\u00a0<\/span>presso l&#8217;ex fabbrica protagonista di un ampio intervento di recupero urbano, che in questa edizione si consolider\u00e0 quartier generale del festival, si svolgeranno gli\u00a0<b>appuntamenti diurni\u00a0<\/b>e le\u00a0<b>attivit\u00e0 educational<\/b>\u00a0del progetto\u00a0<b>TOlab<\/b>: opinion maker, giovani artisti e professionisti, si incontreranno per muoversi trasversalmente fra i differenti linguaggi in campo musicale, artistico e sociale, scambiandosi storie ed esperienze in momenti di formazione, e discutere sui temi legati all\u2019industria della musica, delle nuove tecnologie e delle professionalit\u00e0 ad essa legate.<\/p>\n<p align=\"CENTER\"><span style=\"color: #ff3333;\"><i><b>UN FESTIVAL SEMPRE PI\u00d9 SOSTENIBILE\u00a0<\/b><\/i><\/span><i><b><\/b><\/i><\/p>\n<p align=\"JUSTIFY\"><span lang=\"it-IT\">L&#8217;edizione 2022 di\u00a0<\/span><span lang=\"it-IT\"><b>TOdays\u00a0<\/b><\/span><span lang=\"it-IT\">continuer\u00e0<\/span><span lang=\"it-IT\"><b>\u00a0<\/b>a<b>\u00a0<\/b><\/span><span lang=\"it-IT\">rappres<wbr \/>enter\u00e0 anche un punto di svolta sul terreno della sensibilit\u00e0 alle ormai ineludibili\u00a0<\/span><span lang=\"it-IT\"><b>sfide ambientali<\/b><\/span><span lang=\"it-IT\">, in<\/span><span lang=\"it-IT\">\u00a0conformit\u00e0 con il percorso intrapreso dalla<\/span><span lang=\"it-IT\"><b>\u00a0Citt\u00e0 di Torino<\/b><\/span><span lang=\"it-IT\">\u00a0e dalla\u00a0<\/span><span lang=\"it-IT\"><b>Fondazione per la Cultura Torino<\/b><\/span><span lang=\"it-IT\">\u00a0per rendere sempre\u00a0<\/span><span lang=\"it-IT\"><b>pi\u00f9 sostenibili\u00a0<\/b><\/span><span lang=\"it-IT\">i propri eventi, attraverso l\u2019avvio dell&#8217;iter di certificazione del sistema di gestione secondo la norma internazionale\u00a0<\/span><span lang=\"it-IT\"><b>UNI ISO 2021.<\/b><\/span><\/p>\n<p align=\"JUSTIFY\"><span lang=\"it-IT\">L<\/span><span style=\"color: #000000;\"><span lang=\"it-IT\">\u2019edizione 2022 di\u00a0<\/span><\/span><span style=\"color: #000000;\"><span lang=\"it-IT\"><b>TOdays<\/b><\/span><\/span><span lang=\"it-IT\">\u00a0<\/span><span style=\"color: #000000;\"><span lang=\"it-IT\">rinnover\u00e0 l\u2019impegno del festival nella riduzione\u00a0<\/span><\/span><span style=\"color: #000000;\"><span lang=\"it-IT\">d<\/span><\/span><span style=\"color: #222222;\"><span lang=\"it-IT\">el suo impatto sull&#8217;ambiente, riducendo gli sprechi,\u00a0<\/span><\/span><span style=\"color: #222222;\">i rifiuti e in genere le emissioni di carbonio, puntando a salvaguardare la biodiversit\u00e0 delle location e ad implementare azioni ancora pi\u00f9 ambiziose e in linea con l&#8217;<\/span><span style=\"color: #222222;\"><b>Agenda 2030 per lo Sviluppo Sostenibile.<\/b><\/span><\/p>\n<\/div>\n<div><\/div>\n<p align=\"CENTER\"><span style=\"color: #ff3333;\"><span lang=\"it-IT\"><i><b>IL PROGRAMMA\u00a0<\/b><\/i><\/span><\/span><\/p>\n<p lang=\"it-IT\" align=\"LEFT\"><span style=\"color: #0000ff;\"><u><b>VENERDI&#8217; 26 AGOSTO 2022<\/b><\/u><\/span><\/p>\n<p align=\"JUSTIFY\"><span lang=\"it-IT\"><i>\u201cHo paura del mondo, perch\u00e9 non so cosa potrebbe fare\u201d<\/i><\/span><span lang=\"it-IT\">\u00a0inaugurano\u00a0<\/span><span lang=\"it-IT\"><b>TOdays<\/b><\/span><span lang=\"it-IT\">\u00a0con questa dichiarazione i\u00a0<\/span><span lang=\"it-IT\"><b>GEESE<\/b><\/span><span lang=\"it-IT\">, cinque adolescenti di Brooklyn, il cui amore per la musica, dall\u2019a<\/span><span lang=\"it-IT\"><b>rt al post-punk<\/b><\/span><span lang=\"it-IT\">, dal\u00a0<\/span><span lang=\"it-IT\"><b>math\u00a0<\/b><\/span><span lang=\"it-IT\">al\u00a0<\/span><span lang=\"it-IT\"><b>rock progressivo<\/b><\/span><span lang=\"it-IT\">, copre quarant\u2019anni di grandi chitarre elettriche. Sono la versione da incubo della\u00a0<\/span><span lang=\"it-IT\"><b>New York\u00a0<\/b><\/span><span lang=\"it-IT\">degli\u00a0<\/span><span lang=\"it-IT\"><b>Strokes<\/b><\/span><span lang=\"it-IT\">, eccitanti e nel contempo disorientanti, con le conoscenze musicali di un adulto e il senso di meraviglia, le ambiguit\u00e0 e preoccupazioni tipiche dei teenager pi\u00f9 brillanti che cercano di comprendere la vita\u00a0<\/span><span lang=\"it-IT\"><b>a 18 anni<\/b><\/span><span lang=\"it-IT\">, inquieti e angustiati da un futuro incerto, frustrati da un presente con poche prospettive.<br \/>\n<\/span><span lang=\"it-IT\"><b>Vivere il presente<\/b><\/span><span lang=\"it-IT\">\u00a0e\u00a0<\/span><span lang=\"it-IT\"><b>lottare per la felicit\u00e0\u00a0<\/b><\/span><span lang=\"it-IT\">\u00e8 la gioia radicale anche per\u00a0<\/span><span lang=\"it-IT\"><b>Alynda Segarra<\/b><\/span><span lang=\"it-IT\">, pseudomino di\u00a0<\/span><span lang=\"it-IT\"><b>HURRAY FOR THE RIFF RAFF<\/b><\/span><span lang=\"it-IT\">, portoricana cresciuta nel\u00a0<\/span><span lang=\"it-IT\"><b>Bronx<\/b><\/span><span lang=\"it-IT\">, capace di\u00a0<\/span><span lang=\"it-IT\">mescolare Patti Smith, il punk, percussioni africane e campionamenti di poesia Nuyorican, per continuare a essere anarchica e battagliera, ribelle e profondamente umana. Qui c<\/span><span lang=\"it-IT\">\u2019\u00e8 di tutto: il\u00a0<\/span><span lang=\"it-IT\"><b>country folk\u00a0<\/b><\/span><span lang=\"it-IT\">di Waxahatchee, il\u00a0<\/span><span lang=\"it-IT\"><b>reggaeton<\/b><\/span><span lang=\"it-IT\">\u00a0di Bad Bunny, gli esperimenti\u00a0<\/span><span lang=\"it-IT\"><b>new age<\/b><\/span><span lang=\"it-IT\">\u00a0di Beverly Glenn Copeland e il femminismo nero di Adrienne Maree Brown.<\/span><\/p>\n<p align=\"JUSTIFY\"><span lang=\"it-IT\">Per la\u00a0<\/span><span lang=\"it-IT\"><b>prima volta in Italia<\/b><\/span><span lang=\"it-IT\">\u00a0sale sul palco di\u00a0<\/span><span lang=\"it-IT\"><b>TOdays<\/b><\/span><span lang=\"it-IT\">\u00a0il m<\/span><span lang=\"it-IT\">usicista e produttore losangelino\u00a0<\/span><span lang=\"it-IT\"><b>DIJON<\/b><\/span><span lang=\"it-IT\">\u00a0che presenta dal vivo il suo incredibile debut album<\/span><span lang=\"it-IT\"><i><b>\u00a0\u201cAbsolutely\u201d<\/b><\/i><\/span><span lang=\"it-IT\">, un collage di musica\u00a0<\/span><span lang=\"it-IT\"><b>R&amp;B, folk<\/b><\/span><span lang=\"it-IT\">\u00a0e\u00a0<\/span><span lang=\"it-IT\"><b>dance<\/b><\/span><span lang=\"it-IT\">\u00a0ricco di collaborazioni illustri: intenso, straziante, inaspettato,<\/span><span lang=\"it-IT\">\u00a0composto durante questi due lunghi anni di distanziamento,\u00a0<\/span><span lang=\"it-IT\"><b>Dijon Duenas<\/b><\/span><span lang=\"it-IT\">\u00a0canta\u00a0<\/span><span lang=\"it-IT\"><i>&#8220;Dovremmo uscire e ballare come facevamo una volta, dovremmo uscire e tenerci tutti per mano\u201d.<\/i><\/span><\/p>\n<p align=\"JUSTIFY\"><span lang=\"it-IT\">E&#8217; infine\u00a0<\/span><span lang=\"it-IT\"><b>TASH SULTANA<\/b><\/span><span lang=\"it-IT\">, dall\u2019<\/span><span lang=\"it-IT\"><b>Australia<\/b><\/span><span lang=\"it-IT\">\u00a0a\u00a0<\/span><span lang=\"it-IT\"><b>Torino<\/b><\/span><span lang=\"it-IT\">\u00a0<wbr \/>sconvolge tutte le regole con il suo rock alternativo, e quella matrice\u00a0<\/span><span lang=\"it-IT\"><b>gender queer\u00a0<\/b><\/span><span lang=\"it-IT\">della sua personalit\u00e0 per la quale si lascia definire con il pronome\u00a0<\/span><span lang=\"it-IT\"><i><b>\u201cThey\u201d<\/b><\/i><\/span><span lang=\"it-IT\">.\u00a0<\/span><span lang=\"it-IT\"><b>1 miliardo di stream<\/b><\/span><span lang=\"it-IT\">\u00a0a livello mondiale, nominata per\u00a0<\/span><span lang=\"it-IT\"><b>6 ARIA Awards<\/b><\/span><span lang=\"it-IT\">, ha suonato nei festival pi\u00f9 importanti del mondo, che oggi ci sembrano lontani anni luce come\u00a0<\/span><span lang=\"it-IT\"><i>Coachella, Lollapalooza, Governor\u2019s Ball, Bonnaroo<\/i><\/span><span lang=\"it-IT\">, presenta a\u00a0<\/span><span lang=\"it-IT\"><b>TOdays\u00a0<\/b><\/span><strong><span lang=\"it-IT\">il suo nuovo disco<\/span><\/strong><span lang=\"it-IT\">\u00a0concepito in questo lungo periodo di auto-riflessione collettivo, scaturito dall\u2019imprescindibile ral<\/span><span style=\"color: #000000;\"><span lang=\"it-IT\">lentamento della vita a causa della pandemia globale.\u00a0<\/span><\/span><span style=\"color: #000000;\"><span lang=\"it-IT\"><b>Soul, funk, RnB, folk, rock, hip hop<\/b><\/span><\/span><span style=\"color: #000000;\"><span lang=\"it-IT\">,\u00a0<\/span><\/span><span style=\"color: #000000;\"><span lang=\"it-IT\"><i>\u201c\u00e8\u00a0<\/i><\/span><\/span><strong><span style=\"color: #000000;\"><span lang=\"it-IT\"><i>Erykah Badu<\/i><\/span><\/span><\/strong><em><span style=\"color: #000000;\"><span lang=\"it-IT\">\u00a0che incontra\u00a0<\/span><\/span><\/em><strong><span style=\"color: #000000;\"><span lang=\"it-IT\"><i>Bon Iver<\/i><\/span><\/span><\/strong><em><span style=\"color: #000000;\"><span lang=\"it-IT\">, che incontra\u00a0<\/span><\/span><\/em><strong><span style=\"color: #000000;\"><span lang=\"it-IT\"><i>John Mayer<\/i><\/span><\/span><\/strong><em><span style=\"color: #000000;\"><span lang=\"it-IT\">, che incontra qualunque cosa\u201d<\/span><\/span><\/em><em><span style=\"color: #000000;\"><span lang=\"it-IT\">.<br \/>\nSemplicemente i<\/span><\/span><\/em><span style=\"color: #000000;\"><span lang=\"it-IT\"><b>l meglio tra talentuosit\u00e0 contemporanea, genio creativo e hype<\/b><\/span><\/span><span style=\"color: #000000;\"><span lang=\"it-IT\">.<\/span><\/span><\/p>\n<p align=\"JUSTIFY\"><strong><span style=\"color: #000000;\"><span lang=\"it-IT\">Torino tende la mano verso Roma,<\/span><\/span><\/strong><span style=\"color: #000000;\"><span lang=\"it-IT\">\u00a0in una sorta di gemellaggio tra capitali d\u2019Italia:\u00a0<\/span><\/span><span style=\"color: #000000;\"><span lang=\"it-IT\"><b>misticismo, tradizione, natura e elettronica d\u2019avanguardia<\/b><\/span><\/span><span style=\"color: #000000;\"><span lang=\"it-IT\">\u00a0dominano la scenografia teutonica della ex fabbrica\u00a0<\/span><\/span><span style=\"color: #000000;\"><span lang=\"it-IT\"><b>INCET<\/b><\/span><\/span><span style=\"color: #000000;\"><span lang=\"it-IT\">\u00a0per l&#8217;opening party di\u00a0<\/span><\/span><span style=\"color: #000000;\"><span lang=\"it-IT\"><b>DANZA TRIBALE<\/b><\/span><\/span><span style=\"color: #000000;\"><span lang=\"it-IT\">, l&#8217;ipnotica label capitolina tra le pi\u00f9 interessanti e richieste dell&#8217;intera scena italiana.\u00a0<\/span><\/span><\/p>\n<p align=\"JUSTIFY\"><strong><span style=\"color: #000000;\"><span lang=\"it-IT\">TAMBURI NERI\u00a0<\/span><\/span><\/strong><strong><span style=\"color: #000000;\"><span lang=\"it-IT\">ci conducono<\/span><\/span><\/strong><span style=\"color: #000000;\"><span lang=\"it-IT\">\u00a0in questo paesaggio notturno che nasce sinistro, ma col crescere del beat si fa via via pi\u00f9 coinvolgente e irresistibile<\/span><\/span><strong><span style=\"color: #000000;\"><span lang=\"it-IT\">, tra\u00a0<\/span><\/span><\/strong><strong><span style=\"color: #000000;\"><span lang=\"it-IT\">percussioni ancestrali<\/span><\/span><\/strong><strong><span style=\"color: #000000;\"><span lang=\"it-IT\">, distorsioni lontane, samples vocali di testi metafisici immersi in ambienti volutamente oscuri, vere e proprie immagini visive che si traducono in musica, silenzi e rumori e che ci avvolgono in una nebulosa di poesia e groove.<\/span><\/span><\/strong><span style=\"color: #000000;\"><span lang=\"it-IT\"><br \/>\nLe ultime note sono affidate alla\u00a0<\/span><\/span><span style=\"color: #000000;\"><span lang=\"it-IT\"><b>dj\u00a0<\/b><\/span><\/span><span style=\"color: #000000;\"><span lang=\"it-IT\">e\u00a0<\/span><\/span><span style=\"color: #000000;\"><span lang=\"it-IT\"><b>produttrice<\/b><\/span><\/span><span style=\"color: #000000;\"><span lang=\"it-IT\">\u00a0<\/span><\/span><span style=\"color: #000000;\"><span lang=\"it-IT\"><b>ADIEL<\/b><\/span><\/span><span style=\"color: #000000;\"><span lang=\"it-IT\">\u00a0<wbr \/>dallo stile estremamente originale che abbina sonorit\u00e0 mistiche e profonde ad altre pi\u00f9 dure ed industriali,<\/span><\/span><span style=\"color: #000000;\"><span lang=\"it-IT\"><b>\u00a0<\/b><\/span><\/span><span style=\"color: #000000;\"><span lang=\"it-IT\">dopo aver conquistato la console dei club e\u00a0<\/span><\/span><span style=\"color: #000000;\"><span lang=\"it-IT\"><b>festival pi\u00f9 importanti d\u2019Europa<\/b><\/span><\/span><span style=\"color: #000000;\"><span lang=\"it-IT\">ponendosi in una posizione di assoluto rilievo nel panorama nazionale ed internazionale.\u00a0<\/span><\/span><\/p>\n<p align=\"JUSTIFY\"><span style=\"color: #000000;\"><span lang=\"it-IT\">Provateci a resistere a un evento come questo, a non lasciarvi coinvolgere dall&#8217;euforia e dall&#8217;<\/span><\/span><strong><span style=\"color: #000000;\"><span lang=\"it-IT\">atmosfera empatica dove ognuno di noi pu\u00f2 sentirsi\u00a0<\/span><\/span><\/strong><strong><span style=\"color: #000000;\"><span lang=\"it-IT\">libero di esprimersi<\/span><\/span><\/strong><strong><span style=\"color: #000000;\"><span lang=\"it-IT\">!<\/span><\/span><\/strong><\/p>\n<p align=\"LEFT\"><span style=\"color: #0000ff;\"><span lang=\"it-IT\"><u><b>SABATO 27 AGOSTO 2022<\/b><\/u><\/span><\/span><\/p>\n<p align=\"JUSTIFY\"><span lang=\"it-IT\">Fanno musica strumentale che incorpora\u00a0<\/span><span lang=\"it-IT\"><b>suoni di mezzo pianeta<\/b><\/span><span lang=\"it-IT\">, dai ritmi latini, cumbia, exotica e western alla psichedelia turca, dal funk alla disco, dal surf anni \u201960 al guitar sound anni \u201980, dallo spirito pirotecnico del metal al gusto decorativo del dream pop.\u00a0<\/span><span lang=\"it-IT\">Sono le\u00a0<\/span><span lang=\"it-IT\"><b>LOS BITCHOS<\/b><\/span><span lang=\"it-IT\">, con base a Londra ma arrivano dall\u2019<\/span><span lang=\"it-IT\"><b>Uruguay<\/b><\/span><span lang=\"it-IT\">, dall\u2019<\/span><span lang=\"it-IT\"><b>Australia<\/b><\/span><span lang=\"it-IT\">\u00a0e dalla\u00a0<\/span><span lang=\"it-IT\"><b>Svezia<\/b><\/span><span lang=\"it-IT\">, e il loro primo fan \u00e8<\/span><span lang=\"it-IT\"><b>\u00a0Alex Kapranos dei Franz Ferdinand<\/b><\/span><span lang=\"it-IT\">.<\/span><\/p>\n<p align=\"JUSTIFY\"><span lang=\"it-IT\">Sul palco di\u00a0<\/span><span lang=\"it-IT\"><b>TOdays<\/b><\/span><span lang=\"it-IT\">\u00a0sentirete grida di gioia, \u201c<\/span><span lang=\"it-IT\"><i>yeah<\/i><\/span><span lang=\"it-IT\">\u201d, \u201c<\/span><span lang=\"it-IT\"><i>woo-hoo<\/i><\/span><span lang=\"it-IT\">\u201d, cori estatici e quella sensazione d&#8217;euforia condivisa che la loro musica trasmette ogni istante.<\/span><\/p>\n<p align=\"JUSTIFY\"><span lang=\"it-IT\">Ed \u00e8 con gli\u00a0<\/span><span lang=\"it-IT\"><b>SQUID<\/b><\/span><span lang=\"it-IT\">\u00a0che il rock si fa ancora pi\u00f9 avventuroso e eclettico: da Brighton al palco di\u00a0<\/span><span lang=\"it-IT\"><b>TOdays\u00a0<\/b><\/span><span lang=\"it-IT\">a\u00a0<\/span><span lang=\"it-IT\"><b>sPAZIO211<\/b><\/span><span lang=\"it-IT\">, beat elettronici in crescendo, aperture noise, cenni jazz, ambient per soli fiati, chitarrismi in tempi dispari, messaggi disparati dei testi che svariano dall\u2019apocalittico al sarcastico, e senso di sfida del post punk, quando ancora lo chiamavamo new wave.<\/span><\/p>\n<p align=\"JUSTIFY\"><span style=\"color: #000000;\">Passano dalla rivisitazione nostalgica e melanconica del post-punk e della\u00a0<\/span><em><span style=\"color: #000000;\">wave\u00a0<\/span><\/em><span style=\"color: #000000;\">sovietica, i\u00a0<\/span><strong><span style=\"color: #000000;\">\u041c\u043e\u043b\u0447\u0430\u0442\u0434\u043e\u043c\u0430 (<\/span><\/strong><strong><span style=\"color: #000000;\">MOLCHAT DOMA<\/span><\/strong><strong><span style=\"color: #000000;\">),<\/span><\/strong><span style=\"color: #000000;\">\u00a0sorprendentemente emersi come uno dei maggiori fenomeni nel panorama indie degli ultimi anni, in particolare facendo breccia nella\u00a0<\/span><em><span style=\"color: #000000;\">YouTube-core generation<\/span><\/em><span style=\"color: #000000;\">. Il loro nome significa \u201c<\/span><span style=\"color: #000000;\"><i><b>le case tacciono<\/b><\/i><\/span><span style=\"color: #000000;\">\u201d, cantano il dolore, l\u2019alienazione e suonano duri, spaziali e freddi come la terra da cui provengono.\u00a0<\/span><\/p>\n<p align=\"JUSTIFY\"><em><span style=\"color: #000000;\"><span lang=\"it-IT\">E&#8217; invece\u00a0<\/span><\/span><\/em><em><span style=\"color: #000000;\"><span lang=\"it-IT\"><b>musica celestiale<\/b><\/span><\/span><\/em><em><span style=\"color: #000000;\"><span lang=\"it-IT\">\u00a0quella del polistrumentista e compositore francese\u00a0<\/span><\/span><\/em><em><span style=\"color: #000000;\"><span lang=\"it-IT\"><b>FKJ\u00a0<\/b><\/span><\/span><\/em><em><span style=\"color: #000000;\"><span lang=\"it-IT\">aka\u00a0<\/span><\/span><\/em><em><span style=\"color: #000000;\"><span lang=\"it-IT\"><b>French Kiwi Juice<\/b><\/span><\/span><\/em><em><span style=\"color: #000000;\"><span lang=\"it-IT\">. Lo spettacolo non sta solo nella sua abilit\u00e0 nel saper suonare chitarra, basso, tastiere, organi, sassofoni e loop station, ma l\u2019aspetto incredibile del suo live sta nel far vedere agli spettatori\u00a0<\/span><\/span><\/em><em><span style=\"color: #000000;\"><span lang=\"it-IT\"><b>cosa \u00e8 davvero la Musica<\/b><\/span><\/span><\/em><em><span style=\"color: #000000;\"><span lang=\"it-IT\">. Assistiamo a una sorta di lezione di anatomia musicale. Come nel famoso dipinto di Rembrandt, noi tutti ci riuniamo attorno al palco a vedere il nostro dottor Tulp che ci mostra cosa compone un pezzo musicale. Dopo, non si torna indietro!\u00a0<\/span><\/span><\/em><\/p>\n<p align=\"JUSTIFY\">Una volta si diceva\u00a0<em><span style=\"color: #000000;\"><span lang=\"it-IT\">\u201cTorino \u00e8 la seconda pi\u00f9 grande citt\u00e0 del Sud Italia\u201d<\/span><\/span><\/em><em><span style=\"color: #000000;\"><span lang=\"it-IT\">\u00a0e allora\u00a0<\/span><\/span><\/em><em><span style=\"color: #000000;\"><span lang=\"it-IT\"><b>TOdays<\/b><\/span><\/span><\/em><em><span style=\"color: #000000;\"><span lang=\"it-IT\">\u00a0omaggia<\/span><\/span><\/em><strong><span style=\"color: #000000;\"><span lang=\"it-IT\">\u00a0la\u00a0<\/span><\/span><\/strong><strong><span style=\"color: #000000;\"><span lang=\"it-IT\"><b>Napol<wbr \/>i<\/b><\/span><\/span><\/strong><strong><span style=\"color: #000000;\"><span lang=\"it-IT\">\u00a0pi\u00f9 sotterranea, lontana dalle luci della ribalta<\/span><\/span><\/strong><em><span style=\"color: #000000;\"><span lang=\"it-IT\">, alimentata dalle radici del passato con uno sguardo sul futuro, con il party di\u00a0<\/span><\/span><\/em><em><span style=\"color: #000000;\"><span lang=\"it-IT\"><b>PERIODICA<\/b><\/span><\/span><\/em><em><span style=\"color: #000000;\"><span lang=\"it-IT\">\u00a0<\/span><\/span><\/em><em><span style=\"color: #000000;\"><span lang=\"it-IT\"><b>Records<\/b><\/span><\/span><\/em><em><span style=\"color: #000000;\"><span lang=\"it-IT\">, la label partenopea che racconta la voglia di sperimentalit\u00e0, fascinazione e ripescaggio dalla enorme e molto varia cultura cittadina della fine degli anni settanta e dei primi anni ottanta. Gli anni, cio\u00e8, della nascita del\u00a0<\/span><\/span><\/em><em><span style=\"color: #000000;\"><span lang=\"it-IT\"><i><b>Neapolitan Power<\/b><\/i><\/span><\/span><\/em><em><span style=\"color: #000000;\"><span lang=\"it-IT\">, di quando la musica nera arriva in Italia a fondersi con la nostra tradizione cantautorale e Napoli diventa una giungla mistica!<\/span><\/span><\/em><\/p>\n<p align=\"JUSTIFY\"><em><span style=\"color: #000000;\"><span lang=\"it-IT\">Apre le danze\u00a0<\/span><\/span><\/em><em><span style=\"color: #000000;\"><span lang=\"it-IT\"><b>WHODAMANNY,\u00a0<\/b><\/span><\/span><\/em><em><span style=\"color: #000000;\"><span lang=\"it-IT\">artista affezionato al sound analogico tanto da farne il proprio vessillo, dal sound caldo e vintage che esce dalle drum machine e dai synth andando a creare una musica non catalogabile, pregna di synth cosmici, funk e jazz.\u00a0<\/span><\/span><\/em><\/p>\n<p align=\"JUSTIFY\"><em><span style=\"color: #000000;\"><span lang=\"it-IT\">Ed \u00e8 attorno a\u00a0<\/span><\/span><\/em><em><span style=\"color: #000000;\"><span lang=\"it-IT\"><b>MYSTIC JUNGLE<\/b><\/span><\/span><\/em><em><span style=\"color: #000000;\"><span lang=\"it-IT\">, il\u00a0<\/span><\/span><\/em><em><span style=\"color: #000000;\"><span lang=\"it-IT\">musicista che non vuole confini o etichette e che si muove sapientemente tra disco, electro boogie, synth cosmici e linee di basso plastiche, che\u00a0<\/span><\/span><\/em><em><span style=\"color: #000000;\"><span lang=\"it-IT\">ruota il collettivo di artisti, produttori e promoter campani che stanno facendo tremare la citt\u00e0.<\/span><\/span><\/em><em><span style=\"color: #000000;\"><span lang=\"it-IT\"><br \/>\n<\/span><\/span><\/em><\/p>\n<p lang=\"it-IT\" align=\"LEFT\"><span style=\"color: #0000ff;\"><u><b>DOMENICA 28 AGOSTO 2022<\/b><\/u><\/span><\/p>\n<p align=\"JUSTIFY\"><span style=\"color: #000000;\">Il risveglio dei nostri corpi, il contatto, il\u00a0<\/span><em><span style=\"color: #000000;\">groove<\/span><\/em><span style=\"color: #000000;\">\u00a0che si inarca nella spina dorsale&#8230;arriva in\u00a0<\/span><span style=\"color: #000000;\"><b>data unica nazionale<\/b><\/span><span style=\"color: #000000;\">\u00a0a\u00a0<\/span><span style=\"color: #000000;\"><b>Torino\u00a0<\/b><\/span><span style=\"color: #000000;\">Il duo scozzese\u00a0<\/span><span style=\"color: #000000;\"><b>ARAB STRAP<\/b><\/span><span style=\"color: #000000;\">, e sorprendono per quanto riescono a mantenere alta la tensione e la qualit\u00e0 e col loro carisma ci tengono voluttuosamente ancorati alle radici e alla terra. Indubbiamente\u00a0<\/span><span style=\"color: #000000;\">u<\/span><span style=\"color: #000000;\">n<\/span><span style=\"color: #000000;\">o dei gruppi pi\u00f9\u00a0<\/span><span style=\"color: #000000;\"><b>intriganti, dirompenti e apprezzati\u00a0<\/b><\/span><span style=\"color: #000000;\">dello scenario indipendente oltreoceano, con un sound t<\/span><span style=\"color: #000000;\">ra desiderio, disperazione e fatalismo, che ci invita come ascoltatori a risvegiiare i nostri sensi intorpiditi, a muoverci coi beat.\u00a0<\/span><span style=\"color: #000000;\"><br \/>\n<\/span><span style=\"color: #000000;\"><b>Chitarre soniche<\/b><\/span><span style=\"color: #000000;\">\u00a0e\u00a0<\/span><span style=\"color: #000000;\"><b>melodie sognanti<\/b><\/span><span style=\"color: #000000;\">, a\u00a0<\/span><span style=\"color: #000000;\"><b>TOdays<\/b><\/span><span style=\"color: #000000;\">\u00a0finalmente la band newyorchese\u00a0<\/span><span style=\"color: #000000;\"><b>DIIV<\/b><\/span><span style=\"color: #000000;\">\u00a0che presenta il nuovo album dedicato tutto al tema della\u00a0<\/span><span style=\"color: #000000;\"><b>rinascita<\/b><\/span><span style=\"color: #000000;\">:\u00a0<\/span><span style=\"color: #000000;\">una vibrazione sottile, elettrica e inquietante, che ci prende in modo ipnotico con una pioggia di accordi in minore. T<\/span><span style=\"color: #000000;\">ra le band pi\u00f9 apprezzate degli\u00a0<\/span><span style=\"color: #000000;\"><i>anni dieci<\/i><\/span><span style=\"color: #000000;\">\u00a0e in pole position per divenire un\u2019eccellenza assoluta in questo decennio successivo.\u00a0<\/span><\/p>\n<p align=\"JUSTIFY\">E poi, scommettiamo che il 2022 sar\u00e0 l&#8217;anno degli\u00a0<b>YARD ACT<\/b>?<\/p>\n<p align=\"JUSTIFY\">Cantastorie inglesi un po&#8217; matti, dal piglio ironico e dai testi anticapitalisti, che cantano d&#8217;illusioni e ricchi ansiosi, un esordio destinato a rimanere e u<span style=\"color: #212121;\">n live elettrizzante, che mette sotto pressione nell\u2019adattarsi perfettamente alla forza che sprigiona.\u00a0<\/span><\/p>\n<p align=\"JUSTIFY\"><span lang=\"it-IT\">Infine in\u00a0<\/span><span lang=\"it-IT\"><b>data unica italiana<\/b><\/span><span lang=\"it-IT\">\u00a0a\u00a0<\/span><span lang=\"it-IT\"><b>TOdays, i\u00a0<\/b><\/span><span lang=\"it-IT\">portabandiera dell&#8217;<\/span><span lang=\"it-IT\"><b>acid-rock<\/b><\/span><span lang=\"it-IT\">\u00a0in salsa britannica,\u00a0<\/span><span lang=\"it-IT\"><b>PRIMAL SCREAM<\/b><\/span><span lang=\"it-IT\">celebrano dal vivo il loro album pietra miliare\u00a0<\/span><span lang=\"it-IT\"><b>Screamadelica<\/b><\/span><span lang=\"it-IT\">\u00a0in occasione del\u00a0<\/span><span lang=\"it-IT\"><b>trentennale della sua uscita<\/b><\/span><span lang=\"it-IT\">: un mix di\u00a0<\/span><span lang=\"it-IT\"><b>rock, techno<\/b><\/span><span lang=\"it-IT\">\u00a0e\u00a0<\/span><span lang=\"it-IT\"><b>dance<\/b><\/span><span lang=\"it-IT\">, cavalcando prima l&#8217;era della darkwave, poi del revival psichedelico degli shoegazer e approdando infine all&#8217;era della &#8220;<\/span><span lang=\"it-IT\"><b>chemical generation<\/b><\/span><span lang=\"it-IT\">&#8220;. La formazione storica di\u00a0<\/span><span lang=\"it-IT\"><b>Bobby\u00a0<\/b><\/span><span style=\"color: #000000;\"><span lang=\"it-IT\"><b>Gillespie<\/b><\/span><\/span><span style=\"color: #000000;\"><span lang=\"it-IT\">\u00a0si conferma tra i\u00a0<\/span><\/span><span style=\"color: #000000;\"><span lang=\"it-IT\"><b>mostri sacri dello scenario musicale europeo contemporaneo<\/b><\/span><\/span><span style=\"color: #000000;\"><span lang=\"it-IT\">, senza malinconiche nostalgie, bens\u00ec con lo sguardo sempre rivolto sul presente e di<\/span><\/span><span style=\"color: #000000;\"><span lang=\"it-IT\">ffondendo nel&#8217;etere le ultime note di\u00a0<\/span><\/span><span style=\"color: #000000;\"><span lang=\"it-IT\">un festival che si preannuncia\u00a0<\/span><\/span><span style=\"color: #000000;\"><span lang=\"it-IT\"><b>al fulmicotone<\/b><\/span><\/span><span style=\"color: #000000;\"><span lang=\"it-IT\">, e dove cio che rimarr\u00e0 sar\u00e0 ritmo e sentimento.\u00a0<\/span><\/span><span style=\"color: #000000;\"><span lang=\"it-IT\"><b>Una di quelle c<\/b><\/span><\/span><span style=\"color: #000000;\"><span lang=\"it-IT\"><b>ose che capitano una volta nella vita.<\/b><\/span><\/span><\/p>\n<p lang=\"it-IT\" align=\"CENTER\"><i><b><br \/>\n<span style=\"color: #ff3333;\">I PARTNER<\/span><\/b><\/i><\/p>\n<p align=\"JUSTIFY\"><span lang=\"it-IT\"><b>TODAYS\u00a0<\/b><\/span><span lang=\"it-IT\">\u00e8 un prog<\/span><span lang=\"it-IT\">etto della\u00a0<\/span><span lang=\"it-IT\"><b>CITT\u00c0 DI TORINO\u00a0<\/b><\/span><span lang=\"it-IT\">realizzato da\u00a0<\/span><span lang=\"it-IT\"><b>FONDAZIONE PER LA CULTURA TORINO\u00a0<\/b><\/span><span style=\"color: #000000;\"><span lang=\"it-IT\">in partnership con<\/span><\/span><span style=\"color: #000000;\"><span lang=\"it-IT\"><b>\u00a0IREN<\/b><\/span><\/span><span style=\"color: #000000;\"><span lang=\"it-IT\">, e sostenuto fin dagli esordi<\/span><\/span><span style=\"color: #000000;\"><span lang=\"it-IT\"><b>\u00a0<\/b><\/span><\/span><span style=\"color: #000000;\"><span lang=\"it-IT\">da<\/span><\/span><span style=\"color: #000000;\"><span lang=\"it-IT\"><b>\u00a0<\/b><\/span><\/span><span lang=\"it-IT\"><b>FONDAZIONE COMPAGNIA DI SAN PAOLO\u00a0<\/b><\/span><span lang=\"it-IT\">e<\/span><span lang=\"it-IT\"><b>FONDAZIONE CRT.<\/b><\/span><\/p>\n<p align=\"JUSTIFY\"><span lang=\"it-IT\">Tra gli\u00a0<\/span><span lang=\"it-IT\"><b>SPONSOR\u00a0<\/b><\/span><span lang=\"it-IT\">che sostengono il festival<\/span><span lang=\"it-IT\"><b>\u00a0KOZEL, ROCK BURGER<\/b><\/span><span lang=\"it-IT\">\u00a0e<\/span><span lang=\"it-IT\"><b>\u00a0EATALY TORINO LINGOTTO.\u00a0<\/b><\/span><span lang=\"it-IT\"><b><br \/>\n<\/b><\/span><span lang=\"it-IT\"><b><br \/>\n<\/b><\/span><span lang=\"it-IT\">Anche quest&#8217;anno sar\u00e0 media partner del festival\u00a0<\/span><span lang=\"it-IT\"><b>EUROSONIC (EBU)<\/b><\/span><span lang=\"it-IT\">, il pi\u00f9 grande network professionale di radio e televisioni pubbliche del mondo, gia partner dei pi\u00f9 importanti festival come\u00a0<\/span><span lang=\"it-IT\"><i>Sonar, Roskilde, Benicassim, Montreux<\/i><\/span><span lang=\"it-IT\">. Eurosonic registrer\u00e0 e distribuir\u00e0 i principali concerti di TODAYS in oltre\u00a0<\/span><span lang=\"it-IT\"><b>70 nazioni\u00a0<\/b><\/span><span lang=\"it-IT\">con circa\u00a0<\/span><span lang=\"it-IT\"><b>500 milioni di ascoltatori potenziali<\/b><\/span><span lang=\"it-IT\">.<\/p>\n<p>Sostiene il festival anche<\/span><span lang=\"it-IT\">\u00a0<\/span><span lang=\"it-IT\">la storica\u00a0<\/span><span lang=\"it-IT\">emittente radiofonica\u00a0<\/span><span lang=\"it-IT\"><b>RAI RADIO 2,<\/b><\/span><span lang=\"it-IT\">\u00a0e le rinnovate m<\/span><span lang=\"it-IT\">edia partnership con\u00a0<\/span><span lang=\"it-IT\"><b>ROLLING STONE\u00a0<\/b><\/span><span lang=\"it-IT\">e\u00a0<\/span><span lang=\"it-IT\"><b>RUMORE<\/b><\/span><span lang=\"it-IT\">, cos\u00ec come<\/span><span lang=\"it-IT\"><b>\u00a0ONDAROCK\u00a0<\/b><\/span><span lang=\"it-IT\">e<\/span><span lang=\"it-IT\"><b>\u00a0INFINITE JEST<\/b><\/span><span lang=\"it-IT\">.<\/span><\/p>\n<p align=\"JUSTIFY\"><strong><span style=\"color: #000000;\"><span lang=\"it-IT\"><img decoding=\"async\" class=\"CToWUd aligncenter\" src=\"https:\/\/ci4.googleusercontent.com\/proxy\/pWYW70tAdA8oltIagtGMp2kSiAjpQ0Q1SNTXvVOZG0KVX1ZNONqsOC6zy8wBflYOCC5Io6uvjJSVGnaE-MW3Jj1zXQkkFZJ0bYhOG5EGg_k1cNkALy33Ifgy9SbzTB3-rlZBWgR_TJ_BEudJ2Dsrs_hvSbY6yUhFlfoqNoi4qRlW=s0-d-e1-ft#https:\/\/jalamediaactivities.img.musvc2.net\/static\/141628\/assets\/1\/Schermata%202022-04-14%20alle%2010.26.17.png\" alt=\"\" \/><\/span><\/span><\/strong><\/p>\n<p align=\"CENTER\"><span lang=\"it-IT\">scopri tutto il festival su:\u00a0<\/span><span lang=\"it-IT\"><br \/>\n<\/span><span lang=\"it-IT\"><b><a href=\"http:\/\/www.todaysfestival.com\/\" target=\"_blank\" rel=\"noopener noreferrer\" data-saferedirecturl=\"https:\/\/www.google.com\/url?q=http:\/\/www.todaysfestival.com&amp;source=gmail&amp;ust=1650103817872000&amp;usg=AOvVaw09CTCdUq-PrtM1lntAqe-i\">www.todaysfestival.com<\/a><br \/>\nfacebook:\u00a0<\/b><\/span><span lang=\"it-IT\"><a href=\"http:\/\/www.facebook.com\/TOdaysfestival\" target=\"_blank\" rel=\"noopener noreferrer\" data-saferedirecturl=\"https:\/\/www.google.com\/url?q=http:\/\/www.facebook.com\/TOdaysfestival&amp;source=gmail&amp;ust=1650103817872000&amp;usg=AOvVaw2xPv0qLovnPtLRbCNYb_t9\">www.facebook.com\/<wbr \/>TOdaysfestival<\/a>\u00a0<\/span><span lang=\"it-IT\"><b><br \/>\n<\/b><\/span><span lang=\"it-IT\"><b>twitter:\u00a0<\/b><\/span><span lang=\"it-IT\"><a href=\"http:\/\/www.twitter.com\/TOdaysfestival\" target=\"_blank\" rel=\"noopener noreferrer\" data-saferedirecturl=\"https:\/\/www.google.com\/url?q=http:\/\/www.twitter.com\/TOdaysfestival&amp;source=gmail&amp;ust=1650103817873000&amp;usg=AOvVaw2c8381iI1-Gx3dyBZPA_sn\">www.twitter.com\/<wbr \/>TOdaysfestival<\/a>\u00a0<\/span><span lang=\"it-IT\"><b><br \/>\n<\/b><\/span><span lang=\"it-IT\"><b>instagram<\/b><\/span><span lang=\"it-IT\"><b>:\u00a0<\/b><\/span><span lang=\"it-IT\"><a href=\"http:\/\/www.instagram.com\/todaysfestival\" target=\"_blank\" rel=\"noopener noreferrer\" data-saferedirecturl=\"https:\/\/www.google.com\/url?q=http:\/\/www.instagram.com\/todaysfestival&amp;source=gmail&amp;ust=1650103817873000&amp;usg=AOvVaw1_fwbbwAUJDvezI4KLf8no\">www.instagram.com\/<wbr \/>todaysfestival<\/a>\u00a0<\/span><span lang=\"it-IT\"><b><br \/>\n<\/b><\/span><span lang=\"it-IT\"><b>spotify<\/b><\/span><span lang=\"it-IT\"><b>:\u00a0<\/b><\/span><span lang=\"it-IT\"><a href=\"https:\/\/open.spotify.com\/user\/todaysfestival\" target=\"_blank\" rel=\"noopener noreferrer\" data-saferedirecturl=\"https:\/\/www.google.com\/url?q=https:\/\/open.spotify.com\/user\/todaysfestival&amp;source=gmail&amp;ust=1650103817873000&amp;usg=AOvVaw2eF1HEaaRP1Erf0DYMPEcX\">https:\/\/open.spotify.<wbr \/>com\/user\/todaysfestival<\/a><\/span><\/p>\n<p align=\"CENTER\"><span lang=\"it-IT\"><b><br \/>\npartecipa all&#8217;evento Facebook TODAYS:<br \/>\n<a href=\"http:\/\/bit.ly\/TOdays22\" target=\"_blank\" rel=\"noopener noreferrer\" data-saferedirecturl=\"https:\/\/www.google.com\/url?q=http:\/\/bit.ly\/TOdays22&amp;source=gmail&amp;ust=1650103817873000&amp;usg=AOvVaw2xhSgvqGqq7oYypFo4GPHq\">bit.ly\/TOdays22<\/a><\/b><\/span><\/p>\n<p align=\"CENTER\"><span style=\"color: #ff3333;\"><u><span lang=\"it-IT\"><b>BIGLIETTERIA\u00a0<\/b><\/span><span lang=\"it-IT\"><b>ONLINE<\/b><\/span><\/u><\/span><\/p>\n<p align=\"CENTER\"><span lang=\"it-IT\"><b>biglietto singolo ingresso a sPAZIO211: 32 Euro + dp\u00a0<\/b><\/span><\/p>\n<p align=\"CENTER\"><span lang=\"it-IT\"><b>\u00a0<\/b><\/span><span lang=\"it-IT\"><b>b<\/b><\/span><span style=\"color: #000000;\"><span lang=\"it-IT\"><b>iglietto singolo ingresso a INCET: 10 Euro + dp<\/b><\/span><\/span><\/p>\n<p align=\"CENTER\"><span lang=\"it-IT\"><b>abbonamento 3 giorni (26, 27, 28\/8): 95 Euro + dp<\/p>\n<p>apertura porte sPAZIO211: ore 18:00<br \/>\n<\/b><\/span><\/p>\n<p align=\"CENTER\"><span lang=\"it-IT\"><b>inizio live: ore 18:30 \/ fine live: ore 00:00<\/p>\n<p>apertura porte ex fabbrica INCET: ore 23:00<br \/>\n<\/b><\/span><\/p>\n<p align=\"CENTER\"><span lang=\"it-IT\"><b>inizio live: ore 00:00 \/ fine live: ore 02:00<br \/>\n<\/b><\/span><\/p>\n<p align=\"CENTER\"><span style=\"color: #ff3333;\"><span lang=\"it-IT\"><u><b>prevendite biglietti singoli ed abbonamenti:\u00a0<a href=\"http:\/\/dice.fm\/\" target=\"_blank\" rel=\"noopener noreferrer\" data-saferedirecturl=\"https:\/\/www.google.com\/url?q=http:\/\/DICE.FM&amp;source=gmail&amp;ust=1650103817873000&amp;usg=AOvVaw23SPJMpdlk_j6dKDLjhGin\">DICE.FM<\/a>\u00a0dalle ore 12 del 14 aprile\u00a0<\/b><\/u><\/span><\/span><\/p>\n<p align=\"CENTER\">\n<p align=\"CENTER\">\n","protected":false},"excerpt":{"rendered":"<div class=\"mh-excerpt\"><p>TORINO 26 &#8211; 27- 28 AGOSTO 2022 C&#8217;\u00e8 chi disegna confini, noi vediamo\u00a0solo nuovo orizzonti&#8230;. TASH SULTANA DIJON HURRAY FOR THE RIFF RAFF GEESE FKJ <a class=\"mh-excerpt-more\" href=\"https:\/\/www.piuomenopop.it\/index.php\/2022\/04\/15\/todays-festival-annuncia-la-settimana-edizione-e-lintero-cartellone-torino-dal-26-al-28-agosto-2022\/\" title=\"TODAYS FESTIVAL annuncia la settimana edizione e l&#8217;intero cartellone: TORINO, dal 26 al 28 agosto 2022\">[&#8230;]<\/a><\/p>\n<\/div>","protected":false},"author":2,"featured_media":72198,"comment_status":"closed","ping_status":"closed","sticky":false,"template":"","format":"standard","meta":{"sfsi_plus_gutenberg_text_before_share":"","sfsi_plus_gutenberg_show_text_before_share":"","sfsi_plus_gutenberg_icon_type":"","sfsi_plus_gutenberg_icon_alignemt":"","sfsi_plus_gutenburg_max_per_row":"","footnotes":"","_links_to":"","_links_to_target":""},"categories":[5184],"tags":[3209],"class_list":["post-72197","post","type-post","status-publish","format-standard","has-post-thumbnail","hentry","category-calendario-concerti","tag-todays-festival"],"aioseo_notices":[],"_links":{"self":[{"href":"https:\/\/www.piuomenopop.it\/index.php\/wp-json\/wp\/v2\/posts\/72197","targetHints":{"allow":["GET"]}}],"collection":[{"href":"https:\/\/www.piuomenopop.it\/index.php\/wp-json\/wp\/v2\/posts"}],"about":[{"href":"https:\/\/www.piuomenopop.it\/index.php\/wp-json\/wp\/v2\/types\/post"}],"author":[{"embeddable":true,"href":"https:\/\/www.piuomenopop.it\/index.php\/wp-json\/wp\/v2\/users\/2"}],"replies":[{"embeddable":true,"href":"https:\/\/www.piuomenopop.it\/index.php\/wp-json\/wp\/v2\/comments?post=72197"}],"version-history":[{"count":1,"href":"https:\/\/www.piuomenopop.it\/index.php\/wp-json\/wp\/v2\/posts\/72197\/revisions"}],"predecessor-version":[{"id":72199,"href":"https:\/\/www.piuomenopop.it\/index.php\/wp-json\/wp\/v2\/posts\/72197\/revisions\/72199"}],"wp:featuredmedia":[{"embeddable":true,"href":"https:\/\/www.piuomenopop.it\/index.php\/wp-json\/wp\/v2\/media\/72198"}],"wp:attachment":[{"href":"https:\/\/www.piuomenopop.it\/index.php\/wp-json\/wp\/v2\/media?parent=72197"}],"wp:term":[{"taxonomy":"category","embeddable":true,"href":"https:\/\/www.piuomenopop.it\/index.php\/wp-json\/wp\/v2\/categories?post=72197"},{"taxonomy":"post_tag","embeddable":true,"href":"https:\/\/www.piuomenopop.it\/index.php\/wp-json\/wp\/v2\/tags?post=72197"}],"curies":[{"name":"wp","href":"https:\/\/api.w.org\/{rel}","templated":true}]}}