{"id":72291,"date":"2022-04-21T15:51:41","date_gmt":"2022-04-21T13:51:41","guid":{"rendered":"https:\/\/www.piuomenopop.it\/?p=72291"},"modified":"2022-04-21T16:06:10","modified_gmt":"2022-04-21T14:06:10","slug":"alice-phoebe-lou-dal-vivo-in-italia-e-in-svizzera-per-tre-speciali-concerti-nel-mese-di-luglio","status":"publish","type":"post","link":"https:\/\/www.piuomenopop.it\/index.php\/2022\/04\/21\/alice-phoebe-lou-dal-vivo-in-italia-e-in-svizzera-per-tre-speciali-concerti-nel-mese-di-luglio\/","title":{"rendered":"ALICE PHOEBE LOU DAL VIVO IN ITALIA E IN SVIZZERA"},"content":{"rendered":"<div>\n<p>L\u2019artista sudafricana annuncia tre speciali concerti nell\u2019ambito del suo tour europeo. Alice sar\u00e0\u00a0<strong>sabato 23 luglio al ROAM Festival di Lugano,<\/strong>\u00a0<strong>mercoled\u00ec 27 luglio all\u2019Eur Social Park di Roma<\/strong>\u00a0<strong>e sabato 30 luglio a Rocca Calascio (AQ)<\/strong>\u00a0<strong>nell\u2019ambito della rassegna Paesaggi Sonori<\/strong>. Le prevendite per i tre show saranno disponibili a partire da\u00a0<strong>venerd\u00ec 22 aprile alle ore 14.00<\/strong>. I biglietti per la data di Lugano saranno acquistabili su Biglietteria.ch mentre\u00a0quelli per la data di Roma su DICE.\u00a0Le prevendite per la data di Calascio saranno invece disponibili solo su\u00a0<u>Ciaotickets<\/u>.<\/p>\n<p>Alice Phoebe Lou si \u00e8 trasferita a Berlino per diventare una musicista di strada professionista nel 2013. Un anno dopo, grazie ai soldi guadagnati suonando per le strade di Berlino, ha autoprodotto il suo EP di debutto\u00a0<strong><em>Momentum<\/em><\/strong>. Da allora ha pubblicato 4 LP in studio, 2 LP dal vivo, 1 EP e alcuni singoli come artista indipendente. Non contaminata dall&#8217;ambizione commerciale, Alice si esibisce ancora per strada, quando le circostanze lo consentono e non si trova in tourn\u00e9e.<\/p>\n<p>Alice e la sua band si sono esibite in 102 spettacoli nel corso del 2019. Durante lo stop delle tourn\u00e9e del 2020, Alice ha deciso di aprire a Berlino uno studio con i suoi amici musicisti, per avere un luogo dove poter lavorare sulla loro musica e sviluppare collettivamente le proprie abilit\u00e0 di produzione delle proprie registrazioni.<\/p>\n<p>Il 19 marzo 2021 l\u2019artista ha pubblicato il suo terzo LP in studio come artista indipendente,\u00a0<strong><em>Glow.<\/em><\/strong>\u00a0Un&#8217;opera mozzafiato, piena di canzoni viscerali, in cui Alice ha articolato i pensieri e le emozioni pi\u00f9 profonde.<\/p>\n<p>Con il tour ancora fermo a livello globale e uno studio in cui lavorare ogni giorno, Alice si \u00e8 trovate presto pronta per registrare un nuovo album. Lei e le sue migliori amiche e partner musicali Ziv e Daklis si sono recate nella bellissima British Columbia per fare un disco con David Parry, lo stesso produttore di\u00a0<strong><em>Glow<\/em><\/strong><em>: il processo \u00e8 stato semplice e intuitivo, utilizzando un registratore a 8 tracce. Cos\u00ec abituati l&#8217;uno all&#8217;altro dai tempi della registrazione di Glow, \u00e8 stato facile e divertente, abbiamo lavorato instancabilmente concludendo l\u2019album in poco tempo.<\/em><\/p>\n<p>Da sessioni di registrazione sull&#8217;isola di Vancouver, \u00e8 nata\u00a0<strong><em>Child&#8217;s Play<\/em><\/strong>. Alice ha deciso che questa sarebbe stata una pubblicazione a sorpresa, un inaspettato regalo di fine anno per suoi fan. Cos\u00ec, senza preavviso, il 2 dicembre del 2021 l\u2019artista ha pubblicato l&#8217;album a livello globale, per il\u00a0<em>divertimento<\/em> di tutti. Presto arriver\u00e0 anche nuova musica.<\/p>\n<\/div>\n<div style=\"text-align: center;\"><strong>23 luglio 2022<\/strong>\u00a0&#8211; ROAM Festival \u2013\u00a0<strong>Lugano<\/strong><br \/>\nBiglietti:<br \/>\nIntero: CHF 15,00 + prev.<br \/>\nRidotto*: CHF 12,00 + prev.<\/p>\n<p style=\"text-align: center;\"><strong>27 luglio 2022 &#8211;<\/strong>\u00a0Eur Social Park \u2013\u00a0<strong>Roma<\/strong><br \/>\nBiglietti: euro 18,00 + prev.<\/p>\n<p style=\"text-align: center;\"><strong>30 luglio 2022<\/strong>\u00a0&#8211; Paesaggi Sonori &#8211;\u00a0<strong>Calascio (AQ)\u00a0<\/strong><br \/>\nBiglietti: euro 25,00 + prev.<\/p>\n<p style=\"text-align: center;\">Prevendite disponibili a partire dalle ore 14.00<br \/>\ndi venerd\u00ec 22 aprile<br \/>\nInfo:\u00a0<a href=\"https:\/\/gmail.us20.list-manage.com\/track\/click?u=bf39c9c6ac5f14a8e5ea0cb4e&amp;id=b0e203978e&amp;e=011dbb6793\" target=\"_blank\" rel=\"noopener noreferrer\" data-saferedirecturl=\"https:\/\/www.google.com\/url?q=https:\/\/gmail.us20.list-manage.com\/track\/click?u%3Dbf39c9c6ac5f14a8e5ea0cb4e%26id%3Db0e203978e%26e%3D011dbb6793&amp;source=gmail&amp;ust=1650635348048000&amp;usg=AOvVaw2D9Ln15tM8h4JdWOKwyTn9\">www.bpmconcerti.com<\/a><\/p>\n<p style=\"text-align: center;\">*<u>\u00a0Riservato a MyLugano Card e MyLugano Pass<\/u><\/p>\n<\/div>\n","protected":false},"excerpt":{"rendered":"<div class=\"mh-excerpt\"><p>L\u2019artista sudafricana annuncia tre speciali concerti nell\u2019ambito del suo tour europeo. Alice sar\u00e0\u00a0sabato 23 luglio al ROAM Festival di Lugano,\u00a0mercoled\u00ec 27 luglio all\u2019Eur Social Park <a class=\"mh-excerpt-more\" href=\"https:\/\/www.piuomenopop.it\/index.php\/2022\/04\/21\/alice-phoebe-lou-dal-vivo-in-italia-e-in-svizzera-per-tre-speciali-concerti-nel-mese-di-luglio\/\" title=\"ALICE PHOEBE LOU DAL VIVO IN ITALIA E IN SVIZZERA\">[&#8230;]<\/a><\/p>\n<\/div>","protected":false},"author":38,"featured_media":69281,"comment_status":"closed","ping_status":"closed","sticky":false,"template":"","format":"standard","meta":{"sfsi_plus_gutenberg_text_before_share":"","sfsi_plus_gutenberg_show_text_before_share":"","sfsi_plus_gutenberg_icon_type":"","sfsi_plus_gutenberg_icon_alignemt":"","sfsi_plus_gutenburg_max_per_row":"","footnotes":"","_links_to":"","_links_to_target":""},"categories":[5184],"tags":[4153,12814,12813,9195],"class_list":["post-72291","post","type-post","status-publish","format-standard","has-post-thumbnail","hentry","category-calendario-concerti","tag-alice-phoebe-lou","tag-eur-social-park","tag-paesaggi-sonori","tag-roam-festival"],"aioseo_notices":[],"_links":{"self":[{"href":"https:\/\/www.piuomenopop.it\/index.php\/wp-json\/wp\/v2\/posts\/72291","targetHints":{"allow":["GET"]}}],"collection":[{"href":"https:\/\/www.piuomenopop.it\/index.php\/wp-json\/wp\/v2\/posts"}],"about":[{"href":"https:\/\/www.piuomenopop.it\/index.php\/wp-json\/wp\/v2\/types\/post"}],"author":[{"embeddable":true,"href":"https:\/\/www.piuomenopop.it\/index.php\/wp-json\/wp\/v2\/users\/38"}],"replies":[{"embeddable":true,"href":"https:\/\/www.piuomenopop.it\/index.php\/wp-json\/wp\/v2\/comments?post=72291"}],"version-history":[{"count":3,"href":"https:\/\/www.piuomenopop.it\/index.php\/wp-json\/wp\/v2\/posts\/72291\/revisions"}],"predecessor-version":[{"id":72294,"href":"https:\/\/www.piuomenopop.it\/index.php\/wp-json\/wp\/v2\/posts\/72291\/revisions\/72294"}],"wp:featuredmedia":[{"embeddable":true,"href":"https:\/\/www.piuomenopop.it\/index.php\/wp-json\/wp\/v2\/media\/69281"}],"wp:attachment":[{"href":"https:\/\/www.piuomenopop.it\/index.php\/wp-json\/wp\/v2\/media?parent=72291"}],"wp:term":[{"taxonomy":"category","embeddable":true,"href":"https:\/\/www.piuomenopop.it\/index.php\/wp-json\/wp\/v2\/categories?post=72291"},{"taxonomy":"post_tag","embeddable":true,"href":"https:\/\/www.piuomenopop.it\/index.php\/wp-json\/wp\/v2\/tags?post=72291"}],"curies":[{"name":"wp","href":"https:\/\/api.w.org\/{rel}","templated":true}]}}