{"id":72665,"date":"2022-05-13T15:14:54","date_gmt":"2022-05-13T13:14:54","guid":{"rendered":"https:\/\/www.piuomenopop.it\/?p=72665"},"modified":"2022-05-13T15:17:59","modified_gmt":"2022-05-13T13:17:59","slug":"s-t-u-r-g-stairway-to-urban-ri-generation-il-progetto-di-rigenerazione-urbana-e-sociale-attraverso-le-arti-in-piena-fase-esecutiva","status":"publish","type":"post","link":"https:\/\/www.piuomenopop.it\/index.php\/2022\/05\/13\/s-t-u-r-g-stairway-to-urban-ri-generation-il-progetto-di-rigenerazione-urbana-e-sociale-attraverso-le-arti-in-piena-fase-esecutiva\/","title":{"rendered":"S.T.U.R.G. Stairway To Urban Ri-Generation: Il progetto di Rigenerazione Urbana e Sociale attraverso le arti in piena fase esecutiva"},"content":{"rendered":"<p style=\"text-align: center;\"><b>S.T.U.R.G.<\/b><\/p>\n<p style=\"text-align: center;\">Stairway\u00a0To\u00a0Urban\u00a0Ri-<wbr \/>Generation<\/p>\n<p style=\"text-align: center;\"><b>Il progetto di Rigenerazione Urbana e Sociale attraverso le arti in piena fase esecutiva \u2013 Apertura e Restituzione dello spazio alla citt\u00e0 sabato 21 Maggio.\u00a0<\/b><\/p>\n<p style=\"text-align: center;\"><b>Tutto pronto per la Performance multi-disciplinare che coinvolger\u00e0 danza contemporanea, musica classica e contemporanea, teatro, fotografia ed eco-music in un esperimento di Cinema verticale in diretta.<\/b><\/p>\n<p>&nbsp;<\/p>\n<p><b>Cosenza<\/b>: In piena fase esecutiva il primo evento del Sud Italia di Rigenerazione urbana e sociale attraverso le arti che, con un evento inaugurale previsto per sabato 21 maggio alle 21.30, restituir\u00e0 simbolicamente alla citt\u00e0 uno spazio, ormai invaso dalla bellezza dell\u2019arte.<\/p>\n<p>La scalinata, che da pi\u00f9 di 50 anni ha portato diversi studenti verso una delle scuole storiche della citt\u00e0 bruzia, sta per essere completamente rigenerata grazie\u00a0alla riqualificazione di questo spazio reso tale dall\u2019 impegno di cittadini e studenti volontari insieme ad artisti, operatori professionisti della cultura e della tutela ambientale.<\/p>\n<p><i>\u201cLa rigenerazione di STURG ha reso possibile la costruzione di una comunit\u00e0 eterogenea e di sviluppare una rete solidale che potr\u00e0, in qualche modo, rispondere a quelli che sono gli elementi di attacco al territorio da parte delle mafie. Rigenerare vuol dire ricostruire, rigenerare vuol dire creare nuova comunit\u00e0. Quando una comunit\u00e0 positiva lavora per sviluppare bellezza crea di fatto anticorpi verso quello che \u00e8 il virus delle mafie\u201d<\/i>\u00a0\u2013 Gennaro de Rosa (Presidente Ass. Musica contro le mafie e Dir.Scientifico progetto STURG).<\/p>\n<p>Lo spazio rigenerato \u00e8 una scalinata adiacente a Piazza XV Marzo,\u00a0una delle\u00a0pi\u00f9 belle\u00a0del centro storico di Cosenza che diventa un\u00a0<b>Open Museum<\/b>\u00a0collegato virtualmente a tutto il mondo grazie ad una web-app dedicata.<\/p>\n<p>S.T.U.R.G. \u00e8 un viaggio in bilico tra reale e virtuale che i visitatori potranno fare grazie ad una \u201cQR Code Road\u201d che li porter\u00e0 fino in cima ai 70 gradini della\u00a0<i>Stairway To Urban Ri-Generation<\/i>.<\/p>\n<p>In occasione degli spettacoli di apertura e dei workshop, saranno allestiti e costruiti, con materiale di risulta, due spazi per lo spettacolo denominati\u00a0\u201c<b>Plastic Theatre<\/b>\u201d.<\/p>\n<p><a href=\"https:\/\/www.piuomenopop.it\/index.php\/2022\/05\/13\/s-t-u-r-g-stairway-to-urban-ri-generation-il-progetto-di-rigenerazione-urbana-e-sociale-attraverso-le-arti-in-piena-fase-esecutiva\/whatsapp-image-2022-05-12-at-08-38-54\/\" rel=\"attachment wp-att-72669\"><img loading=\"lazy\" decoding=\"async\" class=\"alignnone size-full wp-image-72669\" src=\"https:\/\/www.piuomenopop.it\/wp-content\/uploads\/2022\/05\/WhatsApp-Image-2022-05-12-at-08.38.54.jpeg\" alt=\"\" width=\"1024\" height=\"768\" srcset=\"https:\/\/www.piuomenopop.it\/wp-content\/uploads\/2022\/05\/WhatsApp-Image-2022-05-12-at-08.38.54.jpeg 1024w, https:\/\/www.piuomenopop.it\/wp-content\/uploads\/2022\/05\/WhatsApp-Image-2022-05-12-at-08.38.54-300x225.jpeg 300w, https:\/\/www.piuomenopop.it\/wp-content\/uploads\/2022\/05\/WhatsApp-Image-2022-05-12-at-08.38.54-768x576.jpeg 768w, https:\/\/www.piuomenopop.it\/wp-content\/uploads\/2022\/05\/WhatsApp-Image-2022-05-12-at-08.38.54-678x509.jpeg 678w, https:\/\/www.piuomenopop.it\/wp-content\/uploads\/2022\/05\/WhatsApp-Image-2022-05-12-at-08.38.54-326x245.jpeg 326w, https:\/\/www.piuomenopop.it\/wp-content\/uploads\/2022\/05\/WhatsApp-Image-2022-05-12-at-08.38.54-80x60.jpeg 80w\" sizes=\"auto, (max-width: 1024px) 100vw, 1024px\" \/><\/a><\/p>\n<p>Insieme al Team di STURG (<a href=\"https:\/\/customer12116.musvc1.net\/e\/t?q=A%3d1W8Y6%26G%3d0%26L%3d2VGg%26o%3dZ9g4e%262%3d9a6hFtOwQ_rvZx_36_yySu_9D_rvZx_2AzRuMn.Gt_MX1P_WmRe6t_PQxW_Zf%269%3dtSsQjY.n01%26Gs%3dYGY5&amp;mupckp=mupAtu4m8OiX0wt\" target=\"_blank\" rel=\"noopener noreferrer\" data-saferedirecturl=\"https:\/\/www.google.com\/url?q=https:\/\/customer12116.musvc1.net\/e\/t?q%3DA%253d1W8Y6%2526G%253d0%2526L%253d2VGg%2526o%253dZ9g4e%25262%253d9a6hFtOwQ_rvZx_36_yySu_9D_rvZx_2AzRuMn.Gt_MX1P_WmRe6t_PQxW_Zf%25269%253dtSsQjY.n01%2526Gs%253dYGY5%26mupckp%3DmupAtu4m8OiX0wt&amp;source=gmail&amp;ust=1652530674189000&amp;usg=AOvVaw0UNRtF0-3QcYMvK_VmoPrD\">https:\/\/sturg.it\/team\/<\/a>) tanti gli artisti che stanno compiendo azioni di trasformazione, guidati dal coordinatore e direttore della sezione Arti Figurative e Plastiche per la Rigenerazione Urbana\u00a0<b>Alfredo Granata.\u00a0<\/b><\/p>\n<p>La street-artist di fama internazionale<b>\u00a0Ale Senso\u00a0<\/b>(Roma\/Berlino), impegnata da sempre in una continua sperimentazione tesa a individuare tecniche pittoriche e chiavi simboliche via via diverse in grado di adattarsi ad un presente in continua evoluzione. La crew dei \u201c<b>Br\u00f2 360\u201d\u00a0<\/b>(Cosenza)<b>\u00a0<\/b>con esperienza pluriennale nel campo artistico, culturale e della formazione.\u00a0<b>Luigi Impieri<\/b>\u00a0(Forl\u00ec) uno tra i maggiori esponenti italiani dell\u2019arte del Trencadis;\u00a0<i>a<\/i>bile colorista, capace di una melodia diffusa e soffusa di luce cromatica o di accenti profondi.\u00a0<b>Cristina Russo<\/b>\u00a0(Catanzaro) la sua espressione \u00e8 sempre in equilibrio tra<i>\u00a0<\/i>arte e scienza, e mira ad una ricerca artistica che conserva il fare dello scienziato nella dimensione poliedrica e visionaria dell\u2019artista.<i>\u00a0<\/i><\/p>\n<p>I fotografi\u00a0<b>Luigi A. Patitucci\u00a0<\/b>e\u00a0<b>Roberto Aquino<\/b>\u00a0(Cosenza).<i>\u00a0<\/i><b>I giovani artisti del Liceo Artistico Lucrezia Della Valle<\/b><i>\u00a0di Cosenza\u00a0<\/i>insieme ai cittadini volontari e agli studenti del\u00a0<b>Liceo Classico Bernardino Telesio<\/b>.<\/p>\n<p><b>Gioved\u00ec 19 Maggio<\/b>\u00a0presso la Sala degli specchi della provincia di Cosenza si terr\u00e0 la conferenza stampa di presentazione con la presenza di partner, artisti e giovani studenti. Seguir\u00e0 la cerimonia del\u00a0<i>taglio del nastro<\/i>\u00a0con le autorit\u00e0 e i protagonisti.<\/p>\n<p><b>Sabato 21 Maggio<\/b>\u00a0alle ore\u00a0<b>21:00<\/b>\u00a0la performance multi-artistica che fonder\u00e0 musica, danza contemporanea, fotografia in\u00a0un\u00a0esperimento di cinema verticale in diretta. Questa inquadratura \u00e8 un formato tipico dello smartphone e l\u2019idea di utilizzarla in questa cerimonia di apertura \u00e8 tesa a consolidare artisticamente quello che \u00e8 divenuto un diffuso modulo espressivo quotidiano.<\/p>\n<p>La performance in bilico tra virtuale e reale vedr\u00e0 all\u2019opera: il\u00a0<b>quartetto d\u2019archi Mousik\u00e8<\/b>\u00a0diretto dal Violoncellista\u00a0<b>Stefano Amato<\/b>\u00a0(Brunori Sas) che \u00e8 anche compositore della suite originale sulla quale \u00e8 stata costruita l\u2019intera esibizione; l\u2019eco music pioneer e campione di economia circolare\u00a0<b>Maurizio Capone<\/b>; la compagnia\u00a0<b>Create Danza<\/b>\u00a0di Filippo Stabile;\u00a0<b>gli studenti del Liceo Coreutico e Musicale\u00a0<\/b>Lucrezia Della Valle di Cosenza; le fotografe\u00a0<b>Chiara G.Leone<\/b>\u00a0e\u00a0<b>Sonia Golemme<\/b>; il regista video\u00a0<b>Giovanni Rod\u00eca<\/b>; gli studenti della scuola di regia dell\u2019<b>Accademia di Belle Arti di Catanzaro<\/b>;<\/p>\n<p>.<\/p>\n<p>L\u2019introduzione \u00e8 a cura del Prof. Marcello Ravveduto docente di Digital Public History alle Universit\u00e0 di Salerno, Roma3 e Reggio Emilia che affronter\u00e0 il tema della rigenerazione urbana come influenza ambientale e sociale.<\/p>\n<p><b>S.T.U.R.G.,\u00a0<\/b>che<b>\u00a0<\/b>\u00e8 l&#8217;acronimo di\u00a0<b>S<\/b>tairway\u00a0<b>T<\/b>o\u00a0<b>U<\/b>rban\u00a0<b>R<\/b>i-<b>G<\/b>enera<wbr \/>tion, richiama il famoso brano dei Led Zeppelin &#8220;Stairway to Heaven&#8221;, ed \u00e8 sostenuto e finanziato nell&#8217;ambito della 3^ edizione dell&#8217;avviso pubblico\u00a0<b>Creative Living Lab<\/b>\u00a0promosso dalla Direzione Generale Creativit\u00e0 Contemporanea del\u00a0<b>Ministero della Cultura<\/b>.<\/p>\n<p>S.T.U.R.G. \u00e8 un modello nazionale di azione che applica le buone pratiche per la sostenibilit\u00e0 ambientale, attraverso la bellezza, l&#8217;arte e il coinvolgimento dei cittadini in rete con l\u2019intero globo.<\/p>\n<p>Il ruolo urbano degli spazi dimenticati assume sempre pi\u00f9 nuovi significati e suggerisce alle istituzioni nuovi policies urbanistiche. Nello specifico\u00a0S.T.U.R.G \u00e8 un\u00a0progetto culturale che\u00a0ha scelto un luogo di pertinenza adiacente ad un luogo simbolo della citt\u00e0 calabrese e\u00a0ha come tramite l&#8217;innesco emotivo tra i citizens del passato con quelli del presente e del futuro.<\/p>\n<p>&nbsp;<\/p>\n<p>Il progetto S.T.U.R.G. \u00e8 ideato e coordinato dall\u2019<b>Ass.Musica contro le mafie<\/b>\u00a0e gode del\u00a0Patrocinio di\u00a0<b>Comune di Cosenza<\/b>,\u00a0<b>Provincia di Cosenza<\/b>\u00a0e della\u00a0partnership di\u00a0<b>Legambiente Calabria<\/b>,\u00a0<b>Retake Palermo<\/b>\u00a0ed\u00a0<b>Ecoross\u00a0srl.<\/b>\u00a0Altri\u00a0<wbr \/>partner sono l\u2019<b>Accademia di Belle Arti di Catanzaro<\/b>, il\u00a0<b>Liceo Classico Bernardino Telesio<\/b>\u00a0e l&#8217;<b>I.I.S. Lucrezia Della Valle\u00a0<\/b>di Cosenza.<\/p>\n<p style=\"text-align: center;\">Contatti web<br \/>\n<a id=\"m_-6560503499327141007\" href=\"https:\/\/customer12116.musvc1.net\/e\/t?q=6%3dKY6TP%26I%3d8%26G%3dLXEb%269%3db7bNg%26z%3d4u8fADQu_KkzU_Vu_OVvj_Yk_KkzU_UzT2P.CQzK1.Fy%267%3d7RxOwX.s8D%26Fx%3dWTX0&amp;mupckp=mupAtu4m8OiX0wt\" target=\"_blank\" rel=\"noopener noreferrer\" data-saferedirecturl=\"https:\/\/www.google.com\/url?q=https:\/\/customer12116.musvc1.net\/e\/t?q%3D6%253dKY6TP%2526I%253d8%2526G%253dLXEb%25269%253db7bNg%2526z%253d4u8fADQu_KkzU_Vu_OVvj_Yk_KkzU_UzT2P.CQzK1.Fy%25267%253d7RxOwX.s8D%2526Fx%253dWTX0%26mupckp%3DmupAtu4m8OiX0wt&amp;source=gmail&amp;ust=1652530674190000&amp;usg=AOvVaw0zgn18-RIwMS6RKLCcC1Ar\">www.sturg.it<\/a><\/p>\n<p style=\"text-align: center;\"><a id=\"m_-6560503499327141007\" href=\"https:\/\/customer12116.musvc1.net\/e\/t?q=7%3dMWOUR%26G%3dQ%26H%3dNVXc%26A%3dZPcPe%26I%3dBFOD_Lmxn_Ww_Mowl_W4_Lmxn_V2RKQ.2619xJCE.yJA_Lmxn_V2HIM58y7AIHLAG3GwA79AA4CyDyF%26z%3dHIMH8O5w6y.H1O%267M%3dPeOY&amp;mupckp=mupAtu4m8OiX0wt\" target=\"_blank\" rel=\"noopener noreferrer\" data-saferedirecturl=\"https:\/\/www.google.com\/url?q=https:\/\/customer12116.musvc1.net\/e\/t?q%3D7%253dMWOUR%2526G%253dQ%2526H%253dNVXc%2526A%253dZPcPe%2526I%253dBFOD_Lmxn_Ww_Mowl_W4_Lmxn_V2RKQ.2619xJCE.yJA_Lmxn_V2HIM58y7AIHLAG3GwA79AA4CyDyF%2526z%253dHIMH8O5w6y.H1O%25267M%253dPeOY%26mupckp%3DmupAtu4m8OiX0wt&amp;source=gmail&amp;ust=1652530674190000&amp;usg=AOvVaw3eT0CVdWf5O_HRSi2FDfVa\">www.facebook.com\/<wbr \/>musicacontrolemafieofficial<\/a><br \/>\n<a id=\"m_-6560503499327141007\" href=\"https:\/\/customer12116.musvc1.net\/e\/t?q=7%3d9YAUD%26I%3dC%26H%3d0XJc%26w%3dbBcBg%265%3dB2Qz_LYzZ_Wi_OawX_Yp_LYzZ_VnT7Q.qK3NiD25u.0yG_zxct_0CwO1Fm5kLxNzLv9u8pCm%26A%3dwO1SmU.vB4%26C15i8k%3daJUC&amp;mupckp=mupAtu4m8OiX0wt\" target=\"_blank\" rel=\"noopener noreferrer\" data-saferedirecturl=\"https:\/\/www.google.com\/url?q=https:\/\/customer12116.musvc1.net\/e\/t?q%3D7%253d9YAUD%2526I%253dC%2526H%253d0XJc%2526w%253dbBcBg%25265%253dB2Qz_LYzZ_Wi_OawX_Yp_LYzZ_VnT7Q.qK3NiD25u.0yG_zxct_0CwO1Fm5kLxNzLv9u8pCm%2526A%253dwO1SmU.vB4%2526C15i8k%253daJUC%26mupckp%3DmupAtu4m8OiX0wt&amp;source=gmail&amp;ust=1652530674190000&amp;usg=AOvVaw2AozPfV4EsLHWS7aAyyi7Y\">www.instagram.com\/<wbr \/>musicacontrolemafie<\/a><\/p>\n<p style=\"text-align: center;\"><u><a href=\"https:\/\/customer12116.musvc1.net\/e\/t?q=7%3dIR8UN%26B%3d0%26H%3dJQGc%267%3dU9cLZ%262%3d5s1hBBJwM_0qZt_K1_yukp_90_0qZt_J63G.B9rN7A.jI5_HXwh_Rm4elmvMNmJ_0qZt_J6%26k%3dGCI37I.DlN%261I%3dAdIU&amp;mupckp=mupAtu4m8OiX0wt\" target=\"_blank\" rel=\"noopener noreferrer\" data-saferedirecturl=\"https:\/\/www.google.com\/url?q=https:\/\/customer12116.musvc1.net\/e\/t?q%3D7%253dIR8UN%2526B%253d0%2526H%253dJQGc%25267%253dU9cLZ%25262%253d5s1hBBJwM_0qZt_K1_yukp_90_0qZt_J63G.B9rN7A.jI5_HXwh_Rm4elmvMNmJ_0qZt_J6%2526k%253dGCI37I.DlN%25261I%253dAdIU%26mupckp%3DmupAtu4m8OiX0wt&amp;source=gmail&amp;ust=1652530674190000&amp;usg=AOvVaw2Wu8iQwwz8_jp8o7ERtYfc\">https:\/\/vm.tiktok.com\/<wbr \/>ZMLfR5xfp\/<\/a><\/u><\/p>\n","protected":false},"excerpt":{"rendered":"<div class=\"mh-excerpt\"><p>S.T.U.R.G. Stairway\u00a0To\u00a0Urban\u00a0Ri-Generation Il progetto di Rigenerazione Urbana e Sociale attraverso le arti in piena fase esecutiva \u2013 Apertura e Restituzione dello spazio alla citt\u00e0 sabato <a class=\"mh-excerpt-more\" href=\"https:\/\/www.piuomenopop.it\/index.php\/2022\/05\/13\/s-t-u-r-g-stairway-to-urban-ri-generation-il-progetto-di-rigenerazione-urbana-e-sociale-attraverso-le-arti-in-piena-fase-esecutiva\/\" title=\"S.T.U.R.G. Stairway To Urban Ri-Generation: Il progetto di Rigenerazione Urbana e Sociale attraverso le arti in piena fase esecutiva\">[&#8230;]<\/a><\/p>\n<\/div>","protected":false},"author":2,"featured_media":72667,"comment_status":"closed","ping_status":"closed","sticky":false,"template":"","format":"standard","meta":{"sfsi_plus_gutenberg_text_before_share":"","sfsi_plus_gutenberg_show_text_before_share":"","sfsi_plus_gutenberg_icon_type":"","sfsi_plus_gutenberg_icon_alignemt":"","sfsi_plus_gutenburg_max_per_row":"","footnotes":"","_links_to":"","_links_to_target":""},"categories":[3],"tags":[43,12753,12849],"class_list":["post-72665","post","type-post","status-publish","format-standard","has-post-thumbnail","hentry","category-news","tag-cosenza","tag-s-t-u-r-g","tag-stairway-to-urban-ri-generation"],"aioseo_notices":[],"_links":{"self":[{"href":"https:\/\/www.piuomenopop.it\/index.php\/wp-json\/wp\/v2\/posts\/72665","targetHints":{"allow":["GET"]}}],"collection":[{"href":"https:\/\/www.piuomenopop.it\/index.php\/wp-json\/wp\/v2\/posts"}],"about":[{"href":"https:\/\/www.piuomenopop.it\/index.php\/wp-json\/wp\/v2\/types\/post"}],"author":[{"embeddable":true,"href":"https:\/\/www.piuomenopop.it\/index.php\/wp-json\/wp\/v2\/users\/2"}],"replies":[{"embeddable":true,"href":"https:\/\/www.piuomenopop.it\/index.php\/wp-json\/wp\/v2\/comments?post=72665"}],"version-history":[{"count":2,"href":"https:\/\/www.piuomenopop.it\/index.php\/wp-json\/wp\/v2\/posts\/72665\/revisions"}],"predecessor-version":[{"id":72670,"href":"https:\/\/www.piuomenopop.it\/index.php\/wp-json\/wp\/v2\/posts\/72665\/revisions\/72670"}],"wp:featuredmedia":[{"embeddable":true,"href":"https:\/\/www.piuomenopop.it\/index.php\/wp-json\/wp\/v2\/media\/72667"}],"wp:attachment":[{"href":"https:\/\/www.piuomenopop.it\/index.php\/wp-json\/wp\/v2\/media?parent=72665"}],"wp:term":[{"taxonomy":"category","embeddable":true,"href":"https:\/\/www.piuomenopop.it\/index.php\/wp-json\/wp\/v2\/categories?post=72665"},{"taxonomy":"post_tag","embeddable":true,"href":"https:\/\/www.piuomenopop.it\/index.php\/wp-json\/wp\/v2\/tags?post=72665"}],"curies":[{"name":"wp","href":"https:\/\/api.w.org\/{rel}","templated":true}]}}