{"id":73168,"date":"2022-05-25T17:26:33","date_gmt":"2022-05-25T15:26:33","guid":{"rendered":"https:\/\/www.piuomenopop.it\/?p=73168"},"modified":"2022-05-25T17:26:33","modified_gmt":"2022-05-25T15:26:33","slug":"caparezza-i-primi-sold-out-di-exuvia-estate-2022-in-partenza-in-tutta-italia-tra-un-mese","status":"publish","type":"post","link":"https:\/\/www.piuomenopop.it\/index.php\/2022\/05\/25\/caparezza-i-primi-sold-out-di-exuvia-estate-2022-in-partenza-in-tutta-italia-tra-un-mese\/","title":{"rendered":"CAPAREZZA &#8211; I PRIMI SOLD-OUT DI &#8220;EXUVIA ESTATE 2022&#8221; IN PARTENZA IN TUTTA ITALIA TRA UN MESE"},"content":{"rendered":"<p align=\"center\"><strong><u>CAPAREZZA<\/u><\/strong><\/p>\n<p align=\"center\"><strong>Ad un mese dalla partenza del tour \u00a0<\/strong><\/p>\n<p align=\"center\"><strong><u>EXUVIA ESTATE 2022<\/u><\/strong><\/p>\n<p align=\"center\"><strong>Si registrano le prima date SOLD OUT<\/strong><\/p>\n<p align=\"center\"><strong><u>\u00a0<\/u><\/strong><\/p>\n<p align=\"center\"><strong><u>L\u2019EXUVIA ESTATE 2022<\/u><\/strong><\/p>\n<p align=\"center\"><strong>Sar\u00e0 l\u2019unica occasione per ascoltare e vedere<\/strong><\/p>\n<p align=\"center\"><strong>dal vivo l\u2019ultimo album certificato Platino<\/strong><\/p>\n<p align=\"center\"><strong><em>\u201cEXUVIA\u201d<\/em><\/strong><\/p>\n<p align=\"center\"><strong><em>e assistere allo spettacolo che CAPAREZZA<\/em><\/strong><\/p>\n<p align=\"center\"><strong><em>\u00a0ha progettato per il viaggio live di \u201cEXUVIA\u201d<\/em><\/strong><\/p>\n<p align=\"center\">\n<p><strong>Manca esattamente un mese alla partenza di EXUVIA ESTATE 2022, il tour che porter\u00e0 CAPAREZZA in giro per tutta Italia dando cos\u00ec finalmente la possibilit\u00e0 a tutti i fan di ascoltare e vedere dal vivo per la prima e ultima volta \u201cEXUVIA\u201d, l\u2019album pubblicato da Polydor\/Universal Music Italia e gi\u00e0 certificato disco di Platino.<\/strong><\/p>\n<p><strong>L\u2019EXUVIA ESTATE 2022, inoltre, sta registrando gi\u00e0 i primi SOLD OUT: la data di Bologna del 27 giugno\u00a0<\/strong>(sono ancora disponibili invece i biglietti per la seconda data di Bologna per il 28 giungo)\u00a0<strong>e l\u2019appuntamento del 4 luglio al Flowers Festival di Collegno (TO).<\/strong><strong><em>\u00a0<\/em><\/strong><\/p>\n<p><strong><em>\u201cNon vedo l\u2019ora di far vedere al pubblico la grande quantit\u00e0 di lavoro che ci sar\u00e0 in questo spettacolo<\/em><\/strong>\u00a0\u2013 racconta CAPAREZZA &#8211;\u00a0<strong><em>Come sempre accade per i miei live, alle mie spalle ho un dispiego di forze davvero incredibile, ci sono scenografi, costumisti, performer che stanno lavorando per creare uno spettacolo che valga la pena di essere anche visto, non solo ascoltato<\/em><\/strong>\u201d.<\/p>\n<p>I concerti di Caparezza, d\u2019altronde, sono sempre stati un modo per raccontare gli album e raccontarsi, non solo una occasione per ricreare su un palco quello che succede in studio ma anche la possibilit\u00e0 di creare un filo narrativo lungo il quale spiegare meglio certi passaggi, certe idee.<\/p>\n<p><strong>Se sul palco accanto a Caparezza ci sar\u00e0 la band formata da\u00a0<\/strong><strong>Rino Corrieri<\/strong>\u00a0(batteria),\u00a0<strong>Giovanni Astorino<\/strong>\u00a0(basso),\u00a0<strong>Alfredo Ferrero<\/strong>\u00a0(Chitarra),\u00a0<strong>Gaetano Camporeale<\/strong>\u00a0(tastiere) e\u00a0<strong>Diego Perrone<\/strong>\u00a0(voce),\u00a0<strong>il lavoro dietro le quinte non \u00e8 affatto meno importante ed \u00e8 frutto di grandi professionisti come\u00a0<\/strong><strong>Francesco Aiello<\/strong>\u00a0(fonico di sala) e\u00a0<strong>Miki Giove<\/strong>\u00a0(fonico di palco), del<strong>\u00a0team che ha curato le scenografie formato da Deni Bianco<\/strong>\u00a0(oggettoni in cartapesta),\u00a0<strong>Tekset<\/strong>\u00a0(oggetti di scena e fondali),\u00a0<strong>Maki<\/strong>\u00a0(ledwall) e\u00a0<strong>Tommaso Gianfreda<\/strong>\u00a0(oggetti di scena),\u00a0<strong>della costumista Rosalba Patruno, del performer e coreografo Pasqualino Beltempo e dei performer Cristina Siciliano, Brian Boccuni e Mariangela Aruanno<\/strong>.<\/p>\n<p>\u201c<strong><em>Devo tanto all\u2019attivit\u00e0 live\u00a0<\/em><\/strong>&#8211;\u00a0 ha aggiunto CAPAREZZA &#8211;\u00a0<strong><em>ho sempre puntato molto pi\u00f9 sui concerti che su altri tipi di esposizione e credo che alla lunga, dopo 20 anni di musica, questa scelta abbia ripagato<\/em><\/strong>\u201d.<\/p>\n<p><strong>\u00a0<\/strong><\/p>\n<p>Questo il calendario aggiornato delle date organizzate da Magellano Concerti:<\/p>\n<p>&nbsp;<\/p>\n<p><strong>25 giugno TREVISO &#8211; ARENA DELLA MARCA<\/strong><\/p>\n<p><strong>27\u00a0giugno BOLOGNA &#8211; SEQUOIE MUSIC PARK<\/strong>\u00a0\u00a0\u00a0\u00a0\u00a0\u00a0\u00a0\u00a0 SOLD OUT<\/p>\n<p><strong>28\u00a0giugno BOLOGNA &#8211; SEQUOIE MUSIC PARK\u00a0<\/strong><\/p>\n<p><strong>01 luglio LUCCA &#8211; LUCCA SUMMER FESTIVAL<\/strong><\/p>\n<p><strong>02 luglio PADOVA \u2013\u00a0<\/strong><strong>SHERWOOD FESTIVAL<\/strong><\/p>\n<p><strong>04 luglio COLLEGNO (TO) &#8211; FLOWERS FESTIVAL<\/strong>\u00a0\u00a0\u00a0\u00a0\u00a0 SOLD OUT<\/p>\n<p><strong>09 luglio MANTOVA &#8211; PIAZZA SORDELLO<\/strong><\/p>\n<p><strong>11 luglio MILANO &#8211; MILANO SUMMER FESTIVAL &#8211; IPPODROMO SNAI SAN SIRO<\/strong><\/p>\n<p><strong>15 luglio NAPOLI &#8211;<a href=\"http:\/\/suo.na\/\" target=\"_blank\" rel=\"noopener noreferrer\" data-saferedirecturl=\"https:\/\/www.google.com\/url?q=http:\/\/SUO.NA&amp;source=gmail&amp;ust=1653574886878000&amp;usg=AOvVaw3FRpDlY4eaSiLpx7IAa7d2\">SUO.NA<\/a>\u00a0FESTIVAL<\/strong><\/p>\n<p><strong>16 luglio MATERA \u2013 SONIC PARK MATERA<\/strong><\/p>\n<p><strong>20 luglio GENOVA \u2013 BALENA FESTIVAL\u00a0\u00a0\u00a0\u00a0\u00a0\u00a0\u00a0<\/strong><\/p>\n<p><strong>22 luglio FERRARA \u2013 FERRARA SUMMER FEST<\/strong><\/p>\n<p><strong>23 luglio ROMA &#8211; ROCK IN ROMA<\/strong><\/p>\n<p><strong>29 luglio CATANIA &#8211; VILLA BELLINI<\/strong><\/p>\n<p><strong>03 agosto LECCE \u2013 OVERSOUND MUSIC FESTIVAL<\/strong><\/p>\n<p><strong>06 agosto PESCARA \u2013 ZOO MUSIC FEST<\/strong><\/p>\n<p><strong>07 agosto FASANO (BR) &#8211; LOCUS FESTIVAL<\/strong><\/p>\n<p><strong>10 agosto MONTE URANO (FM) \u2013 BAMB\u00d9 FESTIVAL<\/strong><\/p>\n<p><strong>12 agosto BRESCIA \u2013 FESTA DI RADIO ONDA D\u2019URTO<\/strong>\u00a0\u00a0\u00a0\u00a0\u00a0\u00a0\u00a0 \u00a0\u00a0\u00a0\u00a0\u00a0\u00a0\u00a0\u00a0\u00a0\u00a0\u00a0\u00a0\u00a0\u00a0\u00a0\u00a0\u00a0\u00a0\u00a0\u00a0\u00a0\u00a0\u00a0\u00a0\u00a0\u00a0\u00a0\u00a0\u00a0\u00a0<wbr \/><\/p>\n<p><strong>13 agosto MAJANO (UD) \u2013 FESTIVAL DI MAJANO<\/strong><\/p>\n<p>&nbsp;<\/p>\n<p>Info su\u00a0<a href=\"https:\/\/voodoocomm.voxmail.it\/nl\/pvotor\/h1wesr\/jsn5axb\/uf\/3\/aHR0cDovL3d3dy5jYXBhcmV6emEuY29t?_d=74O&amp;_c=35d8b629\" target=\"_blank\" rel=\"noopener noreferrer\" data-saferedirecturl=\"https:\/\/www.google.com\/url?q=https:\/\/voodoocomm.voxmail.it\/nl\/pvotor\/h1wesr\/jsn5axb\/uf\/3\/aHR0cDovL3d3dy5jYXBhcmV6emEuY29t?_d%3D74O%26_c%3D35d8b629&amp;source=gmail&amp;ust=1653574886878000&amp;usg=AOvVaw3DYYiyHVXndYNt4rr1w4fi\">www.caparezza.com<\/a>,\u00a0<a href=\"https:\/\/voodoocomm.voxmail.it\/nl\/pvotor\/h1wesr\/jsn5axb\/uf\/4\/aHR0cDovL3d3dy5tYWdlbGxhbm9jb25jZXJ0aS5pdA?_d=74O&amp;_c=53a093aa\" target=\"_blank\" rel=\"noopener noreferrer\" data-saferedirecturl=\"https:\/\/www.google.com\/url?q=https:\/\/voodoocomm.voxmail.it\/nl\/pvotor\/h1wesr\/jsn5axb\/uf\/4\/aHR0cDovL3d3dy5tYWdlbGxhbm9jb25jZXJ0aS5pdA?_d%3D74O%26_c%3D53a093aa&amp;source=gmail&amp;ust=1653574886878000&amp;usg=AOvVaw3f7PcvjhFGnxCQKJklKRQO\">www.magellanoconcerti.it<\/a>,\u00a0\u00a0<a href=\"https:\/\/voodoocomm.voxmail.it\/nl\/pvotor\/h1wesr\/jsn5axb\/uf\/5\/aHR0cDovL3d3dy50aWNrZXRvbmUuaXQ?_d=74O&amp;_c=9bf64a04\" target=\"_blank\" rel=\"noopener noreferrer\" data-saferedirecturl=\"https:\/\/www.google.com\/url?q=https:\/\/voodoocomm.voxmail.it\/nl\/pvotor\/h1wesr\/jsn5axb\/uf\/5\/aHR0cDovL3d3dy50aWNrZXRvbmUuaXQ?_d%3D74O%26_c%3D9bf64a04&amp;source=gmail&amp;ust=1653574886878000&amp;usg=AOvVaw3TwbkgRoa76SHkXv86U2Cf\">www.ticketone.it<\/a>\u00a0e\u00a0<a href=\"https:\/\/voodoocomm.voxmail.it\/nl\/pvotor\/h1wesr\/jsn5axb\/uf\/6\/aHR0cDovL3d3dy52aXZhdGlja2V0LmNvbQ?_d=74O&amp;_c=f2faec40\" target=\"_blank\" rel=\"noopener noreferrer\" data-saferedirecturl=\"https:\/\/www.google.com\/url?q=https:\/\/voodoocomm.voxmail.it\/nl\/pvotor\/h1wesr\/jsn5axb\/uf\/6\/aHR0cDovL3d3dy52aXZhdGlja2V0LmNvbQ?_d%3D74O%26_c%3Df2faec40&amp;source=gmail&amp;ust=1653574886878000&amp;usg=AOvVaw3PSeSchg_UYI1wyaNqS9Uc\">www.vivaticket.com<\/a><\/p>\n<p>&nbsp;<\/p>\n<div>\n<p><strong>\u00c8 ancora possibile per i fan che avevano gi\u00e0 acquistato i biglietti per i palazzetti andare su\u00a0<\/strong><a href=\"https:\/\/voodoocomm.voxmail.it\/nl\/pvotor\/h1wesr\/jsn5axb\/uf\/7\/aHR0cHM6Ly93d3cuY2xhcHBpdC5jb20vY2FwYXJlenphLXRvdXItMjAyMi8?_d=74O&amp;_c=8328fee2\" target=\"_blank\" rel=\"noopener noreferrer\" data-saferedirecturl=\"https:\/\/www.google.com\/url?q=https:\/\/voodoocomm.voxmail.it\/nl\/pvotor\/h1wesr\/jsn5axb\/uf\/7\/aHR0cHM6Ly93d3cuY2xhcHBpdC5jb20vY2FwYXJlenphLXRvdXItMjAyMi8?_d%3D74O%26_c%3D8328fee2&amp;source=gmail&amp;ust=1653574886878000&amp;usg=AOvVaw1rUd8KiG1xL9dpwvdSTAk0\"><strong>https:\/\/www.clappit.com\/<wbr \/>caparezza-tour-2022\/<\/strong><\/a><strong>\u00a0<\/strong><strong>e riprenotarsi per le nuove date estive.<\/strong><\/p>\n<\/div>\n<p><strong>Michele Salvemini<\/strong>, in arte\u00a0<strong>Caparezza,<\/strong>\u00a0nasce a Molfetta nel \u201973 e inizia la sua carriera musicale nel 1996 come cantautore utilizzando il\u00a0<a title=\"Pseudonimo\" href=\"https:\/\/voodoocomm.voxmail.it\/nl\/pvotor\/h1wesr\/jsn5axb\/uf\/8\/aHR0cHM6Ly9pdC53aWtpcGVkaWEub3JnL3dpa2kvUHNldWRvbmltbw?_d=74O&amp;_c=6564d6ee\" target=\"_blank\" rel=\"noopener noreferrer\" data-saferedirecturl=\"https:\/\/www.google.com\/url?q=https:\/\/voodoocomm.voxmail.it\/nl\/pvotor\/h1wesr\/jsn5axb\/uf\/8\/aHR0cHM6Ly9pdC53aWtpcGVkaWEub3JnL3dpa2kvUHNldWRvbmltbw?_d%3D74O%26_c%3D6564d6ee&amp;source=gmail&amp;ust=1653574886878000&amp;usg=AOvVaw0WdnxoN1me8l3qNQWIMI9Q\">nome d&#8217;arte<\/a>\u00a0di Mikimix. Nel 1998 inizia il percorso come Caparezza col demo \u201c<strong>Ricomincio da Capa<\/strong>\u201d. Nel\u00a0<strong>2000<\/strong>\u00a0arriva l\u2019album d\u2019esordio,\u00a0<strong>\u201c?!\u201d<\/strong>, e successivamente nel\u00a0<strong>2003<\/strong>\u00a0\u201c<strong>Verit\u00e0 supposte<\/strong>\u201d (<strong>disco d\u2019oro<\/strong>), l\u2019album che lo fa conoscere al grande pubblico grazie anche al singolo \u201c<strong><em>Fuori dal Tunnel<\/em><\/strong>\u201d (singolo certificato Oro), un atto d\u2019accusa contro il \u201cdivertimentificio\u201d notturno che impone a tutti di svagarsi allo stesso modo e \u201c<strong><em>vengo dalla luna\u201d<\/em><\/strong>\u00a0(Platino).<\/p>\n<p>Seguono nel marzo\u00a0<strong>2006<\/strong>\u00a0il terzo album\u00a0\u201c<strong><a title=\"Habemus Capa\" href=\"https:\/\/voodoocomm.voxmail.it\/nl\/pvotor\/h1wesr\/jsn5axb\/uf\/9\/aHR0cHM6Ly9pdC53aWtpcGVkaWEub3JnL3dpa2kvSGFiZW11c19DYXBh?_d=74O&amp;_c=ed51009e\" target=\"_blank\" rel=\"noopener noreferrer\" data-saferedirecturl=\"https:\/\/www.google.com\/url?q=https:\/\/voodoocomm.voxmail.it\/nl\/pvotor\/h1wesr\/jsn5axb\/uf\/9\/aHR0cHM6Ly9pdC53aWtpcGVkaWEub3JnL3dpa2kvSGFiZW11c19DYXBh?_d%3D74O%26_c%3Ded51009e&amp;source=gmail&amp;ust=1653574886878000&amp;usg=AOvVaw3QxRxbykdxF6aYGI4av6xC\">Habemus Capa<\/a><\/strong>\u201d (<strong>disco d\u2019oro<\/strong>) e nel\u00a0<strong>2008<\/strong>\u00a0\u201c<strong>Le Dimensioni del mio caos<\/strong>\u201d\u00a0<strong>(disco di Platino)<\/strong>, un vero e proprio concept album che Caparezza definisce come un \u201cfonoromanzo\u201d, neologismo che indica una sorta di \u201cfotoromanzo sonoro\u201d. Il disco contiene i singoli \u201c<strong><em>Vieni a ballare in Puglia<\/em><\/strong>\u201d (platino), \u201c<strong><em>Abiura di me<\/em><\/strong>\u201d e \u201c<strong><em>Io diventer\u00f2 qualcuno<\/em><\/strong>\u201d.<\/p>\n<p>\u201c<a title=\"Il sogno eretico\" href=\"https:\/\/voodoocomm.voxmail.it\/nl\/pvotor\/h1wesr\/jsn5axb\/uf\/10\/aHR0cHM6Ly9pdC53aWtpcGVkaWEub3JnL3dpa2kvSWxfc29nbm9fZXJldGljbw?_d=74O&amp;_c=c779cef3\" target=\"_blank\" rel=\"noopener noreferrer\" data-saferedirecturl=\"https:\/\/www.google.com\/url?q=https:\/\/voodoocomm.voxmail.it\/nl\/pvotor\/h1wesr\/jsn5axb\/uf\/10\/aHR0cHM6Ly9pdC53aWtpcGVkaWEub3JnL3dpa2kvSWxfc29nbm9fZXJldGljbw?_d%3D74O%26_c%3Dc779cef3&amp;source=gmail&amp;ust=1653574886878000&amp;usg=AOvVaw2nViSfNz4QeBrg6q90wwBC\"><strong>Il sogno eretico<\/strong><\/a>\u201d\u00a0\u00e8 il suo quinto disco pubblicato nel\u00a0<strong>2011 (certificato Platino)<\/strong>\u00a0e anticipato dal singolo d\u2019oro\u00a0\u00a0\u201c<a title=\"Goodbye Malinconia\" href=\"https:\/\/voodoocomm.voxmail.it\/nl\/pvotor\/h1wesr\/jsn5axb\/uf\/11\/aHR0cHM6Ly9pdC53aWtpcGVkaWEub3JnL3dpa2kvR29vZGJ5ZV9NYWxpbmNvbmlh?_d=74O&amp;_c=d329cbf1\" target=\"_blank\" rel=\"noopener noreferrer\" data-saferedirecturl=\"https:\/\/www.google.com\/url?q=https:\/\/voodoocomm.voxmail.it\/nl\/pvotor\/h1wesr\/jsn5axb\/uf\/11\/aHR0cHM6Ly9pdC53aWtpcGVkaWEub3JnL3dpa2kvR29vZGJ5ZV9NYWxpbmNvbmlh?_d%3D74O%26_c%3Dd329cbf1&amp;source=gmail&amp;ust=1653574886878000&amp;usg=AOvVaw1b-G3qA-nsZs5ByFfNr6au\"><strong><em>Goodbye<\/em><\/strong>\u00a0<strong><em>Malinconia<\/em><\/strong><\/a>\u201d, realizzato insieme a\u00a0<a title=\"Tony Hadley\" href=\"https:\/\/voodoocomm.voxmail.it\/nl\/pvotor\/h1wesr\/jsn5axb\/uf\/12\/aHR0cHM6Ly9pdC53aWtpcGVkaWEub3JnL3dpa2kvVG9ueV9IYWRsZXk?_d=74O&amp;_c=ed96b762\" target=\"_blank\" rel=\"noopener noreferrer\" data-saferedirecturl=\"https:\/\/www.google.com\/url?q=https:\/\/voodoocomm.voxmail.it\/nl\/pvotor\/h1wesr\/jsn5axb\/uf\/12\/aHR0cHM6Ly9pdC53aWtpcGVkaWEub3JnL3dpa2kvVG9ueV9IYWRsZXk?_d%3D74O%26_c%3Ded96b762&amp;source=gmail&amp;ust=1653574886878000&amp;usg=AOvVaw2WjnsdxRbAOcrtESjZBfxk\">Tony Hadley<\/a>. Caparezza definisce l\u2019album (che contiene anche il singolo oro \u201c<strong><em>Legalize the premier\u201d<\/em><\/strong><strong>,<\/strong><\/p>\n<p>un inno all\u2019eresia, sia essa religiosa o culturale: una serie di personaggi che hanno pagato con la vita le loro convinzioni da Savonarola a Giovanna D\u2019Arco e Galileo, tutti accomunati da un destino non proprio fortunato e per questo &#8220;eroi&#8221; nel mondo di Michele Salvemini.<\/p>\n<p>Nel\u00a0<strong>2012<\/strong>\u00a0pubblica \u201c<strong>Esecuzione Pubblica<\/strong>\u201d il suo primo album e dvd live che fotografa il successo del suo spettacolare \u201cEretico Tour 2011-2012\u201d, uno show musicale con video, arredi, comparse trovate sceniche di forte impatto e di dissacrante ironia.<\/p>\n<p>Nel\u00a0<strong>2014<\/strong>\u00a0Caparezza realizza il suo sesto album \u201c<strong>Museica<\/strong>\u201d\u00a0<strong>(2 volte Platino)<\/strong>\u00a0che contiene 19 brani inediti dedicati al monto dell\u2019arte. \u201c<strong><em>Non me lo posso permettere<\/em><\/strong>\u201d \u00e8 il singolo certificato Platino che anticipa l\u2019album e che contiene anche i singoli certificati oro \u201c<strong>Avrai Ragione Tu (Ritratto)\u201d, \u201cChina Town\u201d e \u201cMica Van Gogh\u201d.<\/strong><\/p>\n<p>Caparezza torna nel\u00a0<strong>2017<\/strong>\u00a0con l\u2019album \u201c<strong>Prisoner 709<\/strong>\u201d. Il disco (<strong>certificato 2 volte platino<\/strong>\u00a0e registrato tra Molfetta e Los Angeles\u00a0con la collaborazione di Chris Lord-Alge) contiene sedici tracce con la partecipazione di John De Leo, Max Gazz\u00e8 e DMC in quattro brani del disco. \u201c<strong>Prisoner 709<\/strong>\u201d \u00e8 un album \u201csulla sua prigionia\u201d<em>.\u00a0<\/em>Il ruolo centrale di questo disco \u00e8 lo zero che ha la forma del disco stesso e che rappresenta la scelta tra una parola di 7 lettere e una di 9 (Es: Michele o Caparezza),<em>\u00a0<\/em>ogni traccia di questo disco ha un suo 709 (\u201clibert\u00e0 o prigionia\u201d, \u201caprirsi o chiudersi\u201d, \u201ccompact o streaming\u201d). L\u2019album \u00e8 un percorso di autoanalisi che parte da una situazione di disagio per arrivare alla fine alla sua accettazione. L\u2019album certificato platino \u00e8 stato anticipato dal singolo certificato doppio Platino \u201c<strong><em>Ti fa stare Bene<\/em><\/strong>\u201d e contiene anche il brano \u201c<strong>Una Chiave\u201d\u00a0<\/strong>(oro).<strong>\u00a0\u00a0\u00a0\u00a0\u00a0\u00a0\u00a0\u00a0\u00a0\u00a0<\/strong><\/p>\n<p>Il 7 Maggio\u00a0<strong>2021<\/strong>\u00a0esce il suo ottavo album in studio \u201c<strong>Exuvia<\/strong>\u201d. Il disco,\u00a0<strong>certificato Platino,<\/strong>\u00a0contiene 14 brani scritti, composti, prodotti da Caparezza e mixati da Chris Lord-Alge tra cui la tracca oro\u00a0<strong><em>\u201cLa Scelta\u201d.\u00a0<\/em><\/strong>L\u2019exuvia \u00e8 il termine che descrive la vecchia pelle dell\u2019insetto dopo la muta. Caparezza prende in prestito questo termine scientifico per raccontare la sua personale trasformazione, il suo viaggio dal passato al presente. Il disco celebra cos\u00ec il rito di passaggio, il distacco e la fuga dalla propria \u201cexuvia\u201d.<\/p>\n<p><strong>\u00a0<\/strong><\/p>\n<p align=\"center\"><a href=\"https:\/\/voodoocomm.voxmail.it\/nl\/pvotor\/h1wesr\/jsn5axb\/uf\/13\/aHR0cHM6Ly93d3cuZmFjZWJvb2suY29tL0NhcGFyZXp6YW9mZmljaWFs?_d=74O&amp;_c=beb2bafd\" target=\"_blank\" rel=\"noopener noreferrer\" data-saferedirecturl=\"https:\/\/www.google.com\/url?q=https:\/\/voodoocomm.voxmail.it\/nl\/pvotor\/h1wesr\/jsn5axb\/uf\/13\/aHR0cHM6Ly93d3cuZmFjZWJvb2suY29tL0NhcGFyZXp6YW9mZmljaWFs?_d%3D74O%26_c%3Dbeb2bafd&amp;source=gmail&amp;ust=1653574886878000&amp;usg=AOvVaw09hwFh510ZSQdvn0J8f-Zx\">https:\/\/www.facebook.com\/<wbr \/>Caparezzaofficial<\/a><\/p>\n<p align=\"center\"><a href=\"https:\/\/voodoocomm.voxmail.it\/nl\/pvotor\/h1wesr\/jsn5axb\/uf\/14\/aHR0cHM6Ly93d3cuaW5zdGFncmFtLmNvbS9mb3RvY2FwYXJlenphLw?_d=74O&amp;_c=f53748a4\" target=\"_blank\" rel=\"noopener noreferrer\" data-saferedirecturl=\"https:\/\/www.google.com\/url?q=https:\/\/voodoocomm.voxmail.it\/nl\/pvotor\/h1wesr\/jsn5axb\/uf\/14\/aHR0cHM6Ly93d3cuaW5zdGFncmFtLmNvbS9mb3RvY2FwYXJlenphLw?_d%3D74O%26_c%3Df53748a4&amp;source=gmail&amp;ust=1653574886878000&amp;usg=AOvVaw1G2x9cdc35JH4kLpY5bm0T\">https:\/\/www.instagram.com\/<wbr \/>fotocaparezza\/<\/a><\/p>\n<p align=\"center\"><a href=\"https:\/\/voodoocomm.voxmail.it\/nl\/pvotor\/h1wesr\/jsn5axb\/uf\/15\/aHR0cHM6Ly90d2l0dGVyLmNvbS9jYXBhc291bmQ?_d=74O&amp;_c=56716832\" target=\"_blank\" rel=\"noopener noreferrer\" data-saferedirecturl=\"https:\/\/www.google.com\/url?q=https:\/\/voodoocomm.voxmail.it\/nl\/pvotor\/h1wesr\/jsn5axb\/uf\/15\/aHR0cHM6Ly90d2l0dGVyLmNvbS9jYXBhc291bmQ?_d%3D74O%26_c%3D56716832&amp;source=gmail&amp;ust=1653574886878000&amp;usg=AOvVaw2CqW5AezPLNOf_w7A71Aqn\">https:\/\/twitter.com\/capasound<\/a><\/p>\n","protected":false},"excerpt":{"rendered":"<div class=\"mh-excerpt\"><p>CAPAREZZA Ad un mese dalla partenza del tour \u00a0 EXUVIA ESTATE 2022 Si registrano le prima date SOLD OUT \u00a0 L\u2019EXUVIA ESTATE 2022 Sar\u00e0 l\u2019unica <a class=\"mh-excerpt-more\" href=\"https:\/\/www.piuomenopop.it\/index.php\/2022\/05\/25\/caparezza-i-primi-sold-out-di-exuvia-estate-2022-in-partenza-in-tutta-italia-tra-un-mese\/\" title=\"CAPAREZZA &#8211; I PRIMI SOLD-OUT DI &#8220;EXUVIA ESTATE 2022&#8221; IN PARTENZA IN TUTTA ITALIA TRA UN MESE\">[&#8230;]<\/a><\/p>\n<\/div>","protected":false},"author":2,"featured_media":73169,"comment_status":"closed","ping_status":"closed","sticky":false,"template":"","format":"standard","meta":{"sfsi_plus_gutenberg_text_before_share":"","sfsi_plus_gutenberg_show_text_before_share":"","sfsi_plus_gutenberg_icon_type":"","sfsi_plus_gutenberg_icon_alignemt":"","sfsi_plus_gutenburg_max_per_row":"","footnotes":"","_links_to":"","_links_to_target":""},"categories":[5184],"tags":[1207],"class_list":["post-73168","post","type-post","status-publish","format-standard","has-post-thumbnail","hentry","category-calendario-concerti","tag-caparezza"],"aioseo_notices":[],"_links":{"self":[{"href":"https:\/\/www.piuomenopop.it\/index.php\/wp-json\/wp\/v2\/posts\/73168","targetHints":{"allow":["GET"]}}],"collection":[{"href":"https:\/\/www.piuomenopop.it\/index.php\/wp-json\/wp\/v2\/posts"}],"about":[{"href":"https:\/\/www.piuomenopop.it\/index.php\/wp-json\/wp\/v2\/types\/post"}],"author":[{"embeddable":true,"href":"https:\/\/www.piuomenopop.it\/index.php\/wp-json\/wp\/v2\/users\/2"}],"replies":[{"embeddable":true,"href":"https:\/\/www.piuomenopop.it\/index.php\/wp-json\/wp\/v2\/comments?post=73168"}],"version-history":[{"count":1,"href":"https:\/\/www.piuomenopop.it\/index.php\/wp-json\/wp\/v2\/posts\/73168\/revisions"}],"predecessor-version":[{"id":73170,"href":"https:\/\/www.piuomenopop.it\/index.php\/wp-json\/wp\/v2\/posts\/73168\/revisions\/73170"}],"wp:featuredmedia":[{"embeddable":true,"href":"https:\/\/www.piuomenopop.it\/index.php\/wp-json\/wp\/v2\/media\/73169"}],"wp:attachment":[{"href":"https:\/\/www.piuomenopop.it\/index.php\/wp-json\/wp\/v2\/media?parent=73168"}],"wp:term":[{"taxonomy":"category","embeddable":true,"href":"https:\/\/www.piuomenopop.it\/index.php\/wp-json\/wp\/v2\/categories?post=73168"},{"taxonomy":"post_tag","embeddable":true,"href":"https:\/\/www.piuomenopop.it\/index.php\/wp-json\/wp\/v2\/tags?post=73168"}],"curies":[{"name":"wp","href":"https:\/\/api.w.org\/{rel}","templated":true}]}}