{"id":73321,"date":"2022-05-30T13:03:00","date_gmt":"2022-05-30T11:03:00","guid":{"rendered":"https:\/\/www.piuomenopop.it\/?p=73321"},"modified":"2022-05-30T15:27:31","modified_gmt":"2022-05-30T13:27:31","slug":"giancane-disgustour-fa-tappa-a-firenze-il-4-giugno","status":"publish","type":"post","link":"https:\/\/www.piuomenopop.it\/index.php\/2022\/05\/30\/giancane-disgustour-fa-tappa-a-firenze-il-4-giugno\/","title":{"rendered":"GIANCANE &#8211; &#8220;DISGUSTOUR&#8221; FA TAPPA A FIRENZE IL 4 GIUGNO"},"content":{"rendered":"<p>Dopo il successo di\u00a0<em>Tuttogiustotour<\/em>,<em>\u00a0<\/em><strong>GIANCANE torna sui palchi con il tour estivo\u00a0<em>DisgustTOUR<\/em>.\u00a0<\/strong>Nuove date per il cantautore romano quindi, che per tutta l\u2019estate porter\u00e0 il suo imprevedibile show in tutta Italia: dopo il debutto di Pavia (3 giugno),\u00a0<strong><em>DisgustTOUR\u00a0<\/em>riporter\u00e0 GIANCANE a Firenze, per un atteso live a Ultravox sabato 4 giugno.\u00a0<\/strong>Prevendite disponibili su\u00a0\u00a0<a href=\"https:\/\/voodoocomm.voxmail.it\/nl\/pvotor\/hbmes1\/jsn5axb\/uf\/2\/aHR0cHM6Ly93d3cubG9jdXN0YS5uZXQvZXZlbnRpL2dpYW5jYW5lLWRpc2d1c3RvdXItMjAyMi8?_d=74P&amp;_c=8fd9e68a\" target=\"_blank\" rel=\"noopener noreferrer\" data-saferedirecturl=\"https:\/\/www.google.com\/url?q=https:\/\/voodoocomm.voxmail.it\/nl\/pvotor\/hbmes1\/jsn5axb\/uf\/2\/aHR0cHM6Ly93d3cubG9jdXN0YS5uZXQvZXZlbnRpL2dpYW5jYW5lLWRpc2d1c3RvdXItMjAyMi8?_d%3D74P%26_c%3D8fd9e68a&amp;source=gmail&amp;ust=1653994828267000&amp;usg=AOvVaw22nXK-X26L9jvp392JzNuV\">https:\/\/www.locusta.net\/<wbr \/>eventi\/giancane-disgustour-<wbr \/>2022\/.<\/a><\/p>\n<p>Il tour proseguir\u00e0 poi il\u00a0<strong>10 giugno<\/strong>\u00a0a\u00a0<strong>Cremona<\/strong>\u00a0(<em>Porte Aperte Festival<\/em>), il\u00a0<strong>18 giugno<\/strong>\u00a0a\u00a0<strong>Cles, TN<\/strong>\u00a0(finissage mostra\u00a0<em>SBAM!<\/em>\u00a0con Zerocalcare),il\u00a0<strong>23 giugno<\/strong>\u00a0a\u00a0<strong>Cervia RA<\/strong>\u00a0(<em>Ravenna Festival\u00a0<\/em>con Zerocalcare) il\u00a0<strong>25 giugno<\/strong>\u00a0a\u00a0<strong>Centobuchi<\/strong>,\u00a0<strong>AP<\/strong>\u00a0(<em>Cassandra Fest<\/em>), il\u00a0<strong>2 luglio<\/strong>\u00a0a\u00a0<strong>Bologna<\/strong>\u00a0(<em>Gogobo<\/em>), il\u00a0<strong>3 luglio<\/strong>\u00a0a\u00a0<strong>Bientina<\/strong>,\u00a0<strong>PI\u00a0<\/strong>(<em>Back in Villa<\/em>), il\u00a0<strong>7 luglio<\/strong>\u00a0a\u00a0<strong>Morrovalle<\/strong>,\u00a0<strong>MC<\/strong>\u00a0(<em>Fool Festival<\/em>), l\u2019<strong>8 luglio\u00a0<\/strong>a\u00a0<strong>Montespertoli, FI<\/strong>\u00a0(<em>RockUnMonte<\/em>), il\u00a0<strong>9 luglio<\/strong>\u00a0a\u00a0<strong>Fabbrica di Roma<\/strong>,\u00a0<strong>TV<\/strong>\u00a0(<em>B-Cone fest<\/em>), il\u00a0<strong>10 luglio<\/strong>\u00a0a\u00a0<strong>Roma<\/strong>\u00a0(<em>Villa Ada<\/em>), il\u00a0<strong>17 luglio\u00a0<\/strong>a\u00a0<strong>Praticello di Gattatico, RE<\/strong>\u00a0(<em>Praticio Rock<\/em>), il\u00a0<strong>23 luglio<\/strong>\u00a0a\u00a0<strong>Villa di Serio<\/strong>,\u00a0<strong>BG<\/strong>\u00a0(<em>Rock sul Serio<\/em>), il\u00a0<strong>3 settembre<\/strong>\u00a0a\u00a0<strong>Forl\u00ec<\/strong>\u00a0(<em>Vitignanostock Festival<\/em>),\u00a0<strong>l\u201911 settembre<\/strong>\u00a0ad\u00a0<strong>Acquaviva<\/strong>,\u00a0<strong>SI<\/strong>\u00a0(<em>Live Rock Festival<\/em>).<\/p>\n<p><strong>GIANCANE<\/strong>\u00a0al secolo Giancarlo Barbati, nello spazio di due album (<strong><em>Una vita al top<\/em><\/strong>, 2016, e\u00a0<strong><em>Ansia e Disagio<\/em><\/strong>, 2017), ha impresso un segnale pi\u00f9 che riconoscibile nel modo di scrivere le sue canzoni: una grammatica letteraria fatta di una crudezza espressiva che pesca a piene mani da un parlato di strada, una lingua di tutti i giorni, un\u2019ironia sfacciata, nichilista e discretamente grottesca.\u00a0Questi stessi elementi sono alla base del sodalizio con Zerocalcare, con cui GIANCANE ha lavorato all\u2019ultimo lavoro in studio: la colonna sonora della colonna sonora della serie d\u2019animazione Netflix scritta e diretta proprio da Zerocalcare<strong>,\u00a0<em>STRAPPATI LUNGO I BORDI<\/em>.<\/strong><\/p>\n<p>Lo show di<strong>\u00a0<\/strong><strong><em><u>DisgustTOUR<\/u><\/em><\/strong><strong>\u00a0<\/strong>presenter\u00e0 brani da\u00a0<strong>tutto il repertorio di GIANCANE,\u00a0<\/strong>a partire dai primi due album fino ad arrivare alla sigla della serie:\u00a0<strong>un crescendo di energia esplosiva pronta a travolgere il pubblico, che ormai segue GIANCANE da anni con grande affetto.\u00a0<\/strong><strong><em><u>DisgustTOUR<\/u><\/em><\/strong><strong><em>\u00a0<\/em><\/strong><strong>sar\u00e0 un viaggio nella carriera di GIANCANE, un tuffo nel suo universo ironico, dissacrante, che attinge a piene mani da ci\u00f2 che vede attorno a s\u00e9 e dentro di s\u00e9: dall\u2019emotivit\u00e0 pi\u00f9 profonda, al mondo di internet e della televisione, da elementi nostalgici a violente incursioni nel presente.<\/strong><\/p>\n<p>\u201c<em>Dopo un bel giro nei club, tra cluster e abbracci<\/em>\u00a0\u2013 racconta\u00a0<strong>GIANCANE\u00a0<\/strong>&#8211;\u00a0<em>ci vediamo all&#8217;aperto, nelle citt\u00e0, nei paesi, nei bar, su palchi giganti, su palchi non palchi, sull&#8217;autostrada, in questo Paese meraviglioso. Sul palco con me ci saranno i cavalieri del buongusto: il maestro\u00a0<strong>Claudio Gatta<\/strong>\u00a0alla batteria e a Google, il prode\u00a0<strong>Michele Amoruso<\/strong>\u00a0al basso e agli anni \u201880, il maestoso\u00a0<strong>Alessio Lucchesi<\/strong>\u00a0alle chitarre e alle soavi voci delle italiche liriche e &#8220;almeno ma non ultimo&#8221; quel gigante di\u00a0<strong>Guglielmo Nodari\u00a0<\/strong>alle pianole e a tutti gli strumenti possibili ed immaginabili, il tutto condito dalle sapienti mani di\u00a0<strong>Simone Salvucci<\/strong>\u00a0alle manopole.<\/em><\/p>\n<p><em>In pratica: vorrei vedervi ballare e sudare, abbracciarvi e pogare. Citando uno dei commenti che ho ricevuto:\u00a0<strong>ALLA FINE DEL CONCERTO DOVETE RACCOGLIERMI COL CUCCHIAINO<\/strong><\/em>\u201d.<\/p>\n<p><strong><em><u>DisgustTOUR<\/u><\/em><\/strong><em>\u00a0<\/em>sar\u00e0 quindi una grande festa, un folle ed emozionante rito collettivo per chiudere un cerchio prima di un nuovo capitolo discografico, nuova musica su cui\u00a0<strong>GIANCANE\u00a0<\/strong>\u00e8 gi\u00e0 a lavoro.<\/p>\n<p>&nbsp;<\/p>\n<p align=\"center\"><strong><em>DISGUSTOUR<\/em><\/strong>\u00a0\u2013\u00a0<strong>LE PRIME DATE ANNUNCIATE<\/strong><\/p>\n<p align=\"center\">3 giugno 2022 &#8211;\u00a0<strong>Pavia\u00a0<\/strong>(Cultfest)<\/p>\n<p align=\"center\">4 giugno 2022 \u2013\u00a0<strong>Firenze\u00a0<\/strong>(Ultravox)<\/p>\n<p align=\"center\">10 giugno 2022 &#8211;\u00a0<strong>Cremona\u00a0<\/strong>(Porte Aperte Festival)<\/p>\n<p align=\"center\">\u00a018 giugno 2022 &#8211;\u00a0<strong>Cles TN\u00a0<\/strong>(Finissage Mostra SBAM! con Zerocalcare)<\/p>\n<p align=\"center\">\u00a023 giugno \u2013\u00a0<strong>Cervia RA\u00a0<\/strong>(Ravenna Festival con Zerocalcare)<\/p>\n<p align=\"center\">25 giugno 2022 \u2013\u00a0<strong>Centobuchi \u2013 Monteprandione AP<\/strong>\u00a0(Cassandra Fest)<\/p>\n<p align=\"center\">2 luglio 2022 &#8211;\u00a0<strong>Bologna\u00a0<\/strong>(Go Go Bo)<\/p>\n<p align=\"center\">3 luglio 2022 &#8211;\u00a0<strong>Bientina, PI\u00a0<\/strong>(Back in Villa)<\/p>\n<p align=\"center\">7 luglio 2022 &#8211;\u00a0<strong>Morrovalle, MC<\/strong>\u00a0(Fool Festival)<\/p>\n<p align=\"center\">8 luglio 2022 &#8211;\u00a0<strong>Montespertoli, FI\u00a0<\/strong>(RockUnMonte),<\/p>\n<p align=\"center\">9 luglio 2022 &#8211;\u00a0<strong>Fabrica di Roma, TV\u00a0<\/strong>(BCone Fest)<\/p>\n<p align=\"center\">10 luglio 2022 &#8211;\u00a0<strong>Roma\u00a0<\/strong>(Villa Ada)<\/p>\n<p align=\"center\">17 luglio 2022 &#8211;\u00a0<strong>Praticello di Gattatico RE<\/strong>\u00a0(Patricio Rock)<\/p>\n<p align=\"center\">23 luglio 2022 &#8211;\u00a0<strong>Villa di Serio, BG<\/strong>\u00a0(Rock sul Serio)<\/p>\n<p align=\"center\">3 settembre 2022 &#8211;\u00a0<strong>Forl\u00ec\u00a0<\/strong>(Vitignanostock)<\/p>\n<p align=\"center\">11 settembre 2022 &#8211;\u00a0<strong>Acquaviva, SI<\/strong>\u00a0(Live Rock Festival)<\/p>\n","protected":false},"excerpt":{"rendered":"<div class=\"mh-excerpt\"><p>Dopo il successo di\u00a0Tuttogiustotour,\u00a0GIANCANE torna sui palchi con il tour estivo\u00a0DisgustTOUR.\u00a0Nuove date per il cantautore romano quindi, che per tutta l\u2019estate porter\u00e0 il suo imprevedibile <a class=\"mh-excerpt-more\" href=\"https:\/\/www.piuomenopop.it\/index.php\/2022\/05\/30\/giancane-disgustour-fa-tappa-a-firenze-il-4-giugno\/\" title=\"GIANCANE &#8211; &#8220;DISGUSTOUR&#8221; FA TAPPA A FIRENZE IL 4 GIUGNO\">[&#8230;]<\/a><\/p>\n<\/div>","protected":false},"author":38,"featured_media":72347,"comment_status":"closed","ping_status":"closed","sticky":false,"template":"","format":"standard","meta":{"sfsi_plus_gutenberg_text_before_share":"","sfsi_plus_gutenberg_show_text_before_share":"","sfsi_plus_gutenberg_icon_type":"","sfsi_plus_gutenberg_icon_alignemt":"","sfsi_plus_gutenburg_max_per_row":"","footnotes":"","_links_to":"","_links_to_target":""},"categories":[5184],"tags":[12894,4560],"class_list":["post-73321","post","type-post","status-publish","format-standard","has-post-thumbnail","hentry","category-calendario-concerti","tag-disgusttour","tag-giancane"],"aioseo_notices":[],"_links":{"self":[{"href":"https:\/\/www.piuomenopop.it\/index.php\/wp-json\/wp\/v2\/posts\/73321","targetHints":{"allow":["GET"]}}],"collection":[{"href":"https:\/\/www.piuomenopop.it\/index.php\/wp-json\/wp\/v2\/posts"}],"about":[{"href":"https:\/\/www.piuomenopop.it\/index.php\/wp-json\/wp\/v2\/types\/post"}],"author":[{"embeddable":true,"href":"https:\/\/www.piuomenopop.it\/index.php\/wp-json\/wp\/v2\/users\/38"}],"replies":[{"embeddable":true,"href":"https:\/\/www.piuomenopop.it\/index.php\/wp-json\/wp\/v2\/comments?post=73321"}],"version-history":[{"count":1,"href":"https:\/\/www.piuomenopop.it\/index.php\/wp-json\/wp\/v2\/posts\/73321\/revisions"}],"predecessor-version":[{"id":73322,"href":"https:\/\/www.piuomenopop.it\/index.php\/wp-json\/wp\/v2\/posts\/73321\/revisions\/73322"}],"wp:featuredmedia":[{"embeddable":true,"href":"https:\/\/www.piuomenopop.it\/index.php\/wp-json\/wp\/v2\/media\/72347"}],"wp:attachment":[{"href":"https:\/\/www.piuomenopop.it\/index.php\/wp-json\/wp\/v2\/media?parent=73321"}],"wp:term":[{"taxonomy":"category","embeddable":true,"href":"https:\/\/www.piuomenopop.it\/index.php\/wp-json\/wp\/v2\/categories?post=73321"},{"taxonomy":"post_tag","embeddable":true,"href":"https:\/\/www.piuomenopop.it\/index.php\/wp-json\/wp\/v2\/tags?post=73321"}],"curies":[{"name":"wp","href":"https:\/\/api.w.org\/{rel}","templated":true}]}}