{"id":73386,"date":"2022-06-06T15:41:44","date_gmt":"2022-06-06T13:41:44","guid":{"rendered":"https:\/\/www.piuomenopop.it\/?p=73386"},"modified":"2022-06-06T15:58:08","modified_gmt":"2022-06-06T13:58:08","slug":"festival-delle-colline-dall1-al-26-luglio-2022-micah-p-hinson-ramy-essam-james-maddock-rita-payes-prato-e-colline-pratesi","status":"publish","type":"post","link":"https:\/\/www.piuomenopop.it\/index.php\/2022\/06\/06\/festival-delle-colline-dall1-al-26-luglio-2022-micah-p-hinson-ramy-essam-james-maddock-rita-payes-prato-e-colline-pratesi\/","title":{"rendered":"FESTIVAL DELLE COLLINE: dall&#8217;1 al 26 luglio 2022 &#8211; MICAH P. HINSON, RAMY ESSAM, JAMES MADDOCK, RITA PAY\u00c9S&#8230; &#8211; Prato e Colline Pratesi"},"content":{"rendered":"<div align=\"center\"><span style=\"font-family: tahoma, sans-serif;\"><span style=\"font-family: tahoma, sans-serif;\"><span style=\"font-size: xx-small;\">Comune di Poggio a Caiano<br \/>\n<i>in collaborazione con<\/i><br \/>\nComune di Prato &#8211; Comune di Carmignano &#8211; Regione Toscana<\/span><\/span><\/span><i>Sponsor:<br \/>\n<\/i>Consiag SPA, Unicoop Firenze, Publiacqua<br \/>\n<i>Con il contributo della<\/i><br \/>\nFondazione Cassa di Risparmio di Prato<\/p>\n<p><span style=\"color: #ff0000; font-size: xx-large;\"><b>Festival delle Colline 2022<\/b><\/span><br \/>\n<span style=\"color: #0000ff;\"><b><i>S t o r i e s<\/i><\/b><\/span><\/p>\n<p>Con<br \/>\n<span style=\"color: #ff0000; font-size: x-large;\"><b>Micah P. Hinson &#8211; Ramy Essam<\/b><b><br \/>\n<\/b><b>James Maddock &#8211; Rita Pay\u00e9s<\/b><\/span><br \/>\n<span style=\"color: #ff0000; font-size: large;\"><b>Mishel Domenssain &#8211; Gnu Quartet<br \/>\nCharlie Risso &#8211; Jamila &#8211; Sound Bridge Contest<\/b><\/span><\/p>\n<p><u><span style=\"font-size: x-large;\"><b>Dall\u20191 al 26 luglio a Prato e sulle colline Pratesi<\/b><\/span><\/u><\/p>\n<p>&nbsp;<\/p>\n<\/div>\n<div align=\"justify\"><span style=\"font-family: tahoma, sans-serif;\"><span style=\"font-family: tahoma, sans-serif;\"><br \/>\nStorie, e non solo quelle che pubblichiamo sui social. Storie che hanno segnato vite, che ci portiamo dentro, che lasciano cicatrici o felicit\u00e0. Storie che si trasformano in musica, come quelle che Micah P. Hinson, Ramy Essam, James Maddock, Rita Pay\u00e9s, Mishel Domenssain e Gnu Quartet porteranno sui palchi del Festival delle Colline 2022.<\/span><\/span>Sette serate, dal primo al 26 luglio in scenari bucolici e luoghi d\u2019arte di Prato e delle colline Pratesi: tra gli altri, la Villa Medicea e la Chiesa di Bonistallo a Poggio a Caiano, il Centro per l\u2019arte contemporanea Luigi Pecci a Prato, la Rocca di Carmignano.<br \/>\n\u201cStories\u201d \u00e8 il tema di questa 43esima edizione del festival, da sempre una voce fuori dal mainstream, con scelte artistiche votate alla qualit\u00e0 e location incantevoli.<\/p>\n<p>Si parte con una novit\u00e0, il Sound Bridge Contest, concorso per musicisti under 26 in piena sintonia con il Festival delle Colline: i cinque finalisti si daranno battaglia venerd\u00ec primo luglio all\u2019Ex Fabrica di Prato, il primo classificato vince volo, soggiorno e concerto a Charlottesville, in Virginia (USA), il prossimo autunno.<\/p>\n<p>Voce meravigliosa, trombonista e chitarrista eccezionale, presenza carismatica, Rita Pay\u00e9s viene dalla Spagna ed \u00e8 tra gli astri del nuovo jazz. O meglio, di una musica che a fado, bossa nova e tradizione iberica aggiunge la magia dell\u2019improvvisazione. Guardatevi in rete la straordinaria interpretazione di \u201cNunca vas a comprender\u201d. Rita ha poco pi\u00f9 di vent\u2019anni, \u00e8 cresciuta in una famiglia di musicisti, e luned\u00ec 4 luglio sar\u00e0 sul palco della Villa Medicea a Poggio a Caiano, preceduta dalla vocalist fiorentina Jamila.<\/p>\n<p>Ramy Essam \u00e8 \u201cla voce della rivoluzione sul Nilo\u201d e le sue storie sono intrise di ribellione, giustizia e diritti sociali. Durante la Primavera Araba del 2011 le sue canzoni hanno fatto da colonna sonora alle proteste, il suo concerto in piazza Tahrir, al Cairo, davanti a centinaia migliaia di persone, \u00e8 entrato nella Storia. Marted\u00ec 12 luglio lo vedremo al Centro per l\u2019arte contemporanea Luigi Pecci di Prato. Evento in collaborazione con Prato Estate. Aprir\u00e0 la serata la cantautrice genovese Charlie Risso.<\/p>\n<p>Mishel Domenssain \u00e8 una \u201cguerriera ispirata dalla natura e della magia\u201d. Nata in una famiglia di circensi, viene dal Messico e ha duettato di recente con Caparezza nel brano \u201cEl sendero\u201d. Suona e canta per onorare la terra, i suoi antenati, l&#8217;amore e lo spirito, pratica affinata nella giungla di Lacandona nel Chiapas: domenica 17 luglio sar\u00e0 sul palco del Giardino della Chiesa di Bonistallo, a Poggio a Caiano.<\/p>\n<p>La bellezza come ideale e come ossessione. Micah P. Hinson ha raccolto il lascito del songwriting americano degli anni Novanta, tra tormento e anelito alla pace, all\u2019inseguimento della propria musa. Perfetta la Rocca di Carmignano per esaltare la sua poesia e il suo carisma, gioved\u00ec 21 luglio, sempre nell\u2019ambito del Festival delle Colline.<\/p>\n<p>Niccol\u00f2 Paganini \u00e8 stato un immenso virtuoso del violino (e di altri strumenti a corde), oltre che \u201cla prima rockstar della musica\u201d, con il suo look total black e l\u2019indole tenebrosa. Particolare l\u2019omaggio che gli rende lo Gnu Quartet attraverso il progetto \u201cPaganini &#8211; The Rock Album\u201d, al centro della serata di venerd\u00ec 22 luglio a Villa Il Cerretino di Poggio a Caiano.<\/p>\n<p>E poi storie che toccano l\u2019anima, quelle che pennella James Maddock, cantautore londinese con lunghi trascorsi a New York, \u201cvoce vissuta e autorevole anche se cantasse le pagine sportive\u201d, come ha scritto un noto magazine. Pensate a Dylan, Springsteen e Van Morrison, vissuti urbani e di campagna, personaggi eccentrici e maledetti. A lui il compito di chiudere il festival, marted\u00ec 26 luglio, nel giardino della Chiesa di Bonistallo a Poggio a Caiano.<\/p>\n<p>Il prezzo dei biglietti, come consuetudine, \u00e8 contenuto: da 5 a 15 euro. Prevendite online dal 3 giugno sul sito\u00a0<a href=\"https:\/\/dice.fm\/\" target=\"_blank\" rel=\"noopener noreferrer\" data-saferedirecturl=\"https:\/\/www.google.com\/url?q=https:\/\/dice.fm&amp;source=gmail&amp;ust=1654603179940000&amp;usg=AOvVaw1-nUaQazMCBN7QPHuIwFr7\">https:\/\/dice.fm<\/a>\u00a0e attraverso la app Dice, scaricabile da Google Play e dall\u2019app store di Apple.<\/p>\n<p>Come amministrazione di Poggio a Caiano convintamente continuiamo a sostenere l&#8217;organizzazione del Festival delle Colline, progetto che \u00e8 sempre proseguito anche durante il periodo della pandemia senza soluzione di continuit\u00e0 &#8211; afferma l&#8217;assessore alla cultura Giacomo Mari &#8211; perch\u00e9 rappresenta un fiore all&#8217;occhiello nell&#8217;ambito musicale, non solo dell&#8217;area pratese ma di tutta la Toscana. Quest&#8217;anno siamo felici di poterlo rilanciare con ancora maggiore entusiasmo e ringrazio il direttore artistico Gianni Bianchi per l&#8217;ottima curatela, grazie a cui ancora una volta saliranno sul palco artisti d&#8217;eccezione, fra gli altri Rita Pay\u00e9s (il 4 luglio alla Villa Medicea di Poggio), stella nascente di rilievo internazionale, fra le prime volte in Italia. Numerosi artisti delle passate edizioni sono diventati famosi dopo essere passati dal nostro festival, che si sta confermando ormai come un trampolino di lancio per giovani artisti di talento. Ecco perch\u00e9 quest&#8217;anno abbiamo scelto di creare un contest musicale dedicato ai giovani (16-26 anni), con i vincitori che avranno l&#8217;opportunit\u00e0 di suonare negli Stati Uniti, nella citt\u00e0 gemellata con Poggio, Charlottesville. Un ringraziamento sentito va anche ai comuni partner del Festival, Prato e Carmignano che ne sostengono convintamente da anni il progetto culturale&#8221;.<\/p>\n<p>&#8220;Il Festival delle Colline \u00e8 sempre stato all&#8217;avanguardia, non solo nella scelta dei musicisti, ma anche nella capacit\u00e0 innovativa di abbinare la buona musica a location suggestive del nostro territorio&#8221;, aggiunge il sindaco Francesco Puggelli. &#8220;Ospitare quattro date a Poggio a Caiano, in contesti come la Villa Medicea, la chiesa di Bonistallo e la Villa Il Cerretino, significa poter dare visibilit\u00e0 ad alcuni dei luoghi pi\u00f9 belli del nostro comune e trovare quindi un risvolto di promozione turistica all&#8217;interno di un festival musicale. Sono poche le esperienze simili a questa, soprattutto con una storia di oltre quarant&#8217;anni&#8221;.<\/p>\n<p>\u201cIl Festival delle Colline rappresenta un unicum nell\u2019offerta culturale estiva &#8211; dice l\u2019assessore alla Cultura del Comune di Prato, Simone Mangani &#8211; di cui condividiamo scelte artistiche e filosofia, votate alla valorizzazione del territorio attraverso spettacoli di qualit\u00e0. Anche quest\u2019anno Prato ospiter\u00e0 due eventi: siamo orgogliosi di accogliere di nuovo, dopo lo spettacolo al Met, un artista come Ramy Essan, simbolo della difesa dei diritti umani, e la prima edizione del concorso per emergenti abbinato al festival\u201d.<\/p>\n<p>\u201cQuesto \u00e8 un evento storico per il nostro Comune \u2013 spiega l\u2019assessore alla Cultura di Carmignano, Maria Cristina Monni &#8211; un\u2019emozione unica dal fascino imperdibile. Ormai da anni il progetto viene vissuto come una scoperta esaltante di nuovi talenti e di nuove armonie musicali il tutto reso ancora pi\u00f9 suggestivo dalla splendida cornice della Rocca di Carmignano. Un evento che per noi rappresenta la possibilit\u00e0 di raccontare bellezze naturali ed eccellenze culturali e artistiche il tutto accompagnato dalla musica. Il tema scelto \u2018Stories\u2019 rappresenta a pieno ci\u00f2 che \u00e8 il nostro territorio da vivere e da amare in piena libert\u00e0\u201d.<\/p>\n<p>Festival delle Colline 2022 \u00e8 organizzato dal Comune di Poggio a Caiano in collaborazione con i Comuni di Prato e Carmignano e Regione Toscana. Sponsor: Consiag SPA, Unicoop Firenze, Publiacqua. Con il contributo della Fondazione Cassa di Risparmio di Prato. Direzione artistica di Gianni Bianchi.<\/p>\n<\/div>\n<p><span style=\"font-family: tahoma, sans-serif;\"><br \/>\n<u><b><br \/>\n<\/b><\/u><span style=\"font-size: xx-small;\"><u><b>Programma Festival delle Colline 2022<\/b><\/u><\/span><\/span><\/p>\n<p><b>FINALE SOUND BRIDGE CONTEST<\/b><br \/>\n<u>Venerd\u00ec 1 luglio 2022 \u2013 ore 21,30<\/u><u><br \/>\n<\/u><u>Ex Fabrica &#8211; via Ferdinando Targetti 10 &#8211; Prato<\/u><u><br \/>\n<\/u><u>Ingresso libero<\/u><\/p>\n<p><b>RITA PAY\u00c9S<\/b><br \/>\n<b>Jamila<\/b><b><br \/>\n<\/b><u>Luned\u00ec 4 luglio 2022 &#8211; ore 21<\/u><u><br \/>\n<\/u><u>Villa Medicea &#8211; Poggio a Caiano &#8211; Prato<\/u><u><br \/>\n<\/u><u>Biglietto 10 euro<\/u><\/p>\n<p><b>RAMY ESSAM<\/b><b><br \/>\n<\/b><b>Charlie Risso<\/b><br \/>\n<i>In collaborazione con Prato Estate<\/i><br \/>\n<u>Marted\u00ec 12 luglio 2022 \u2013 ore 21<\/u><u><br \/>\n<\/u><u>Anfiteatro Centro Pecci \u2013 Prato<\/u><u><br \/>\n<\/u><u>Biglietto 10 euro<\/u><u><br \/>\n<\/u><br \/>\n<b>MISHEL DOMENSSAIN &#8220;Bruja Mestiza&#8221;<\/b><br \/>\n<u>Domenica 17 luglio 2022 &#8211; ore 21.30<\/u><u><br \/>\n<\/u><u>Giardino della Chiesa di Bonistallo &#8211; Poggio a Caiano &#8211; Prato<\/u><u><br \/>\n<\/u><u>Biglietto 5 euro<\/u><\/p>\n<p><b>MICAH P. HINSON<\/b><br \/>\n<u>Gioved\u00ec 21 luglio 2022 &#8211; ore 21.30<\/u><u><br \/>\n<\/u><u>Rocca di Carmignano \u2013 Carmignano &#8211; Prato<\/u><u><br \/>\n<\/u><u>Biglietto 15 euro<\/u><\/p>\n<p><b>GNU QUARTET<\/b><br \/>\n<u>Venerd\u00ec 22 luglio 2022 &#8211; ore 21.30<\/u><u><br \/>\n<\/u><u>Villa Il Cerretino &#8211; Poggio a Caiano &#8211; Prato<\/u><u><br \/>\n<\/u><u>Biglietto 7 euro<\/u><\/p>\n<p><b>JAMES MADDOCK<\/b><br \/>\n<u>Marted\u00ec 26 luglio 2022 &#8211; ore 21.30<\/u><u><br \/>\n<\/u><u>Giardino della Chiesa di Bonistallo &#8211; Poggio a Caiano &#8211; Prato<\/u><u><br \/>\n<\/u><u>Biglietto 7 euro<\/u><\/p>\n<p><u>Festival delle Colline 2022<\/u><br \/>\n<a href=\"http:\/\/www.facebook.com\/festivaldellecolline\" target=\"_blank\" rel=\"noopener noreferrer\" data-saferedirecturl=\"https:\/\/www.google.com\/url?q=http:\/\/www.facebook.com\/festivaldellecolline&amp;source=gmail&amp;ust=1654603179941000&amp;usg=AOvVaw1--tCdd0IMQN1K0tnZ9qaL\">www.facebook.com\/<wbr \/>festivaldellecolline<\/a><br \/>\n<a href=\"http:\/\/www.festivaldellecolline.com\/\" target=\"_blank\" rel=\"noopener noreferrer\" data-saferedirecturl=\"https:\/\/www.google.com\/url?q=http:\/\/www.festivaldellecolline.com&amp;source=gmail&amp;ust=1654603179941000&amp;usg=AOvVaw0hiVTLoTjXANA-iJdq5tD0\">www.festivaldellecolline.com<\/a><br \/>\n<a href=\"http:\/\/www.instagram.com\/festivaldellecolline\" target=\"_blank\" rel=\"noopener noreferrer\" data-saferedirecturl=\"https:\/\/www.google.com\/url?q=http:\/\/www.instagram.com\/festivaldellecolline&amp;source=gmail&amp;ust=1654603179941000&amp;usg=AOvVaw1VjnQXwfJwRyK0v2Tk0zrx\">www.instagram.com\/<wbr \/>festivaldellecolline<\/a><br \/>\n<a href=\"https:\/\/twitter.com\/FestivalColline\" target=\"_blank\" rel=\"noopener noreferrer\" data-saferedirecturl=\"https:\/\/www.google.com\/url?q=https:\/\/twitter.com\/FestivalColline&amp;source=gmail&amp;ust=1654603179941000&amp;usg=AOvVaw1Shyz6xVV_KwBueAsUID0t\">https:\/\/twitter.com\/<wbr \/>FestivalColline<\/a><br \/>\n<a href=\"mailto:festivaldellecolline@gmail.com\" target=\"_blank\" rel=\"noopener noreferrer\">festivaldellecolline@gmail.com<\/a><\/p>\n","protected":false},"excerpt":{"rendered":"<div class=\"mh-excerpt\"><p>Comune di Poggio a Caiano in collaborazione con Comune di Prato &#8211; Comune di Carmignano &#8211; Regione ToscanaSponsor: Consiag SPA, Unicoop Firenze, Publiacqua Con il <a class=\"mh-excerpt-more\" href=\"https:\/\/www.piuomenopop.it\/index.php\/2022\/06\/06\/festival-delle-colline-dall1-al-26-luglio-2022-micah-p-hinson-ramy-essam-james-maddock-rita-payes-prato-e-colline-pratesi\/\" title=\"FESTIVAL DELLE COLLINE: dall&#8217;1 al 26 luglio 2022 &#8211; MICAH P. HINSON, RAMY ESSAM, JAMES MADDOCK, RITA PAY\u00c9S&#8230; &#8211; Prato e Colline Pratesi\">[&#8230;]<\/a><\/p>\n<\/div>","protected":false},"author":2,"featured_media":73393,"comment_status":"closed","ping_status":"closed","sticky":false,"template":"","format":"standard","meta":{"sfsi_plus_gutenberg_text_before_share":"","sfsi_plus_gutenberg_show_text_before_share":"","sfsi_plus_gutenberg_icon_type":"","sfsi_plus_gutenberg_icon_alignemt":"","sfsi_plus_gutenburg_max_per_row":"","footnotes":"","_links_to":"","_links_to_target":""},"categories":[5184,3],"tags":[12901],"class_list":["post-73386","post","type-post","status-publish","format-standard","has-post-thumbnail","hentry","category-calendario-concerti","category-news","tag-festival-delle-colline-2022"],"aioseo_notices":[],"_links":{"self":[{"href":"https:\/\/www.piuomenopop.it\/index.php\/wp-json\/wp\/v2\/posts\/73386","targetHints":{"allow":["GET"]}}],"collection":[{"href":"https:\/\/www.piuomenopop.it\/index.php\/wp-json\/wp\/v2\/posts"}],"about":[{"href":"https:\/\/www.piuomenopop.it\/index.php\/wp-json\/wp\/v2\/types\/post"}],"author":[{"embeddable":true,"href":"https:\/\/www.piuomenopop.it\/index.php\/wp-json\/wp\/v2\/users\/2"}],"replies":[{"embeddable":true,"href":"https:\/\/www.piuomenopop.it\/index.php\/wp-json\/wp\/v2\/comments?post=73386"}],"version-history":[{"count":3,"href":"https:\/\/www.piuomenopop.it\/index.php\/wp-json\/wp\/v2\/posts\/73386\/revisions"}],"predecessor-version":[{"id":73394,"href":"https:\/\/www.piuomenopop.it\/index.php\/wp-json\/wp\/v2\/posts\/73386\/revisions\/73394"}],"wp:featuredmedia":[{"embeddable":true,"href":"https:\/\/www.piuomenopop.it\/index.php\/wp-json\/wp\/v2\/media\/73393"}],"wp:attachment":[{"href":"https:\/\/www.piuomenopop.it\/index.php\/wp-json\/wp\/v2\/media?parent=73386"}],"wp:term":[{"taxonomy":"category","embeddable":true,"href":"https:\/\/www.piuomenopop.it\/index.php\/wp-json\/wp\/v2\/categories?post=73386"},{"taxonomy":"post_tag","embeddable":true,"href":"https:\/\/www.piuomenopop.it\/index.php\/wp-json\/wp\/v2\/tags?post=73386"}],"curies":[{"name":"wp","href":"https:\/\/api.w.org\/{rel}","templated":true}]}}