{"id":73403,"date":"2022-06-09T11:41:56","date_gmt":"2022-06-09T09:41:56","guid":{"rendered":"https:\/\/www.piuomenopop.it\/?p=73403"},"modified":"2022-06-09T11:41:56","modified_gmt":"2022-06-09T09:41:56","slug":"cristina-dona-questestate-in-tour-per-presentare-il-nuovo-disco-desidera","status":"publish","type":"post","link":"https:\/\/www.piuomenopop.it\/index.php\/2022\/06\/09\/cristina-dona-questestate-in-tour-per-presentare-il-nuovo-disco-desidera\/","title":{"rendered":"CRISTINA DON\u00c0 QUEST&#8217;ESTATE IN TOUR PER PRESENTARE IL NUOVO DISCO &#8220;deSidera&#8221;"},"content":{"rendered":"<table role=\"presentation\" border=\"0\" width=\"100%\" cellspacing=\"0\" cellpadding=\"10\">\n<tbody>\n<tr>\n<td>\n<p style=\"text-align: center;\"><strong>CRISTINA DON\u00c0<\/strong><\/p>\n<p style=\"text-align: center;\"><strong>QUEST\u2019ESTATE IN TOUR<\/strong><\/p>\n<p style=\"text-align: center;\"><strong>PER PRESENTARE IL NUOVO ALBUM \u201cdeSidera\u201d<\/strong><\/p>\n<p>&nbsp;<\/p>\n<p><strong>I CONCERTI<\/strong><\/p>\n<p><strong>(calendario in aggiornamento)<br \/>\n<\/strong>12 Giugno &#8211; Milano &#8211; Festa di Radio Popolare \/ Parco Paolo Pini<\/p>\n<p>18 Giugno &#8211; Gardone Val Trompia (BS) &#8211; Ground Music Festival<\/p>\n<p>15 Luglio &#8211; Portoferraio (LI) &#8211; Arena La Linguella \/ Oltremare Festival<\/p>\n<p>19 Luglio &#8211; Prato &#8211; Chiostro di San Domenico<\/p>\n<p>30 Luglio &#8211; Cetara (SA) &#8211; Porto Marittimo \/ Frangenti, Cetara Arts Festival<\/p>\n<p>20 Agosto &#8211; Gubbio (PG) &#8211; Teatro Romano<\/p>\n<p>&nbsp;<\/p>\n<p>Annunciate le prime date del tour estivo di Cristina Don\u00e0 per presentare il nuovo disco \u201cdeSidera\u201d.<\/p>\n<p>\u00c8 uscito a dicembre l\u2019ultimo attesissimo album di Cristina Don\u00e0, un lavoro che l\u2019artista ha presentato nelle principali trasmissioni televisive e radiofoniche di qualit\u00e0, ottenendo ampi consensi e riscontri da parte delle principali testate nazionali e di settore con interviste e recensioni entusiaste.<\/p>\n<p style=\"text-align: center;\"><a href=\"https:\/\/www.piuomenopop.it\/index.php\/2021\/12\/08\/recensione-cristina-dona-e-un-viaggio-nel-mondo-dei-desideri\/\" target=\"_blank\" rel=\"noopener noreferrer\">Leggi la nostra recensione\u00a0<\/a><\/p>\n<p>\u201cdeSidera\u201d, che ha segnato il ritorno di una tra le cantautrici pi\u00f9 stimate del panorama musicale italiano, a sette anni dal precedente lavoro di inediti, \u00e8 stato accompagnato dall\u2019uscita dei brani e videoclip \u201cDesiderio\u201d e \u201cColpa\u201d, seguiti dall\u2019ultimo estratto \u201cDistratti\u201d.<\/p>\n<p>\u00c8 con Saverio Lanza, produttore e co-autore degli ultimi album, che Cristina torna questa estate sul palco, e sar\u00e0 l\u2019occasione per apprezzare, ancora una volta, la capacit\u00e0 evocativa delle sue nuove canzoni e del suo repertorio.<\/td>\n<\/tr>\n<\/tbody>\n<\/table>\n<table role=\"presentation\" border=\"0\" width=\"100%\" cellspacing=\"0\" cellpadding=\"0\">\n<tbody>\n<tr>\n<td>\n<div align=\"center\"><a href=\"https:\/\/bigtimeedimusicasnc.musvc2.net\/e\/t?q=A%3d6WAfBW%26o%3dY%26s%3dSBY%26t%3dS4cCX%26x%3dFyLsQ_wsVx_83_uyXr_5D_wsVx_78eGlLlKj7gGrMvGh3vLh.ApE.rMvThT.qCy_JT1U_TiQy3wGh_JT1U_TiY0ZAe0_JT1U_Ti9xKhRx_JT1U_TiY_wsVx_78FPnKwGs3_uyXr_5c7bGMs3_uyXr_5c7bgCXAgCw3_uyXr_5c7bsPtEr_PVuS_Z0TCZET4_PVuS_Z0TC-_PVuS_Z0TCDtLr_PVuS_Z0TCnw3qAjKf9_wsVx_7W5hX3u9_wsVx_7W5hH3xJn-SC.Hu9%26g%3dKzKyA7.F9f3dhR%26nK%3d5eD&amp;mupckp=mupAtu4m8OiX0wt\" target=\"_blank\" rel=\"noopener noreferrer\" data-saferedirecturl=\"https:\/\/www.google.com\/url?q=https:\/\/bigtimeedimusicasnc.musvc2.net\/e\/t?q%3DA%253d6WAfBW%2526o%253dY%2526s%253dSBY%2526t%253dS4cCX%2526x%253dFyLsQ_wsVx_83_uyXr_5D_wsVx_78eGlLlKj7gGrMvGh3vLh.ApE.rMvThT.qCy_JT1U_TiQy3wGh_JT1U_TiY0ZAe0_JT1U_Ti9xKhRx_JT1U_TiY_wsVx_78FPnKwGs3_uyXr_5c7bGMs3_uyXr_5c7bgCXAgCw3_uyXr_5c7bsPtEr_PVuS_Z0TCZET4_PVuS_Z0TC-_PVuS_Z0TCDtLr_PVuS_Z0TCnw3qAjKf9_wsVx_7W5hX3u9_wsVx_7W5hH3xJn-SC.Hu9%2526g%253dKzKyA7.F9f3dhR%2526nK%253d5eD%26mupckp%3DmupAtu4m8OiX0wt&amp;source=gmail&amp;ust=1654851601795000&amp;usg=AOvVaw3S4hIVv9-lyIiwNPPPnDYv\"><img decoding=\"async\" class=\"CToWUd\" src=\"https:\/\/ci4.googleusercontent.com\/proxy\/XLGv6YqaRSdEbvqsu94Odzx6CG9AWnR8c1dGFpQ_l7muubpn6DLqj9T88C2pyk-ArbtsCGq7kL4DIJ0nC9O9IDjOUkBJUV63Rqju6khVMJSpyXapX4e2x8jaDsAQBI5ZCCSVN7olwyrkDW9o3da2DZFsfE0MXcJwMPlMOEOjQ0TwxntQ-H55O49KCAzEdAPuvbfbrUMdIP3xZ71xikIOb-s5K-uxeBJksJomoA=s0-d-e1-ft#https:\/\/bigtimeedimusicasnc.img.musvc2.net\/static\/158875\/assets\/1\/Cristina%20Dona%20deSidera%20promo%202021%20-%20foto%20Francesca%20Sara%20Cauli-10.jpg\" width=\"405\" \/><\/a><\/div>\n<\/td>\n<\/tr>\n<\/tbody>\n<\/table>\n<table role=\"presentation\" border=\"0\" width=\"100%\" cellspacing=\"0\" cellpadding=\"10\">\n<tbody>\n<tr>\n<td>\n<div>\n<div>\n<p><strong>\u201cdeSidera\u201d \u2013 IL DISCO<\/strong><\/p>\n<p><em>\u00a0<\/em><\/p>\n<p>L&#8217;album, che vede la luce dopo una fortunata campagna crowdfunding, gravita intorno al tema del \u201cdesiderio\u201d, che cuce i brani con un sottile filo rosso. Il desiderio come motore indispensabile delle nostre vite, ma anche fonte di un incolmabile vuoto, di un\u2019insoddisfazione perenne che porta con s\u00e9 le sue conseguenze. Il titolo stesso indica liberamente l\u2019etimologia della parola desiderio, letteralmente \u201cmancanza di stelle\u201d.<\/p>\n<p>&nbsp;<\/p>\n<p>\u201cdeSidera\u201d si presenta come un album aspro e multiforme, dai tratti marcati, dalle pennellate forti, stratificato, frutto di un lavoro meditato e accorto. Le parti musicali sono scritte, ancora una volta, a quattro mani col musicista e produttore Saverio Lanza, che ha curato anche gli arrangiamenti del disco. Ne scaturisce una produzione atipica e, per la prima volta nei lavori di Cristina, compaiono echi di \u201celettronica preistorica\u201d, cos\u00ec definibili per la loro natura primitiva, scarna e minimale.<\/p>\n<p>Dieci canzoni che nascono da un\u2019autoanalisi attraverso la quale si tenta di indagare, alla luce del desiderio, l\u2019attuale condizione umana come riflesso di una somma di scelte e comportamenti individuali. Un punto di vista che scopre verit\u00e0 dai lineamenti duri e crudi, scava in profondit\u00e0 e scuote, ma prova anche ad immaginare orizzonti possibili. Si scoprono fragilit\u00e0 e debolezze della nostra umanit\u00e0 al cospetto di ci\u00f2 che siamo oggi e del pianeta che ci ospita. Ed \u00e8 proprio davanti ad una realt\u00e0 apparentemente incontrovertibile che nasce la necessit\u00e0 di una presa di coscienza prima di tutto personale, che ne auspica una collettiva poi.<\/p>\n<p>&nbsp;<\/p>\n<p>I brani che compongono l\u2019album, scritti interamente prima della pandemia, fatta eccezione per \u201cSenza fucile n\u00e9 spada\u201d, raccontano di un tentativo che invita alla riflessione e a una nuova consapevolezza, per ripartire ad occhi ben aperti.<\/p>\n<p><strong>\u00a0<\/strong><\/p>\n<p><a href=\"https:\/\/bigtimeedimusicasnc.musvc2.net\/e\/t?q=0%3dBZUeHZ%269%3dX%26y%3dVVX%26z%3dVNbIa%26H%3d8l6xE5OC_Obxm_Zl_Mnza_W3_Obxm_YqRJT.nM6P5DA8oJA8.tO%261%3dJ6NI0C.I2Q%26tN%3dOdJ&amp;mupckp=mupAtu4m8OiX0wt\" target=\"_blank\" rel=\"noopener noreferrer\" data-saferedirecturl=\"https:\/\/www.google.com\/url?q=https:\/\/bigtimeedimusicasnc.musvc2.net\/e\/t?q%3D0%253dBZUeHZ%25269%253dX%2526y%253dVVX%2526z%253dVNbIa%2526H%253d8l6xE5OC_Obxm_Zl_Mnza_W3_Obxm_YqRJT.nM6P5DA8oJA8.tO%25261%253dJ6NI0C.I2Q%2526tN%253dOdJ%26mupckp%3DmupAtu4m8OiX0wt&amp;source=gmail&amp;ust=1654851601795000&amp;usg=AOvVaw3veqjEcyKC7oG2qKeIc4Pv\">www.cristinadona.it<\/a>\u00a0&#8211;\u00a0<a href=\"https:\/\/bigtimeedimusicasnc.musvc2.net\/e\/t?q=A%3dAZJfGZ%26x%3dY%26x%3dVKY%26y%3dVCcHa%267%3d9k6mF4O2_Paxb_ak_Mc1Z_Wr_Paxb_ZpR9U.p6oClJ1I.mJy_Paxb_Zp84G3OuLk91Lk%269%3dyS3QoZ.x06%26G3%3dWIg&amp;mupckp=mupAtu4m8OiX0wt\" target=\"_blank\" rel=\"noopener noreferrer\" data-saferedirecturl=\"https:\/\/www.google.com\/url?q=https:\/\/bigtimeedimusicasnc.musvc2.net\/e\/t?q%3DA%253dAZJfGZ%2526x%253dY%2526x%253dVKY%2526y%253dVCcHa%25267%253d9k6mF4O2_Paxb_ak_Mc1Z_Wr_Paxb_ZpR9U.p6oClJ1I.mJy_Paxb_Zp84G3OuLk91Lk%25269%253dyS3QoZ.x06%2526G3%253dWIg%26mupckp%3DmupAtu4m8OiX0wt&amp;source=gmail&amp;ust=1654851601795000&amp;usg=AOvVaw1OHfOeLpcMWYAv3R4JI6Z8\">www.facebook.com\/cristinadona<\/a><\/p>\n<\/div>\n<\/div>\n<\/td>\n<\/tr>\n<\/tbody>\n<\/table>\n","protected":false},"excerpt":{"rendered":"<div class=\"mh-excerpt\"><p>CRISTINA DON\u00c0 QUEST\u2019ESTATE IN TOUR PER PRESENTARE IL NUOVO ALBUM \u201cdeSidera\u201d &nbsp; I CONCERTI (calendario in aggiornamento) 12 Giugno &#8211; Milano &#8211; Festa di Radio <a class=\"mh-excerpt-more\" href=\"https:\/\/www.piuomenopop.it\/index.php\/2022\/06\/09\/cristina-dona-questestate-in-tour-per-presentare-il-nuovo-disco-desidera\/\" title=\"CRISTINA DON\u00c0 QUEST&#8217;ESTATE IN TOUR PER PRESENTARE IL NUOVO DISCO &#8220;deSidera&#8221;\">[&#8230;]<\/a><\/p>\n<\/div>","protected":false},"author":2,"featured_media":66593,"comment_status":"closed","ping_status":"closed","sticky":false,"template":"","format":"standard","meta":{"sfsi_plus_gutenberg_text_before_share":"","sfsi_plus_gutenberg_show_text_before_share":"","sfsi_plus_gutenberg_icon_type":"","sfsi_plus_gutenberg_icon_alignemt":"","sfsi_plus_gutenburg_max_per_row":"","footnotes":"","_links_to":"","_links_to_target":""},"categories":[5184],"tags":[1106],"class_list":["post-73403","post","type-post","status-publish","format-standard","has-post-thumbnail","hentry","category-calendario-concerti","tag-cristina-dona"],"aioseo_notices":[],"_links":{"self":[{"href":"https:\/\/www.piuomenopop.it\/index.php\/wp-json\/wp\/v2\/posts\/73403","targetHints":{"allow":["GET"]}}],"collection":[{"href":"https:\/\/www.piuomenopop.it\/index.php\/wp-json\/wp\/v2\/posts"}],"about":[{"href":"https:\/\/www.piuomenopop.it\/index.php\/wp-json\/wp\/v2\/types\/post"}],"author":[{"embeddable":true,"href":"https:\/\/www.piuomenopop.it\/index.php\/wp-json\/wp\/v2\/users\/2"}],"replies":[{"embeddable":true,"href":"https:\/\/www.piuomenopop.it\/index.php\/wp-json\/wp\/v2\/comments?post=73403"}],"version-history":[{"count":2,"href":"https:\/\/www.piuomenopop.it\/index.php\/wp-json\/wp\/v2\/posts\/73403\/revisions"}],"predecessor-version":[{"id":73405,"href":"https:\/\/www.piuomenopop.it\/index.php\/wp-json\/wp\/v2\/posts\/73403\/revisions\/73405"}],"wp:featuredmedia":[{"embeddable":true,"href":"https:\/\/www.piuomenopop.it\/index.php\/wp-json\/wp\/v2\/media\/66593"}],"wp:attachment":[{"href":"https:\/\/www.piuomenopop.it\/index.php\/wp-json\/wp\/v2\/media?parent=73403"}],"wp:term":[{"taxonomy":"category","embeddable":true,"href":"https:\/\/www.piuomenopop.it\/index.php\/wp-json\/wp\/v2\/categories?post=73403"},{"taxonomy":"post_tag","embeddable":true,"href":"https:\/\/www.piuomenopop.it\/index.php\/wp-json\/wp\/v2\/tags?post=73403"}],"curies":[{"name":"wp","href":"https:\/\/api.w.org\/{rel}","templated":true}]}}