{"id":73916,"date":"2022-07-01T14:56:44","date_gmt":"2022-07-01T12:56:44","guid":{"rendered":"https:\/\/www.piuomenopop.it\/?p=73916"},"modified":"2022-07-01T15:00:34","modified_gmt":"2022-07-01T13:00:34","slug":"stefania-alos-pedretti-presenta-dal-6-all8-luglio-il-ritual-ii-embrace-the-darkness-per-il-progetto-bestiario-femminile-animale-di-lenz","status":"publish","type":"post","link":"https:\/\/www.piuomenopop.it\/index.php\/2022\/07\/01\/stefania-alos-pedretti-presenta-dal-6-all8-luglio-il-ritual-ii-embrace-the-darkness-per-il-progetto-bestiario-femminile-animale-di-lenz\/","title":{"rendered":"Stefania ?Alos Pedretti presenta dal 6 all&#8217;8 luglio il Ritual II &#8220;Embrace the Darkness&#8221; per il progetto BESTIARIO | Femminile Animale di Lenz"},"content":{"rendered":"<p style=\"text-align: center;\"><strong>Stefania ?Alos Pedretti in scena per la seconda azione del progetto BESTIARIO | Femminile Animale di Lenz con la presentazione\u00a0dal 6 all\u20198 luglio del\u00a0Ritual II\u00a0<em>Embrace the Darkness<\/em><\/strong><\/p>\n<p>&nbsp;<\/p>\n<p>Natura D\u00e8i Teatri, il Festival di\u00a0<strong>Lenz<\/strong>, che dal 1996 ha intessuto relazioni tra realt\u00e0 artistiche nazionali e\u00a0internazionali, torna in una nuova veste: quella del\u00a0<strong>BESTIARIO | Femminile Animale<\/strong>,\u00a012 AZIONI | PARENTELE,\u00a0progetto triennale ideato per intensificare le azioni di ospitalit\u00e0 e co-produzione del teatro di ricerca, ora Fondazione, diretto da Maria Federica Maestri e Francesco Pititto.\u00a0Il progetto\u00a0apre spazi di rappresentazione alle donne attive in ambito artistico, in cui condividere la proiezione immaginativa necessaria alla generazione di mondi nuovi &#8211;\u00a0in cui\u00a0tutti i tipi di relazioni hanno bisogno di essere radicalmente rifondate &#8211;\u00a0attraverso il\u00a0coinvolgimento di 12, tra artiste e collettivi, chiamate a intessere con Lenz una relazione di &#8220;parentela&#8221;, intesa come costruzione di legami artistici rilevanti basati su affinit\u00e0, intenzionalit\u00e0 e affettivit\u00e0, piuttosto che su prossimit\u00e0 genetica.<\/p>\n<p>Dopo la prima azione condotta dalla danzatrice e performer Annamaria Ajmone, sar\u00e0 in residenza artistica a Lenz nei mesi di giugno e luglio\u00a0<strong>Stefania ?Alos Pedretti<\/strong>, membro di\u00a0<strong>OvO<\/strong>\u00a0e delle\u00a0<strong>Allun<\/strong>, musicista e performer attiva dal 1998: pi\u00f9 di mille concerti svolti in Italia, Europa, Stati Uniti, Canada, Russia, Cina, Vietnam, Messico e\u00a0Israele, un\u2019ampia discografia e un percorso pluriennale di ricerca svolto a Berlino. Dal 2017 al 2019 \u00e8 stata curatrice musicale, insieme a Francesca Morello, di Santarcangelo Festival.\u00a0Il corpo &#8211; dai capelli alla pelle, dalla voce al respiro \u2013 \u00e8 il paesaggio espressivo centrale in cui si stagliano le azioni artistiche, critiche e politiche di\u00a0<strong>?Alos<\/strong>,\u00a0 figura femminile in accezione transfemminista queer.<\/p>\n<p><strong>?Alos<\/strong>\u00a0presenter\u00e0 a Lenz il\u00a0<strong>6, 7 e 8 luglio 2022<\/strong>\u00a0il\u00a0<strong>Ritual II\u00a0<em>Embrace the Darkness<\/em><\/strong>: esperienza collettiva, viaggio sonoro ed emozionale, live performance che integra musica dal vivo, sperimentazione sonora vocale ed elettronica,\u00a0improvvisazione, arte figurativa, installazione e video-art.\u00a0&#8220;<em>Come distruggere il verbo? Gettandolo dentro la bocca di un vulcano, annegando le parole nell&#8217;ombra e nella marcescenza della proliferazione vegetale, gettandole nelle volute di fuoco nascoste dentro nuvole di fumo nero<\/em>&#8220;,\u00a0dichiara Stefania ?Alos Pedretti.\u00a0Il tema focale del Ritual sar\u00e0 la lotta degli opposti, esplorata attraverso il\u00a0rapporto suono-natura\u00a0e reinterpretata con la semiotica del\u00a0<strong>vulcano<\/strong>,\u00a0creatura polisemantica che incorpora le energie del fuoco (magma, lava), dell\u2019aria (gas, fumo, cenere), dell\u2019acqua (vapore acqueo, nebbia) e della terra.\u00a0Un tentativo di andare oltre e prima del pensiero cosciente, discendendo nelle profondit\u00e0 della Terra (inconscio), per risalire verso il cielo (pensiero cosciente), nella consapevolezza che &#8220;<em>Everything &#8211; the light, the dark, the beauty, the pain &#8211; is perfect just as it is<\/em>&#8220;.<\/p>\n<p>Il\u00a0Ritual II\u00a0<em>Embrace the Darkness<\/em>\u00a0sar\u00e0 l\u2019esito di una sperimentazione sonora condotta da ?Alos nella sua residenza dall\u20198 al 16 giugno a Marosi &#8211; Festival internazionale di arte performativa di Stromboli &#8211; dove l\u2019artista, con l&#8217;aiuto di Marcello Batelli, registra in presa diretta la voce di un vulcano ancora attivo, generatore di potenza vitale, anche distruttrice. L&#8217;immaginario estetico del Ritual \u00e8 creato in parte a Stromboli dal fotografo\u00a0<strong>Giulio Di Mauro<\/strong>, curatore della documentazione foto\/video. e in parte con oggetti sonori, recuperati dalla lavorazione delle opere in vetro di\u00a0<strong>Silvia Levenson<\/strong>, trasformati e risignificati in una suggestione sulla forza e sulla fragilit\u00e0.<\/p>\n<p>Il periodo di residenza di\u00a0<strong>Stefania ?Alos Pedretti<\/strong>\u00a0a Parma sar\u00e0 dal 22 giugno all\u20198 luglio, all\u2019interno del quale curer\u00e0 un\u00a0<strong>laboratorio<\/strong>\u00a0di esplorazione vocale intergenerazionale, aperto a donne\u00a0dai 13 agli 80 anni\u00a0della comunit\u00e0 (scuole, cori amatoriali, allieve dei laboratori Lenz, donne in carico al Servizio Dipendenze Patologiche di AUSL Parma, attrici con disabilit\u00e0 ecc.), che avr\u00e0 luogo\u00a0il 28, 29 e 30 giugno.\u00a0In sinergia con ?Alos,\u00a0dal 6 all\u20198 luglio\u00a0Lenz\u00a0\u00a0aprir\u00e0 il proprio archivio video alla visione delle riprese integrali di CHAOS, tratta da\u00a0<em>Le Metamorfosi<\/em>\u00a0di Publio Ovidio Nasone, creazione del 2008 sulla dimensione originaria, tra mito e materia.\u00a0In autunno, il progetto Bestiario | Femminile Animale 2022 continuer\u00e0 con altre realt\u00e0 artistiche in dialogo con Lenz: il collettivo di arte politica multidisciplinare Jan Voxel Digital Art e la danzatrice Monica Barone.<\/p>\n<p>&nbsp;<\/p>\n<p><strong>PROGRAMMA<\/strong><\/p>\n<ul>\n<li>28-29-30\u00a0giugno &#8211; h. 17.30-20.30: \u00a0<strong>?Alos Ritual<\/strong><em>_laboratorio aperto<\/em><\/li>\n<li>Dalle h. 10 del 6 alle h. 24 dell\u20198 luglio:\u00a0<strong>CHAOS<\/strong><em>_streaming video su\u00a0<a href=\"http:\/\/lenzfondazione.it\/\" target=\"_blank\" rel=\"noopener\" data-saferedirecturl=\"https:\/\/www.google.com\/url?q=http:\/\/lenzfondazione.it&amp;source=gmail&amp;ust=1656748367785000&amp;usg=AOvVaw0F1B8ABk7ZJYjdauoskusj\">lenzfondazione.it<\/a><\/em><\/li>\n<li>\u00a06-7-8 luglio &#8211; h 21:\u00a0<strong>Stefania ?Alos Pedretti<\/strong><em>_<\/em><strong>Ritual II_<em>Embrace the Darkness<\/em><\/strong><\/li>\n<\/ul>\n","protected":false},"excerpt":{"rendered":"<div class=\"mh-excerpt\"><p>Stefania ?Alos Pedretti in scena per la seconda azione del progetto BESTIARIO | Femminile Animale di Lenz con la presentazione\u00a0dal 6 all\u20198 luglio del\u00a0Ritual II\u00a0Embrace <a class=\"mh-excerpt-more\" href=\"https:\/\/www.piuomenopop.it\/index.php\/2022\/07\/01\/stefania-alos-pedretti-presenta-dal-6-all8-luglio-il-ritual-ii-embrace-the-darkness-per-il-progetto-bestiario-femminile-animale-di-lenz\/\" title=\"Stefania ?Alos Pedretti presenta dal 6 all&#8217;8 luglio il Ritual II &#8220;Embrace the Darkness&#8221; per il progetto BESTIARIO | Femminile Animale di Lenz\">[&#8230;]<\/a><\/p>\n<\/div>","protected":false},"author":2,"featured_media":73917,"comment_status":"closed","ping_status":"closed","sticky":false,"template":"","format":"standard","meta":{"sfsi_plus_gutenberg_text_before_share":"","sfsi_plus_gutenberg_show_text_before_share":"","sfsi_plus_gutenberg_icon_type":"","sfsi_plus_gutenberg_icon_alignemt":"","sfsi_plus_gutenburg_max_per_row":"","footnotes":"","_links_to":"","_links_to_target":""},"categories":[5184,8],"tags":[12964,12965,12966,12963],"class_list":["post-73916","post","type-post","status-publish","format-standard","has-post-thumbnail","hentry","category-calendario-concerti","category-uscite","tag-bestiario","tag-bestiario-femminile-animale-di-lenz","tag-ritual-ii-embrace-the-darkness","tag-stefania-alos-pedretti"],"aioseo_notices":[],"_links":{"self":[{"href":"https:\/\/www.piuomenopop.it\/index.php\/wp-json\/wp\/v2\/posts\/73916","targetHints":{"allow":["GET"]}}],"collection":[{"href":"https:\/\/www.piuomenopop.it\/index.php\/wp-json\/wp\/v2\/posts"}],"about":[{"href":"https:\/\/www.piuomenopop.it\/index.php\/wp-json\/wp\/v2\/types\/post"}],"author":[{"embeddable":true,"href":"https:\/\/www.piuomenopop.it\/index.php\/wp-json\/wp\/v2\/users\/2"}],"replies":[{"embeddable":true,"href":"https:\/\/www.piuomenopop.it\/index.php\/wp-json\/wp\/v2\/comments?post=73916"}],"version-history":[{"count":1,"href":"https:\/\/www.piuomenopop.it\/index.php\/wp-json\/wp\/v2\/posts\/73916\/revisions"}],"predecessor-version":[{"id":73918,"href":"https:\/\/www.piuomenopop.it\/index.php\/wp-json\/wp\/v2\/posts\/73916\/revisions\/73918"}],"wp:featuredmedia":[{"embeddable":true,"href":"https:\/\/www.piuomenopop.it\/index.php\/wp-json\/wp\/v2\/media\/73917"}],"wp:attachment":[{"href":"https:\/\/www.piuomenopop.it\/index.php\/wp-json\/wp\/v2\/media?parent=73916"}],"wp:term":[{"taxonomy":"category","embeddable":true,"href":"https:\/\/www.piuomenopop.it\/index.php\/wp-json\/wp\/v2\/categories?post=73916"},{"taxonomy":"post_tag","embeddable":true,"href":"https:\/\/www.piuomenopop.it\/index.php\/wp-json\/wp\/v2\/tags?post=73916"}],"curies":[{"name":"wp","href":"https:\/\/api.w.org\/{rel}","templated":true}]}}