{"id":74235,"date":"2022-07-08T21:53:43","date_gmt":"2022-07-08T19:53:43","guid":{"rendered":"https:\/\/www.piuomenopop.it\/?p=74235"},"modified":"2022-07-08T21:53:43","modified_gmt":"2022-07-08T19:53:43","slug":"gli-editors-in-italia-per-tre-date-del-tour-19-7-genova-20-10-milano-e-21-10-casalecchio-di-reno-bo","status":"publish","type":"post","link":"https:\/\/www.piuomenopop.it\/index.php\/2022\/07\/08\/gli-editors-in-italia-per-tre-date-del-tour-19-7-genova-20-10-milano-e-21-10-casalecchio-di-reno-bo\/","title":{"rendered":"Gli EDITORS in Italia per tre date del tour: 19\/7 Genova, 20\/10 Milano e 21\/10 Casalecchio di Reno (BO)"},"content":{"rendered":"<p align=\"center\"><strong>DNA concerti \u00e8 lieta di annunciare<\/strong><\/p>\n<p align=\"center\">\n<p align=\"center\"><strong><u>EDITORS<\/u><\/strong><\/p>\n<p align=\"center\"><strong>\u00a0<\/strong><\/p>\n<p align=\"center\">\n<p align=\"center\"><strong>19\/07 Genova &#8211; Balena Festival<\/strong><\/p>\n<p align=\"center\">\n<p align=\"center\"><strong>20\/10 Milano &#8211; Fabrique<\/strong><\/p>\n<p align=\"center\">\n<p align=\"center\"><strong>21\/10 Casalecchio di Reno (BO) &#8211; UNIPOL Arena<\/strong><\/p>\n<p align=\"center\">\n<p align=\"center\">\n<p align=\"center\"><strong><em>EBM<\/em>\u00a0\u00c8 IL TITOLO DEL NUOVO ALBUM<\/strong><\/p>\n<p align=\"center\">\n<p align=\"center\"><strong>in uscita il 23 settembre su\u00a0<a href=\"https:\/\/gdgpress.voxmail.it\/nl\/pvwqdx\/hd5lc3\/wx1ggd7\/uf\/1\/aHR0cHM6Ly9wbGF5aXRhZ2FpbnNhbS5uZXQv?_d=764&amp;_c=d4cc938c\" target=\"_blank\" rel=\"noopener\" data-saferedirecturl=\"https:\/\/www.google.com\/url?q=https:\/\/gdgpress.voxmail.it\/nl\/pvwqdx\/hd5lc3\/wx1ggd7\/uf\/1\/aHR0cHM6Ly9wbGF5aXRhZ2FpbnNhbS5uZXQv?_d%3D764%26_c%3Dd4cc938c&amp;source=gmail&amp;ust=1657377217455000&amp;usg=AOvVaw2riw8JyBbrbUM1lnIhkw_f\">Play It Again Sam<\/a><\/strong><\/p>\n<p align=\"center\">\n<p align=\"center\"><strong>Biglietti su\u00a0<a href=\"https:\/\/gdgpress.voxmail.it\/nl\/pvwqdx\/hd5lc3\/wx1ggd7\/uf\/2\/aHR0cHM6Ly9kaWNlLmZtL2FydGlzdC9lZGl0b3JzLWVhYjY?_d=764&amp;_c=e32281e6\" target=\"_blank\" rel=\"noopener\" data-saferedirecturl=\"https:\/\/www.google.com\/url?q=https:\/\/gdgpress.voxmail.it\/nl\/pvwqdx\/hd5lc3\/wx1ggd7\/uf\/2\/aHR0cHM6Ly9kaWNlLmZtL2FydGlzdC9lZGl0b3JzLWVhYjY?_d%3D764%26_c%3De32281e6&amp;source=gmail&amp;ust=1657377217455000&amp;usg=AOvVaw0zAtMUuXp4VxcVgB4MdpxA\">DICE<\/a>\u00a0e\u00a0<a href=\"https:\/\/gdgpress.voxmail.it\/nl\/pvwqdx\/hd5lc3\/wx1ggd7\/uf\/3\/aHR0cHM6Ly93d3cudGlja2V0b25lLml0L2FydGlzdC9lZGl0b3JzLw?_d=764&amp;_c=cf60d376\" target=\"_blank\" rel=\"noopener\" data-saferedirecturl=\"https:\/\/www.google.com\/url?q=https:\/\/gdgpress.voxmail.it\/nl\/pvwqdx\/hd5lc3\/wx1ggd7\/uf\/3\/aHR0cHM6Ly93d3cudGlja2V0b25lLml0L2FydGlzdC9lZGl0b3JzLw?_d%3D764%26_c%3Dcf60d376&amp;source=gmail&amp;ust=1657377217455000&amp;usg=AOvVaw2hHvntVvbzF6Q7NL6OoJ2B\">Ticketone<\/a><\/strong><\/p>\n<p align=\"center\">\n<p>A oltre due anni di distanza dalle tre incredibili date italiane di febbraio 2020, proprio poche settimane prima che scoppiasse la pandemia, gli\u00a0<strong>Editors<\/strong>, una delle band pi\u00f9 amate dal pubblico italiano, hanno annunciato la pubblicazione del settimo album in studio,\u00a0<strong><em>EBM<\/em><\/strong>, in uscita il 23 settembre su Play It Again Sam, e ben tre\u00a0<strong>date italiane organizzate da DNA concerti<\/strong>: un unico concerto estivo\u00a0<strong>marted\u00ec 19 luglio\u00a0<\/strong>al\u00a0<strong>Balena Festival<\/strong>\u00a0di\u00a0<strong>Genova<\/strong>, e due appuntamenti autunnali\u00a0\u00a0<strong>20 ottobre al Fabrique di<\/strong>\u00a0<strong>Milano<\/strong>\u00a0e il\u00a0<strong>21 ottobre alla UNIPOL Arena di Casalecchio di Reno (BO).<\/strong><\/p>\n<p>Il nuovo disco \u00e8 stato anticipato lo scorso 20 aprile dall\u2019uscita del primo singolo apripista \u201cHeart Attack\u201d, un grido di battaglia racchiuso in una ballad rock dalla pulsante intensita\u0300 elettronica e corredato da sintetizzatori ispirati agli anni &#8217;80 e da batterie trascinanti.<br \/>\nIl 7 giugno poi \u00e8 stato reso disponibile un secondo assaggio:\u00a0<strong><em>\u201cKarma Climb\u201d<\/em><\/strong>, un brano che fonde inni da stadio e atmosfere spettrali.<\/p>\n<p><strong><em>\u201cEBM\u201d<\/em><\/strong>\u00a0sar\u00e0 il primo dopo l\u2019ingresso ufficiale in formazione di Benjamin John Power aka\u00a0<strong>Blanck Mass<\/strong>, gi\u00e0 membro del duo electro-noise\u00a0<strong>Fuck Buttons<\/strong>, dopo una collaborazione di oltre cinque anni che era culminata nella partecipazione come produttore aggiunto sul disco precedente\u00a0<em>\u201cViolence\u201d<\/em>\u00a0e nella pubblicazione di\u00a0<strong><em>\u201cThe Blanck Mass Sessions\u201d<\/em><\/strong>, contenente le versioni dei brani realizzate durante le sessioni di registrazione svolte insieme.<\/p>\n<p>Il sestetto inglese &#8211; capitanato dal carismatico frontman Tom Smith al quale si aggiungono i membri di lungo corso Justin Lockey, Elliott Williams, Russell Leetch e Ed Lay &#8211; presenter\u00e0 in anteprima alcuni brani del nuovo disco gi\u00e0 durante il tour estivo che toccher\u00e0 l\u2019Italia con un\u2019unica data imperdibile\u00a0<strong>marted\u00ec<\/strong>\u00a0<strong>19 luglio<\/strong>\u00a0al\u00a0<strong>Balena Festival<\/strong>\u00a0di\u00a0<strong>Genova<\/strong>.<\/p>\n<p>Dopo l\u2019uscita di\u00a0<strong><em>EBM<\/em><\/strong>, a ottobre la band si imbarcher\u00e0 invece in un tour europeo di 17 date: gli appuntamenti fissati nel nostro paese sono il\u00a0<strong>20 ottobre al Fabrique di<\/strong>\u00a0<strong>Milano<\/strong>\u00a0e il\u00a0<strong>21 ottobre alla UNIPOL Arena di Casalecchio di Reno (BO).<br \/>\n<\/strong>Nei primi mesi del 2023, infine, gli Editors saranno in giro per il Regno Unito e l\u2019Irlanda, con una tappa all\u2019iconico\u00a0<strong>Troxy<\/strong>\u00a0di Londra.<\/p>\n<p>Cos\u00ec Power spiega l\u2019essenza del settimo disco degli Editors nonch\u00e9 suo primo da membro in pianta stabile della band:\u00a0<em>\u201cQuesto nuovo album \u00e8 molto fisico.\u00a0<strong>EBM<\/strong>\u00a0\u00e8 nato dall\u2019idea di creare una connessione con il pubblico e di occupare uno spazio fisico. C\u2019\u00e8 anche, allo stesso tempo, una fisicit\u00e0 emotiva: un\u2019urgenza e un senso di panico. C\u2019\u00e8 dell\u2019agitazione. Anche nei suoi momenti pi\u00f9 delicati, c\u2019\u00e8 sempre un fortissimo desiderio di avvicinarsi\u201d.<\/em><\/p>\n<p>Gli\u00a0<strong>Editors<\/strong>\u00a0non sono mai rimasti fermi a livello creativo e, sin da quando hanno mosso i primi passi come semplice band composta da amici di universit\u00e0 a Birmingham, hanno sempre cercato di sorprendere e di non scrivere mai album prevedibili, senza paura di spiazzare il proprio pubblico.<br \/>\nSe con i primi due splendidi album &#8211; l\u2019esordio\u00a0<em>\u201cThe Back Room\u201d<\/em>\u00a0del 2005 che ricevette una nomination per il Mercury Prize e il secondo\u00a0<em>\u201cAn End Has A Start\u201d<\/em>\u00a0(2007) capace di raggiungere la prima posizione delle classifiche britanniche &#8211; la band di\u00a0<strong>Tom Smith<\/strong>\u00a0era stata inserita nel novero delle band indie rock anni Zero (Franz Ferdinand, Bloc Party, Interpol), gi\u00e0 dalla svolta synth di \u201c<em>In This Light and on This Evening\u201d\u00a0<\/em>del 2009 \u00e8 apparso chiaro a tutti che gli\u00a0<strong>Editors<\/strong>\u00a0non potevano essere incasellati in un unico filone musicale.<br \/>\nIndie rock, post punk, new wave, synth pop, canzoni da stadio: la band inglese ha messo insieme tutto questo con personalit\u00e0 in vent\u2019anni di carriera vissuti sempre ad altissimi livelli creativi e di riscontro del pubblico.<\/p>\n<p>Il prossimo album\u00a0<strong><em>EBM<\/em><\/strong>\u00a0conferma la tendenza al cambiamento e alla ricerca sonora a partire dal suo titolo:\u00a0<strong><em>EBM<\/em><\/strong>\u00a0infatti non \u00e8 solo l\u2019acronimo di Editors e Blanck Mass, ma anche un riferimento voluto alla Electronic Body Music, il sound nato negli anni Ottanta e che ha enormemente influenzato il nuovo materiale del gruppo, dove i synth industrial sulla falsariga di band come Nitzer Ebb, Front 242 e D.A.F. martellano pesantemente fra luci stroboscopiche, macchine del fumo e l\u2019odore del cuoio e della pelle.<\/p>\n<p>L\u2019ingresso di Power nella band ha significato inoltre che, per la prima volta nella storia degli Editors, la scrittura dei brani non \u00e8 partita dal frontman Tom Smith, che ha definito l\u2019innesto di Blanck Mass\u00a0<strong><em>\u201cuna botta di adrenalina nel nostro processo creativo\u201d<\/em><\/strong>.<br \/>\nL\u2019occasione quindi per mescolare nuovamente le carte e per raggiungere un punto di incontro del tutto inedito fra l\u2019anima pi\u00f9 pop di un produttore noise e le radici goth-rock di una band capace di riempire gli stadi.<\/p>\n<p><strong><em>EBM<\/em><\/strong>\u00a0sar\u00e0 un\u2019ulteriore testimonianza dell\u2019ispirazione fulminante degli\u00a0<strong>Editors<\/strong>\u00a0e aprir\u00e0 una nuova fase in una delle carriere pi\u00f9 fulgide, durature e intriganti della musica britannica degli ultimi vent\u2019anni.<\/p>\n","protected":false},"excerpt":{"rendered":"<div class=\"mh-excerpt\"><p>DNA concerti \u00e8 lieta di annunciare EDITORS \u00a0 19\/07 Genova &#8211; Balena Festival 20\/10 Milano &#8211; Fabrique 21\/10 Casalecchio di Reno (BO) &#8211; UNIPOL Arena <a class=\"mh-excerpt-more\" href=\"https:\/\/www.piuomenopop.it\/index.php\/2022\/07\/08\/gli-editors-in-italia-per-tre-date-del-tour-19-7-genova-20-10-milano-e-21-10-casalecchio-di-reno-bo\/\" title=\"Gli EDITORS in Italia per tre date del tour: 19\/7 Genova, 20\/10 Milano e 21\/10 Casalecchio di Reno (BO)\">[&#8230;]<\/a><\/p>\n<\/div>","protected":false},"author":2,"featured_media":51616,"comment_status":"closed","ping_status":"closed","sticky":false,"template":"","format":"standard","meta":{"sfsi_plus_gutenberg_text_before_share":"","sfsi_plus_gutenberg_show_text_before_share":"","sfsi_plus_gutenberg_icon_type":"","sfsi_plus_gutenberg_icon_alignemt":"","sfsi_plus_gutenburg_max_per_row":"","footnotes":"","_links_to":"","_links_to_target":""},"categories":[5184],"tags":[1282],"class_list":["post-74235","post","type-post","status-publish","format-standard","has-post-thumbnail","hentry","category-calendario-concerti","tag-editors"],"aioseo_notices":[],"_links":{"self":[{"href":"https:\/\/www.piuomenopop.it\/index.php\/wp-json\/wp\/v2\/posts\/74235","targetHints":{"allow":["GET"]}}],"collection":[{"href":"https:\/\/www.piuomenopop.it\/index.php\/wp-json\/wp\/v2\/posts"}],"about":[{"href":"https:\/\/www.piuomenopop.it\/index.php\/wp-json\/wp\/v2\/types\/post"}],"author":[{"embeddable":true,"href":"https:\/\/www.piuomenopop.it\/index.php\/wp-json\/wp\/v2\/users\/2"}],"replies":[{"embeddable":true,"href":"https:\/\/www.piuomenopop.it\/index.php\/wp-json\/wp\/v2\/comments?post=74235"}],"version-history":[{"count":2,"href":"https:\/\/www.piuomenopop.it\/index.php\/wp-json\/wp\/v2\/posts\/74235\/revisions"}],"predecessor-version":[{"id":74237,"href":"https:\/\/www.piuomenopop.it\/index.php\/wp-json\/wp\/v2\/posts\/74235\/revisions\/74237"}],"wp:featuredmedia":[{"embeddable":true,"href":"https:\/\/www.piuomenopop.it\/index.php\/wp-json\/wp\/v2\/media\/51616"}],"wp:attachment":[{"href":"https:\/\/www.piuomenopop.it\/index.php\/wp-json\/wp\/v2\/media?parent=74235"}],"wp:term":[{"taxonomy":"category","embeddable":true,"href":"https:\/\/www.piuomenopop.it\/index.php\/wp-json\/wp\/v2\/categories?post=74235"},{"taxonomy":"post_tag","embeddable":true,"href":"https:\/\/www.piuomenopop.it\/index.php\/wp-json\/wp\/v2\/tags?post=74235"}],"curies":[{"name":"wp","href":"https:\/\/api.w.org\/{rel}","templated":true}]}}