{"id":75267,"date":"2022-08-25T12:17:50","date_gmt":"2022-08-25T10:17:50","guid":{"rendered":"https:\/\/www.piuomenopop.it\/?p=75267"},"modified":"2022-08-25T12:17:50","modified_gmt":"2022-08-25T10:17:50","slug":"gli-spettacoli-del-festival-della-mente-di-sarzana-2-4-settembre-vasco-brondi-frida-bollani-magoni-e-mariangela-gualtieri","status":"publish","type":"post","link":"https:\/\/www.piuomenopop.it\/index.php\/2022\/08\/25\/gli-spettacoli-del-festival-della-mente-di-sarzana-2-4-settembre-vasco-brondi-frida-bollani-magoni-e-mariangela-gualtieri\/","title":{"rendered":"Gli spettacoli del Festival della Mente di Sarzana (2-4 settembre): Vasco\u00a0Brondi,\u00a0Frida Bollani Magoni\u00a0e\u00a0Mariangela Gualtieri."},"content":{"rendered":"<p style=\"font-weight: 400;\">Nel weekend\u00a0<strong>dal 2 al 4 settembre<\/strong>, nell\u2019ambito della XIX edizione del\u00a0<strong><a href=\"https:\/\/www.festivaldellamente.it\/\" target=\"_blank\" rel=\"noopener\">Festival della Mente<\/a>\u00a0<\/strong>di Sarzana, sul palco del Teatro degli Impavidi saliranno il cantautore e scrittore\u00a0<strong>Vasco\u00a0Brondi<\/strong>, la pianista\u00a0<strong>Frida Bollani Magoni\u00a0<\/strong>e la poetessa\u00a0<strong>Mariangela Gualtieri<\/strong>. Promosso dalla Fondazione Carispezia e dal Comune di Sarzana, il festival \u00e8 diretto da Benedetta Marietti ed \u00e8 dedicato alla creativit\u00e0 e alla nascita delle idee. Il tema del 2022 \u00e8 il\u00a0<strong><em>movimento<\/em><\/strong>.<\/p>\n<p style=\"font-weight: 400;\">Il primo appuntamento sar\u00e0 venerd\u00ec\u00a0<strong>2 settembre<\/strong>\u00a0alle 21.15 con\u00a0<strong>Vasco\u00a0Brondi<\/strong>, che porter\u00e0 in scena\u00a0<strong><em>Viaggi disorganizzati. Agitarsi cercando la pace<\/em><\/strong>: uno spettacolo in cui alterner\u00e0 momenti musicali e letture di viaggiatori e scrittori come Folco Terzani ed Erri De Luca e rifletter\u00e0 sull\u2019immobilit\u00e0 e sul desiderio di spostarsi. Il tema del movimento \u2013 nella sua accezione interiore e in quella di viaggio \u2013 \u00e8 sempre stato centrale nella sua produzione artistica. Sul palco insieme a Brondi: Angelo Trabace al pianoforte, Andrea Faccioli alle chitarre e Daniela Savoldi al violoncello.<\/p>\n<p style=\"font-weight: 400;\">Dopo la conclusione del progetto artistico\/musicale\u00a0<em>Le Luci della Centrale Elettrica<\/em>, nel 2021\u00a0<strong>Vasco\u00a0Brondi\u00a0<\/strong>\u00e8 uscito con il primo album a suo nome,\u00a0<em>Paesaggio dopo la battagli<\/em>a,\u00a0che ha conquistato il terzo posto nella classifica FIMI dei dischi pi\u00f9 venduti. Ha pubblicato cinque libri, scritto canzoni per il cinema e prestato la sua voce per due audiolibri (<em>La societ\u00e0 della stanchezza<\/em>\u00a0di Byung-Chul Han e\u00a0<em>Altri Libertini<\/em>\u00a0di Pier Vittorio Tondelli). \u00c8 in libreria con\u00a0<em>Paesaggio dopo la battaglia<\/em>\u00a0(La Nave di Teseo), diario di lavorazione dell&#8217;omonimo disco.<\/p>\n<p style=\"font-weight: 400;\">Sabato\u00a0<strong>3 settembre<\/strong>\u00a0alle ore 21.30 la pianista\u00a0<strong>Frida Bollani Magoni\u00a0<\/strong>incanter\u00e0 il pubblico con\u00a0<strong><em>In concerto. Piano e voce<\/em><\/strong>,\u00a0una tracklist che ripercorrer\u00e0 i suoi interessi musicali, da quelli condivisi con i genitori Petra Magoni e Stefano Bollani \u2013 come Lucio Dalla, Leonard Cohen, Franco Battiato \u2013 fino all\u2019interesse per artisti cari alla sua generazione, da Ariana Grande a Britney Spears.<\/p>\n<p style=\"font-weight: 400;\"><strong>Frida Bollani Magoni<\/strong>, figlia d\u2019arte e ipovedente dalla nascita, comincia a studiare pianoforte classico all\u2019et\u00e0 di 7 anni, imparando la notazione musicale in Braille. Si \u00e8 spesso esibita come ospite a sorpresa nei concerti dei genitori, sia in Italia sia all\u2019estero. Ha partecipato come cantante nei musical\u00a0<em>The Adventures of Peter Pan<\/em>\u00a0e\u00a0<em>Jesus Christ meets the Orchestr<\/em>a. Ha suonato e cantato come solista in quasi 30 concerti, calcando palchi prestigiosi e registrando sempre il tutto esaurito. In occasione delle celebrazioni del 2 giugno 2021 si \u00e8 esibita al Quirinale di fronte al Presidente della Repubblica.<\/p>\n<p style=\"font-weight: 400;\">A chiusura del festival, domenica\u00a0<strong>4 settembre<\/strong>\u00a0alle ore 21.30 si terr\u00e0 l\u2019incontro\u00a0<strong><em>Cattura del soffio<\/em><\/strong>\u00a0con la poetessa e drammaturga\u00a0<strong>Mariangela Gualtieri<\/strong>,<strong>\u00a0<\/strong>che rifletter\u00e0 sul movimento primario \u2013 il soffio, appunto \u2013 che ci tiene appesi alla vita, mentre tutto attorno si muove. La poetessa dar\u00e0 voce a ci\u00f2 che fa vibrare le nostre vite: l\u2019amore, il dolore, il mistero, i figli, la morte, la riconoscenza, il perdono, la cura degli altri, la natura.<\/p>\n<p style=\"font-weight: 400;\"><strong>Mariangela Gualtieri\u00a0<\/strong>\u00e8 cofondatrice, insieme al regista Cesare Ronconi, del Teatro Valdoca. Fin dall\u2019inizio ha curato la consegna orale della poesia, dedicando piena attenzione alla voce e al sodalizio fra verso poetico e musica dal vivo. Fra i testi pubblicati:\u00a0<em>Antenata\u00a0<\/em>(Crocetti ed., 1992 e 2020);\u00a0<em>Bestia di gioia<\/em>\u00a0(Einaudi, 2010);\u00a0<em>Caino<\/em>, (Einaudi, 2011);\u00a0<em>Le giovani parole\u00a0<\/em>(Einaudi, 2015);\u00a0<em>Voci di tenebra azzurra<\/em>\u00a0(Stampa 2009, 2016);\u00a0<em>Beast of Joy. Selected poems<\/em>\u00a0(Chelsea Editions, New York, 2018). \u00c8 coautrice di\u00a0<em>Album dei Giuramenti<\/em>\u00a0e\u00a0<em>Tavole dei Giuramenti<\/em>\u00a0di Teatro Valdoca (Quodlibet, 2019) e autrice di\u00a0<em>Quando non morivo\u00a0<\/em>(Einaudi, 2019),\u00a0<em>Paesaggio con fratello rotto<\/em>\u00a0(Einaudi, 2021),\u00a0<em>L\u2019incanto fonico. L\u2019arte di dire la poesia<\/em>\u00a0(Einaudi, 2022).<\/p>\n","protected":false},"excerpt":{"rendered":"<div class=\"mh-excerpt\"><p>Nel weekend\u00a0dal 2 al 4 settembre, nell\u2019ambito della XIX edizione del\u00a0Festival della Mente\u00a0di Sarzana, sul palco del Teatro degli Impavidi saliranno il cantautore e scrittore\u00a0Vasco\u00a0Brondi, <a class=\"mh-excerpt-more\" href=\"https:\/\/www.piuomenopop.it\/index.php\/2022\/08\/25\/gli-spettacoli-del-festival-della-mente-di-sarzana-2-4-settembre-vasco-brondi-frida-bollani-magoni-e-mariangela-gualtieri\/\" title=\"Gli spettacoli del Festival della Mente di Sarzana (2-4 settembre): Vasco\u00a0Brondi,\u00a0Frida Bollani Magoni\u00a0e\u00a0Mariangela Gualtieri.\">[&#8230;]<\/a><\/p>\n<\/div>","protected":false},"author":2,"featured_media":75268,"comment_status":"closed","ping_status":"closed","sticky":false,"template":"","format":"standard","meta":{"sfsi_plus_gutenberg_text_before_share":"","sfsi_plus_gutenberg_show_text_before_share":"","sfsi_plus_gutenberg_icon_type":"","sfsi_plus_gutenberg_icon_alignemt":"","sfsi_plus_gutenburg_max_per_row":"","footnotes":"","_links_to":"","_links_to_target":""},"categories":[5184],"tags":[13084,13085,4074],"class_list":["post-75267","post","type-post","status-publish","format-standard","has-post-thumbnail","hentry","category-calendario-concerti","tag-festival-della-mente-di-sarzana","tag-frida-bollani-magoni","tag-vasco-brondi"],"aioseo_notices":[],"_links":{"self":[{"href":"https:\/\/www.piuomenopop.it\/index.php\/wp-json\/wp\/v2\/posts\/75267","targetHints":{"allow":["GET"]}}],"collection":[{"href":"https:\/\/www.piuomenopop.it\/index.php\/wp-json\/wp\/v2\/posts"}],"about":[{"href":"https:\/\/www.piuomenopop.it\/index.php\/wp-json\/wp\/v2\/types\/post"}],"author":[{"embeddable":true,"href":"https:\/\/www.piuomenopop.it\/index.php\/wp-json\/wp\/v2\/users\/2"}],"replies":[{"embeddable":true,"href":"https:\/\/www.piuomenopop.it\/index.php\/wp-json\/wp\/v2\/comments?post=75267"}],"version-history":[{"count":1,"href":"https:\/\/www.piuomenopop.it\/index.php\/wp-json\/wp\/v2\/posts\/75267\/revisions"}],"predecessor-version":[{"id":75269,"href":"https:\/\/www.piuomenopop.it\/index.php\/wp-json\/wp\/v2\/posts\/75267\/revisions\/75269"}],"wp:featuredmedia":[{"embeddable":true,"href":"https:\/\/www.piuomenopop.it\/index.php\/wp-json\/wp\/v2\/media\/75268"}],"wp:attachment":[{"href":"https:\/\/www.piuomenopop.it\/index.php\/wp-json\/wp\/v2\/media?parent=75267"}],"wp:term":[{"taxonomy":"category","embeddable":true,"href":"https:\/\/www.piuomenopop.it\/index.php\/wp-json\/wp\/v2\/categories?post=75267"},{"taxonomy":"post_tag","embeddable":true,"href":"https:\/\/www.piuomenopop.it\/index.php\/wp-json\/wp\/v2\/tags?post=75267"}],"curies":[{"name":"wp","href":"https:\/\/api.w.org\/{rel}","templated":true}]}}