{"id":75689,"date":"2022-09-06T13:41:23","date_gmt":"2022-09-06T11:41:23","guid":{"rendered":"https:\/\/www.piuomenopop.it\/?p=75689"},"modified":"2022-09-06T13:41:23","modified_gmt":"2022-09-06T11:41:23","slug":"pierpaolo-capovilla-e-i-cattivi-maestri-prosegue-il-tour-iniziato-in-estate-con-nuove-imperdibili-date-autunnali-nei-club","status":"publish","type":"post","link":"https:\/\/www.piuomenopop.it\/index.php\/2022\/09\/06\/pierpaolo-capovilla-e-i-cattivi-maestri-prosegue-il-tour-iniziato-in-estate-con-nuove-imperdibili-date-autunnali-nei-club\/","title":{"rendered":"PIERPAOLO CAPOVILLA E I CATTIVI MAESTRI: Prosegue il tour iniziato in estate con nuove imperdibili date autunnali nei club"},"content":{"rendered":"<h3 style=\"text-align: center;\"><span style=\"color: #ff0000;\"><strong>PIERPAOLO CAPOVILLA E I CATTIVI MAESTRI<\/strong><\/span><\/h3>\n<h3 style=\"text-align: center;\"><span style=\"color: #000000;\"><strong>PROSEGUE IL TOUR INIZIATO IN ESTATE CON NUOVE IMPERDIBILI DATE AUTUNNALI NEI CLUB<\/strong><\/span><\/h3>\n<p>Pierpaolo Capovilla e i Cattivi Maestri annunciano le nuove date della loro tourn\u00e9e. Si arricchisce cos\u00ec di nuove e imperdibili tappe il tour con cui la band, in cui oltre a Pierpaolo Capovilla figurano anche Egle Sommacal (<em>Massimo Volume<\/em>), Fabrizio Baioni (<em>LEDA<\/em>) e Federico Aggio (<em>Lucertulas<\/em>), continueranno a infuocare i palchi italiani fino a fine novembre. Di seguito il calendario aggiornato:<\/p>\n<p><strong>\u201cPIERPAOLO CAPOVILLA E I CATTIVI MAESTRI TOUR\u201d<\/strong><br \/>\n<span style=\"text-decoration: line-through;\">28.05.22 &#8211; BOLOGNA &#8211; Freak Out<\/span><br \/>\n<span style=\"text-decoration: line-through;\">10.06.22 &#8211; TORINO &#8211; Hiroshima Mon Amour<\/span><br \/>\n<span style=\"text-decoration: line-through;\">11.06.22 &#8211; BERGAMO &#8211; Druso<\/span><br \/>\n<span style=\"text-decoration: line-through;\">25.06.22 &#8211; COSTIGLIOLE D&#8217;ASTI (AT) &#8211; Fans Out Festival<\/span><br \/>\n<span style=\"text-decoration: line-through;\">01.07.22 &#8211; MODENA &#8211; Louder Festival\u00a0<\/span><br \/>\n<span style=\"text-decoration: line-through;\">08.07.22 &#8211; BOLOGNA &#8211; Pontelungo Summer festival<\/span><br \/>\n<span style=\"text-decoration: line-through;\">22.07.22 &#8211; RECANATI (MC) &#8211; Memorabilia Festival<\/span><br \/>\n<span style=\"text-decoration: line-through;\">29.07.22 &#8211; CASTELVOLTURNO (CE) &#8211; Rockammare<\/span><br \/>\n<span style=\"text-decoration: line-through;\">30.07.22 &#8211; FIRENZE &#8211; Ultravox<\/span><br \/>\n<span style=\"text-decoration: line-through;\">07.08.22 &#8211; GALLINARO (FR) &#8211; Gallina Rock Fest<\/span><br \/>\n<span style=\"text-decoration: line-through;\">08.08.22 &#8211; FRIGENTO (AV) &#8211; People Involvement Festival<\/span><br \/>\n<span style=\"text-decoration: line-through;\">09.08.22 &#8211; FOSDINOVO (MS) &#8211; Fino al Cuore della Rivolta\u00a0<\/span><br \/>\n<span style=\"text-decoration: line-through;\">20.08.22 &#8211; FERRARA &#8211; Fe-Stival Days<\/span><br \/>\n<span style=\"text-decoration: line-through;\">02.09.22 &#8211; CAGLIARI &#8211; Karel Exp\u00f2<\/span><br \/>\n01.10.22 &#8211; VIAREGGIO (LU) &#8211; Gob &#8211;\u00a0nuova data<br \/>\n08.10.22 &#8211; CESENA &#8211; Vidia\u00a0&#8211;\u00a0nuova data<br \/>\n15.10.22 &#8211; TREVISO &#8211; Django &#8211;\u00a0nuova data<br \/>\n27.10.22 &#8211; ROMA &#8211; Monk &#8211;\u00a0nuova data<br \/>\n29.10.22 &#8211; POGGIBONSI (SI) &#8211; Bottega26 &#8211;\u00a0nuova data<br \/>\n25.11.22 &#8211; MACERATA &#8211; Circolo Dong &#8211;\u00a0nuova data<br \/>\n26.11.22 &#8211; PESCARA &#8211; Scumm &#8211;\u00a0nuova data<\/p>\n<p>Per info:\u00a0<a href=\"http:\/\/www.bpmconcerti.com\/\" target=\"_blank\" rel=\"noopener\" data-saferedirecturl=\"https:\/\/www.google.com\/url?q=http:\/\/www.bpmconcerti.com&amp;source=gmail&amp;ust=1662544217789000&amp;usg=AOvVaw1PFMGxB4G078UlDkUfgnp0\">www.bpmconcerti.com<\/a><\/p>\n<p>Dopo la storica militanza ne\u00a0<em>Il Teatro Degli Orrori,\u00a0<\/em><strong>Pierpaolo Capovilla\u00a0<\/strong>ha recentemente inaugurato l\u2019inizio di un nuovo capitolo discografico insieme a\u00a0<strong>Garrincha Dischi,\u00a0<\/strong>con l\u2019uscita \u2013 il\u00a0<strong>27 maggio\u00a0<\/strong>\u2013 del suo primo lavoro in studio con l\u2019inedito progetto\u00a0<strong>PIERPAOLO CAPOVILLA E I CATTIVI MAESTRI,\u00a0<\/strong>dirompente formazione in cui figurano anche Egle Sommacal (<em>Massimo Volume<\/em>), Fabrizio Baioni (<em>LEDA<\/em>) e Federico Aggio (<em>Lucertulas<\/em>).<\/p>\n<p><em>\u00abDieci canzoni, otto cazzotti e due carezze, per raccontare questi tempi di violenza e sopraffazione, il paese e il mondo in cui viviamo\u00bb<\/em>. Queste le parole di Capovilla per descrivere il nuovo album che, in un momento storico colpito da un conflitto senza precedenti nel cuore dell\u2019Europa, ha come tema dominante proprio la guerra. Guerra intesa come violenza nelle sue diverse accezioni, sia essa\u00a0<em>militare, simbolica\u00a0<\/em>o\u00a0<em>interiore.\u00a0<\/em>Sia essa quella che uccide i\u00a0<em>corpi\u00a0<\/em>o quella che ferisce il\u00a0<em>cuore. \u00abCi\u00f2 che si teme nel disco \u00e8 ci\u00f2 che si sta verificando adesso. Non \u00e8 una profezia, \u00e8 il terribile ordine delle cose\u00bb.<\/em><\/p>\n<p>Classe 1968,\u00a0<strong>Pierpaolo Capovilla \u00e8\u00a0<\/strong>un musicista ed autore della scena rock indipendente italiana. Cantante e bassista di uno dei gruppi seminali degli anni &#8217;90, gli\u00a0<em>One Dimensional Man,\u00a0<\/em>con questi suona una serie sterminata di concerti in Italia e in Europa, e pubblica 5 album destinati a lasciare il segno nella storia del rock italiano pi\u00f9 radicale e intransigente.<br \/>\nNel 2005 fonda il gruppo\u00a0<em>Il Teatro degli Orrori,\u00a0<\/em>con cui si cimenta nelle sonorit\u00e0 a lui consuete, questa volta per\u00f2 cantando in italiano, e fra il 2007 e il 2015 pubblica 4 album che ottengono un inaspettato successo di pubblico e di critica. Suona il basso nei primi due album del quartetto denominato\u00a0<em>Bu\u00f1uel,\u00a0<\/em>capitanato da Eugene Sterling Robinson.<\/p>\n<p>Nell&#8217;opera di Capovilla sono certamente distinguibili la sua devozione per la tradizione del rock pi\u00f9 sanguigno di matrice americana, l&#8217;affezione per la poesia e la drammaturgia russe, ma anche la passione civile e l&#8217;attaccamento ai valori democratici, sempre ribaditi tanto nei concerti quanto negli incontri pubblici.<\/p>\n","protected":false},"excerpt":{"rendered":"<div class=\"mh-excerpt\"><p>PIERPAOLO CAPOVILLA E I CATTIVI MAESTRI PROSEGUE IL TOUR INIZIATO IN ESTATE CON NUOVE IMPERDIBILI DATE AUTUNNALI NEI CLUB Pierpaolo Capovilla e i Cattivi Maestri <a class=\"mh-excerpt-more\" href=\"https:\/\/www.piuomenopop.it\/index.php\/2022\/09\/06\/pierpaolo-capovilla-e-i-cattivi-maestri-prosegue-il-tour-iniziato-in-estate-con-nuove-imperdibili-date-autunnali-nei-club\/\" title=\"PIERPAOLO CAPOVILLA E I CATTIVI MAESTRI: Prosegue il tour iniziato in estate con nuove imperdibili date autunnali nei club\">[&#8230;]<\/a><\/p>\n<\/div>","protected":false},"author":2,"featured_media":74837,"comment_status":"closed","ping_status":"closed","sticky":false,"template":"","format":"standard","meta":{"sfsi_plus_gutenberg_text_before_share":"","sfsi_plus_gutenberg_show_text_before_share":"","sfsi_plus_gutenberg_icon_type":"","sfsi_plus_gutenberg_icon_alignemt":"","sfsi_plus_gutenburg_max_per_row":"","footnotes":"","_links_to":"","_links_to_target":""},"categories":[5184],"tags":[13040],"class_list":["post-75689","post","type-post","status-publish","format-standard","has-post-thumbnail","hentry","category-calendario-concerti","tag-pierpaolo-capovilla-e-i-cattivi-maestri"],"aioseo_notices":[],"_links":{"self":[{"href":"https:\/\/www.piuomenopop.it\/index.php\/wp-json\/wp\/v2\/posts\/75689","targetHints":{"allow":["GET"]}}],"collection":[{"href":"https:\/\/www.piuomenopop.it\/index.php\/wp-json\/wp\/v2\/posts"}],"about":[{"href":"https:\/\/www.piuomenopop.it\/index.php\/wp-json\/wp\/v2\/types\/post"}],"author":[{"embeddable":true,"href":"https:\/\/www.piuomenopop.it\/index.php\/wp-json\/wp\/v2\/users\/2"}],"replies":[{"embeddable":true,"href":"https:\/\/www.piuomenopop.it\/index.php\/wp-json\/wp\/v2\/comments?post=75689"}],"version-history":[{"count":1,"href":"https:\/\/www.piuomenopop.it\/index.php\/wp-json\/wp\/v2\/posts\/75689\/revisions"}],"predecessor-version":[{"id":75690,"href":"https:\/\/www.piuomenopop.it\/index.php\/wp-json\/wp\/v2\/posts\/75689\/revisions\/75690"}],"wp:featuredmedia":[{"embeddable":true,"href":"https:\/\/www.piuomenopop.it\/index.php\/wp-json\/wp\/v2\/media\/74837"}],"wp:attachment":[{"href":"https:\/\/www.piuomenopop.it\/index.php\/wp-json\/wp\/v2\/media?parent=75689"}],"wp:term":[{"taxonomy":"category","embeddable":true,"href":"https:\/\/www.piuomenopop.it\/index.php\/wp-json\/wp\/v2\/categories?post=75689"},{"taxonomy":"post_tag","embeddable":true,"href":"https:\/\/www.piuomenopop.it\/index.php\/wp-json\/wp\/v2\/tags?post=75689"}],"curies":[{"name":"wp","href":"https:\/\/api.w.org\/{rel}","templated":true}]}}