{"id":7674,"date":"2016-10-21T13:54:28","date_gmt":"2016-10-21T11:54:28","guid":{"rendered":"http:\/\/www.piuomenopop.it\/?p=7674"},"modified":"2018-01-01T18:04:38","modified_gmt":"2018-01-01T17:04:38","slug":"progetto-noah-rock-intimo-e-profondo","status":"publish","type":"post","link":"https:\/\/www.piuomenopop.it\/index.php\/2016\/10\/21\/progetto-noah-rock-intimo-e-profondo\/","title":{"rendered":"Progetto Noah: rock intimo e profondo"},"content":{"rendered":"<p><img loading=\"lazy\" decoding=\"async\" class=\"alignnone size-medium wp-image-7675 aligncenter\" src=\"http:\/\/www.piuomenopop.it\/wp-content\/uploads\/2016\/10\/14606343_1487630657920145_1404883194929884112_n-300x300.jpg\" alt=\"14606343_1487630657920145_1404883194929884112_n\" width=\"300\" height=\"300\" srcset=\"https:\/\/www.piuomenopop.it\/wp-content\/uploads\/2016\/10\/14606343_1487630657920145_1404883194929884112_n-300x300.jpg 300w, https:\/\/www.piuomenopop.it\/wp-content\/uploads\/2016\/10\/14606343_1487630657920145_1404883194929884112_n-150x150.jpg 150w, https:\/\/www.piuomenopop.it\/wp-content\/uploads\/2016\/10\/14606343_1487630657920145_1404883194929884112_n-60x60.jpg 60w, https:\/\/www.piuomenopop.it\/wp-content\/uploads\/2016\/10\/14606343_1487630657920145_1404883194929884112_n.jpg 240w\" sizes=\"auto, (max-width: 300px) 100vw, 300px\" \/><\/p>\n<p><strong>Tullio Cesario<\/strong>, voce e anima del <a href=\"https:\/\/www.facebook.com\/progettonoah\/?fref=ts\" target=\"_blank\">Progetto Noah<\/a> (dal libro di <strong>Justin Cronin<\/strong>) ci presenta il suo primo singolo \u201c<em>Il complesso di Elettra<\/em>\u201d che anticipa il disco in uscita a novembre.<br \/>\nPer <strong>Noah<\/strong> cantare rappresenta una necessit\u00e0, un\u2019esigenza artistica; citando il grande scrittore <strong>Chuck Palahniuk<\/strong> dice:<br \/>\n\u201cQuello di cui ho bisogno \u00e8 una nuova storia su chi sono. Quello di cui ho bisogno \u00e8 di fare una cazzata cos\u00ec grande da non riuscire a salvarmi\u201d.<br \/>\nLa sua carriera artistica inizia presto, negli anni \u201890 e culmina nel 2014 in un <strong>progetto solista e un Ep<\/strong>. Tuttavia<strong> Tullio<\/strong> non \u00e8 soddisfatto, quello che gli manca e la dimensione di &#8220;gruppo&#8221; e l&#8217;energia e l\u2019esplosione emozionale che ne deriva. \u00c8 cos\u00ec che, grazie anche agli arrangiamenti e alla direzione artistica di <a href=\"https:\/\/www.facebook.com\/joesantelli1?fref=ts\" target=\"_blank\"><strong>Joe Santelli<\/strong><\/a>, nasce il \u201c<em>Progetto Noah<\/em>\u201d.<br \/>\nI punti di riferimento musicale di Noah sono i gruppi musicali italiani contaminati dalla<strong> musica inglese e di Seattle anni \u201990<\/strong>: <strong>Afterhours, Marlene kuntz, Ritmo Tribale<\/strong>. Il 5 luglio anticipa il lavoro in studio con un live, aiutato da <a href=\"https:\/\/www.facebook.com\/lorenzo.madeo?fref=ts\" target=\"_blank\"><strong>Lorenzo Madeo<\/strong><\/a> alla chitarra,<a href=\"https:\/\/www.facebook.com\/mattiadlc?fref=ts\" target=\"_blank\"><strong> Mattia de Luca<\/strong><\/a> alla batteria (che \u00e8 anche le batterie del disco) e <a href=\"https:\/\/www.facebook.com\/giuseppe.paese?fref=ts\" target=\"_blank\">Giuseppe Paese<\/a> al basso.<br \/>\nDal 31 luglio \u00e8 online il suo singolo \u201c<em>Il complesso di Elettra<\/em>\u201d, accolto da subito con entusiasmo da amici e appassionati. Si tratta di un pezzo rock intimo e profondo, accompagnato da un testo che racconta il mondo interiore di <strong>Noah<\/strong>, il suo modo di affacciarsi alla vita e alla realt\u00e0 senza troppe illusioni e false speranze, la consapevolezza delle maschere che ciascuno di noi \u00e8 costretto ad indossare per vivere. Ben arrangiato e suonato dai musicisti, \u00e8 accompagnato anche da un interessante video, prodotto dai ragazzi di <a href=\"https:\/\/www.facebook.com\/visionicreativelab\/?fref=ts\" target=\"_blank\">Visioni Creative<\/a>. Il pezzo inizia lento e sommesso per poi esplodere nella grinta di chitarre elettriche e batteria fino ad arrivare ad un ritornello orecchiabile e ricco di anima e passione.<\/p>\n<p>Aspettando l\u2019uscita degli altri pezzi dell\u2019album, possiamo andare a sentire il \u201cProgetto Noah\u201d live il 23 ottobre a Cosenza. Tullio e la sua band hanno infatti risposto immediatamente all\u2019invito a suonare per un\u2019iniziativa di solidariet\u00e0, <a href=\"http:\/\/www.piuomenopop.it\/index.php\/2016\/10\/15\/cosenza-si-smuove-solidarieta-per-aiutare-le-popolazioni-terremotate-del-centro-italia\/\" target=\"_blank\">Cosenza si Smuove<\/a>. Il sostegno di una buona causa rappresenta sicuramente un motivo in pi\u00f9 per trascorrere una serata all\u2019insegna della buona musica e del divertimento, vietato mancare!<\/p>\n<p style=\"text-align: center;\"><iframe loading=\"lazy\" src=\"https:\/\/www.youtube.com\/embed\/eSIBRhvEKKI\" width=\"560\" height=\"315\" frameborder=\"0\" allowfullscreen=\"allowfullscreen\"><\/iframe><\/p>\n","protected":false},"excerpt":{"rendered":"<div class=\"mh-excerpt\"><p>Tullio Cesario, voce e anima del Progetto Noah (dal libro di Justin Cronin) ci presenta il suo primo singolo \u201cIl complesso di Elettra\u201d che anticipa <a class=\"mh-excerpt-more\" href=\"https:\/\/www.piuomenopop.it\/index.php\/2016\/10\/21\/progetto-noah-rock-intimo-e-profondo\/\" title=\"Progetto Noah: rock intimo e profondo\">[&#8230;]<\/a><\/p>\n<\/div>","protected":false},"author":10,"featured_media":7675,"comment_status":"closed","ping_status":"closed","sticky":false,"template":"","format":"standard","meta":{"sfsi_plus_gutenberg_text_before_share":"","sfsi_plus_gutenberg_show_text_before_share":"","sfsi_plus_gutenberg_icon_type":"","sfsi_plus_gutenberg_icon_alignemt":"","sfsi_plus_gutenburg_max_per_row":"","footnotes":"","_links_to":"","_links_to_target":""},"categories":[3,8,939,7,457],"tags":[180,1205,1206,1204,632],"class_list":["post-7674","post","type-post","status-publish","format-standard","has-post-thumbnail","hentry","category-news","category-uscite","category-pop","category-recensioni","category-rock","tag-afterhours","tag-chuck-palahniuk","tag-marlene-kuntz","tag-progetto-noah","tag-ritmo-tribale"],"aioseo_notices":[],"_links":{"self":[{"href":"https:\/\/www.piuomenopop.it\/index.php\/wp-json\/wp\/v2\/posts\/7674","targetHints":{"allow":["GET"]}}],"collection":[{"href":"https:\/\/www.piuomenopop.it\/index.php\/wp-json\/wp\/v2\/posts"}],"about":[{"href":"https:\/\/www.piuomenopop.it\/index.php\/wp-json\/wp\/v2\/types\/post"}],"author":[{"embeddable":true,"href":"https:\/\/www.piuomenopop.it\/index.php\/wp-json\/wp\/v2\/users\/10"}],"replies":[{"embeddable":true,"href":"https:\/\/www.piuomenopop.it\/index.php\/wp-json\/wp\/v2\/comments?post=7674"}],"version-history":[{"count":5,"href":"https:\/\/www.piuomenopop.it\/index.php\/wp-json\/wp\/v2\/posts\/7674\/revisions"}],"predecessor-version":[{"id":7690,"href":"https:\/\/www.piuomenopop.it\/index.php\/wp-json\/wp\/v2\/posts\/7674\/revisions\/7690"}],"wp:featuredmedia":[{"embeddable":true,"href":"https:\/\/www.piuomenopop.it\/index.php\/wp-json\/wp\/v2\/media\/7675"}],"wp:attachment":[{"href":"https:\/\/www.piuomenopop.it\/index.php\/wp-json\/wp\/v2\/media?parent=7674"}],"wp:term":[{"taxonomy":"category","embeddable":true,"href":"https:\/\/www.piuomenopop.it\/index.php\/wp-json\/wp\/v2\/categories?post=7674"},{"taxonomy":"post_tag","embeddable":true,"href":"https:\/\/www.piuomenopop.it\/index.php\/wp-json\/wp\/v2\/tags?post=7674"}],"curies":[{"name":"wp","href":"https:\/\/api.w.org\/{rel}","templated":true}]}}