{"id":77576,"date":"2023-01-09T19:25:08","date_gmt":"2023-01-09T18:25:08","guid":{"rendered":"https:\/\/www.piuomenopop.it\/?p=77576"},"modified":"2023-01-09T19:25:08","modified_gmt":"2023-01-09T18:25:08","slug":"baustelle-esce-il-14-aprile-elvis-il-nuovo-album-da-oggi-in-pre-order","status":"publish","type":"post","link":"https:\/\/www.piuomenopop.it\/index.php\/2023\/01\/09\/baustelle-esce-il-14-aprile-elvis-il-nuovo-album-da-oggi-in-pre-order\/","title":{"rendered":"BAUSTELLE, esce il 14 aprile &#8220;ELVIS&#8221;, il nuovo album da oggi in pre-order"},"content":{"rendered":"<p dir=\"ltr\" style=\"text-align: center;\"><strong>BAUSTELLE<\/strong><\/p>\n<p style=\"text-align: center;\">\n<p dir=\"ltr\" style=\"text-align: center;\"><strong>Esce il 14 aprile <\/strong><br \/>\n<strong>\u201cELVIS\u201d<\/strong><\/p>\n<p dir=\"ltr\" style=\"text-align: center;\"><strong>il nuovo album da oggi in pre-order<\/strong><br \/>\n<strong><a href=\"https:\/\/baustelle.lnk.to\/elvisPR\" target=\"_blank\" rel=\"noopener\" data-saferedirecturl=\"https:\/\/www.google.com\/url?q=https:\/\/baustelle.lnk.to\/elvisPR&amp;source=gmail&amp;ust=1673372946869000&amp;usg=AOvVaw398-3zSRMhIuNBD5a6N0wi\">https:\/\/Baustelle.lnk.to\/<wbr \/>elvisPR<\/a>\u00a0\u00a0<\/strong><\/p>\n<p dir=\"ltr\">\u00a0<img loading=\"lazy\" decoding=\"async\" class=\"CToWUd a6T aligncenter\" tabindex=\"0\" src=\"https:\/\/lh4.googleusercontent.com\/hRfLzbatumXkOkZkQa6leQh4TGgw7MC3RpANjnHnlyyvNdW2ex_XCpuoD7c1FjyKwgNVNnAgqgRFc9jWvBGyUUEDsuRMxoR9lzKlh5WNNg_jbkZpy8hV69_PCZjLoo1xycwD7xsDop6qfHqiRM_UyIjOHJYNikIc8TeUhL3EaqvgHgiw92bvCakakqkxFlxI\" width=\"385\" height=\"385\" data-bit=\"iit\" \/><\/p>\n<p dir=\"ltr\" style=\"text-align: center;\">\u00c8 fuori ovunque il singolo<\/p>\n<p dir=\"ltr\" style=\"text-align: center;\">\u201cCONTRO IL MONDO\u201d<br \/>\nOnline anche il videoclip<\/p>\n<p dir=\"ltr\" style=\"text-align: center;\">Tutto sold out il tour nel 2023 nei principali club italiani<\/p>\n<p>&nbsp;<\/p>\n<p dir=\"ltr\">Esce il 14 aprile per BMG \u201cELVIS\u201d, l\u2019attesissimo nuovo album dei BAUSTELLE da oggi in pre-order (<a href=\"https:\/\/baustelle.lnk.to\/elvisPR\" target=\"_blank\" rel=\"noopener\" data-saferedirecturl=\"https:\/\/www.google.com\/url?q=https:\/\/baustelle.lnk.to\/elvisPR&amp;source=gmail&amp;ust=1673372946870000&amp;usg=AOvVaw10_lYfs824MI8HS081vH2W\">https:\/\/Baustelle.lnk.to\/<wbr \/>elvisPR<\/a>), anticipato dall\u2019uscita del singolo \u201cCONTRO IL MONDO\u201d, gi\u00e0 fuori ovunque. La formazione composta da Francesco Bianconi, Claudio Brasini e Rachele Bastreghi nel 2023 si prepara a tornare live con un tour tutto sold out, prodotto e organizzato da Vivo Concerti.<\/p>\n<p dir=\"ltr\">\u201cELVIS\u201d \u00e8 il nono album in studio dei Baustelle e giunge a distanza di cinque anni da \u201cL\u2019amore e la violenza, vol.2\u201d. La copertina, realizzata da Marco Cella con la direzione artistica di Gian Luca Fracassi, riconferma la nuova direzione dell\u2019estetica BAUSTELLE, fatta di raffinatezza e contemporaneit\u00e0, senza mai abbandonare quello sguardo al passato costitutivo della band. Sui loro canali ufficiali ieri \u00e8 stata pubblicata una clip in onore dell\u201986\u00b0 anniversario della nascita di Elvis, a voler anticipare l\u2019annuncio dell\u2019uscita di questo nuovo album.<\/p>\n<p dir=\"ltr\">\u201cELVIS\u201d sar\u00e0 disponibile in formato CD, vinile oro in edizione limitata e numerata, vinile bianco in edizione limitata e numerata e vinile nero.<\/p>\n<p dir=\"ltr\">Il nuovo singolo estratto da \u201cELVIS\u201d \u00e8 \u201cCONTRO IL MONDO\u201d,\u00a0 brano scritto da Francesco Bianconi e accompagnato da un video (<a href=\"https:\/\/youtu.be\/xLqSzlb_Z1k\" target=\"_blank\" rel=\"noopener\" data-saferedirecturl=\"https:\/\/www.google.com\/url?q=https:\/\/youtu.be\/xLqSzlb_Z1k&amp;source=gmail&amp;ust=1673372946870000&amp;usg=AOvVaw2_PJ5Rgw8PbkkYuOB7K8xU\">https:\/\/youtu.be\/xLqSzlb_Z1k<\/a>) di Marco Cella, con la direzione artistica di Gian Luca Fracassi, caratterizzato da un\u2019alternanza di fotogrammi in bianco e nero in cui l\u2019iconica formazione si esibisce sulle note di questo nuovo singolo.<\/p>\n<p dir=\"ltr\">\u201cCONTRO IL MONDO\u201d \u00e8 il primo assaggio\u00a0 di ci\u00f2 che ci attende con l\u2019uscita del nuovo disco e i BAUSTELLE in questo brano danno prova ancora una volta della loro innata capacit\u00e0 di essere accattivanti, provocatori e profondamente all\u2019avanguardia nel racconto della realt\u00e0 che ci circonda. Nel brano la quotidianit\u00e0 fatta di yoga, di aperitivi e di routine si scontra con la necessit\u00e0 di evasione che culmina in un grido di ribellione, il tutto a suon di rock and roll e atmosfere retr\u00f2, in pieno stile BAUSTELLE.<\/p>\n<p dir=\"ltr\">Fin dall\u2019album di esordio \u201cSussidiario illustrato della giovinezza\u201d, per arrivare all\u2019ultimo disco, \u201cL\u2019amore e la violenza, vol.2\u201d, passando per i grandi classici come \u201cCharlie fa surf\u201d, i BAUSTELLE si sono distinti nel panorama musicale italiano per aver raccontato la contemporaneit\u00e0 con un linguaggio rivoluzionario, diretto, profondo e con sonorit\u00e0 volutamente vintage, dando inizio ad una vera e propria tendenza.<\/p>\n<p dir=\"ltr\">Con l\u2019aggiunta di due nuove date a Bologna e un nuovo live a Milano, sono otto i concerti sold out che porteranno i BAUSTELLE nei pi\u00f9 prestigiosi club d\u2019Italia nel 2023, per un viaggio musicale nel repertorio di questo gruppo che ha sempre attirato l\u2019attenzione di pubblico e critica.<\/p>\n<p dir=\"ltr\">Queste le date del tour nel 2023: il 2 maggio a Firenze, Tuscany Hall, il 3 maggio a Roma all\u2019Atlantico, il 5 maggio a Bologna all\u2019Estragon, il 6 maggio a Venaria Reale (TO) al Teatro della Concordia, l\u20198 e il 9 maggio a Milano all\u2019Alcatraz e l\u201911 e il 12 maggio nuovamente a Bologna all\u2019Estragon. Info su <a href=\"http:\/\/vivoconcerti.com\/\" target=\"_blank\" rel=\"noopener\" data-saferedirecturl=\"https:\/\/www.google.com\/url?q=http:\/\/vivoconcerti.com&amp;source=gmail&amp;ust=1673372946870000&amp;usg=AOvVaw06cLD8YDGyOBRzyeSMSGmV\">vivoconcerti.com<\/a><\/p>\n<p dir=\"ltr\">CALENDARIO TOUR 2023:<\/p>\n<p dir=\"ltr\">Marted\u00ec 2 maggio 2023 &#8211; Firenze @ Tuscany Hall\u00a0 \u2013 SOLD OUT<\/p>\n<p dir=\"ltr\">Mercoled\u00ec 3 maggio 2023 &#8211; Roma @ Atlantico \u2013 SOLD OUT<\/p>\n<p dir=\"ltr\">Venerd\u00ec 5 maggio 2023 &#8211; Bologna @ Estragon \u2013 SOLD OUT<\/p>\n<p dir=\"ltr\">Sabato 6 maggio 2023 &#8211; Venaria Reale (TO) @ Teatro della Concordia \u2013 SOLD OUT<\/p>\n<p dir=\"ltr\">Luned\u00ec 8 maggio 2023 &#8211; Milano @ Alcatraz \u2013 SOLD OUT<\/p>\n<p dir=\"ltr\">Marted\u00ec 9 maggio 2023 &#8211; Milano @ Alcatraz \u2013 SOLD OUT<\/p>\n<p dir=\"ltr\">Gioved\u00ec 11 maggio 2023 &#8211; Bologna @ Estragon \u2013 SOLD OUT<\/p>\n<p dir=\"ltr\">Venerd\u00ec 12 maggio 2023 &#8211; Bologna @ Estragon \u2013 SOLD OUT<\/p>\n<p dir=\"ltr\">L\u2019organizzatore declina ogni responsabilit\u00e0 in caso di acquisto di biglietti fuori dai circuiti di biglietteria autorizzati non presenti nei nostri comunicati ufficiali.<\/p>\n","protected":false},"excerpt":{"rendered":"<div class=\"mh-excerpt\"><p>BAUSTELLE Esce il 14 aprile \u201cELVIS\u201d il nuovo album da oggi in pre-order https:\/\/Baustelle.lnk.to\/elvisPR\u00a0\u00a0 \u00a0 \u00c8 fuori ovunque il singolo \u201cCONTRO IL MONDO\u201d Online anche <a class=\"mh-excerpt-more\" href=\"https:\/\/www.piuomenopop.it\/index.php\/2023\/01\/09\/baustelle-esce-il-14-aprile-elvis-il-nuovo-album-da-oggi-in-pre-order\/\" title=\"BAUSTELLE, esce il 14 aprile &#8220;ELVIS&#8221;, il nuovo album da oggi in pre-order\">[&#8230;]<\/a><\/p>\n<\/div>","protected":false},"author":2,"featured_media":77577,"comment_status":"closed","ping_status":"closed","sticky":false,"template":"","format":"standard","meta":{"sfsi_plus_gutenberg_text_before_share":"","sfsi_plus_gutenberg_show_text_before_share":"","sfsi_plus_gutenberg_icon_type":"","sfsi_plus_gutenberg_icon_alignemt":"","sfsi_plus_gutenburg_max_per_row":"","footnotes":"","_links_to":"","_links_to_target":""},"categories":[5184,8],"tags":[1108,13337],"class_list":["post-77576","post","type-post","status-publish","format-standard","has-post-thumbnail","hentry","category-calendario-concerti","category-uscite","tag-baustelle","tag-baustelle-elvis"],"aioseo_notices":[],"_links":{"self":[{"href":"https:\/\/www.piuomenopop.it\/index.php\/wp-json\/wp\/v2\/posts\/77576","targetHints":{"allow":["GET"]}}],"collection":[{"href":"https:\/\/www.piuomenopop.it\/index.php\/wp-json\/wp\/v2\/posts"}],"about":[{"href":"https:\/\/www.piuomenopop.it\/index.php\/wp-json\/wp\/v2\/types\/post"}],"author":[{"embeddable":true,"href":"https:\/\/www.piuomenopop.it\/index.php\/wp-json\/wp\/v2\/users\/2"}],"replies":[{"embeddable":true,"href":"https:\/\/www.piuomenopop.it\/index.php\/wp-json\/wp\/v2\/comments?post=77576"}],"version-history":[{"count":1,"href":"https:\/\/www.piuomenopop.it\/index.php\/wp-json\/wp\/v2\/posts\/77576\/revisions"}],"predecessor-version":[{"id":77578,"href":"https:\/\/www.piuomenopop.it\/index.php\/wp-json\/wp\/v2\/posts\/77576\/revisions\/77578"}],"wp:featuredmedia":[{"embeddable":true,"href":"https:\/\/www.piuomenopop.it\/index.php\/wp-json\/wp\/v2\/media\/77577"}],"wp:attachment":[{"href":"https:\/\/www.piuomenopop.it\/index.php\/wp-json\/wp\/v2\/media?parent=77576"}],"wp:term":[{"taxonomy":"category","embeddable":true,"href":"https:\/\/www.piuomenopop.it\/index.php\/wp-json\/wp\/v2\/categories?post=77576"},{"taxonomy":"post_tag","embeddable":true,"href":"https:\/\/www.piuomenopop.it\/index.php\/wp-json\/wp\/v2\/tags?post=77576"}],"curies":[{"name":"wp","href":"https:\/\/api.w.org\/{rel}","templated":true}]}}