{"id":77645,"date":"2023-01-19T15:26:59","date_gmt":"2023-01-19T14:26:59","guid":{"rendered":"https:\/\/www.piuomenopop.it\/?p=77645"},"modified":"2023-01-19T15:26:59","modified_gmt":"2023-01-19T14:26:59","slug":"baustelle-dopo-lannuncio-del-sold-out-del-tour-primaverile-nei-club-italiani-live-nellestate-2023-con-elvis-tour-otto-concerti-nei-principali-festival","status":"publish","type":"post","link":"https:\/\/www.piuomenopop.it\/index.php\/2023\/01\/19\/baustelle-dopo-lannuncio-del-sold-out-del-tour-primaverile-nei-club-italiani-live-nellestate-2023-con-elvis-tour-otto-concerti-nei-principali-festival\/","title":{"rendered":"BAUSTELLE: Dopo l&#8217;annuncio del sold out del tour primaverile nei club italiani, live nell&#8217;estate 2023 con ELVIS TOUR, otto concerti nei principali festival."},"content":{"rendered":"<div>\n<div>\n<p dir=\"ltr\" style=\"text-align: center;\"><strong>Dopo l\u2019annuncio del sold out del tour primaverile nei club italiani<\/strong><\/p>\n<\/div>\n<div style=\"text-align: center;\"><strong>BAUSTELLE<\/strong><\/div>\n<div style=\"text-align: center;\"><strong>live nell\u2019estate 2023 con<\/strong><\/div>\n<div style=\"text-align: center;\"><strong>ELVIS TOUR\u00a0<\/strong><\/div>\n<div style=\"text-align: center;\"><strong>otto imperdibili concerti nei principali festival<\/strong><\/div>\n<\/div>\n<div>\n<p dir=\"ltr\"><img loading=\"lazy\" decoding=\"async\" class=\"CToWUd a6T aligncenter\" tabindex=\"0\" src=\"https:\/\/lh4.googleusercontent.com\/Y29hThGS-VpDyQAjH9yN8lWomT6q9aEkO8j3GR46HSZDF-WimaNDYNcgvVcIJ4PFNXFpF72fm9M7dtGyxxE9M3RiEY7Uq0vO5GjYf8k0s4_UT0O1_KyDIkDNA02Qml97_tavLZOK9oFq7htKCVZFXxWb91esZ-hGOckkeG4S6MgdyEZGsNSd3NPbxjVjhNRR\" width=\"395\" height=\"394\" data-bit=\"iit\" \/><\/p>\n<p dir=\"ltr\" style=\"text-align: center;\">Esce il 14 aprile<br \/>\n\u201cELVIS\u201d<\/p>\n<p dir=\"ltr\" style=\"text-align: center;\">il nuovo album in pre-order<br \/>\n<a href=\"https:\/\/baustelle.lnk.to\/elvisPR\" target=\"_blank\" rel=\"noopener\" data-saferedirecturl=\"https:\/\/www.google.com\/url?q=https:\/\/baustelle.lnk.to\/elvisPR&amp;source=gmail&amp;ust=1674214286960000&amp;usg=AOvVaw2lJJ78qvl1ySpYFh5iL0Uv\">https:\/\/Baustelle.lnk.to\/<wbr \/>elvisPR<\/a><\/p>\n<p dir=\"ltr\">Dopo l\u2019annuncio del sold out del tour primaverile nei pi\u00f9 prestigiosi club italiani, i BAUSTELLE si preparano a proseguire il loro viaggio musicale con \u201cELVIS TOUR\u201d, otto imperdibili concerti prodotti e organizzati da Vivo Concerti che porteranno l\u2019iconica formazione ad esibirsi nei principali festival nell\u2019estate 2023.<\/p>\n<p dir=\"ltr\">Il tour prende il nome da \u201cELVIS\u201d, l\u2019attesissimo nuovo album dei BAUSTELLE in uscita il 14 aprile per BMG e disponibile in pre-order (<a href=\"https:\/\/baustelle.lnk.to\/elvisPR\" target=\"_blank\" rel=\"noopener\" data-saferedirecturl=\"https:\/\/www.google.com\/url?q=https:\/\/baustelle.lnk.to\/elvisPR&amp;source=gmail&amp;ust=1674214286960000&amp;usg=AOvVaw2lJJ78qvl1ySpYFh5iL0Uv\">https:\/\/Baustelle.lnk.to\/<wbr \/>elvisPR<\/a>), anticipato dall\u2019uscita del singolo \u201cCONTRO IL MONDO\u201d, gi\u00e0 fuori ovunque.<\/p>\n<p dir=\"ltr\">Queste le date di \u201cELVIS TOUR\u201d: il 4 luglio a Padova, allo Sherwood Festival presso il Park Nord Stadio Euganeo, l\u20198 luglio a Pistoia al Pistoia Blues Festival in Piazza Duomo, il 10 luglio a Roma al Roma Summer Fest, alla Cavea Auditorium Parco della Musica, il 13 luglio a Collegno (TO) al Flowers Festival al Parco della Certosa, il 21 luglio a Cesena in occasione di Acieloaperto presso la Rocca Malatestiana, il 5 agosto a Carsulae (TR) in occasione di Suoni Controvento all\u2019Arco di San Damiano, il 12 agosto a Locorotondo (BA) al Locus Festival presso la Masseria Ferragnano e infine il 19 agosto a Catania al Sotto il Vulcano Fest a Villa Bellini. Le prevendite per le nuove date annunciate saranno disponibili da venerd\u00ec 20 gennaio alle ore 14:00 su <a href=\"http:\/\/vivoconcerti.com\/\" target=\"_blank\" rel=\"noopener\" data-saferedirecturl=\"https:\/\/www.google.com\/url?q=http:\/\/vivoconcerti.com&amp;source=gmail&amp;ust=1674214286960000&amp;usg=AOvVaw0bLavOd1DWljUD4W-_xx2s\">vivoconcerti.com<\/a> e in tutti i punti vendita autorizzati da mercoled\u00ec 25 gennaio alle ore 14:00. Info e biglietti su <a href=\"http:\/\/vivoconcerti.com\/\" target=\"_blank\" rel=\"noopener\" data-saferedirecturl=\"https:\/\/www.google.com\/url?q=http:\/\/vivoconcerti.com&amp;source=gmail&amp;ust=1674214286960000&amp;usg=AOvVaw0bLavOd1DWljUD4W-_xx2s\">vivoconcerti.com<\/a><\/p>\n<p dir=\"ltr\">\u201cELVIS\u201d \u00e8 il nono album in studio dei Baustelle e giunge a distanza di cinque anni da \u201cL\u2019amore e la violenza, vol.2\u201d. \u00a0La copertina, realizzata da Marco Cella con la direzione artistica di Gian Luca Fracassi, riconferma la nuova direzione dell\u2019estetica BAUSTELLE, fatta di raffinatezza e contemporaneit\u00e0, senza mai abbandonare quello sguardo al passato costitutivo della band. \u201cELVIS\u201d sar\u00e0 disponibile in formato CD, vinile oro in edizione limitata e numerata, vinile bianco in edizione limitata e numerata e vinile nero.<\/p>\n<p dir=\"ltr\">Il nuovo singolo estratto da \u201cELVIS\u201d \u00e8 \u201cCONTRO IL MONDO\u201d,\u00a0 brano scritto da Francesco Bianconi e accompagnato da un video (<a href=\"https:\/\/youtu.be\/xLqSzlb_Z1k\" target=\"_blank\" rel=\"noopener\" data-saferedirecturl=\"https:\/\/www.google.com\/url?q=https:\/\/youtu.be\/xLqSzlb_Z1k&amp;source=gmail&amp;ust=1674214286960000&amp;usg=AOvVaw3ysUCqCAAu0rswTXhuVMOW\">https:\/\/youtu.be\/xLqSzlb_Z1k<\/a>) caratterizzato da un\u2019alternanza di fotogrammi in bianco e nero in cui l\u2019iconica formazione si esibisce sulle note di questo nuovo singolo.<\/p>\n<p dir=\"ltr\">\u201cCONTRO IL MONDO\u201d \u00e8 il primo assaggio\u00a0 di ci\u00f2 che ci attende con l\u2019uscita del nuovo disco e i BAUSTELLE in questo brano danno prova ancora una volta della loro innata capacit\u00e0 di essere accattivanti, provocatori e profondamente all\u2019avanguardia nel racconto della realt\u00e0 che ci circonda. Nel brano la quotidianit\u00e0 fatta di yoga, di aperitivi e di routine si scontra con la necessit\u00e0 di evasione che culmina in un grido di ribellione, il tutto a suon di rock and roll e atmosfere retr\u00f2, in pieno stile BAUSTELLE.<\/p>\n<p dir=\"ltr\">Sono otto i concerti sold out che porteranno i BAUSTELLE nei pi\u00f9 prestigiosi club d\u2019Italia in primavera, per un viaggio musicale nel repertorio di questo gruppo che ha sempre attirato l\u2019attenzione di pubblico e critica. Queste le date del tour nel 2023: il 2 maggio a Firenze, Tuscany Hall, il 3 maggio a Roma all\u2019Atlantico, il 5 maggio a Bologna all\u2019Estragon, il 6 maggio a Venaria Reale (TO) al Teatro della Concordia, l\u20198 e il 9 maggio a Milano all\u2019Alcatraz e l\u201911 e il 12 maggio nuovamente a Bologna all\u2019Estragon. Info su <a href=\"http:\/\/vivoconcerti.com\/\" target=\"_blank\" rel=\"noopener\" data-saferedirecturl=\"https:\/\/www.google.com\/url?q=http:\/\/vivoconcerti.com&amp;source=gmail&amp;ust=1674214286961000&amp;usg=AOvVaw1xfoBX6LKgkRM3dMecvcE9\">vivoconcerti.com<\/a><\/p>\n<p dir=\"ltr\">Fin dall\u2019album di esordio \u201cSussidiario illustrato della giovinezza\u201d, per arrivare all\u2019ultimo disco, \u201cL\u2019amore e la violenza, vol.2\u201d, passando per i grandi classici come \u201cCharlie fa surf\u201d, i BAUSTELLE si sono distinti nel panorama musicale italiano per aver raccontato la contemporaneit\u00e0 con un linguaggio rivoluzionario, diretto, profondo e con sonorit\u00e0 volutamente vintage, dando inizio ad una vera e propria tendenza.<\/p>\n<p dir=\"ltr\">CALENDARIO \u201cELVIS TOUR\u201d:<\/p>\n<p dir=\"ltr\">Marted\u00ec 4 luglio 2023 &#8211; Padova @ Sherwood Festival, Park Nord Stadio Euganeo<\/p>\n<p dir=\"ltr\">Sabato 8 luglio 2023 &#8211; Pistoia @ Pistoia Blues Festival, Piazza Duomo<\/p>\n<p dir=\"ltr\">Luned\u00ec 10 luglio 2023 &#8211; Roma @ Roma Summer Fest, Cavea Auditorium Parco della Musica<\/p>\n<p dir=\"ltr\">Gioved\u00ec 13 luglio 2023 &#8211; Collegno (TO) @\u00a0 Flowers Festival, Parco della Certosa<\/p>\n<p dir=\"ltr\">Venerd\u00ec 21 luglio 2023 &#8211; Cesena @ Acieloaperto, Rocca Malatestiana<\/p>\n<p dir=\"ltr\">Sabato 5 agosto 2023 &#8211; Carsulae (TR) @ Suoni Controvento, Arco di San Damiano<\/p>\n<p dir=\"ltr\">Sabato 12 agosto 2023 &#8211; Locorotondo (BA) @ Locus Festival Masseria Ferragnano<\/p>\n<p dir=\"ltr\">Sabato 19 agosto 2023 &#8211; Catania @ Sotto il Vulcano Fest, Villa Bellini<\/p>\n<p dir=\"ltr\">L\u2019organizzatore declina ogni responsabilit\u00e0 in caso di acquisto di biglietti fuori dai circuiti di biglietteria autorizzati non presenti nei nostri comunicati ufficiali.<\/p>\n<\/div>\n","protected":false},"excerpt":{"rendered":"<div class=\"mh-excerpt\"><p>Dopo l\u2019annuncio del sold out del tour primaverile nei club italiani BAUSTELLE live nell\u2019estate 2023 con ELVIS TOUR\u00a0 otto imperdibili concerti nei principali festival Esce <a class=\"mh-excerpt-more\" href=\"https:\/\/www.piuomenopop.it\/index.php\/2023\/01\/19\/baustelle-dopo-lannuncio-del-sold-out-del-tour-primaverile-nei-club-italiani-live-nellestate-2023-con-elvis-tour-otto-concerti-nei-principali-festival\/\" title=\"BAUSTELLE: Dopo l&#8217;annuncio del sold out del tour primaverile nei club italiani, live nell&#8217;estate 2023 con ELVIS TOUR, otto concerti nei principali festival.\">[&#8230;]<\/a><\/p>\n<\/div>","protected":false},"author":2,"featured_media":77577,"comment_status":"closed","ping_status":"closed","sticky":false,"template":"","format":"standard","meta":{"sfsi_plus_gutenberg_text_before_share":"","sfsi_plus_gutenberg_show_text_before_share":"","sfsi_plus_gutenberg_icon_type":"","sfsi_plus_gutenberg_icon_alignemt":"","sfsi_plus_gutenburg_max_per_row":"","footnotes":"","_links_to":"","_links_to_target":""},"categories":[5184,3],"tags":[1108,13337],"class_list":["post-77645","post","type-post","status-publish","format-standard","has-post-thumbnail","hentry","category-calendario-concerti","category-news","tag-baustelle","tag-baustelle-elvis"],"aioseo_notices":[],"_links":{"self":[{"href":"https:\/\/www.piuomenopop.it\/index.php\/wp-json\/wp\/v2\/posts\/77645","targetHints":{"allow":["GET"]}}],"collection":[{"href":"https:\/\/www.piuomenopop.it\/index.php\/wp-json\/wp\/v2\/posts"}],"about":[{"href":"https:\/\/www.piuomenopop.it\/index.php\/wp-json\/wp\/v2\/types\/post"}],"author":[{"embeddable":true,"href":"https:\/\/www.piuomenopop.it\/index.php\/wp-json\/wp\/v2\/users\/2"}],"replies":[{"embeddable":true,"href":"https:\/\/www.piuomenopop.it\/index.php\/wp-json\/wp\/v2\/comments?post=77645"}],"version-history":[{"count":1,"href":"https:\/\/www.piuomenopop.it\/index.php\/wp-json\/wp\/v2\/posts\/77645\/revisions"}],"predecessor-version":[{"id":77646,"href":"https:\/\/www.piuomenopop.it\/index.php\/wp-json\/wp\/v2\/posts\/77645\/revisions\/77646"}],"wp:featuredmedia":[{"embeddable":true,"href":"https:\/\/www.piuomenopop.it\/index.php\/wp-json\/wp\/v2\/media\/77577"}],"wp:attachment":[{"href":"https:\/\/www.piuomenopop.it\/index.php\/wp-json\/wp\/v2\/media?parent=77645"}],"wp:term":[{"taxonomy":"category","embeddable":true,"href":"https:\/\/www.piuomenopop.it\/index.php\/wp-json\/wp\/v2\/categories?post=77645"},{"taxonomy":"post_tag","embeddable":true,"href":"https:\/\/www.piuomenopop.it\/index.php\/wp-json\/wp\/v2\/tags?post=77645"}],"curies":[{"name":"wp","href":"https:\/\/api.w.org\/{rel}","templated":true}]}}