{"id":78005,"date":"2023-02-23T18:25:28","date_gmt":"2023-02-23T17:25:28","guid":{"rendered":"https:\/\/www.piuomenopop.it\/?p=78005"},"modified":"2023-02-23T18:25:28","modified_gmt":"2023-02-23T17:25:28","slug":"i-kraftwerk-tornano-questestate-in-italia-con-un-nuovo-show-il-7-luglio-a-firenze-e-l8-luglio-a-genova","status":"publish","type":"post","link":"https:\/\/www.piuomenopop.it\/index.php\/2023\/02\/23\/i-kraftwerk-tornano-questestate-in-italia-con-un-nuovo-show-il-7-luglio-a-firenze-e-l8-luglio-a-genova\/","title":{"rendered":"I KRAFTWERK tornano quest&#8217;estate in Italia con un nuovo show: il 7 luglio a FIRENZE e l&#8217;8 luglio a GENOVA"},"content":{"rendered":"<p style=\"font-weight: 400; text-align: center;\"><strong>LA STORICA BAND ELETTRONICA DI D\u00dcSSELDORF<\/strong><\/p>\n<p style=\"font-weight: 400; text-align: center;\"><strong>QUESTA ESTATE IN ITALIA PER DUE IMPERDIBILI DATE<\/strong><\/p>\n<p style=\"font-weight: 400; text-align: center;\"><strong>\u00a0<\/strong><strong>\u00a0<\/strong><\/p>\n<p style=\"font-weight: 400; text-align: center;\"><strong>7 LUGLIO\u00a0<\/strong><strong>&#8211;\u00a0FIRENZE<\/strong><\/p>\n<p style=\"font-weight: 400; text-align: center;\"><strong>Anfiteatro delle Cascine Ernesto De Pascale<\/strong><\/p>\n<p style=\"font-weight: 400; text-align: center;\"><strong>\u00a0<\/strong><\/p>\n<p style=\"font-weight: 400; text-align: center;\"><strong>8 LUGLIO<\/strong><strong>\u00a0&#8211;\u00a0GENOVA<\/strong><\/p>\n<p style=\"font-weight: 400; text-align: center;\"><strong>Arena Mare, Area Porto Antico<\/strong><\/p>\n<p style=\"font-weight: 400; text-align: center;\"><strong>\u00a0<\/strong><\/p>\n<p style=\"font-weight: 400; text-align: center;\"><strong><u>Aperte le prevendite<\/u><\/strong><\/p>\n<p style=\"font-weight: 400;\">\n<p style=\"font-weight: 400;\">I\u00a0<strong>KRAFTWERK<\/strong>\u00a0<strong>tornano in tour con un nuovo spettacolo<\/strong>\u00a0<strong>che arriver\u00e0 in Italia questa estate per due date imperdibili<\/strong>: il\u00a0<strong>7 luglio a Firenze\u00a0<\/strong>(Anfiteatro delle Cascine Ernesto De Pascale) e l\u2019<strong>8 luglio a Genova\u00a0<\/strong>(Arena Mare, Area Porto Antico).<\/p>\n<p style=\"font-weight: 400;\"><strong>Le prevendite sono disponibili su Ticketone e sui circuiti di prevendita abituali<\/strong>\u00a0<a href=\"https:\/\/www.ticketone.it\/artist\/kraftwerk\/?affiliate=ITT\" data-saferedirecturl=\"https:\/\/www.google.com\/url?q=https:\/\/www.ticketone.it\/artist\/kraftwerk\/?affiliate%3DITT&amp;source=gmail&amp;ust=1677247863817000&amp;usg=AOvVaw0midyr3MrKElatFMhWeSLD\">https:\/\/www.ticketone.it\/artist\/kraftwerk\/?affiliate=ITT<\/a>.<\/p>\n<p style=\"font-weight: 400;\"><strong>Rimangono validi i biglietti acquistati per le date inizialmente previste nel 2022 a Firenze e Genova.\u00a0<\/strong><\/p>\n<p style=\"font-weight: 400;\">\n<p style=\"font-weight: 400;\"><strong>Ralf H\u00fctter e soci porteranno sul palco i classici della discografia dei Kraftwerk<\/strong>, da \u201cAutobahn\u201d a \u201cTour de France Soundtracks\u201d,\u00a0<strong>per uno spettacolo che unisce musica e performance art e si preannuncia unico<\/strong>. La storica band di D\u00fcsseldorf, pioniera dell&#8217;elettronica, \u00e8 infatti una vera e propria\u00a0<strong>&#8220;Gesamtkunstwerk &#8211; un&#8217;opera d&#8217;arte totale&#8221;<\/strong>. Dopo lo straordinario successo del 3D show che ha girato il mondo negli ultimi anni, rimane ancora un mistero quale nuovo e futuristico spettacolo presenter\u00e0 la band quest&#8217;anno<\/p>\n<p style=\"font-weight: 400;\">Il progetto multimediale Kraftwerk \u00e8 stato avviato nel 1970 da Ralf H\u00fctter e Florian Schneider (mancato nel 2020). I due hanno fondato il loro studio elettronico Kling Klang Studio a D\u00fcsseldorf, in Germania, dove tutt\u2019ora producono tutti gli album dei Kraftwerk. A met\u00e0 degli anni &#8217;70 i Kraftwerk avevano gi\u00e0 raggiunto il riconoscimento internazionale per i loro rivoluzionari &#8220;paesaggi sonori&#8221; elettronici e per la loro sperimentazione musicale attraverso l\u2019uso della robotica e di altre innovazioni tecniche. Con le loro visioni del futuro, i Kraftwerk hanno creato la colonna sonora dell&#8217;era digitale di parte XXI secolo. Le loro composizioni, hanno avuto una grande influenza internazionale su un&#8217;intera gamma di generi musicali: dall&#8217;Electro all&#8217;Hip Hop, dalla Techno al SynthPop.<\/p>\n<p>&nbsp;<\/p>\n","protected":false},"excerpt":{"rendered":"<div class=\"mh-excerpt\"><p>LA STORICA BAND ELETTRONICA DI D\u00dcSSELDORF QUESTA ESTATE IN ITALIA PER DUE IMPERDIBILI DATE \u00a0\u00a0 7 LUGLIO\u00a0&#8211;\u00a0FIRENZE Anfiteatro delle Cascine Ernesto De Pascale \u00a0 8 <a class=\"mh-excerpt-more\" href=\"https:\/\/www.piuomenopop.it\/index.php\/2023\/02\/23\/i-kraftwerk-tornano-questestate-in-italia-con-un-nuovo-show-il-7-luglio-a-firenze-e-l8-luglio-a-genova\/\" title=\"I KRAFTWERK tornano quest&#8217;estate in Italia con un nuovo show: il 7 luglio a FIRENZE e l&#8217;8 luglio a GENOVA\">[&#8230;]<\/a><\/p>\n<\/div>","protected":false},"author":2,"featured_media":78006,"comment_status":"closed","ping_status":"closed","sticky":false,"template":"","format":"standard","meta":{"sfsi_plus_gutenberg_text_before_share":"","sfsi_plus_gutenberg_show_text_before_share":"","sfsi_plus_gutenberg_icon_type":"","sfsi_plus_gutenberg_icon_alignemt":"","sfsi_plus_gutenburg_max_per_row":"","footnotes":"","_links_to":"","_links_to_target":""},"categories":[5184,3],"tags":[10961,13091,13092],"class_list":["post-78005","post","type-post","status-publish","format-standard","has-post-thumbnail","hentry","category-calendario-concerti","category-news","tag-kraftwerk","tag-kraftwerk-firenze","tag-kraftwerk-genova"],"aioseo_notices":[],"_links":{"self":[{"href":"https:\/\/www.piuomenopop.it\/index.php\/wp-json\/wp\/v2\/posts\/78005","targetHints":{"allow":["GET"]}}],"collection":[{"href":"https:\/\/www.piuomenopop.it\/index.php\/wp-json\/wp\/v2\/posts"}],"about":[{"href":"https:\/\/www.piuomenopop.it\/index.php\/wp-json\/wp\/v2\/types\/post"}],"author":[{"embeddable":true,"href":"https:\/\/www.piuomenopop.it\/index.php\/wp-json\/wp\/v2\/users\/2"}],"replies":[{"embeddable":true,"href":"https:\/\/www.piuomenopop.it\/index.php\/wp-json\/wp\/v2\/comments?post=78005"}],"version-history":[{"count":1,"href":"https:\/\/www.piuomenopop.it\/index.php\/wp-json\/wp\/v2\/posts\/78005\/revisions"}],"predecessor-version":[{"id":78007,"href":"https:\/\/www.piuomenopop.it\/index.php\/wp-json\/wp\/v2\/posts\/78005\/revisions\/78007"}],"wp:featuredmedia":[{"embeddable":true,"href":"https:\/\/www.piuomenopop.it\/index.php\/wp-json\/wp\/v2\/media\/78006"}],"wp:attachment":[{"href":"https:\/\/www.piuomenopop.it\/index.php\/wp-json\/wp\/v2\/media?parent=78005"}],"wp:term":[{"taxonomy":"category","embeddable":true,"href":"https:\/\/www.piuomenopop.it\/index.php\/wp-json\/wp\/v2\/categories?post=78005"},{"taxonomy":"post_tag","embeddable":true,"href":"https:\/\/www.piuomenopop.it\/index.php\/wp-json\/wp\/v2\/tags?post=78005"}],"curies":[{"name":"wp","href":"https:\/\/api.w.org\/{rel}","templated":true}]}}