{"id":78257,"date":"2023-03-06T15:51:51","date_gmt":"2023-03-06T14:51:51","guid":{"rendered":"https:\/\/www.piuomenopop.it\/?p=78257"},"modified":"2023-03-06T15:51:51","modified_gmt":"2023-03-06T14:51:51","slug":"i-black-eyed-peas-tornano-in-italia-quattro-date-estive-nei-principali-festival-italiani","status":"publish","type":"post","link":"https:\/\/www.piuomenopop.it\/index.php\/2023\/03\/06\/i-black-eyed-peas-tornano-in-italia-quattro-date-estive-nei-principali-festival-italiani\/","title":{"rendered":"I BLACK EYED PEAS TORNANO IN ITALIA: QUATTRO DATE ESTIVE NEI PRINCIPALI FESTIVAL ITALIANI"},"content":{"rendered":"<div class=\"aju\">\n<div class=\"aCi\" style=\"text-align: center;\"><strong>IL GRUPPO HITMAKER CHE DA OLTRE 25 ANNI FA BALLARE MILIONI DI PERSONE IN TUTTO IL MONDO<\/strong><\/div>\n<\/div>\n<div class=\"gs\">\n<div class=\"\">\n<div id=\":56j\" class=\"ii gt\">\n<div id=\":56k\" class=\"a3s aiL \">\n<div dir=\"ltr\">\n<div class=\"gmail_quote\">\n<div dir=\"ltr\">\n<div class=\"gmail_quote\">\n<div dir=\"ltr\">\n<div class=\"gmail_quote\">\n<div dir=\"ltr\">\n<div class=\"gmail_quote\">\n<div dir=\"ltr\">\n<p dir=\"ltr\" style=\"text-align: center;\"><strong>BLACK EYED PEAS<\/strong><\/p>\n<p dir=\"ltr\" style=\"text-align: center;\"><strong>TORNANO IN ITALIA<\/strong><\/p>\n<p dir=\"ltr\" style=\"text-align: center;\"><strong>QUATTRO DATE ESTIVE<\/strong><\/p>\n<p dir=\"ltr\" style=\"text-align: center;\"><strong>NEI PRINCIPALI FESTIVAL ITALIANI<\/strong><\/p>\n<p dir=\"ltr\">\n<\/div>\n<p dir=\"ltr\">I Black Eyed Peas tornano in Italia: l\u2019iconico gruppo musicale vincitore di 6 Grammy Awards e 35 milioni di album venduti sar\u00e0 in Italia per quattro date estive, prodotte e distribuite da Vivo Concerti, sui palchi dei principali festival italiani nei mesi di luglio e agosto 2023.<\/p>\n<p dir=\"ltr\">Il trio che ha fatto la storia della musica pop far\u00e0 tappa nelle citt\u00e0 di: Torino (gioved\u00ec 13 luglio 2023, Sonic Park Stupinigi &#8211; Nichelino), Ferrara (venerd\u00ec 14 luglio 2023, Summer Vibez), Lecce (domenica 13 agosto 2023, Oversound Music Festival) e Olbia (luned\u00ec 14 agosto 2023, Red Valley Festival).<\/p>\n<p dir=\"ltr\">I biglietti per le date di Torino, Ferrara e Lecce saranno in vendita online su <a href=\"https:\/\/www.vivoconcerti.com\/\" target=\"_blank\" rel=\"noopener\" data-saferedirecturl=\"https:\/\/www.google.com\/url?q=https:\/\/www.vivoconcerti.com\/&amp;source=gmail&amp;ust=1678200180205000&amp;usg=AOvVaw3vXJrFdstseYQ2sGpTixp8\">vivoconcerti.com<\/a> a partire da gioved\u00ec 2 marzo 2023 alle dalle ore 12:00, e in tutti i punti vendita autorizzati da marted\u00ec 7 marzo 2023 alle ore 12:00.<\/p>\n<p dir=\"ltr\">I biglietti per la data di Olbia sono gi\u00e0 in vendita online su <a href=\"https:\/\/www.vivoconcerti.com\/\" target=\"_blank\" rel=\"noopener\" data-saferedirecturl=\"https:\/\/www.google.com\/url?q=https:\/\/www.vivoconcerti.com\/&amp;source=gmail&amp;ust=1678200180205000&amp;usg=AOvVaw3vXJrFdstseYQ2sGpTixp8\">vivoconcerti.com<\/a>.<\/p>\n<p dir=\"ltr\">\n<p dir=\"ltr\">Il gruppo ha dettato il ritmo della cultura pop arrivando a far confluire influenze ibride di hip-hop, pop ed elettronica gi\u00e0 dal 1995, e ha inciso brani destinati a rimanere nella storia della musica contemporanea come \u201cLet\u2019s Get It Started\u201d e \u201cI Gotta Feeling\u201d. Il loro ottavo album in studio \u201cTranslation\u201d, certificato PLATINO in Italia, ha ottenuto un successo internazionale nel 2020 anche grazie alle collaborazioni con artisti come J Balvin, Ozuna, Maluma, Shakira, Nicky Jam e Tyga.<\/p>\n<p dir=\"ltr\">Il disco ha portato al grande successo i singoli \u201cRitmo (Bad Boys for Life)\u201d feat. J Balvin (2x Platino e Top5 dell\u2019Airplay radiofonico in Italia), \u201cMamacita\u201d feat. Zona e J.Rey Soul (3X Platino e Top 5 dell\u2019Airplay radiofonico in Italia), e \u201cGirl Like Me\u201d feat. Shakira (certificato ORO in Italia e \u201cBest Latin\u201d agli MTV EMAs), ottenendo numerosi riconoscimenti a livello globale. Il singolo \u201cHit It\u201d, in collaborazione con Saweetie e Lele Pons, conta circa 50 milioni di stream, 50 milioni di visualizzazioni su YouTube, e ha raggiunto la Top 50 dell\u2019Airplay radiofonico italiano.<\/p>\n<p dir=\"ltr\">Nel 2022 il gruppo si riunisce con Shakira e David Guetta per \u201cDon&#8217;t You Worry\u201d ( PLATINO in Italia e Top 3 dell0Airplay radiofonico) il primo singolo del nono album in studio \u201cElevation\u201d , seguito rapidamente dalla collaborazione tra Anita ed El Alfa \u201cSimply The Best\u201d, che ha aperto un altro brillante capitolo nella storia e ha raggiunto la TOP 10 dell\u2019Airplay radiofonico in Italia.<\/p>\n<p dir=\"ltr\">Il trio californiano si \u00e8 recentemente esibito sul palco del teatro Ariston come ospiti della seconda serata della 73esima edizione Festival di Sanremo.<\/p>\n<p dir=\"ltr\">\n<p dir=\"ltr\"><strong>CALENDARIO DATE<\/strong><\/p>\n<p dir=\"ltr\"><strong>Gioved\u00ec 13 luglio 2023 | Torino, Sonic Park Stupinigi &#8211; Nichelino<\/strong><\/p>\n<p dir=\"ltr\"><strong>Venerd\u00ec 14 luglio 2023 | Ferrara, Summer Vibez<\/strong><\/p>\n<p dir=\"ltr\"><strong>Domenica 13 agosto 2023 | Lecce, Oversound Music Festival<\/strong><\/p>\n<p dir=\"ltr\"><strong>Luned\u00ec 14 agosto 2023 | Olbia, Red Valley Festival<\/strong><\/p>\n<p dir=\"ltr\">\n<p dir=\"ltr\">L\u2019organizzatore declina ogni responsabilit\u00e0 in caso di acquisto di biglietti fuori dai circuiti di biglietteria autorizzati non presenti nei nostri comunicati ufficiali.<\/p>\n<\/div>\n<\/div>\n<\/div>\n<\/div>\n<\/div>\n<\/div>\n<\/div>\n<\/div>\n<\/div>\n<\/div>\n<\/div>\n<\/div>\n","protected":false},"excerpt":{"rendered":"<div class=\"mh-excerpt\"><p>IL GRUPPO HITMAKER CHE DA OLTRE 25 ANNI FA BALLARE MILIONI DI PERSONE IN TUTTO IL MONDO BLACK EYED PEAS TORNANO IN ITALIA QUATTRO DATE <a class=\"mh-excerpt-more\" href=\"https:\/\/www.piuomenopop.it\/index.php\/2023\/03\/06\/i-black-eyed-peas-tornano-in-italia-quattro-date-estive-nei-principali-festival-italiani\/\" title=\"I BLACK EYED PEAS TORNANO IN ITALIA: QUATTRO DATE ESTIVE NEI PRINCIPALI FESTIVAL ITALIANI\">[&#8230;]<\/a><\/p>\n<\/div>","protected":false},"author":2,"featured_media":78258,"comment_status":"closed","ping_status":"closed","sticky":false,"template":"","format":"standard","meta":{"sfsi_plus_gutenberg_text_before_share":"","sfsi_plus_gutenberg_show_text_before_share":"","sfsi_plus_gutenberg_icon_type":"","sfsi_plus_gutenberg_icon_alignemt":"","sfsi_plus_gutenburg_max_per_row":"","footnotes":"","_links_to":"","_links_to_target":""},"categories":[5184,3],"tags":[7297,13396],"class_list":["post-78257","post","type-post","status-publish","format-standard","has-post-thumbnail","hentry","category-calendario-concerti","category-news","tag-black-eyed-peas","tag-black-eyed-peas-italia"],"aioseo_notices":[],"_links":{"self":[{"href":"https:\/\/www.piuomenopop.it\/index.php\/wp-json\/wp\/v2\/posts\/78257","targetHints":{"allow":["GET"]}}],"collection":[{"href":"https:\/\/www.piuomenopop.it\/index.php\/wp-json\/wp\/v2\/posts"}],"about":[{"href":"https:\/\/www.piuomenopop.it\/index.php\/wp-json\/wp\/v2\/types\/post"}],"author":[{"embeddable":true,"href":"https:\/\/www.piuomenopop.it\/index.php\/wp-json\/wp\/v2\/users\/2"}],"replies":[{"embeddable":true,"href":"https:\/\/www.piuomenopop.it\/index.php\/wp-json\/wp\/v2\/comments?post=78257"}],"version-history":[{"count":1,"href":"https:\/\/www.piuomenopop.it\/index.php\/wp-json\/wp\/v2\/posts\/78257\/revisions"}],"predecessor-version":[{"id":78259,"href":"https:\/\/www.piuomenopop.it\/index.php\/wp-json\/wp\/v2\/posts\/78257\/revisions\/78259"}],"wp:featuredmedia":[{"embeddable":true,"href":"https:\/\/www.piuomenopop.it\/index.php\/wp-json\/wp\/v2\/media\/78258"}],"wp:attachment":[{"href":"https:\/\/www.piuomenopop.it\/index.php\/wp-json\/wp\/v2\/media?parent=78257"}],"wp:term":[{"taxonomy":"category","embeddable":true,"href":"https:\/\/www.piuomenopop.it\/index.php\/wp-json\/wp\/v2\/categories?post=78257"},{"taxonomy":"post_tag","embeddable":true,"href":"https:\/\/www.piuomenopop.it\/index.php\/wp-json\/wp\/v2\/tags?post=78257"}],"curies":[{"name":"wp","href":"https:\/\/api.w.org\/{rel}","templated":true}]}}