{"id":78266,"date":"2023-03-06T16:28:09","date_gmt":"2023-03-06T15:28:09","guid":{"rendered":"https:\/\/www.piuomenopop.it\/?p=78266"},"modified":"2023-03-06T16:28:09","modified_gmt":"2023-03-06T15:28:09","slug":"mauro-ermanno-giovanardi-e-uscito-il-vinile-45-giri-omaggio-a-pier-paolo-pasolini","status":"publish","type":"post","link":"https:\/\/www.piuomenopop.it\/index.php\/2023\/03\/06\/mauro-ermanno-giovanardi-e-uscito-il-vinile-45-giri-omaggio-a-pier-paolo-pasolini\/","title":{"rendered":"Mauro Ermanno Giovanardi: \u00e8 uscito il vinile 45 giri Omaggio a Pier Paolo Pasolini"},"content":{"rendered":"<p style=\"text-align: center;\"><strong>MAURO ERMANNO GIOVANARDI<\/strong><br \/>\n<strong>E\u2019 disponibile nei migliori negozi di dischi<\/strong><br \/>\n<strong>il vinile 45 giri \u201cCosa rester\u00e0\u201d<\/strong><br \/>\n<strong>omaggio a Pier Paolo Pasolini<\/strong><\/p>\n<p>&nbsp;<\/p>\n<p style=\"text-align: center;\"><a href=\"https:\/\/bfan.link\/cosarestera\" target=\"_blank\" rel=\"noopener\">LINK AGLI STORE FISICI ONLINE<\/a><\/p>\n<p>&nbsp;<\/p>\n<p style=\"text-align: center;\"><a href=\"https:\/\/www.youtube.com\/watch?v=lUDHd9ABB8I&amp;t=4s\" target=\"_blank\" rel=\"noopener\">GUARDA IL CORTOMETRAGGIO<\/a><\/p>\n<p>&nbsp;<\/p>\n<p>E\u2019 disponibile, nei migliori store online e negozi di dischi, il vinile 45 giri di <strong>Mauro Ermanno Giovanardi\u00a0<\/strong>\u201cCosa Rester\u00e0\u201d, personale omaggio del fondatore dei\u00a0<strong>La Crus<\/strong>\u00a0a\u00a0<strong>Pier Paolo Pasolini<\/strong>.<\/p>\n<p>Il vinile da collezione stampato in sole 300 copie numerate ed autografate dall\u2019artista, vede sul Lato A l\u2019inedito scritto da Giovanardi insieme a\u00a0<strong>Maria Pia Leziroli\u00a0<\/strong>\u201cCosa rester\u00e0\u201d, mentre sul Lato B \u00e8 incisa la sua rivisitazione di \u201cUna storia sbagliata\u201d, brano composto da\u00a0<strong>Fabrizio De Andr\u00e8<\/strong>\u00a0e\u00a0<strong>Massimo Bubola<\/strong>\u00a0originariamente dedicato proprio a\u00a0<strong>Pier Paolo Pasolini<\/strong>. Il progetto \u00e8 pubblicato da\u00a0<strong>Vrec Music Label<\/strong>\u00a0con distribuzione Audioglobe.<\/p>\n<p>LATO A: L\u2019inedito \u201cCosa Rester\u00e0\u201d, disponibile anche negli store digitali e piattaforme streaming, \u00e8 nato per accompagnare il cortometraggio realizzato da\u00a0<strong>Monica<\/strong>\u00a0<strong>Giordano<\/strong>\u00a0dal titolo originale \u201cTu sei bello come una stella\u201d gi\u00e0 online, interamente in stop-motion e dedicato a Pier Paolo Pasolini. \u201cCosa rester\u00e0\u201d \u00e8 stato prodotto da Giovanardi e Leziroli, arrangiato e registrato da\u00a0<strong>Max Zanotti<\/strong>, mixato da\u00a0<strong>Lele<\/strong>\u00a0<strong>Battista<\/strong>\u00a0e masterizzato da\u00a0<strong>Giovanni<\/strong>\u00a0<strong>Versari<\/strong>.<\/p>\n<p>LATO B: \u201cUna storia sbagliata\u201d \u00e8 la cover rarit\u00e0 incisa sul Lato B del 45 giri e non sar\u00e0 pubblicata negli store digitali. Il brano\u00a0<i>\u00ab\u00e8 spesso incluso nei miei spettacoli dal vivo<\/i>\u00a0&#8211; afferma Giovanardi &#8211;<i>\u00a0ed \u00e8 stato naturale inciderla per impreziosire il progetto che \u00e8 uscito tra il 2 novembre ed il 5 marzo, date simbolo di scomparsa e nascita di Pasolini, uno degli autori pi\u00f9 influenti della cultura italiana la fine di un\u2019epoca e la nascita dell\u2019omologazione culturale ed economica\u00bb<\/i>\u00a0\u201cUna storia sbagliata\u201d interpretato da Giovanardi con\u00a0<strong>Marco Causino<\/strong>\u00a0alla chitarra acustica, \u00e8 stato prodotto da Giovanardi e Leziroli, arrangiato da Giovanardi, Causino e Lele Battista, registrato da<strong>\u00a0Lele Battista<\/strong>\u00a0e masterizzato da\u00a0<strong>Giovanni Versari<\/strong>.<\/p>\n<p>L\u2019artwork di copertina \u00e8 una foto di\u00a0<strong>Ilenia<\/strong>\u00a0<strong>Costantino<\/strong>\u00a0estratta dal cortometraggio in stop-motion \u201cTu sei bello come una stella\u201d di\u00a0<strong>Monica Giordano<\/strong>.<\/p>\n<p>Nato a Monza il 3 maggio del 1962,\u00a0<strong>Mauro Ermanno Giovanardi<\/strong>\u00a0\u00e8 cantautore raffinato e poliedrico, da pi\u00f9 di 20 anni sulla scena musicale italiana come autore, interprete, performer, produttore discografico e direttore artistico di prestigiosi festival di musica e letteratura. Tra i creatori della scena underground in Italia, fonda nel 1993 i La Crus, band dirompente che cambia le regole della musica alternativa italiana. Solista dal 2007, i suoi lavori sono espressioni di ricerca di atmosfere sempre diverse eppure accomunate da un\u2019impronta inconfondibile e sincera, libera di muoversi fra il rock, il pop, la tradizione cantautorale italiana e spettacoli di teatro canzone. Quattro volte Targa Tenco. Ha realizzato 3 album con la band\u00a0<strong>The Carnival Of Fools<\/strong>, 8 album con i\u00a0<strong>La Crus<\/strong>\u00a0e 5 come artista solista.<\/p>\n<p>FB:\u00a0<a href=\"https:\/\/5pc6c.r.a.d.sendibm1.com\/mk\/cl\/f\/OXPDkg7CDlyNSd_wmdegfvqQxwY8eQovAETmdyl0_NO2R6mWzayuwaJcR--dCiUnyulI8-DFkJM2HcqREWRuEgWRkIlKyirte-mQ0gXvP5Hfx4oX1a5UlovNYhSKixMzNsLSN3fEtg6xI_dK7hYf0YqRY7a4NHNFcfl0NhYjDxKLemyujbh1LukMNvqaz2VaUay4\" target=\"_blank\" rel=\"noopener\" data-saferedirecturl=\"https:\/\/www.google.com\/url?q=https:\/\/5pc6c.r.a.d.sendibm1.com\/mk\/cl\/f\/OXPDkg7CDlyNSd_wmdegfvqQxwY8eQovAETmdyl0_NO2R6mWzayuwaJcR--dCiUnyulI8-DFkJM2HcqREWRuEgWRkIlKyirte-mQ0gXvP5Hfx4oX1a5UlovNYhSKixMzNsLSN3fEtg6xI_dK7hYf0YqRY7a4NHNFcfl0NhYjDxKLemyujbh1LukMNvqaz2VaUay4&amp;source=gmail&amp;ust=1678199871366000&amp;usg=AOvVaw3awG-BuuXESOIz4CiGp4X4\">https:\/\/bit.ly\/FB_MEG<\/a><\/p>\n<p>IG:\u00a0<a href=\"https:\/\/5pc6c.r.a.d.sendibm1.com\/mk\/cl\/f\/CScooC0-KlfI7vIWMqwDQTvpvJS-rnidOkqfRrNWu8Z_V9G_80mJ8F03nHHQv5ZnZmiohXyrDA3eBnQbRwWp-TtCbu8ERjcqwGbv_jFMGldfTXJZ8AtbddbiUNO53KiHYUsrNRFQ5NCjj3HxXVvL8-VDpZrYJeL7whadS80RjEDyuXzPY_333GxwBdNH6et0JWYB\" target=\"_blank\" rel=\"noopener\" data-saferedirecturl=\"https:\/\/www.google.com\/url?q=https:\/\/5pc6c.r.a.d.sendibm1.com\/mk\/cl\/f\/CScooC0-KlfI7vIWMqwDQTvpvJS-rnidOkqfRrNWu8Z_V9G_80mJ8F03nHHQv5ZnZmiohXyrDA3eBnQbRwWp-TtCbu8ERjcqwGbv_jFMGldfTXJZ8AtbddbiUNO53KiHYUsrNRFQ5NCjj3HxXVvL8-VDpZrYJeL7whadS80RjEDyuXzPY_333GxwBdNH6et0JWYB&amp;source=gmail&amp;ust=1678199871366000&amp;usg=AOvVaw3FDS4diSY_7uU4zVhd76_k\">https:\/\/bit.ly\/IG_MEG<\/a><\/p>\n<p>SP:\u00a0<a href=\"https:\/\/5pc6c.r.a.d.sendibm1.com\/mk\/cl\/f\/j17_dWSxAce3LFPQ3opOzkXDuCYoWyyVX8OmGI_LzfWi-8nvxhgNLirDY5FTfotzsBvW21mmxcLjcSZErGQN5Dy58JEpTLXAjOWjT8yefNRUCcN0zvikE-Vz4bB21GQMrzcSJhJqq4L7j3smFM4wuTQFPa0CpB824w5n23wwVMrcdXjb0KX8Yv_KWcm6tabvHGjD2F5p\" target=\"_blank\" rel=\"noopener\" data-saferedirecturl=\"https:\/\/www.google.com\/url?q=https:\/\/5pc6c.r.a.d.sendibm1.com\/mk\/cl\/f\/j17_dWSxAce3LFPQ3opOzkXDuCYoWyyVX8OmGI_LzfWi-8nvxhgNLirDY5FTfotzsBvW21mmxcLjcSZErGQN5Dy58JEpTLXAjOWjT8yefNRUCcN0zvikE-Vz4bB21GQMrzcSJhJqq4L7j3smFM4wuTQFPa0CpB824w5n23wwVMrcdXjb0KX8Yv_KWcm6tabvHGjD2F5p&amp;source=gmail&amp;ust=1678199871366000&amp;usg=AOvVaw22uEnNumPxMEnCYf2YC2Hn\">https:\/\/spoti.fi\/3WegXYP<\/a><\/p>\n","protected":false},"excerpt":{"rendered":"<div class=\"mh-excerpt\"><p>MAURO ERMANNO GIOVANARDI E\u2019 disponibile nei migliori negozi di dischi il vinile 45 giri \u201cCosa rester\u00e0\u201d omaggio a Pier Paolo Pasolini &nbsp; LINK AGLI STORE <a class=\"mh-excerpt-more\" href=\"https:\/\/www.piuomenopop.it\/index.php\/2023\/03\/06\/mauro-ermanno-giovanardi-e-uscito-il-vinile-45-giri-omaggio-a-pier-paolo-pasolini\/\" title=\"Mauro Ermanno Giovanardi: \u00e8 uscito il vinile 45 giri Omaggio a Pier Paolo Pasolini\">[&#8230;]<\/a><\/p>\n<\/div>","protected":false},"author":2,"featured_media":78267,"comment_status":"closed","ping_status":"closed","sticky":false,"template":"","format":"standard","meta":{"sfsi_plus_gutenberg_text_before_share":"","sfsi_plus_gutenberg_show_text_before_share":"","sfsi_plus_gutenberg_icon_type":"","sfsi_plus_gutenberg_icon_alignemt":"","sfsi_plus_gutenburg_max_per_row":"","footnotes":"","_links_to":"","_links_to_target":""},"categories":[3,8],"tags":[975,13398],"class_list":["post-78266","post","type-post","status-publish","format-standard","has-post-thumbnail","hentry","category-news","category-uscite","tag-mauro-ermanno-giovanardi","tag-pier-paolo-pasolini"],"aioseo_notices":[],"_links":{"self":[{"href":"https:\/\/www.piuomenopop.it\/index.php\/wp-json\/wp\/v2\/posts\/78266","targetHints":{"allow":["GET"]}}],"collection":[{"href":"https:\/\/www.piuomenopop.it\/index.php\/wp-json\/wp\/v2\/posts"}],"about":[{"href":"https:\/\/www.piuomenopop.it\/index.php\/wp-json\/wp\/v2\/types\/post"}],"author":[{"embeddable":true,"href":"https:\/\/www.piuomenopop.it\/index.php\/wp-json\/wp\/v2\/users\/2"}],"replies":[{"embeddable":true,"href":"https:\/\/www.piuomenopop.it\/index.php\/wp-json\/wp\/v2\/comments?post=78266"}],"version-history":[{"count":1,"href":"https:\/\/www.piuomenopop.it\/index.php\/wp-json\/wp\/v2\/posts\/78266\/revisions"}],"predecessor-version":[{"id":78268,"href":"https:\/\/www.piuomenopop.it\/index.php\/wp-json\/wp\/v2\/posts\/78266\/revisions\/78268"}],"wp:featuredmedia":[{"embeddable":true,"href":"https:\/\/www.piuomenopop.it\/index.php\/wp-json\/wp\/v2\/media\/78267"}],"wp:attachment":[{"href":"https:\/\/www.piuomenopop.it\/index.php\/wp-json\/wp\/v2\/media?parent=78266"}],"wp:term":[{"taxonomy":"category","embeddable":true,"href":"https:\/\/www.piuomenopop.it\/index.php\/wp-json\/wp\/v2\/categories?post=78266"},{"taxonomy":"post_tag","embeddable":true,"href":"https:\/\/www.piuomenopop.it\/index.php\/wp-json\/wp\/v2\/tags?post=78266"}],"curies":[{"name":"wp","href":"https:\/\/api.w.org\/{rel}","templated":true}]}}