{"id":78533,"date":"2023-03-16T22:23:18","date_gmt":"2023-03-16T21:23:18","guid":{"rendered":"https:\/\/www.piuomenopop.it\/?p=78533"},"modified":"2023-03-16T22:23:18","modified_gmt":"2023-03-16T21:23:18","slug":"john-cale-la-leggenda-della-musica-rock-torna-in-italia-a-giugno-per-portare-dal-vivo-il-nuovo-album-mercy","status":"publish","type":"post","link":"https:\/\/www.piuomenopop.it\/index.php\/2023\/03\/16\/john-cale-la-leggenda-della-musica-rock-torna-in-italia-a-giugno-per-portare-dal-vivo-il-nuovo-album-mercy\/","title":{"rendered":"JOHN CALE &#8211; La leggenda della musica rock torna in Italia a giugno per portare dal vivo il nuovo album &#8220;Mercy&#8221;"},"content":{"rendered":"<h3 style=\"text-align: center;\"><span style=\"color: #ff0000; font-family: helvetica neue, helvetica, arial, verdana, sans-serif;\"><strong>JOHN CALE<\/strong><\/span><br \/>\n<strong>LA LEGGENDA DELLA MUSICA ROCK TORNA IN ITALIA PER PORTARE DAL VIVO IL NUOVO ALBUM \u201cMERCY\u201d<\/strong><\/h3>\n<div><strong>Il compositore, poli-strumentista, produttore discografico, icona della musica rock, John Cale torna in Italia a giugno per due imperdibili concerti: il 12 giugno sar\u00e0 al Teatro Dal Verme di Milano e il 13 giugno all\u2019Anfiteatro delle Cascine Ernesto De Pascale per Ultravox, nell\u2019ambito del Viper Summer Festival. I biglietti per lo show di Milano sono disponibili su\u00a0<\/strong><strong><a href=\"https:\/\/bpmconcerti.us9.list-manage.com\/track\/click?u=be70b6b3c838820aa261d4504&amp;id=8dbbf75ae2&amp;e=c6e2fb9a6b\" target=\"_blank\" rel=\"noopener\" data-saferedirecturl=\"https:\/\/www.google.com\/url?q=https:\/\/bpmconcerti.us9.list-manage.com\/track\/click?u%3Dbe70b6b3c838820aa261d4504%26id%3D8dbbf75ae2%26e%3Dc6e2fb9a6b&amp;source=gmail&amp;ust=1679087977034000&amp;usg=AOvVaw2E9WwcYmeWkJtcWdXnkoJq\">Ticketone<\/a><\/strong><strong>\u00a0e sul\u00a0sito del Teatro Dal Verme, mentre quelli per lo show di Firenze anche su\u00a0<\/strong><strong><a href=\"https:\/\/bpmconcerti.us9.list-manage.com\/track\/click?u=be70b6b3c838820aa261d4504&amp;id=9f56d3992c&amp;e=c6e2fb9a6b\" target=\"_blank\" rel=\"noopener\" data-saferedirecturl=\"https:\/\/www.google.com\/url?q=https:\/\/bpmconcerti.us9.list-manage.com\/track\/click?u%3Dbe70b6b3c838820aa261d4504%26id%3D9f56d3992c%26e%3Dc6e2fb9a6b&amp;source=gmail&amp;ust=1679087977034000&amp;usg=AOvVaw3KgDHC2_yBf2lWlVWr7wmC\">Ticketmaster<\/a><\/strong><strong>.<\/strong><\/p>\n<p><strong>La storia della musica e dell\u2019avanguardia, l\u2019artigiano dei suoni e della distorsione: nel corso della sua carriera John Cale ha attraversato tutti i generi, dalla classica al drone, dall\u2019underground al post-punk, fino al rock all\u2019avanguardia. Co-fondatore della storica band Velvet Underground e protagonista di una collaborazione tanto unica quanto travagliata con Lou Reed, John Cale porter\u00e0 in Italia i brani di\u00a0<em>Mercy<\/em>, il primo album completo di brani nuovi dopo 10 anni.<\/strong><\/p>\n<p><strong><em>MERCY<\/em><\/strong>\u00a0si muove attraverso un vero e proprio tormento elettronico, esplorando canzoni d&#8217;amore vulnerabili e considerazioni speranzose sul futuro con l&#8217;aiuto di alcune delle giovani menti pi\u00f9 curiose della musica. Laurel Halo, Sylvan Esso, Animal Collective: sono solo la met\u00e0 dello stupefacente cast di brillanti musicisti che sono entrati nella visione consumata del mondo di Cale, aiutandolo a riarredarla. L\u2019artista ha sempre cercato nuovi modi per esplorare le vecchie idee di alienazione, dolore e gioia e\u00a0<em>MERCY<\/em>\u00a0\u00e8 l&#8217;ultimo affascinante ritrovamento di questa mente insoddisfatta.<\/p>\n<p>Cale non \u00e8 rimasto inattivo dal suo ultimo album, naturalmente. Si \u00e8 esibito sui binari dei treni che dividono la Corea del Nord da quella del Sud nella DMZ, \u00e8 riuscito finalmente ad arrivare in Cina mandando il pubblico in delirio, ha lavorato con Todd Haynes al suo acclamato documentario sui Velvet Underground: per molti versi, \u00e8 stato impegnato come non mai, ha diretto una straordinaria orchestra di droni volanti e collaborato con l&#8217;artista gallese Kelly Lee Owens, fino a condurre brillanti tributi per il 50\u00b0 anniversario dei Velvet Underground e di Nico.<\/p>\n<p>In mezzo a tutto questo, gli scritti e le registrazioni che hanno dato forma a\u00a0<strong><em>MERCY<\/em><\/strong>\u00a0si sono accumulati per anni, mentre Cale osservava la societ\u00e0 vacillare sull&#8217;orlo della distopia. Trump e la Brexit, Covid e il cambiamento climatico, i diritti civili e l&#8217;estremismo di destra: Cale lasciava che le cattive notizie del giorno filtrassero nei suoi versi. Anche le lezioni di una vita (ancora in corso) e riccamente vissuta, sono riuscite ad emergere in primo piano all\u2019interno del disco.<\/p>\n<p><strong><em>Mercy<\/em><\/strong>\u00a0suggerisce un modo di esistere trasformativo, in cui la propria et\u00e0 o i malesseri del mondo non precludono l&#8217;immaginazione, l&#8217;intrigo e la perenne ricerca della guarigione. Se John Cale vuole la\u00a0<em>misericordia<\/em>, \u00e8 riuscito a crearla, non solo attraverso queste 12 canzoni, ma attraverso una vita di perpetuo rinnovamento di s\u00e9.<\/div>\n<div>\n<strong>JOHN CALE<\/strong><br \/>\n<strong>12 giugno 2023<\/strong>\u00a0\u2013 Teatro Dal Verme &#8211;\u00a0<strong>Milano<\/strong><br \/>\n<strong>13 giugno 2023<\/strong>\u00a0\u2013 Ultravox, Anfiteatro delle Cascine Ernesto De Pascale \u2013\u00a0<strong>Firenze<\/strong><br \/>\n<strong>Biglietti disponibili su\u00a0<a href=\"https:\/\/bpmconcerti.us9.list-manage.com\/track\/click?u=be70b6b3c838820aa261d4504&amp;id=ccf835a757&amp;e=c6e2fb9a6b\" target=\"_blank\" rel=\"noopener\" data-saferedirecturl=\"https:\/\/www.google.com\/url?q=https:\/\/bpmconcerti.us9.list-manage.com\/track\/click?u%3Dbe70b6b3c838820aa261d4504%26id%3Dccf835a757%26e%3Dc6e2fb9a6b&amp;source=gmail&amp;ust=1679087977034000&amp;usg=AOvVaw1LSO-KvOuTWJ5QgJkVbnmy\">Ticketmaster<\/a>\u00a0e\u00a0<a href=\"https:\/\/bpmconcerti.us9.list-manage.com\/track\/click?u=be70b6b3c838820aa261d4504&amp;id=bd94576452&amp;e=c6e2fb9a6b\" target=\"_blank\" rel=\"noopener\" data-saferedirecturl=\"https:\/\/www.google.com\/url?q=https:\/\/bpmconcerti.us9.list-manage.com\/track\/click?u%3Dbe70b6b3c838820aa261d4504%26id%3Dbd94576452%26e%3Dc6e2fb9a6b&amp;source=gmail&amp;ust=1679087977034000&amp;usg=AOvVaw2CloGGWJLwTUbSXaftfiYS\">Ticketone<\/a><\/strong><br \/>\nPer info:\u00a0<a href=\"https:\/\/bpmconcerti.us9.list-manage.com\/track\/click?u=be70b6b3c838820aa261d4504&amp;id=48560381ff&amp;e=c6e2fb9a6b\" target=\"_blank\" rel=\"noopener\" data-saferedirecturl=\"https:\/\/www.google.com\/url?q=https:\/\/bpmconcerti.us9.list-manage.com\/track\/click?u%3Dbe70b6b3c838820aa261d4504%26id%3D48560381ff%26e%3Dc6e2fb9a6b&amp;source=gmail&amp;ust=1679087977034000&amp;usg=AOvVaw2WzhbXAj80OwJTiA-xWVbq\">www.bpmconcerti.com<\/a><\/div>\n","protected":false},"excerpt":{"rendered":"<div class=\"mh-excerpt\"><p>JOHN CALE LA LEGGENDA DELLA MUSICA ROCK TORNA IN ITALIA PER PORTARE DAL VIVO IL NUOVO ALBUM \u201cMERCY\u201d Il compositore, poli-strumentista, produttore discografico, icona della <a class=\"mh-excerpt-more\" href=\"https:\/\/www.piuomenopop.it\/index.php\/2023\/03\/16\/john-cale-la-leggenda-della-musica-rock-torna-in-italia-a-giugno-per-portare-dal-vivo-il-nuovo-album-mercy\/\" title=\"JOHN CALE &#8211; La leggenda della musica rock torna in Italia a giugno per portare dal vivo il nuovo album &#8220;Mercy&#8221;\">[&#8230;]<\/a><\/p>\n<\/div>","protected":false},"author":2,"featured_media":78534,"comment_status":"closed","ping_status":"closed","sticky":false,"template":"","format":"standard","meta":{"sfsi_plus_gutenberg_text_before_share":"","sfsi_plus_gutenberg_show_text_before_share":"","sfsi_plus_gutenberg_icon_type":"","sfsi_plus_gutenberg_icon_alignemt":"","sfsi_plus_gutenburg_max_per_row":"","footnotes":"","_links_to":"","_links_to_target":""},"categories":[5184,3],"tags":[13417],"class_list":["post-78533","post","type-post","status-publish","format-standard","has-post-thumbnail","hentry","category-calendario-concerti","category-news","tag-john-cale"],"aioseo_notices":[],"_links":{"self":[{"href":"https:\/\/www.piuomenopop.it\/index.php\/wp-json\/wp\/v2\/posts\/78533","targetHints":{"allow":["GET"]}}],"collection":[{"href":"https:\/\/www.piuomenopop.it\/index.php\/wp-json\/wp\/v2\/posts"}],"about":[{"href":"https:\/\/www.piuomenopop.it\/index.php\/wp-json\/wp\/v2\/types\/post"}],"author":[{"embeddable":true,"href":"https:\/\/www.piuomenopop.it\/index.php\/wp-json\/wp\/v2\/users\/2"}],"replies":[{"embeddable":true,"href":"https:\/\/www.piuomenopop.it\/index.php\/wp-json\/wp\/v2\/comments?post=78533"}],"version-history":[{"count":1,"href":"https:\/\/www.piuomenopop.it\/index.php\/wp-json\/wp\/v2\/posts\/78533\/revisions"}],"predecessor-version":[{"id":78535,"href":"https:\/\/www.piuomenopop.it\/index.php\/wp-json\/wp\/v2\/posts\/78533\/revisions\/78535"}],"wp:featuredmedia":[{"embeddable":true,"href":"https:\/\/www.piuomenopop.it\/index.php\/wp-json\/wp\/v2\/media\/78534"}],"wp:attachment":[{"href":"https:\/\/www.piuomenopop.it\/index.php\/wp-json\/wp\/v2\/media?parent=78533"}],"wp:term":[{"taxonomy":"category","embeddable":true,"href":"https:\/\/www.piuomenopop.it\/index.php\/wp-json\/wp\/v2\/categories?post=78533"},{"taxonomy":"post_tag","embeddable":true,"href":"https:\/\/www.piuomenopop.it\/index.php\/wp-json\/wp\/v2\/tags?post=78533"}],"curies":[{"name":"wp","href":"https:\/\/api.w.org\/{rel}","templated":true}]}}