{"id":78731,"date":"2023-03-27T15:54:21","date_gmt":"2023-03-27T13:54:21","guid":{"rendered":"https:\/\/www.piuomenopop.it\/?p=78731"},"modified":"2023-03-27T15:54:21","modified_gmt":"2023-03-27T13:54:21","slug":"asaf-avidan-torna-in-concerto-in-italia-in-solo-con-ichnology-solo-tour-roma-e-milano","status":"publish","type":"post","link":"https:\/\/www.piuomenopop.it\/index.php\/2023\/03\/27\/asaf-avidan-torna-in-concerto-in-italia-in-solo-con-ichnology-solo-tour-roma-e-milano\/","title":{"rendered":"ASAF AVIDAN torna in concerto in Italia in solo con Ichnology Solo Tour. Roma e Milano"},"content":{"rendered":"<p lang=\"en-US\" align=\"CENTER\"><b>A CINQUE ANNI DAL SUO ULTIMO TOUR SOLISTA,\u00a0<\/b><\/p>\n<p lang=\"en-US\" align=\"CENTER\"><b>ASAF AVIDAN TORNA SUI PALCHI<\/b><\/p>\n<p lang=\"en-US\" align=\"CENTER\"><b>PER UNA SERIE DI SELEZIONATE PERFORMANCE IN SOLO<\/b><\/p>\n<p lang=\"en-US\" align=\"CENTER\"><b>IN CUI IL SUO INDISCUSSO TALENTO FARA&#8217; DA PROTAGONISTA,\u00a0<\/b><\/p>\n<p lang=\"en-US\" align=\"CENTER\"><b>TRA INTIME BALLAD, UNA NARRAZIONE CARISMATICA E COINVOLGENTE<\/b><\/p>\n<p lang=\"en-US\" align=\"CENTER\"><b>E L&#8217;ENERGIA DI UN ARTISTA UNICO NEL SUO GENERE<\/b><\/p>\n<p lang=\"en-US\" align=\"CENTER\">ASAF AVIDAN<\/p>\n<p lang=\"en-US\" align=\"CENTER\"><i>&#8216;Ichnology Solo Tour 2023&#8217;<\/i><\/p>\n<p lang=\"en-US\" align=\"CENTER\"><span style=\"color: #ff0000;\"><b>\u00a0<\/b><\/span><\/p>\n<p lang=\"en-US\" align=\"CENTER\"><b>marted\u00ec 7 novembre\u00a0<\/b><\/p>\n<p lang=\"en-US\" align=\"CENTER\"><b>ROMA \u2013 AUDITORIM PARCO DELLA MUSICA ENNIO MORRICONE<\/b><\/p>\n<p lang=\"en-US\" align=\"CENTER\"><b>Sala Sinopoli<\/b><\/p>\n<p lang=\"en-US\" align=\"CENTER\"><span style=\"color: #000000;\"><b>Via Pietro de Coubertin, 30<\/b><\/span><\/p>\n<p lang=\"en-US\" align=\"CENTER\"><span style=\"color: #000000;\"><b>info su prezzi e prevendite in arrivo a breve\u00a0<\/b><\/span><\/p>\n<p lang=\"en-US\" align=\"CENTER\">\n<p lang=\"en-US\" align=\"CENTER\"><b>venerd\u00ec 10 novembre\u00a0<\/b><\/p>\n<p lang=\"en-US\" align=\"CENTER\"><b>MILANO \u2013 TEATRO DAL VERME\u00a0<\/b><\/p>\n<p lang=\"en-US\" align=\"CENTER\"><span style=\"color: #000000;\"><b>Via San Giovanni sul Muro, 2<\/b><\/span><\/p>\n<p lang=\"en-US\" align=\"CENTER\"><span style=\"color: #000000;\"><b>info su prezzi e prevendite in arrivo a breve\u00a0<\/b><\/span><\/p>\n<p align=\"CENTER\"><a href=\"https:\/\/jalamediaactivities.musvc2.net\/e\/t?q=5%3dNa8XOe%26s%3dS%26A%3dbCa%26B%3dX0SU%26R%3do3x8hLGM_yspw_03_ExZr_OC_yspw_98JT4.AAQlJA81ABKhD0RzAz.F1_JnzW_T3%26A%3dtMFSjT.AB1%26AF%3dY0SS\" target=\"_blank\" rel=\"noopener\"><strong>www.internationalmusic.it<\/strong><\/a><strong>\u00a0&#8211; 059.644688\u00a0<\/strong><\/p>\n<p align=\"CENTER\"><span style=\"color: #000000;\">\u201c<i>An artist that writes like Leonard Cohen, sings like Robert Plant,<\/i>\u00a0<i>and has the charisma of a cabaret performer\u201d<\/i><\/span><\/p>\n<p align=\"CENTER\"><span style=\"color: #000000;\">\u00a0<strong>J<\/strong><b>on Pareles, The New York Times<\/b><\/span><\/p>\n<p align=\"CENTER\"><span style=\"color: #000000;\">\u201c<i>Billie Holiday, Janis Joplin and Bob Dylan are all in there, but they<\/i><i>\u2028<\/i><i>add up to a wholly original sound,<\/i><\/span><\/p>\n<p align=\"CENTER\"><span style=\"color: #000000;\"><i>with songs that are beautifully written<\/i>\u00a0<i>and fervently performed\u201d &#8211; \u00a0<\/i><\/span><b>Bob Boilen, NPR<\/b><\/p>\n<p align=\"JUSTIFY\">Artista dal talento indiscusso,\u00a0<b>Asaf Avidan<\/b>\u00a0dal vivo sorprende e travolge. Pi\u00f9 volte paragonato a Janis Joplin e Johnny Cash,\u00a0<b>Asaf Avidan<\/b>\u00a0spazia dal rock al blues al folk, con un suono profondo ed ancestrale che stupisce e sorprende ad ogni respiro.<\/p>\n<p align=\"JUSTIFY\">Pubblicato in digitale a gennaio 2023,\u00a0<i><b>&#8216;Live At The Acropolis<\/b><\/i>&#8216; \u00e8 il film-concerto tratto dal live che lo straordinario artista ha tenuto, con la sua band, nell&#8217;estate 2022 nella magica location dell&#8217;Acropoli di Atene. Il live, disponibile\u00a0<a href=\"https:\/\/jalamediaactivities.musvc2.net\/e\/t?q=0%3dBWAcCa%26v%3dX%26y%3dXFf%26z%3dTCXI%26N%3dr8l4kQ5I3_ObvZ_Zl_Kaza_Up_ObvZ_Yq9pJ.5H_2xds_BClM4Ep4mOzIyItL%26n%3dJ6L60C.GoQ%26tL%3dBZBY\" target=\"_blank\" rel=\"noopener\">qui<\/a>\u00a0, ripercorre, in venti tracce, la carriera artistica di\u00a0<b>Asaf Avidan<\/b>, dai brani pi\u00f9 storici fino ai pi\u00f9 recenti contenuti nell&#8217;acclamato album &#8216;<i>Anagnorisis<\/i>&#8216; pubblicato nel 2020.<\/p>\n<p align=\"JUSTIFY\">A cinque anni dalla sua ultima tourn\u00e9e in solo, Asaf annuncia &#8211; dopo il recente tour con band che lo ha portato anche sui palchi italiani la scorsa estate &#8211; una serie di appuntamenti in cui, solo sul palco, attraverser\u00e0 la sua ricca carriera, tra brani diventati delle vere e proprie hit e momenti pi\u00f9 intimi e raccolti.<\/p>\n<p align=\"JUSTIFY\"><b>Asaf Avidan Bio<\/b><\/p>\n<p align=\"JUSTIFY\"><span lang=\"en-US\">Lo abbiamo conosciuto con \u2018<\/span><span lang=\"en-US\"><i><b>Different Pulses\u2019<\/b><\/i><\/span><span lang=\"en-US\">, il disco di debutto che lo ha decretato come uno tra i migliori artisti degli ultimi anni, e prima ancora grazie al remix del suo brano \u2018<\/span><span lang=\"en-US\"><i><b>Reckoning Song\/One Da\u2019y<\/b><\/i><\/span><span lang=\"en-US\">, che ha letteralmente fatto impazzire i network di tutta Europa. Gi\u00e0 attivo con\u00a0<\/span><span lang=\"en-US\"><b>The Mojos<\/b><\/span><span lang=\"en-US\">, con i quali si \u00e8 aggiudicato il disco d\u2019oro e poi di platino per l\u2019album \u2018<\/span><span lang=\"en-US\"><i><b>The Reckoning<\/b><\/i><\/span><span lang=\"en-US\">\u2019 (2006)\u00a0<\/span><span lang=\"en-US\"><b>Asaf Avidan<\/b><\/span><span lang=\"en-US\">\u00a0ha raggiunto il grande pubblico nel 2013, con la pubblicazione di \u2018<\/span><span lang=\"en-US\"><i><b>Different Pulses\u2019<\/b><\/i><\/span><span lang=\"en-US\">\u00a0su etichetta Polydor\/Universal, ed un lungo tour che lo ha portato in ogni angolo del globo. Vedere\u00a0<\/span><span lang=\"en-US\"><b>Asaf Avidan<\/b><\/span><span lang=\"en-US\">\u00a0dal vivo \u00e8 un\u2019esperienza di disconnessione sensoriale: pi\u00f9 volte paragonato a\u00a0<\/span><span lang=\"en-US\"><b>Janis Joplin<\/b><\/span><span lang=\"en-US\">\u00a0e\u00a0<\/span><span lang=\"en-US\"><b>Johnny Cash<\/b><\/span><span lang=\"en-US\">,\u00a0<\/span><span lang=\"en-US\"><b>Asaf Avidan<\/b><\/span><span lang=\"en-US\">\u00a0spazia dal rock al blues al folk con un sound profondo ed ancestrale che stupisce e sorprende ad ogni respiro. Dopo la standing ovation ricevuta durante l\u2019esibizione come ospite internazionale al\u00a0<\/span><span lang=\"en-US\"><b>Festival di Sanremo<\/b><\/span><span lang=\"en-US\">\u00a0nel 2013 ed un lungo tour che lo ha pi\u00f9 volte visto passare per l\u2019Italia per una serie di concerti unici, talvolta con la band e nei pi\u00f9 recenti show con la sola compagnia di una chitarra e della sua straordinaria e potente voce,\u00a0<\/span><span lang=\"en-US\"><b>Asaf Avidan<\/b><\/span><span lang=\"en-US\">\u00a0ha raddoppiato il suo successo con \u2018<\/span><span lang=\"en-US\"><i><b>Gold Shadow\u2019<\/b><\/i><\/span><span lang=\"en-US\">, il nuovo album pubblicato a gennaio 2015 per Polydor\/Universal. Nel 2017 \u00e8 la volta di \u2018<\/span><span lang=\"en-US\"><i><b>Study of Falling\u2019<\/b><\/i><\/span><span lang=\"en-US\">, (Universal) a cui ha fatto seguito un lungo tour, sia con band che da solo (\u2018<\/span><span lang=\"en-US\"><i>The Study of Falling Tour\u2019<\/i><\/span><span lang=\"en-US\">).<\/span><\/p>\n<p align=\"JUSTIFY\"><span lang=\"en-US\">Pubblicato a settembre 2020 su etichetta Artist First, &#8216;<\/span><span lang=\"en-US\"><i><b>Anagnorisis&#8217;<\/b><\/i><\/span><span lang=\"en-US\">\u00a0si rif\u00e0 ad una parola coniata da Aristotele per definire quel particolare ed improvviso momento in cui si rivela il proprio carattere, la propria identit\u00e0, trascendendo dall\u2019ignoranza alla conoscenza. Ogni brano del nuovo disco sembra riecheggiare con radici profonde che scavano verso l\u2019interno con strutture curate e precise, arricchite da correnti musicali che spaziano dall\u2019hip-hop anni \u201990 al pop pi\u00f9 attuale, fino alla musica gospel. Mille sfumature che appartengono ad un\u2019unica figura, in grado di spaziare dal falsetto al baritono fino alla sua inconfondibile tonalit\u00e0 vocale androgina.\u00a0<\/span><\/p>\n<p align=\"JUSTIFY\">Il vero\u00a0<span style=\"color: #000000;\"><span lang=\"en-US\">\u2018<\/span><\/span><i>Anagnorisis<\/i>\u2019 per\u00a0<b>Asaf Avidan<\/b>, la vera rivelazione, \u00e8 che la complessit\u00e0, la molteplicit\u00e0 e la confusione sono parte dell\u2019esistenza umana. Di conseguenza, non c\u2019\u00e8 mai un solo momento di chiarezza che rappresenti pi\u00f9 verit\u00e0 di qualsiasi altro.<\/p>\n<p align=\"JUSTIFY\"><a href=\"https:\/\/jalamediaactivities.musvc2.net\/e\/t?q=7%3dJZ0ZKd%26u%3dU%267%3daEc%268%3dWBUQ%26Q%3dq5t7jNCL_1ulv_B5_Awbt_KB_1ulv_A0FS6.5B7o5EEm57I4M29.lI6_NZwi_Xo%268%3d6Q2PvX.w9C%26E2%3dVLWE\" target=\"_blank\" rel=\"noopener\"><b>www.asafavidanmusic.com<\/b><\/a><\/p>\n","protected":false},"excerpt":{"rendered":"<div class=\"mh-excerpt\"><p>A CINQUE ANNI DAL SUO ULTIMO TOUR SOLISTA,\u00a0 ASAF AVIDAN TORNA SUI PALCHI PER UNA SERIE DI SELEZIONATE PERFORMANCE IN SOLO IN CUI IL SUO <a class=\"mh-excerpt-more\" href=\"https:\/\/www.piuomenopop.it\/index.php\/2023\/03\/27\/asaf-avidan-torna-in-concerto-in-italia-in-solo-con-ichnology-solo-tour-roma-e-milano\/\" title=\"ASAF AVIDAN torna in concerto in Italia in solo con Ichnology Solo Tour. Roma e Milano\">[&#8230;]<\/a><\/p>\n<\/div>","protected":false},"author":2,"featured_media":26782,"comment_status":"closed","ping_status":"closed","sticky":false,"template":"","format":"standard","meta":{"sfsi_plus_gutenberg_text_before_share":"","sfsi_plus_gutenberg_show_text_before_share":"","sfsi_plus_gutenberg_icon_type":"","sfsi_plus_gutenberg_icon_alignemt":"","sfsi_plus_gutenburg_max_per_row":"","footnotes":"","_links_to":"","_links_to_target":""},"categories":[5184,3],"tags":[4522],"class_list":["post-78731","post","type-post","status-publish","format-standard","has-post-thumbnail","hentry","category-calendario-concerti","category-news","tag-asaf-avidan"],"aioseo_notices":[],"_links":{"self":[{"href":"https:\/\/www.piuomenopop.it\/index.php\/wp-json\/wp\/v2\/posts\/78731","targetHints":{"allow":["GET"]}}],"collection":[{"href":"https:\/\/www.piuomenopop.it\/index.php\/wp-json\/wp\/v2\/posts"}],"about":[{"href":"https:\/\/www.piuomenopop.it\/index.php\/wp-json\/wp\/v2\/types\/post"}],"author":[{"embeddable":true,"href":"https:\/\/www.piuomenopop.it\/index.php\/wp-json\/wp\/v2\/users\/2"}],"replies":[{"embeddable":true,"href":"https:\/\/www.piuomenopop.it\/index.php\/wp-json\/wp\/v2\/comments?post=78731"}],"version-history":[{"count":1,"href":"https:\/\/www.piuomenopop.it\/index.php\/wp-json\/wp\/v2\/posts\/78731\/revisions"}],"predecessor-version":[{"id":78732,"href":"https:\/\/www.piuomenopop.it\/index.php\/wp-json\/wp\/v2\/posts\/78731\/revisions\/78732"}],"wp:featuredmedia":[{"embeddable":true,"href":"https:\/\/www.piuomenopop.it\/index.php\/wp-json\/wp\/v2\/media\/26782"}],"wp:attachment":[{"href":"https:\/\/www.piuomenopop.it\/index.php\/wp-json\/wp\/v2\/media?parent=78731"}],"wp:term":[{"taxonomy":"category","embeddable":true,"href":"https:\/\/www.piuomenopop.it\/index.php\/wp-json\/wp\/v2\/categories?post=78731"},{"taxonomy":"post_tag","embeddable":true,"href":"https:\/\/www.piuomenopop.it\/index.php\/wp-json\/wp\/v2\/tags?post=78731"}],"curies":[{"name":"wp","href":"https:\/\/api.w.org\/{rel}","templated":true}]}}