{"id":78799,"date":"2023-04-04T19:12:58","date_gmt":"2023-04-04T17:12:58","guid":{"rendered":"https:\/\/www.piuomenopop.it\/?p=78799"},"modified":"2023-04-04T19:14:19","modified_gmt":"2023-04-04T17:14:19","slug":"iosonouncane-e-paolo-angeli-annunciano-luscita-di-jalitah-il-9-giugno-2023","status":"publish","type":"post","link":"https:\/\/www.piuomenopop.it\/index.php\/2023\/04\/04\/iosonouncane-e-paolo-angeli-annunciano-luscita-di-jalitah-il-9-giugno-2023\/","title":{"rendered":"Iosonouncane e Paolo Angeli annunciano l\u2019uscita di Jalitah il 9 giugno 2023"},"content":{"rendered":"<p style=\"text-align: center;\"><strong>Iosonouncane<\/strong><\/p>\n<p style=\"text-align: center;\"><strong>e<\/strong><\/p>\n<p style=\"text-align: center;\"><strong>Paolo Angeli<\/strong><\/p>\n<p style=\"text-align: center;\"><strong>annunciano l\u2019uscita di<\/strong><\/p>\n<p style=\"text-align: center;\"><strong>Jalitah<\/strong><\/p>\n<p style=\"text-align: center;\"><strong>il 9 giugno 2023<\/strong><\/p>\n<p>&nbsp;<\/p>\n<p style=\"text-align: center;\"><strong><a href=\"https:\/\/abuzzsupreme.us7.list-manage.com\/track\/click?u=52902e114a54343c97bf4b846&amp;id=e884f4816b&amp;e=4ea31f8808\" target=\"_blank\" rel=\"noopener\" data-saferedirecturl=\"https:\/\/www.google.com\/url?q=https:\/\/abuzzsupreme.us7.list-manage.com\/track\/click?u%3D52902e114a54343c97bf4b846%26id%3De884f4816b%26e%3D4ea31f8808&amp;source=gmail&amp;ust=1680713072306000&amp;usg=AOvVaw18frEpE16mSoL1c55u3Wls\">Preordina &#8220;Jalitah&#8221; QUI<\/a><\/strong><\/p>\n<p>&nbsp;<\/p>\n<p>Il 9 giugno 2023 uscir\u00e0\u00a0<strong>Jalitah<\/strong>, disco live che racconta lo straordinario incontro tra\u00a0<strong>Iosonouncane<\/strong>\u00a0e\u00a0<strong>Paolo Angeli<\/strong>.<\/p>\n<p><strong>Jalitah<\/strong>\u00a0\u00e8 il nome di un arcipelago situato nel canale sardo-tusino e rappresenta pienamente questo album,\u00a0nel quale le canzoni, risalendo profondit\u00e0 spesso abissali, riemergono dal flusso di improvvisazioni libere.<br \/>\nIl duo ridisegna le mappe della musica italiana, annullando i confini tra avanguardia e forma canzone, realizzando un disco in cui la sperimentazione dialoga &#8220;vis a vis&#8221;\u00a0con la solennit\u00e0 lirica di alcune delle composizioni pi\u00f9 conosciute di\u00a0<strong>Incani<\/strong>. L&#8217;universo cangiante della chitarra sarda preparata di<strong>\u00a0Angeli\u00a0<\/strong>entra in collisione con il monolite multicolore di\u00a0<strong>Iosonouncane<\/strong>. Tra le secche affioranti di\u00a0<strong>Jalitah<\/strong>, a noi rimangono i resti di schegge impazzite che piovono dal cielo, alternando paesaggi acustici di infinita liricit\u00e0 e barriere di rumore bianco, per rompere definitivamente il confine tra la musica leggera e la musica d&#8217;avanguardia.<\/p>\n<p>Il disco \u00e8 stato registrato dal vivo nel tour intrapreso assieme nel marzo del 2018. Il Duo aveva debuttato nel 2017 dopo una breve residenza milanese che era stata presentata lo stesso anno all\u2019interno del cartellone di\u00a0<strong>Linecheck<\/strong>.<br \/>\nIl successo del concerto e la voglia di continuare ad esplorare l\u2019interazione tra improvvisazione e composizione ha portato all\u2019organizzazione del tour teatrale che ha toccato vari teatri tra cui il Teatro Duse di Bologna, l\u2019Auditorium di Roma e il teatro del Conservatorio di Cagliari in una serie di date sold out.<\/p>\n<p>Il materiale qui presentato \u00e8 stato registrato in parte anche durante il tour estivo, che ha toccato vari\u00a0festival e rassegne quali \u201cVilla Ada incontra il Mondo\u201d e\u00a0il festival \u201cAbbabula\u201d in Sardegna.<\/p>\n<p><strong>Jalitah<\/strong>\u00a0riunisce due delle voci pi\u00f9 autorevoli della Sardegna contemporanea. Entrambi gli artisti nell\u2019ultimo periodo hanno visto i loro rispettivi album raggiungere consensi di pubblico e di critica. Dal caso discografico di\u00a0<strong>\u201cIRA\u201d<\/strong>\u00a0nel 2021 (l\u2019ultimo album di Iosonouncane) a quello della candidatura al Grammy per\u00a0<strong>\u201cRADE\u201d<\/strong>\u00a0(ultima fatica di Paolo Angeli), il duo interseca due visioni del fare musica che mettono al centro l\u2019attivit\u00e0 di ricerca e sperimentazione, unite alla pi\u00f9 totale libert\u00e0 espressiva.<\/p>\n<p>\u00c8 attivo il preordine\u00a0di vinili e CD a questo link:<br \/>\n<a href=\"https:\/\/abuzzsupreme.us7.list-manage.com\/track\/click?u=52902e114a54343c97bf4b846&amp;id=fd38ca1aef&amp;e=4ea31f8808\" target=\"_blank\" rel=\"noopener\" data-saferedirecturl=\"https:\/\/www.google.com\/url?q=https:\/\/abuzzsupreme.us7.list-manage.com\/track\/click?u%3D52902e114a54343c97bf4b846%26id%3Dfd38ca1aef%26e%3D4ea31f8808&amp;source=gmail&amp;ust=1680713072306000&amp;usg=AOvVaw1SAf1lggeSkObjivXE7zjm\">https:\/\/panicopanico.<wbr \/>myshopify.com\/products\/jalitah<\/a><\/p>\n<p>Il disco,\u00a0registrato da\u00a0<strong>Azzurra Fragale<\/strong>,<strong>\u00a0<\/strong>uscir\u00e0 per\u00a0<strong>AnMa Productions\u00a0<\/strong>e\u00a0<strong>Tanca Records<\/strong>.<\/p>\n<p>Il progetto grafico \u00e8 di\u00a0<strong>Rocco Marchi<\/strong>, le foto sono di\u00a0<strong>Nanni Angeli<\/strong>.<\/p>\n","protected":false},"excerpt":{"rendered":"<div class=\"mh-excerpt\"><p>Iosonouncane e Paolo Angeli annunciano l\u2019uscita di Jalitah il 9 giugno 2023 &nbsp; Preordina &#8220;Jalitah&#8221; QUI &nbsp; Il 9 giugno 2023 uscir\u00e0\u00a0Jalitah, disco live che <a class=\"mh-excerpt-more\" href=\"https:\/\/www.piuomenopop.it\/index.php\/2023\/04\/04\/iosonouncane-e-paolo-angeli-annunciano-luscita-di-jalitah-il-9-giugno-2023\/\" title=\"Iosonouncane e Paolo Angeli annunciano l\u2019uscita di Jalitah il 9 giugno 2023\">[&#8230;]<\/a><\/p>\n<\/div>","protected":false},"author":2,"featured_media":78800,"comment_status":"closed","ping_status":"closed","sticky":false,"template":"","format":"standard","meta":{"sfsi_plus_gutenberg_text_before_share":"","sfsi_plus_gutenberg_show_text_before_share":"","sfsi_plus_gutenberg_icon_type":"","sfsi_plus_gutenberg_icon_alignemt":"","sfsi_plus_gutenburg_max_per_row":"","footnotes":"","_links_to":"","_links_to_target":""},"categories":[5184,3],"tags":[866,5187],"class_list":["post-78799","post","type-post","status-publish","format-standard","has-post-thumbnail","hentry","category-calendario-concerti","category-news","tag-iosonouncane","tag-paolo-angeli"],"aioseo_notices":[],"_links":{"self":[{"href":"https:\/\/www.piuomenopop.it\/index.php\/wp-json\/wp\/v2\/posts\/78799","targetHints":{"allow":["GET"]}}],"collection":[{"href":"https:\/\/www.piuomenopop.it\/index.php\/wp-json\/wp\/v2\/posts"}],"about":[{"href":"https:\/\/www.piuomenopop.it\/index.php\/wp-json\/wp\/v2\/types\/post"}],"author":[{"embeddable":true,"href":"https:\/\/www.piuomenopop.it\/index.php\/wp-json\/wp\/v2\/users\/2"}],"replies":[{"embeddable":true,"href":"https:\/\/www.piuomenopop.it\/index.php\/wp-json\/wp\/v2\/comments?post=78799"}],"version-history":[{"count":3,"href":"https:\/\/www.piuomenopop.it\/index.php\/wp-json\/wp\/v2\/posts\/78799\/revisions"}],"predecessor-version":[{"id":78803,"href":"https:\/\/www.piuomenopop.it\/index.php\/wp-json\/wp\/v2\/posts\/78799\/revisions\/78803"}],"wp:featuredmedia":[{"embeddable":true,"href":"https:\/\/www.piuomenopop.it\/index.php\/wp-json\/wp\/v2\/media\/78800"}],"wp:attachment":[{"href":"https:\/\/www.piuomenopop.it\/index.php\/wp-json\/wp\/v2\/media?parent=78799"}],"wp:term":[{"taxonomy":"category","embeddable":true,"href":"https:\/\/www.piuomenopop.it\/index.php\/wp-json\/wp\/v2\/categories?post=78799"},{"taxonomy":"post_tag","embeddable":true,"href":"https:\/\/www.piuomenopop.it\/index.php\/wp-json\/wp\/v2\/tags?post=78799"}],"curies":[{"name":"wp","href":"https:\/\/api.w.org\/{rel}","templated":true}]}}