{"id":78951,"date":"2023-04-11T16:49:01","date_gmt":"2023-04-11T14:49:01","guid":{"rendered":"https:\/\/www.piuomenopop.it\/?p=78951"},"modified":"2023-04-11T16:49:01","modified_gmt":"2023-04-11T14:49:01","slug":"public-image-ltd-la-storica-band-annuncia-una-data-italiana-nellambito-del-tour-europeo-insieme-al-nuovo-album-end-of-world","status":"publish","type":"post","link":"https:\/\/www.piuomenopop.it\/index.php\/2023\/04\/11\/public-image-ltd-la-storica-band-annuncia-una-data-italiana-nellambito-del-tour-europeo-insieme-al-nuovo-album-end-of-world\/","title":{"rendered":"PUBLIC IMAGE LTD. &#8211; La storica band annuncia una data italiana nell&#8217;ambito del tour europeo insieme al nuovo album &#8220;End Of World&#8221;"},"content":{"rendered":"<h3 style=\"text-align: center;\"><span style=\"color: #ff0000; font-family: helvetica neue, helvetica, arial, verdana, sans-serif;\"><strong>PUBLIC IMAGE LTD.<\/strong><\/span><br \/>\n<strong>LA STORICA BAND ANNUNCIA UNA DATA UNICA ITALIANA NELL\u2019AMBITO DEL TOUR EUROPEO INSIEME AL NUOVO ALBUM \u201cEND OF WORLD\u201d DEDICATO A NORA, MOGLIE DI JOHN LYDON<\/strong><\/h3>\n<p>&nbsp;<\/p>\n<div><strong>I Public Image Ltd. (PiL) annunciano una speciale data italiana insieme al loro 11\u00b0 album in studio nonch\u00e9 il primo in 8 anni,<\/strong>\u00a0<strong><em>End of World<\/em>, dopo la recente scomparsa di Nora Forster, moglie di John Lydon da oltre 4 decenni:<\/strong>\u00a0<strong>l\u2019appuntamento \u00e8 fissato per luned\u00ec 30 ottobre ai Magazzini Generali di Milano<\/strong>. La release del nuovo album \u00e8 fissata per l&#8217;11 agosto 2023 (PiL Official via Cargo UK Distribution), a cui seguir\u00e0 un ricchissimo tour di 37 date nel Regno Unito e in Europa. I biglietti per lo speciale show saranno disponibili\u00a0<strong>a partire dalle ore 11.00 di venerd\u00ec\u00a014\u00a0aprile sui circuiti ufficiali\u00a0<a href=\"https:\/\/bpmconcerti.us9.list-manage.com\/track\/click?u=be70b6b3c838820aa261d4504&amp;id=0af1a8b8d7&amp;e=c6e2fb9a6b\" target=\"_blank\" rel=\"noopener\" data-saferedirecturl=\"https:\/\/www.google.com\/url?q=https:\/\/bpmconcerti.us9.list-manage.com\/track\/click?u%3Dbe70b6b3c838820aa261d4504%26id%3D0af1a8b8d7%26e%3Dc6e2fb9a6b&amp;source=gmail&amp;ust=1681300720479000&amp;usg=AOvVaw2ohktVILZgNL8SU8UHbpu8\">Ticketmaster<\/a>\u00a0e\u00a0<a href=\"https:\/\/bpmconcerti.us9.list-manage.com\/track\/click?u=be70b6b3c838820aa261d4504&amp;id=2ba21a273c&amp;e=c6e2fb9a6b\" target=\"_blank\" rel=\"noopener\" data-saferedirecturl=\"https:\/\/www.google.com\/url?q=https:\/\/bpmconcerti.us9.list-manage.com\/track\/click?u%3Dbe70b6b3c838820aa261d4504%26id%3D2ba21a273c%26e%3Dc6e2fb9a6b&amp;source=gmail&amp;ust=1681300720480000&amp;usg=AOvVaw3iv6tAzIyEculhAdb2cCei\">Ticketone<\/a>.<\/strong><\/p>\n<p>All&#8217;inizio di quest&#8217;anno, i PiL hanno pubblicato\u00a0<strong><em>Hawaii<\/em><\/strong>, il brano pi\u00f9 personale che John Lydon abbia mai condiviso.\u00a0<em>Hawaii<\/em>\u00a0\u00e8 una lettera d&#8217;amore alla moglie di John, Nora, purtroppo scomparsa per Alzheimer mercoled\u00ec 5 aprile. Una canzone d&#8217;amore intima, personale ma universale, che \u00e8 entrata nel cuore di molti sin dalla sua pubblicazione nel mese di gennaio. Un brano in cui John riflette sulla loro vita insieme e in particolare su uno dei loro momenti pi\u00f9 felici insieme alle Hawaii. Il brano vede John riflettere sulla loro vita insieme e in particolare su uno dei loro momenti pi\u00f9 felici insieme alle Hawaii. John ha dichiarato: &#8220;<em>Nora ha amato l&#8217;album, non avrebbe voluto che lo posticipassimo o che cambiassimo i nostri piani&#8221;.\u00a0<\/em>In precedenza aveva detto di Hawaii: &#8220;<em>\u00c8 dedicato a tutti coloro che attraversano momenti difficili nel viaggio della vita, con la persona a cui tengono di pi\u00f9&#8221;.<\/em><\/p>\n<p>La band ha iniziato a scrivere e registrare\u00a0<em>End of World<\/em>\u00a0nel 2018, durante il tour per il 40\u00b0 anniversario. Dopo una lunghissima pausa, i PiL si sono riuniti in studio dove &#8220;<em>c&#8217;\u00e8 stata un&#8217;enorme esplosione di idee<\/em>&#8220;, ha raccontato Lydon. Il risultato \u00e8 che i PiL stanno per pubblicare 13 dei migliori brani che abbiano mai scritto.<\/p>\n<p>La musica e la visione dei PiL \u00e8 valsa loro 5 singoli nella Top 20 del Regno Unito e 5 album nella Top 20 del Regno Unito. Con una formazione mutevole e un sound unico &#8211; che fonde rock, dance, folk, pop e dub &#8211; Lydon ha guidato la band dall&#8217;album di debutto\u00a0<em>First Issue<\/em>\u00a0del 1978 fino a\u00a0<em>That What Is Not<\/em>\u00a0del 1992, prima di una pausa di 17 anni. Lydon ha riattivato i PiL nel 2009, con una lunga tourn\u00e9e in tutto il mondo e la pubblicazione di due album acclamati dalla critica,\u00a0<em>This is PiL<\/em>, nel 2012, seguito dal decimo album in studio\u00a0<em>What The World Needs Now<\/em>. Nel 2015 il disco ha raggiunto la posizione numero 29 nella classifica ufficiale degli album del Regno Unito e ha raccolto un vastissimo consenso da parte di stampa e pubblico. (L&#8217;album ha raggiunto anche la posizione numero 3 nella classifica ufficiale degli album indie del Regno Unito e la posizione numero 4 nella classifica ufficiale dei vinili del Regno Unito).\u00a0<em>What The World Needs Now<\/em>&#8230; \u00e8 stato autofinanziato dai PiL e pubblicato dalla loro etichetta &#8220;PiL Official&#8221; tramite Cargo UK Distribution. Nel 2018 i PiL hanno celebrato il loro 40\u00b0 anniversario con un cofanetto e un documentario sulla loro carriera, entrambi intitolati &#8220;<em>The Public Image Is Rotten<\/em>&#8220;, e con un tour di 32 date nel Regno Unito e in Europa, oltre a diverse date in Giappone.<\/p>\n<p>John Lydon, Lu Edmonds, Scott Firth e Bruce Smith sono ancora oggi i membri dei PiL. Si tratta della formazione stabile pi\u00f9 lunga nella storia di una band che continua ad affrontare nuove sfide e prosperare.\n<\/p><\/div>\n<div style=\"text-align: center;\"><strong>PUBLIC IMAGE LTD.<\/strong><br \/>\n<strong>30 ottobre 2023 \u2013\u00a0<\/strong>Magazzini Generali<strong>\u00a0\u2013 Milano<\/strong><br \/>\n<strong>Biglietti:<\/strong><br \/>\neuro 35,00 + prev.<br \/>\nDisponibili sui circuiti ufficiali a partire dalle ore 11.00 di venerd\u00ec 14 aprile su\u00a0<a href=\"https:\/\/bpmconcerti.us9.list-manage.com\/track\/click?u=be70b6b3c838820aa261d4504&amp;id=30ce9c312f&amp;e=c6e2fb9a6b\" target=\"_blank\" rel=\"noopener\" data-saferedirecturl=\"https:\/\/www.google.com\/url?q=https:\/\/bpmconcerti.us9.list-manage.com\/track\/click?u%3Dbe70b6b3c838820aa261d4504%26id%3D30ce9c312f%26e%3Dc6e2fb9a6b&amp;source=gmail&amp;ust=1681300720480000&amp;usg=AOvVaw2G7gr6DUOJMkDPeKNSfIxD\">Ticketmaster<\/a>\u00a0e\u00a0<a href=\"https:\/\/bpmconcerti.us9.list-manage.com\/track\/click?u=be70b6b3c838820aa261d4504&amp;id=0e70730785&amp;e=c6e2fb9a6b\" target=\"_blank\" rel=\"noopener\" data-saferedirecturl=\"https:\/\/www.google.com\/url?q=https:\/\/bpmconcerti.us9.list-manage.com\/track\/click?u%3Dbe70b6b3c838820aa261d4504%26id%3D0e70730785%26e%3Dc6e2fb9a6b&amp;source=gmail&amp;ust=1681300720480000&amp;usg=AOvVaw30F3_jX68XfVtSvcJWxuIU\">Ticketone<\/a>.<br \/>\nPer info:\u00a0<a href=\"https:\/\/bpmconcerti.us9.list-manage.com\/track\/click?u=be70b6b3c838820aa261d4504&amp;id=c9783fe587&amp;e=c6e2fb9a6b\" target=\"_blank\" rel=\"noopener\" data-saferedirecturl=\"https:\/\/www.google.com\/url?q=https:\/\/bpmconcerti.us9.list-manage.com\/track\/click?u%3Dbe70b6b3c838820aa261d4504%26id%3Dc9783fe587%26e%3Dc6e2fb9a6b&amp;source=gmail&amp;ust=1681300720480000&amp;usg=AOvVaw27jRrdDf_q23bVhp0o298j\">www.bpmconcerti.com<\/a><\/div>\n","protected":false},"excerpt":{"rendered":"<div class=\"mh-excerpt\"><p>PUBLIC IMAGE LTD. LA STORICA BAND ANNUNCIA UNA DATA UNICA ITALIANA NELL\u2019AMBITO DEL TOUR EUROPEO INSIEME AL NUOVO ALBUM \u201cEND OF WORLD\u201d DEDICATO A NORA, <a class=\"mh-excerpt-more\" href=\"https:\/\/www.piuomenopop.it\/index.php\/2023\/04\/11\/public-image-ltd-la-storica-band-annuncia-una-data-italiana-nellambito-del-tour-europeo-insieme-al-nuovo-album-end-of-world\/\" title=\"PUBLIC IMAGE LTD. &#8211; La storica band annuncia una data italiana nell&#8217;ambito del tour europeo insieme al nuovo album &#8220;End Of World&#8221;\">[&#8230;]<\/a><\/p>\n<\/div>","protected":false},"author":2,"featured_media":78952,"comment_status":"closed","ping_status":"closed","sticky":false,"template":"","format":"standard","meta":{"sfsi_plus_gutenberg_text_before_share":"","sfsi_plus_gutenberg_show_text_before_share":"","sfsi_plus_gutenberg_icon_type":"","sfsi_plus_gutenberg_icon_alignemt":"","sfsi_plus_gutenburg_max_per_row":"","footnotes":"","_links_to":"","_links_to_target":""},"categories":[5184,3],"tags":[13454],"class_list":["post-78951","post","type-post","status-publish","format-standard","has-post-thumbnail","hentry","category-calendario-concerti","category-news","tag-public-image-ltd"],"aioseo_notices":[],"_links":{"self":[{"href":"https:\/\/www.piuomenopop.it\/index.php\/wp-json\/wp\/v2\/posts\/78951","targetHints":{"allow":["GET"]}}],"collection":[{"href":"https:\/\/www.piuomenopop.it\/index.php\/wp-json\/wp\/v2\/posts"}],"about":[{"href":"https:\/\/www.piuomenopop.it\/index.php\/wp-json\/wp\/v2\/types\/post"}],"author":[{"embeddable":true,"href":"https:\/\/www.piuomenopop.it\/index.php\/wp-json\/wp\/v2\/users\/2"}],"replies":[{"embeddable":true,"href":"https:\/\/www.piuomenopop.it\/index.php\/wp-json\/wp\/v2\/comments?post=78951"}],"version-history":[{"count":2,"href":"https:\/\/www.piuomenopop.it\/index.php\/wp-json\/wp\/v2\/posts\/78951\/revisions"}],"predecessor-version":[{"id":78954,"href":"https:\/\/www.piuomenopop.it\/index.php\/wp-json\/wp\/v2\/posts\/78951\/revisions\/78954"}],"wp:featuredmedia":[{"embeddable":true,"href":"https:\/\/www.piuomenopop.it\/index.php\/wp-json\/wp\/v2\/media\/78952"}],"wp:attachment":[{"href":"https:\/\/www.piuomenopop.it\/index.php\/wp-json\/wp\/v2\/media?parent=78951"}],"wp:term":[{"taxonomy":"category","embeddable":true,"href":"https:\/\/www.piuomenopop.it\/index.php\/wp-json\/wp\/v2\/categories?post=78951"},{"taxonomy":"post_tag","embeddable":true,"href":"https:\/\/www.piuomenopop.it\/index.php\/wp-json\/wp\/v2\/tags?post=78951"}],"curies":[{"name":"wp","href":"https:\/\/api.w.org\/{rel}","templated":true}]}}