{"id":78955,"date":"2023-04-11T17:01:32","date_gmt":"2023-04-11T15:01:32","guid":{"rendered":"https:\/\/www.piuomenopop.it\/?p=78955"},"modified":"2023-04-11T17:01:32","modified_gmt":"2023-04-11T15:01:32","slug":"paolo-benvegnu-il-28-aprile-esce-solo-fiori-tra-le-tracce-uninedita-collaborazione-con-malika-ayane-in-non-esiste-altro","status":"publish","type":"post","link":"https:\/\/www.piuomenopop.it\/index.php\/2023\/04\/11\/paolo-benvegnu-il-28-aprile-esce-solo-fiori-tra-le-tracce-uninedita-collaborazione-con-malika-ayane-in-non-esiste-altro\/","title":{"rendered":"PAOLO BENVEGN\u00d9: Il 28 aprile esce SOLO FIORI. Tra le tracce un&#8217;inedita collaborazione con MALIKA AYANE in \u201cNON ESISTE ALTRO&#8221;"},"content":{"rendered":"<p align=\"center\"><strong><u>PAOLO BENVEGN\u00d9<\/u><\/strong><\/p>\n<p align=\"center\">\n<p align=\"center\"><strong>Il 28 aprile esce\u00a0<em>\u201cSOLO FIORI\u201d<\/em><\/strong><\/p>\n<p align=\"center\"><strong><em>5 brani inediti tra cui il primo singolo estratto &#8221;<\/p>\n<p><\/em><\/strong><\/p>\n<p align=\"center\"><strong><em>&#8220;NON ESISTE ALTRO&#8221; con MALIKA AYANE<\/em><\/strong><\/p>\n<p align=\"center\">\n<p align=\"center\"><u><\/u><strong><u>DA VENERD\u00cc IN RADIO e in DIGITALE<\/u><\/strong><\/p>\n<p align=\"center\">\n<p align=\"center\"><strong><em>\u00a0<img loading=\"lazy\" decoding=\"async\" class=\"CToWUd a6T\" tabindex=\"0\" src=\"https:\/\/ci3.googleusercontent.com\/proxy\/RyfjxZ_SApr36ZCd0ma6TCYcdhktDdgF9FYUtm5JV6WInsFw2a3kJov-HcdPFcTll_saIPJj-aK7nxp-ACOFOSXCg0jPtsA4rZyjhuA6_G0dsHkhqo5XpuXu5vxJl5J2hNDCdWP98IRZy2h0q-v6Ty7t1s4=s0-d-e1-ft#https:\/\/voodoocomm.voxmail.it\/rsp\/pvotor\/content\/paolo_benvegnu_cover_ep_m.jpg?_d=83A&amp;_c=02cf2b72\" width=\"228\" height=\"228\" data-bit=\"iit\" \/><\/em><\/strong><\/p>\n<p align=\"center\">\n<p align=\"center\"><strong>Disponibili i biglietti per i due esclusivi live di maggio<\/strong><\/p>\n<p align=\"center\">\n<p align=\"center\"><strong>Il 6 maggio a ROMA<\/strong><\/p>\n<p align=\"center\">\n<p align=\"center\"><strong>il 12 maggio a MILANO<\/strong><\/p>\n<p align=\"center\">\n<p align=\"center\"><u>Biglietti disponibili in prevendita\u00a0<\/u><a href=\"https:\/\/voodoocomm.voxmail.it\/nl\/pvotor\/h2hqev\/yinra3r\/uf\/1\/aHR0cHM6Ly93d3cubWFnZWxsYW5vY29uY2VydGkuaXQvdG91ci84MC9wYW9sby1iZW52ZWdudS1saXZl?_d=83A&amp;_c=ff4c5554\" target=\"_blank\" rel=\"noopener\" data-saferedirecturl=\"https:\/\/www.google.com\/url?q=https:\/\/voodoocomm.voxmail.it\/nl\/pvotor\/h2hqev\/yinra3r\/uf\/1\/aHR0cHM6Ly93d3cubWFnZWxsYW5vY29uY2VydGkuaXQvdG91ci84MC9wYW9sby1iZW52ZWdudS1saXZl?_d%3D83A%26_c%3Dff4c5554&amp;source=gmail&amp;ust=1681306964213000&amp;usg=AOvVaw3xvtPRG0rUtSOgWLx_3OPV\">qui<\/a><u><\/u><\/p>\n<p align=\"center\">\n<p align=\"center\">\n<p>Milano, 11 aprile 2023. \u201c<strong><em>SOLO FIORI<\/em>\u201d, l\u2019EP di PAOLO BENVEGNU\u0300 disponibile dal 28 aprile in tutti gli store digitali e in formato fisico (12 pollici)<em>\u00a0<\/em>su etichetta<em>\u00a0<\/em>Woodworm Label, verr\u00e0 anticipato dal singolo\u00a0<em>\u201cNON ESISTE ALTRO<\/em>\u201d con MALIKA AYANE, disponibile in digitale e per la programmazione radiofonica da venerd\u00ec 14 aprile.<\/strong><\/p>\n<p align=\"center\">\n<p><strong>Oltre alla collaborazione con Malika Ayane, \u201cSOLO FIORI\u201d conterr\u00e0 le tracce inedite \u201c<em>Italia Pornografica<\/em>\u201d, \u201c<em>Our Love song<\/em>\u201d, \u201c<em>27-12<\/em>\u201d e \u201c<em>Tulipani<\/em>\u201d.<\/strong><\/p>\n<p align=\"center\">\n<p><strong>\u00a0<\/strong><strong>Benvegn\u00f9 racconta cos\u00ec \u201c<em>NON ESISTE ALTRO<\/em>\u201d: \u201c<\/strong><em>Non Esiste altro \u00e8 un risveglio, una rinascita quotidiana, \u00e8 una storia antica come il tempo.\u00a0La volont\u00e0 di combaciarsi degli amanti e le difficolt\u00e0 del quotidiano, nell&#8217;impossibilit\u00e0 di trovare un proprio posto nel mondo.<\/em><\/p>\n<p><em>Per molti la Vita \u00e8 Realt\u00e0, per molti una illusione. Rimangono gli istanti da trattenere e le piccole cose imprendibili, inscindibili. Come nell&#8217;Orlando furioso: tutto si insegue senza trovarsi mai\u201d.<\/em><\/p>\n<p align=\"center\">\n<p><strong>\u00a0<\/strong><strong>Benvegn\u00f9 riesce come sempre a far suonare le parole come versi di una poesia, dove questa volta alla sua voce se ne aggiunge un\u2019altra che alla poesia riesce a donare connotati di pura magia, la voce di MALIKA AYANE.<\/strong><\/p>\n<p>Questo il testo del brano firmato da Paolo Benvegn\u00f9 (con la musica di Luca Baldini, Daniele Berioli, Gabriele Berioli):<\/p>\n<p align=\"center\">\n<div align=\"center\">\n<table border=\"0\" cellspacing=\"0\" cellpadding=\"0\">\n<tbody>\n<tr>\n<td valign=\"top\" width=\"321\">Lasciati svegliare piano piano,<br \/>\nche la luce non ci riconosca,<br \/>\nconfondo il tuo respiro<br \/>\ncon l&#8217;inverno,<br \/>\ne le mie mani con le tue paure,<br \/>\ndifenditi dai miei pensieri incerti<br \/>\nnascondimi nei sogni e nei tuoi occhi,<\/p>\n<p><em>e per me<br \/>\nper me, non esiste altro<\/em><\/p>\n<p><strong>lasciami pensare che mi ascolti,<br \/>\nquando mi ritrovo nei tuoi gesti,<\/strong><br \/>\n<strong>in come ti \u00e8 impossibile mentire<\/strong>,<\/td>\n<td valign=\"top\" width=\"321\"><strong>in come sto cercando di cambiare,<br \/>\ne se un giorno ci dovessimo incontrare,<br \/>\navremo nuovi mondi da inventare,<\/strong><\/p>\n<p><strong><br \/>\n<\/strong><em>e per me<br \/>\nper me, non esiste altro<\/em><\/p>\n<p>abitiamo l&#8217;assenza,<br \/>\nper amarci e sparire,<br \/>\ne viviamo da sempre,<br \/>\nper poterci sfiorare,<\/p>\n<p>\u00e8 Alessandria che brucia,<br \/>\nche continua a bruciare,<br \/>\ncome credere sempre ai tuoi sogni,<br \/>\ne non riesci nemmeno a sognare,<\/p>\n<p><em>e per me<br \/>\nper me, non esiste altro<\/em><\/td>\n<\/tr>\n<\/tbody>\n<\/table>\n<\/div>\n<p align=\"center\">\n<div>\n<p><strong>BENVEGN\u00d9,\u00a0<\/strong>assente dai palchi con un vero e proprio tour dal 2020,<strong>\u00a0presenter\u00e0 i brani di questo EP e quelli che hanno segnato la sua ormai trentennale carriera durante due speciali appuntamenti dal vivo organizzati da Magellano Concerti: Il 6 maggio all\u2019Auditorium Parco Della Musica Ennio Morricone di ROMA\u00a0<\/strong>(ore 21:00, Viale Pietro de Coubertin, 30)<strong>\u00a0e il 12 maggio alla Santeria Toscana 31 di Milano\u00a0<\/strong>(Viale Toscana 31). Biglietti<u>\u00a0<\/u>disponibili in prevendita\u00a0<a href=\"https:\/\/voodoocomm.voxmail.it\/nl\/pvotor\/h2hqev\/yinra3r\/uf\/2\/aHR0cHM6Ly93d3cubWFnZWxsYW5vY29uY2VydGkuaXQvdG91ci84MC9wYW9sby1iZW52ZWdudS1saXZl?_d=83A&amp;_c=da4bb69a\" target=\"_blank\" rel=\"noopener\" data-saferedirecturl=\"https:\/\/www.google.com\/url?q=https:\/\/voodoocomm.voxmail.it\/nl\/pvotor\/h2hqev\/yinra3r\/uf\/2\/aHR0cHM6Ly93d3cubWFnZWxsYW5vY29uY2VydGkuaXQvdG91ci84MC9wYW9sby1iZW52ZWdudS1saXZl?_d%3D83A%26_c%3Dda4bb69a&amp;source=gmail&amp;ust=1681306964213000&amp;usg=AOvVaw2Yrj-YmNgOznPQHXnXQZDJ\">qui<\/a><\/p>\n<\/div>\n<p><strong>Ci sono tre parole che raccontano perfettamente chi \u00e8 PAOLO BENVEGN\u00d9 e sono CANTAUTORE\u00a0<\/strong>(per la Treccani \u201ccantante di musica leggera che interpreta brani scritti o musicati da lui stesso. Il termine cantautore entr\u00f2 in voga in Italia agli inizi degli anni 1960, quando alla canzone di intrattenimento e di largo consumo si cominci\u00f2 a contrapporre una nuova forma, capace di affrontare tematiche non soltanto \u2018leggere\u2019, ma anche sociali e politiche),\u00a0<strong>SCRITTORE<\/strong>\u00a0(per la TRECCANI: scrittore \/skri&#8217;t:ore\/ s. m. [lat. scriptor -\u014dris, der. di scriptus, part. pass. di scrib\u0115re &#8220;scrivere&#8221;] (f. -trice). &#8211; [chi compone e scrive opere con intento artistico: uno s. famoso] \u2248 autore, penna. \u21d1 letterato. \u21d3 drammaturgo, narratore, poeta, romanziere, sceneggiatore) e\u00a0<strong>INTELLETTUALE<\/strong>\u00a0(sempre per la TRECCANI: Persona colta, che ha il gusto del bello e dell\u2019arte o che si dedica attivamente alla produzione letteraria e artistica, ma anche individuo che svolge attivit\u00e0 lavorativa di tipo culturale o nella quale prevalenti sono la riflessione e l\u2019elaborazione autonoma).<\/p>\n<p>Basta leggere la presentazione di\u00a0<strong><em>\u201cSOLO FIORI\u201d\u00a0<\/em><\/strong>per capire chiaramente perch\u00e9 questi tre sostantivi sono imprescindibili per descrivere BENVEGNU\u2019:<\/p>\n<p>\u201c<em>Cosa resterebbe di un adulto, se il suo Sentire rimanesse lo stesso Sentire della sua infanzia? Le azioni, i movimenti, le reazioni, i gesti, sarebbero gli stessi? Davvero\u00a0<\/em>l&#8217;Esperienza<em>\u00a0\u00e8 formativa? O forse \u00e8 una deviazione dal\u00a0<\/em>Sentire<em>\u00a0originale?\u00a0<strong>SOLO FIORI<\/strong>\u00a0si interroga su questo e non solo.<\/em><\/p>\n<p><em>Se \u00e8 vero che ogni essere \u00e8 in relazione a ci\u00f2 che vive (al mondo che percepisce), cosa succederebbe se tutti fossimo semplicemente pi\u00f9 ingenui? Esiste il\u00a0<\/em>Candore<em>? E\u00a0<\/em>l&#8217;Innocenza<em>?<\/em><\/p>\n<p align=\"center\">\n<p><span style=\"text-decoration: line-through;\">\u00a0<\/span><strong><em>SOLO FIORI<\/em><\/strong><em>\u00a0indugia sul gesto del porgere all&#8217;altro, nonostante le asperit\u00e0 e le difficolt\u00e0 del tempo e delle relazioni, anche solo una piccola intuizione quotidiana, non finalizzata, senza alcuna pretesa di riconoscimento.\u00a0<\/em>Come donare un fiore, solo un fiore a chi si ama.<em>\u00a0Un proponimento, un gesto d&#8217;amore, di adesione.<\/em><\/p>\n<p><em>A pensarci bene,\u00a0<\/em>Amare<em>\u00a0senza soluzione \u00e8 sovversivo, rivoluzionario, antistorico, meravigliosamente arcaico e al contempo modernissimo. Forse AMARE \u00e8 ci\u00f2 che servirebbe agli esseri umani per respirare meglio.<\/em><\/p>\n<p><em>SOLO FIORI sono cinque brani come Ginnastica dell&#8217;Anima\u201d.<\/em><\/p>\n<p><strong><em>\u00a0<\/em><\/strong><strong>Serve aggiungere altro? Certo, Benvegn\u00f9 \u00e8 ovviamente anche un ottimo musicista e produttore, come dimostra la lunga carriera fatta di live in Italia e non solo e di collaborazioni con grandi artisti.<\/strong><\/p>\n<p>Nel\u00a0<strong>1993<\/strong>\u00a0Paolo Benvegn\u00f9 d\u00e0 vita al progetto\u00a0<strong>Scisma<\/strong>, gruppo AltArt-rock seminale, in cui \u00e8 compositore, chitarrista e cantante. Dal progetto vedono la luce tre album (\u201c<strong><em>Bombardano Cortina<\/em><\/strong>\u201d nel 1995, \u201c<strong><em>Rosemary Plexiglas<\/em><\/strong>\u201d nel 1997 e \u201c<strong><em>Armstrong<\/em><\/strong>\u201d nel 1999, gli ultimi due pubblicati con l\u2019etichetta EMI\/Parlophone) a cui seguono numerosissimi concerti in tutta Italia e in Europa. Nel\u00a0<strong>1998<\/strong>\u00a0l\u2019album \u201c<strong><em>Rosemary Plexiglas<\/em><\/strong>\u201d vince il Premio Ciampi.<\/p>\n<p>A partire\u00a0<strong>dal<\/strong>\u00a02000, conclusa l\u2019esperienza degli Scisma, Paolo Benvegn\u00f9 si dedica a diverse attivit\u00e0 artistiche: \u00e8 attore e musicista a teatro (\u201cPinocchio\u201d con la Compagnia Mannini-Dall\u2019Orto di Firenze; \u201cPresepe Vivente Cantante\u201d con Stefano Bollani e David Riondino), produttore per artisti italiani ed europei (tra cui Perturbazione, Terje Nordgarden, Brychan) e autore e compositore per artisti come Mina, Irene Grandi, Marina Rei. Parallelamente prosegue l\u2019attivit\u00e0 live insieme ad artisti quali Marco Parente, Tuxedomoon, Otto\u2019P\u2019Notri.<\/p>\n<p>Nel\u00a0<strong>2004<\/strong>\u00a0esordisce con un progetto solista omonimo pubblicando il primo album \u201c<strong><em>Piccoli Fragilissimi Film<\/em><\/strong>\u201d, anticipato dal singolo \u201c<strong><em>Suggestionabili<\/em><\/strong>\u201d. A questo primo album segue un lungo tour di oltre 150 date che riceve il premio come\u00a0<strong>Miglior Tour 2004 al MEI.<\/strong><\/p>\n<p><strong>Negli anni successivi pubblica 8 LP e diversi EP, che gli valgono la candidatura come finalista alla Targa Tenco per cinque volte.<\/strong><\/p>\n<p>Nel\u00a0<strong>2008<\/strong>\u00a0esce il nuovo EP dal titolo \u201c<strong><em>500<\/em><\/strong>\u201d e nel\u00a0<strong>2009<\/strong>\u00a0insieme a Marco Parente partecipa al progetto \u201c<strong><em>Proiettili Buoni\u201d,<\/em><\/strong>\u00a0dal quale nasce un disco omonimo ed un tour.<\/p>\n<p>Nel\u00a0<strong>2011<\/strong>\u00a0Paolo Benvegn\u00f9 pubblica l\u2019album \u201c<strong><em>Hermann<\/em><\/strong>\u201d seguito da \u201c<strong><em>Earth Hotel<\/em><\/strong>\u201d e \u201c<strong><em>H3+<\/em><\/strong>\u201d, rispettivamente nel\u00a0<strong>2014<\/strong>\u00a0e nel\u00a0<strong>2017<\/strong>, entrambi per l\u2019etichetta Woodworm.<\/p>\n<p>Paolo Benvegn\u00f9 continua ad esibirsi live tra l\u2019Italia e l\u2019Europa partecipando anche ad eventi organizzati dagli Istituti italiani di Cultura di Parigi e Montreal con il progetto musicale-letterario \u201c<strong><em>I Racconti delle Nebbie<\/em><\/strong>\u201d pubblicato con l\u2019etichetta Woodworm.<\/p>\n<p>&#8220;Nel\u00a0<strong>2020<\/strong>\u00a0esce l\u2019album \u201c<strong><em>Dell\u2019odio dell\u2019innocenza<\/em><\/strong>\u201d, seguito nel\u00a0<strong>2021<\/strong>\u00a0da \u201c<strong><em>Delle inutili premonizioni vol. 1<\/em><\/strong>\u201d, raccolta in chiave acustica di alcuni tra i brani pi\u00f9 significativi del suo repertorio.<\/p>\n<p>Il 5 aprile\u00a0<strong>2022<\/strong>\u00a0\u00e8 tra gli ospiti di \u201cTocca a noi \u2013 Musica per la pace\u201d, evento a Bologna organizzato da diverse realt\u00e0 del panorama della musica italiana e dagli enti locali su iniziativa de La Rappresentante Di Lista per raccogliere fondi per SAVE THE CHILDREN, impegnata a dare sostegno ai bambini vittime del conflitto in Ucraina.<\/p>\n<p>A giugno\u00a0<strong>2022<\/strong>\u00a0esce \u201c<strong><em>Delle inutili premonizioni vol. 2<\/em><\/strong>\u201d, album che rivisita in versione acustica alcune delle tracce pi\u00f9 emblematiche della new wave degli anni \u201980, che hanno segnato l\u2019indole artistica del cantautore.<\/p>\n<p style=\"text-align: center;\" align=\"center\">\n<p style=\"text-align: center;\"><a href=\"https:\/\/voodoocomm.voxmail.it\/nl\/pvotor\/h2hqev\/yinra3r\/uf\/3\/aHR0cHM6Ly93d3cuaW5zdGFncmFtLmNvbS9wYW9sb19iZW52ZWdudS8?_d=83A&amp;_c=fd0c2d4a\" target=\"_blank\" rel=\"noopener\" data-saferedirecturl=\"https:\/\/www.google.com\/url?q=https:\/\/voodoocomm.voxmail.it\/nl\/pvotor\/h2hqev\/yinra3r\/uf\/3\/aHR0cHM6Ly93d3cuaW5zdGFncmFtLmNvbS9wYW9sb19iZW52ZWdudS8?_d%3D83A%26_c%3Dfd0c2d4a&amp;source=gmail&amp;ust=1681306964213000&amp;usg=AOvVaw2epNA__v7xiahF56K5c66d\">https:\/\/www.instagram.com\/<wbr \/>paolo_benvegnu\/<\/a><\/p>\n<p style=\"text-align: center;\"><a href=\"https:\/\/voodoocomm.voxmail.it\/nl\/pvotor\/h2hqev\/yinra3r\/uf\/4\/aHR0cHM6Ly93d3cuZmFjZWJvb2suY29tL3Bhb2xvYmVudmVnbnU?_d=83A&amp;_c=1be3fc89\" target=\"_blank\" rel=\"noopener\" data-saferedirecturl=\"https:\/\/www.google.com\/url?q=https:\/\/voodoocomm.voxmail.it\/nl\/pvotor\/h2hqev\/yinra3r\/uf\/4\/aHR0cHM6Ly93d3cuZmFjZWJvb2suY29tL3Bhb2xvYmVudmVnbnU?_d%3D83A%26_c%3D1be3fc89&amp;source=gmail&amp;ust=1681306964213000&amp;usg=AOvVaw2JLnXel2YXM2XvTWUNSh3E\">https:\/\/www.facebook.com\/<wbr \/>paolobenvegnu<\/a><\/p>\n","protected":false},"excerpt":{"rendered":"<div class=\"mh-excerpt\"><p>PAOLO BENVEGN\u00d9 Il 28 aprile esce\u00a0\u201cSOLO FIORI\u201d 5 brani inediti tra cui il primo singolo estratto &#8221; &#8220;NON ESISTE ALTRO&#8221; con MALIKA AYANE DA VENERD\u00cc <a class=\"mh-excerpt-more\" href=\"https:\/\/www.piuomenopop.it\/index.php\/2023\/04\/11\/paolo-benvegnu-il-28-aprile-esce-solo-fiori-tra-le-tracce-uninedita-collaborazione-con-malika-ayane-in-non-esiste-altro\/\" title=\"PAOLO BENVEGN\u00d9: Il 28 aprile esce SOLO FIORI. Tra le tracce un&#8217;inedita collaborazione con MALIKA AYANE in \u201cNON ESISTE ALTRO&#8221;\">[&#8230;]<\/a><\/p>\n<\/div>","protected":false},"author":2,"featured_media":78461,"comment_status":"closed","ping_status":"closed","sticky":false,"template":"","format":"standard","meta":{"sfsi_plus_gutenberg_text_before_share":"","sfsi_plus_gutenberg_show_text_before_share":"","sfsi_plus_gutenberg_icon_type":"","sfsi_plus_gutenberg_icon_alignemt":"","sfsi_plus_gutenburg_max_per_row":"","footnotes":"","_links_to":"","_links_to_target":""},"categories":[3,8],"tags":[335],"class_list":["post-78955","post","type-post","status-publish","format-standard","has-post-thumbnail","hentry","category-news","category-uscite","tag-paolo-benvegnu"],"aioseo_notices":[],"_links":{"self":[{"href":"https:\/\/www.piuomenopop.it\/index.php\/wp-json\/wp\/v2\/posts\/78955","targetHints":{"allow":["GET"]}}],"collection":[{"href":"https:\/\/www.piuomenopop.it\/index.php\/wp-json\/wp\/v2\/posts"}],"about":[{"href":"https:\/\/www.piuomenopop.it\/index.php\/wp-json\/wp\/v2\/types\/post"}],"author":[{"embeddable":true,"href":"https:\/\/www.piuomenopop.it\/index.php\/wp-json\/wp\/v2\/users\/2"}],"replies":[{"embeddable":true,"href":"https:\/\/www.piuomenopop.it\/index.php\/wp-json\/wp\/v2\/comments?post=78955"}],"version-history":[{"count":1,"href":"https:\/\/www.piuomenopop.it\/index.php\/wp-json\/wp\/v2\/posts\/78955\/revisions"}],"predecessor-version":[{"id":78956,"href":"https:\/\/www.piuomenopop.it\/index.php\/wp-json\/wp\/v2\/posts\/78955\/revisions\/78956"}],"wp:featuredmedia":[{"embeddable":true,"href":"https:\/\/www.piuomenopop.it\/index.php\/wp-json\/wp\/v2\/media\/78461"}],"wp:attachment":[{"href":"https:\/\/www.piuomenopop.it\/index.php\/wp-json\/wp\/v2\/media?parent=78955"}],"wp:term":[{"taxonomy":"category","embeddable":true,"href":"https:\/\/www.piuomenopop.it\/index.php\/wp-json\/wp\/v2\/categories?post=78955"},{"taxonomy":"post_tag","embeddable":true,"href":"https:\/\/www.piuomenopop.it\/index.php\/wp-json\/wp\/v2\/tags?post=78955"}],"curies":[{"name":"wp","href":"https:\/\/api.w.org\/{rel}","templated":true}]}}