{"id":79513,"date":"2023-04-30T20:37:43","date_gmt":"2023-04-30T18:37:43","guid":{"rendered":"https:\/\/www.piuomenopop.it\/?p=79513"},"modified":"2023-04-30T20:37:46","modified_gmt":"2023-04-30T18:37:46","slug":"paolo-benvegnu-lep-solo-fiori-a-roma-protagonista-del-primo-maggio-e-due-date-live-a-milano-e-roma","status":"publish","type":"post","link":"https:\/\/www.piuomenopop.it\/index.php\/2023\/04\/30\/paolo-benvegnu-lep-solo-fiori-a-roma-protagonista-del-primo-maggio-e-due-date-live-a-milano-e-roma\/","title":{"rendered":"PAOLO BENVEGN\u00d9: l&#8217;EP &#8220;SOLO FIORI&#8221;. A Roma protagonista del Primo Maggio e due date live a Milano e Roma"},"content":{"rendered":"<p align=\"center\"><strong><u>PAOLO BENVEGN\u00d9<\/u><\/strong><\/p>\n<p align=\"center\">\n<p align=\"center\"><strong>In tutti gli store digitali e in 12 pollici<\/strong><\/p>\n<p align=\"center\">\n<p align=\"center\"><strong><em>\u201cSOLO FIORI\u201d<\/em><\/strong><\/p>\n<p align=\"center\">\n<p align=\"center\"><strong>5 brani inediti tra cui<\/strong><\/p>\n<p align=\"center\">\n<p align=\"center\"><strong><em><u>\u201cNON ESISTE ALTRO\u201d\u00a0<\/u><\/em><\/strong><strong><u>con<em>\u00a0MALIKA AYANE<\/em><\/u><\/strong><\/p>\n<p align=\"center\">\n<p align=\"center\"><strong>BENVEGN\u00d9 sar\u00e0 tra i protagonisti del<\/strong><\/p>\n<p align=\"center\"><strong>CONCERTO DEL PRIMO MAGGIO 2023<\/strong><\/p>\n<p align=\"center\">\u00a0<strong>\u00a0<\/strong><\/p>\n<p align=\"center\"><strong>Un assaggio di quello che porter\u00e0 live<\/strong><\/p>\n<p align=\"center\"><strong>Il 6 maggio a ROMA e il 12 maggio a MILANO<\/strong><\/p>\n<p align=\"center\"><u>Biglietti disponibili\u00a0<\/u><a href=\"https:\/\/voodoocomm.voxmail.it\/nl\/pvotor\/kugwmb\/yinra3r\/uf\/1\/aHR0cHM6Ly93d3cubWFnZWxsYW5vY29uY2VydGkuaXQvdG91ci84MC9wYW9sby1iZW52ZWdudS1saXZl?_d=83R&amp;_c=90c344e9\" target=\"_blank\" rel=\"noopener\" data-saferedirecturl=\"https:\/\/www.google.com\/url?q=https:\/\/voodoocomm.voxmail.it\/nl\/pvotor\/kugwmb\/yinra3r\/uf\/1\/aHR0cHM6Ly93d3cubWFnZWxsYW5vY29uY2VydGkuaXQvdG91ci84MC9wYW9sby1iZW52ZWdudS1saXZl?_d%3D83R%26_c%3D90c344e9&amp;source=gmail&amp;ust=1682961923279000&amp;usg=AOvVaw3kILvBOAsk9Asz8Bhlp6m0\">qui<\/a><u><\/u><\/p>\n<p><a href=\"https:\/\/www.piuomenopop.it\/index.php\/2023\/04\/30\/paolo-benvegnu-lep-solo-fiori-a-roma-protagonista-del-primo-maggio-e-due-date-live-a-milano-e-roma\/benve\/\" rel=\"attachment wp-att-79514\"><img loading=\"lazy\" decoding=\"async\" class=\"aligncenter wp-image-79514\" src=\"https:\/\/www.piuomenopop.it\/wp-content\/uploads\/2023\/04\/benve.jpg\" alt=\"\" width=\"300\" height=\"300\" srcset=\"https:\/\/www.piuomenopop.it\/wp-content\/uploads\/2023\/04\/benve.jpg 1080w, https:\/\/www.piuomenopop.it\/wp-content\/uploads\/2023\/04\/benve-150x150.jpg 150w, https:\/\/www.piuomenopop.it\/wp-content\/uploads\/2023\/04\/benve-300x300.jpg 300w, https:\/\/www.piuomenopop.it\/wp-content\/uploads\/2023\/04\/benve-768x768.jpg 768w, https:\/\/www.piuomenopop.it\/wp-content\/uploads\/2023\/04\/benve-1024x1024.jpg 1024w\" sizes=\"auto, (max-width: 300px) 100vw, 300px\" \/><\/a><\/p>\n<p>&nbsp;<\/p>\n<p><strong>\u00c8 finalmente disponibile in tutti<\/strong>\u00a0<strong>gli store digitali e in formato fisico (12 pollici)<em>\u00a0<\/em><\/strong>\u201c<strong><em>SOLO FIORI<\/em>\u201d\u00a0<\/strong>(Woodworm Label)\u00a0<strong>l\u2019EP di PAOLO BENVEGNU\u0300 che contiene 5 tracce inedite: \u201c<em>Italia Pornografica<\/em>\u201d, \u201c<em>Our Love song<\/em>\u201d, \u201c<em>27-12<\/em>\u201d e \u201c<em>Tulipani<\/em>\u201d e la collaborazione con MALIKA AYANE in\u00a0<em>\u201cNON ESISTE ALTRO<\/em>\u201d.<\/strong><\/p>\n<p><strong>PAOLO BENVEGN\u00d9 sar\u00e0 tra i protagonisti dell\u2019edizione 2023 del<\/strong>\u00a0<strong>CONCERTO DEL PRIMO MAGGIO di ROMA.\u00a0<\/strong>Sar\u00e0 possibile seguire la partecipazione all\u2019evento promosso da CGIL, CISL e UIL e organizzato da iCompany sia in piazza San Giovanni che davanti alla tv e alla radio (con le dirette su RAI 3, Rai Radio2, Rai Play e Rai Italia).<\/p>\n<p><strong>\u00a0<\/strong><strong>Dopo l\u2019assaggio sul palco di Piazza San Giovanni, BENVEGN\u00d9,\u00a0<\/strong>assente dai palchi con un vero e proprio tour dal 2020,<strong>\u00a0presenter\u00e0 i brani del suo nuovo EP e quelli che hanno segnato la sua ormai trentennale carriera durante due speciali appuntamenti dal vivo organizzati da Magellano Concerti: Il 6 maggio all\u2019Auditorium Parco Della Musica Ennio Morricone di ROMA\u00a0<\/strong>(ore 21:00, Viale Pietro de Coubertin, 30)<strong>\u00a0e il 12 maggio alla Santeria Toscana 31 di Milano\u00a0<\/strong>(Viale Toscana 31). Biglietti<u>\u00a0<\/u>disponibili\u00a0<a href=\"https:\/\/voodoocomm.voxmail.it\/nl\/pvotor\/kugwmb\/yinra3r\/uf\/2\/aHR0cHM6Ly93d3cubWFnZWxsYW5vY29uY2VydGkuaXQvdG91ci84MC9wYW9sby1iZW52ZWdudS1saXZl?_d=83R&amp;_c=f0369b3d\" target=\"_blank\" rel=\"noopener\" data-saferedirecturl=\"https:\/\/www.google.com\/url?q=https:\/\/voodoocomm.voxmail.it\/nl\/pvotor\/kugwmb\/yinra3r\/uf\/2\/aHR0cHM6Ly93d3cubWFnZWxsYW5vY29uY2VydGkuaXQvdG91ci84MC9wYW9sby1iZW52ZWdudS1saXZl?_d%3D83R%26_c%3Df0369b3d&amp;source=gmail&amp;ust=1682961923279000&amp;usg=AOvVaw23P11IQ8NgoCzwljz1JeoI\">qui<\/a><u>.<\/u><\/p>\n<p><strong>Ci sono tre parole che raccontano perfettamente chi \u00e8 PAOLO BENVEGN\u00d9 e sono CANTAUTORE\u00a0<\/strong>(per la Treccani \u201ccantante di musica leggera che interpreta brani scritti o musicati da lui stesso. Il termine cantautore entr\u00f2 in voga in Italia agli inizi degli anni 1960, quando alla canzone di intrattenimento e di largo consumo si cominci\u00f2 a contrapporre una nuova forma, capace di affrontare tematiche non soltanto \u2018leggere\u2019, ma anche sociali e politiche),\u00a0<strong>SCRITTORE<\/strong>\u00a0(per la TRECCANI: scrittore \/skri&#8217;t:ore\/ s. m. [lat. scriptor -\u014dris, der. di scriptus, part. pass. di scrib\u0115re &#8220;scrivere&#8221;] (f. -trice). &#8211; [chi compone e scrive opere con intento artistico: uno s. famoso] \u2248 autore, penna. \u21d1 letterato. \u21d3 drammaturgo, narratore, poeta, romanziere, sceneggiatore) e\u00a0<strong>INTELLETTUALE<\/strong>\u00a0(sempre per la TRECCANI: Persona colta, che ha il gusto del bello e dell\u2019arte o che si dedica attivamente alla produzione letteraria e artistica, ma anche individuo che svolge attivit\u00e0 lavorativa di tipo culturale o nella quale prevalenti sono la riflessione e l\u2019elaborazione autonoma).<\/p>\n<p>&nbsp;<\/p>\n<p>Basta leggere la presentazione di\u00a0<strong><em>\u201cSOLO FIORI\u201d\u00a0<\/em><\/strong>per capire chiaramente perch\u00e9 questi tre sostantivi sono imprescindibili per descrivere BENVEGNU\u2019:<\/p>\n<p>\u201c<em>Cosa resterebbe di un adulto, se il suo Sentire rimanesse lo stesso Sentire della sua infanzia? Le azioni, i movimenti, le reazioni, i gesti, sarebbero gli stessi? Davvero\u00a0<\/em>l&#8217;Esperienza<em>\u00a0\u00e8 formativa? O forse \u00e8 una deviazione dal\u00a0<\/em>Sentire<em>\u00a0originale?\u00a0<strong>SOLO FIORI<\/strong>\u00a0si interroga su questo e non solo.<\/em><\/p>\n<p><em>Se \u00e8 vero che ogni essere \u00e8 in relazione a ci\u00f2 che vive (al mondo che percepisce), cosa succederebbe se tutti fossimo semplicemente pi\u00f9 ingenui? Esiste il\u00a0<\/em>Candore<em>? E\u00a0<\/em>l&#8217;Innocenza<em>?<\/em><\/p>\n<p><strong><em>SOLO FIORI<\/em><\/strong><em>\u00a0indugia sul gesto del porgere all&#8217;altro, nonostante le asperit\u00e0 e le difficolt\u00e0 del tempo e delle relazioni, anche solo una piccola intuizione quotidiana, non finalizzata, senza alcuna pretesa di riconoscimento.\u00a0<\/em>Come donare un fiore, solo un fiore a chi si ama.<em>\u00a0Un proponimento, un gesto d&#8217;amore, di adesione.<\/em><\/p>\n<p><em>A pensarci bene,\u00a0<\/em>Amare<em>\u00a0senza soluzione \u00e8 sovversivo, rivoluzionario, antistorico, meravigliosamente arcaico e al contempo modernissimo. Forse AMARE \u00e8 ci\u00f2 che servirebbe agli esseri umani per respirare meglio.<\/em><\/p>\n<p><em>SOLO FIORI sono cinque brani come Ginnastica dell&#8217;Anima\u201d.<\/em><\/p>\n<p><strong><em>\u00a0<\/em><\/strong><\/p>\n<p><strong>Serve aggiungere altro? Certo, Benvegn\u00f9 \u00e8 ovviamente anche un ottimo musicista e produttore, come dimostra la lunga carriera fatta di live in Italia e non solo e di collaborazioni con grandi artisti.<\/strong><\/p>\n<p>&nbsp;<\/p>\n<p>Nel\u00a0<strong>1993<\/strong>\u00a0Paolo Benvegn\u00f9 d\u00e0 vita al progetto\u00a0<strong>Scisma<\/strong>, gruppo AltArt-rock seminale, in cui \u00e8 compositore, chitarrista e cantante. Dal progetto vedono la luce tre album (\u201c<strong><em>Bombardano Cortina<\/em><\/strong>\u201d nel 1995, \u201c<strong><em>Rosemary Plexiglas<\/em><\/strong>\u201d nel 1997 e \u201c<strong><em>Armstrong<\/em><\/strong>\u201d nel 1999, gli ultimi due pubblicati con l\u2019etichetta EMI\/Parlophone) a cui seguono numerosissimi concerti in tutta Italia e in Europa. Nel\u00a0<strong>1998<\/strong>\u00a0l\u2019album \u201c<strong><em>Rosemary Plexiglas<\/em><\/strong>\u201d vince il Premio Ciampi.<\/p>\n<p>A partire\u00a0<strong>dal<\/strong>\u00a02000, conclusa l\u2019esperienza degli Scisma, Paolo Benvegn\u00f9 si dedica a diverse attivit\u00e0 artistiche: \u00e8 attore e musicista a teatro (\u201cPinocchio\u201d con la Compagnia Mannini-Dall\u2019Orto di Firenze; \u201cPresepe Vivente Cantante\u201d con Stefano Bollani e David Riondino), produttore per artisti italiani ed europei (tra cui Perturbazione, Terje Nordgarden, Brychan) e autore e compositore per artisti come Mina, Irene Grandi, Marina Rei. Parallelamente prosegue l\u2019attivit\u00e0 live insieme ad artisti quali Marco Parente, Tuxedomoon, Otto\u2019P\u2019Notri.<\/p>\n<p>Nel\u00a0<strong>2004<\/strong>\u00a0esordisce con un progetto solista omonimo pubblicando il primo album \u201c<strong><em>Piccoli Fragilissimi Film<\/em><\/strong>\u201d, anticipato dal singolo \u201c<strong><em>Suggestionabili<\/em><\/strong>\u201d. A questo primo album segue un lungo tour di oltre 150 date che riceve il premio come\u00a0<strong>Miglior Tour 2004 al MEI.<\/strong><\/p>\n<p><strong>Negli anni successivi pubblica 8 LP e diversi EP, che gli valgono la candidatura come finalista alla Targa Tenco per cinque volte.<\/strong><\/p>\n<p>Nel\u00a0<strong>2008<\/strong>\u00a0esce il nuovo EP dal titolo \u201c<strong><em>500<\/em><\/strong>\u201d e nel\u00a0<strong>2009<\/strong>\u00a0insieme a Marco Parente partecipa al progetto \u201c<strong><em>Proiettili Buoni\u201d,<\/em><\/strong>\u00a0dal quale nasce un disco omonimo ed un tour.<\/p>\n<p>Nel\u00a0<strong>2011<\/strong>\u00a0Paolo Benvegn\u00f9 pubblica l\u2019album \u201c<strong><em>Hermann<\/em><\/strong>\u201d seguito da \u201c<strong><em>Earth Hotel<\/em><\/strong>\u201d e \u201c<strong><em>H3+<\/em><\/strong>\u201d, rispettivamente nel\u00a0<strong>2014<\/strong>\u00a0e nel\u00a0<strong>2017<\/strong>, entrambi per l\u2019etichetta Woodworm.<\/p>\n<p>Paolo Benvegn\u00f9 continua ad esibirsi live tra l\u2019Italia e l\u2019Europa partecipando anche ad eventi organizzati dagli Istituti italiani di Cultura di Parigi e Montreal con il progetto musicale-letterario \u201c<strong><em>I Racconti delle Nebbie<\/em><\/strong>\u201d pubblicato con l\u2019etichetta Woodworm.<\/p>\n<p>&#8220;Nel\u00a0<strong>2020<\/strong>\u00a0esce l\u2019album \u201c<strong><em>Dell\u2019odio dell\u2019innocenza<\/em><\/strong>\u201d, seguito nel\u00a0<strong>2021<\/strong>\u00a0da \u201c<strong><em>Delle inutili premonizioni vol. 1<\/em><\/strong>\u201d, raccolta in chiave acustica di alcuni tra i brani pi\u00f9 significativi del suo repertorio.<\/p>\n<p>Il 5 aprile\u00a0<strong>2022<\/strong>\u00a0\u00e8 tra gli ospiti di \u201cTocca a noi \u2013 Musica per la pace\u201d, evento a Bologna organizzato da diverse realt\u00e0 del panorama della musica italiana e dagli enti locali su iniziativa de La Rappresentante Di Lista per raccogliere fondi per SAVE THE CHILDREN, impegnata a dare sostegno ai bambini vittime del conflitto in Ucraina.<\/p>\n<p>A giugno\u00a0<strong>2022<\/strong>\u00a0esce \u201c<strong><em>Delle inutili premonizioni vol. 2<\/em><\/strong>\u201d, album che rivisita in versione acustica alcune delle tracce pi\u00f9 emblematiche della new wave degli anni \u201980, che hanno segnato l\u2019indole artistica del cantautore.<\/p>\n<p>&nbsp;<\/p>\n<p><a href=\"https:\/\/voodoocomm.voxmail.it\/nl\/pvotor\/kugwmb\/yinra3r\/uf\/3\/aHR0cHM6Ly93d3cuaW5zdGFncmFtLmNvbS9wYW9sb19iZW52ZWdudS8?_d=83R&amp;_c=81bddded\" target=\"_blank\" rel=\"noopener\" data-saferedirecturl=\"https:\/\/www.google.com\/url?q=https:\/\/voodoocomm.voxmail.it\/nl\/pvotor\/kugwmb\/yinra3r\/uf\/3\/aHR0cHM6Ly93d3cuaW5zdGFncmFtLmNvbS9wYW9sb19iZW52ZWdudS8?_d%3D83R%26_c%3D81bddded&amp;source=gmail&amp;ust=1682961923279000&amp;usg=AOvVaw0eE1EJm5XGE0u6e6HPc133\">https:\/\/www.instagram.com\/<wbr \/>paolo_benvegnu\/<\/a><\/p>\n<p><a href=\"https:\/\/voodoocomm.voxmail.it\/nl\/pvotor\/kugwmb\/yinra3r\/uf\/4\/aHR0cHM6Ly93d3cuZmFjZWJvb2suY29tL3Bhb2xvYmVudmVnbnU?_d=83R&amp;_c=cc06d54c\" target=\"_blank\" rel=\"noopener\" data-saferedirecturl=\"https:\/\/www.google.com\/url?q=https:\/\/voodoocomm.voxmail.it\/nl\/pvotor\/kugwmb\/yinra3r\/uf\/4\/aHR0cHM6Ly93d3cuZmFjZWJvb2suY29tL3Bhb2xvYmVudmVnbnU?_d%3D83R%26_c%3Dcc06d54c&amp;source=gmail&amp;ust=1682961923279000&amp;usg=AOvVaw1-rib1vdlxiEL-LVVGyADo\">https:\/\/www.facebook.com\/<wbr \/>paolobenvegnu<\/a><\/p>\n","protected":false},"excerpt":{"rendered":"<div class=\"mh-excerpt\"><p>PAOLO BENVEGN\u00d9 In tutti gli store digitali e in 12 pollici \u201cSOLO FIORI\u201d 5 brani inediti tra cui \u201cNON ESISTE ALTRO\u201d\u00a0con\u00a0MALIKA AYANE BENVEGN\u00d9 sar\u00e0 tra <a class=\"mh-excerpt-more\" href=\"https:\/\/www.piuomenopop.it\/index.php\/2023\/04\/30\/paolo-benvegnu-lep-solo-fiori-a-roma-protagonista-del-primo-maggio-e-due-date-live-a-milano-e-roma\/\" title=\"PAOLO BENVEGN\u00d9: l&#8217;EP &#8220;SOLO FIORI&#8221;. A Roma protagonista del Primo Maggio e due date live a Milano e Roma\">[&#8230;]<\/a><\/p>\n<\/div>","protected":false},"author":2,"featured_media":78461,"comment_status":"closed","ping_status":"closed","sticky":false,"template":"","format":"standard","meta":{"sfsi_plus_gutenberg_text_before_share":"","sfsi_plus_gutenberg_show_text_before_share":"","sfsi_plus_gutenberg_icon_type":"","sfsi_plus_gutenberg_icon_alignemt":"","sfsi_plus_gutenburg_max_per_row":"","footnotes":"","_links_to":"","_links_to_target":""},"categories":[5184,3,8],"tags":[335,13514],"class_list":["post-79513","post","type-post","status-publish","format-standard","has-post-thumbnail","hentry","category-calendario-concerti","category-news","category-uscite","tag-paolo-benvegnu","tag-solo-fiori"],"aioseo_notices":[],"_links":{"self":[{"href":"https:\/\/www.piuomenopop.it\/index.php\/wp-json\/wp\/v2\/posts\/79513","targetHints":{"allow":["GET"]}}],"collection":[{"href":"https:\/\/www.piuomenopop.it\/index.php\/wp-json\/wp\/v2\/posts"}],"about":[{"href":"https:\/\/www.piuomenopop.it\/index.php\/wp-json\/wp\/v2\/types\/post"}],"author":[{"embeddable":true,"href":"https:\/\/www.piuomenopop.it\/index.php\/wp-json\/wp\/v2\/users\/2"}],"replies":[{"embeddable":true,"href":"https:\/\/www.piuomenopop.it\/index.php\/wp-json\/wp\/v2\/comments?post=79513"}],"version-history":[{"count":3,"href":"https:\/\/www.piuomenopop.it\/index.php\/wp-json\/wp\/v2\/posts\/79513\/revisions"}],"predecessor-version":[{"id":79517,"href":"https:\/\/www.piuomenopop.it\/index.php\/wp-json\/wp\/v2\/posts\/79513\/revisions\/79517"}],"wp:featuredmedia":[{"embeddable":true,"href":"https:\/\/www.piuomenopop.it\/index.php\/wp-json\/wp\/v2\/media\/78461"}],"wp:attachment":[{"href":"https:\/\/www.piuomenopop.it\/index.php\/wp-json\/wp\/v2\/media?parent=79513"}],"wp:term":[{"taxonomy":"category","embeddable":true,"href":"https:\/\/www.piuomenopop.it\/index.php\/wp-json\/wp\/v2\/categories?post=79513"},{"taxonomy":"post_tag","embeddable":true,"href":"https:\/\/www.piuomenopop.it\/index.php\/wp-json\/wp\/v2\/tags?post=79513"}],"curies":[{"name":"wp","href":"https:\/\/api.w.org\/{rel}","templated":true}]}}