{"id":79607,"date":"2023-05-11T17:17:27","date_gmt":"2023-05-11T15:17:27","guid":{"rendered":"https:\/\/www.piuomenopop.it\/?p=79607"},"modified":"2023-05-11T17:24:23","modified_gmt":"2023-05-11T15:24:23","slug":"riscopriamo-il-canavese-con-il-festival-della-reciprocita-2023","status":"publish","type":"post","link":"https:\/\/www.piuomenopop.it\/index.php\/2023\/05\/11\/riscopriamo-il-canavese-con-il-festival-della-reciprocita-2023\/","title":{"rendered":"RISCOPRIAMO IL CANAVESE CON IL FESTIVAL DELLA RECIPROCITA\u2019 2023"},"content":{"rendered":"<p>a cura di Erica Biscuolo<\/p>\n<p>&nbsp;<\/p>\n<p style=\"text-align: center;\"><b>RISCOPRIAMO IL CANAVESE CON IL FESTIVAL DELLA RECIPROCITA\u2019 2023<\/b><\/p>\n<p style=\"text-align: center;\"><b>Il mese di Maggio si apre con\u00a0<\/b><\/p>\n<p style=\"text-align: center;\"><b><i>il Mercato della Terra e della Biodiversit\u00e0 e Morena Stories con Peppone Calabrese a San Giorgio Canavese, Buongiorno Ceramica a Castellamonte e #MiMuovo ad Agli\u00e8 <\/i><\/b><b>a seguire tra giugno e settembre 2023<\/b><b><br \/>\n<\/b><b><i>ad Agli\u00e8 concerto di Niccol\u00f2 Fabi, Morena Stories con Cecilia Sala, la serata di Calici e l\u2019appuntamento Fermenta.<\/i><\/b><b><i><br \/>\n<\/i><\/b><b><i>A San Giorgio Canavese incontro intervista con Arturo Brachetti.<\/i><\/b><b><i><br \/>\n<\/i><\/b><b><i>A Castellamonte il concerto di Ambrogio Sparagna, lo spettacolo di Franco Arminio, Morena Stories con Anna Foglietta e la Mostra Internazionale della Ceramica.<\/i><\/b><\/p>\n<p>&nbsp;<\/p>\n<p><span style=\"font-weight: 400;\">Torna per la sua seconda edizione il<\/span><b> \u201cFestival della Reciprocit\u00e0\u201d <\/b><span style=\"font-weight: 400;\">iniziativa proposta da <\/span><b>Tre Terre Canavesane<\/b><span style=\"font-weight: 400;\">, rete formata dai <\/span><b>Comuni di Agli\u00e8, Castellamonte e San Giorgio Canavese <\/b><span style=\"font-weight: 400;\">per promuovere il territorio attraverso un percorso comune di eventi culturali, enogastronomici, musicali ed artistici all\u2019insegna della condivisione, della sostenibilit\u00e0 e della valorizzazione della propria eredit\u00e0 culturale.\u00a0<\/span><\/p>\n<p><span style=\"font-weight: 400;\">Il progetto nasce dalla visione coraggiosa e appassionata delle tre amministrazioni che immaginano un futuro comune e sperimentano un nuovo modo di raccontare e far scoprire i borghi, costruendo attorno ai principali eventi dei tre comuni, rispettivamente <\/span><span style=\"font-weight: 400;\">il <\/span><b>Mercato della Terra e della Biodiversit\u00e0 (13-14-15 maggio)<\/b><span style=\"font-weight: 400;\"> di San Giorgio Canavese, <\/span><b>Calici (7-8 luglio)<\/b><span style=\"font-weight: 400;\"> ad Agli\u00e8 e la <\/span><b>Mostra Internazionale della Ceramica (dal 19 agosto al 10 settembre)<\/b><span style=\"font-weight: 400;\"> di Castellamonte, un pi\u00f9 ampio contesto che supera i confini geografici per celebrare la storia, la natura, e i prodotti di questi territori in un clima di dialogo, contaminazione e scambio.<\/span><\/p>\n<p><span style=\"font-weight: 400;\">Anche quest\u2019anno la direzione artistica \u00e8 affidata a <\/span><b>Giuseppe \u201cPeppone\u201d Calabrese <\/b><span style=\"font-weight: 400;\">(conduttore di <\/span><b>Linea Verde) <\/b><span style=\"font-weight: 400;\">che, citando le parole di Stefano Zamagni, spiega cos\u00ec il concept che ha guidato la realizzazione del festival: \u00ab<\/span><i><span style=\"font-weight: 400;\">La reciprocit\u00e0 \u00e8 un dare senza perdere e un prendere senza togliere<\/span><\/i><span style=\"font-weight: 400;\">\u00bb, e indica il <\/span><b>ponte<\/b><span style=\"font-weight: 400;\"> come tema di questa seconda edizione, sia inteso come cooperazione tra i tre comuni, che come apertura verso l\u2019esterno, per raggiungere nuovi pubblici e creare relazioni in grado di arricchire bilateralmente, come testimoniato dal legame che si \u00e8 instaurato con le citt\u00e0 di Matera e Murano e che quest\u2019anno si consolida con nuove iniziative.\u00a0\u00a0<\/span><\/p>\n<p><span style=\"font-weight: 400;\">Cresce, rispetto alla prima stagione, il numero di <\/span><b>spettacoli dal vivo<\/b><span style=\"font-weight: 400;\">, anche grazie all\u2019avvio della collaborazione con <\/span><b><i>To Locals,<\/i><\/b><span style=\"font-weight: 400;\"> ente di progettazione culturale che si sta posizionando in Piemonte e nel Canavese come soggetto connettore tra diverse realt\u00e0 e ideatore di eventi culturali innovativi. In particolare, <\/span><b>quattro eventi <\/b><span style=\"font-weight: 400;\">speciali vedranno sbarcare nel Canavese <\/span><b>Niccol\u00f2 Fabi<\/b><span style=\"font-weight: 400;\">, in concerto in solo il <\/span><b>24 giugno <\/b><span style=\"font-weight: 400;\">in <\/span><b>Piazza Castello ad Agli\u00e8,<\/b> <b>Arturo Brachetti<\/b><span style=\"font-weight: 400;\"> con l\u2019incontro intervista \u201cArturo racconta Brachetti\u201d il <\/span><b>16 luglio<\/b><span style=\"font-weight: 400;\"> presso il <\/span><b>Castello di San Giorgio<\/b><span style=\"font-weight: 400;\">, mentre il 26 e il 27 agosto il Comune di <\/span><b>Castellamonte<\/b><span style=\"font-weight: 400;\"> ospiter\u00e0 rispettivamente il concerto di<\/span><b> Ambrogio Sparagna<\/b><span style=\"font-weight: 400;\"> e lo spettacolo di <\/span><b>Franco Arminio.<\/b><\/p>\n<p><i><span style=\"font-weight: 400;\">\u201cIl Festival della Reciprocit\u00e0 si rinnova e rinforza ulteriormente il legame che da otto anni vede lavorare insieme le tre Amministrazioni di Agli\u00e8, Castellamonte e San Giorgio Canavese. Nuove prospettive, nuove collaborazioni e nuove tematiche consentono alla manifestazione di proiettarsi in un ambito nazionale e parallelamente a strutturarsi maggiormente sul territorio locale. A tal proposito riteniamo di grande interesse la collaborazione con l\u2019associazione To Locals, fortemente attiva nell\u2019organizzazione di eventi e nella creazione di progetti culturali in ambito regionale, come il progetto Morena Stories, di cui Tre Terre Canavesane \u00e8 diventata partner &#8211;<\/span><\/i><span style=\"font-weight: 400;\"> dichiarano i sindaci<\/span> <b>Marco Succio, Andrea Zanusso, Pasquale Mazza &#8211; <\/b><i><span style=\"font-weight: 400;\">Il 2023 per il Festival delle Tre Terre Canavesane significa evoluzione nei progetti, all&#8217;insegna della &#8220;Reciprocit\u00e0&#8221;: un costante susseguirsi di iniziative nel canavese atte a costruire &#8220;Ponti&#8221; con l&#8217;intero territorio nazionale, anche grazie al sostegno della Regione Piemonte e della Citt\u00e0 Metropolitana di Torino, e alla fattiva collaborazione con la Camera di Commercio di Torino e Confindustria Canavese. Altro aspetto importante del Festival della Reciprocit\u00e0 \u00e8 la ricerca continua di nuovi orizzonti e di nuove collaborazioni e contaminazioni con altri territori ed altre realt\u00e0 al fine di far crescere tutti coloro che sono coinvolti.\u201d<\/span><\/i><\/p>\n<p><b>Il Festival della Reciprocit\u00e0 <\/b><span style=\"font-weight: 400;\">inaugura<\/span><b> il 13, 14 e 15 maggio <\/b><span style=\"font-weight: 400;\">con il <\/span><b>\u201cMercato Della Terra e Della Biodiversit\u00e0\u201d<\/b><span style=\"font-weight: 400;\"> che ospita produttori provenienti da tutta Italia, presidi Slow Food nazionali e internazionali, Maestri del Gusto, Prodotti del Paniere della provincia di Torino ed eccellenze enogastronomiche locali e non solo. Il 13 maggio la manifestazione vedr\u00e0 la partecipazione di Peppone Calabrese (conduttore di Linea Verde) e di Angelo Mellone (Vicedirettore di Rai Uno), poi la presentazione, alle 18.45, del video-racconto \u201cCanavese Dreams\u201d di Andry Verga presso il Teatro Teresa Belloc e, alle 21.00, il concerto \u201cDIRECTION HOME. Storia di Adriano Olivetti\u201d a cura di Le Voci del Tempo, con Marco Peroni, in Piazza Ippolito Sangiorgio. Nella stessa piazza domenica 14 maggio alle 17.30 sar\u00e0 possibile partecipare al laboratorio con degustazione condotto da Peppone Calabrese in collaborazione con L&#8217;Enoteca Regionale dei Vini della Provincia di Torino e il Presidio Slow Food Vacca Bianca Modenese. Si prosegue, alle 18.00, con la presentazione ufficiale del brevetto \u201cPer una Vite\u201d a cura del sangiorgese Remo Falconieri.\u00a0<\/span><\/p>\n<p><span style=\"font-weight: 400;\">Il fine settimana successivo il programma del festival continua con <\/span><b>\u201c#MiMuovo &#8211; Fiera della sostenibilit\u00e0 partendo dai trasporti\u201d<\/b><span style=\"font-weight: 400;\"> ad Agli\u00e8.<\/span><\/p>\n<p><span style=\"font-weight: 400;\">Il nome \u00e8 stato scelto sia per porre l\u2019accento sulle \u201cazioni\u201d che Agli\u00e8 sta compiendo nella direzione della sostenibilit\u00e0, sia per dare rilievo ad una delle sue sfaccettature di maggior\u00a0 impatto quotidiano: la mobilit\u00e0.<\/span><\/p>\n<p><span style=\"font-weight: 400;\">L\u2019evento si apre con il convegno \u201c#MiMuovo Stories\u201d, sabato 20 maggio alle 17.00 presso il Salone F. Paglia di Agli\u00e8 in cui i relatori &#8211; tra i quali Luca Dal Fabbro, Presidente di IREN e Gianluca Pellegrini Direttore di Quattroruote &#8211; racconteranno interessanti storie ed esperienze, seguendo un fil rouge basato sulle parole chiave della mobilit\u00e0 sostenibile: pedali, due ruote, quattro ruote, aria, storia, energia, paesaggio, natura, innovazione.<\/span><\/p>\n<p><span style=\"font-weight: 400;\">Domenica 21, in Piazza Castello e lungo i portici e le vie del Centro Storico di Agli\u00e8, si terr\u00e0 la manifestazione fieristica vera e propria che, partendo dalla storia dei mezzi di trasporto (i cavalli, le biciclette antiche, motociclette ed auto d\u2019epoca, i primi mezzi di soccorso ed i mezzi di lavoro come camion, i trattori e le prime mietitrebbia) arriver\u00e0 alle pi\u00f9 moderne tecnologie applicate al trasporto con mezzi elettrici e non solo.<\/span><\/p>\n<p><span style=\"font-weight: 400;\">In Fiera saranno presenti anche alcune realt\u00e0 commerciali legate alla sostenibilit\u00e0, senza dimenticare la valorizzazione dei prodotti tipici locali a chilometro zero. Infine, a contorno della manifestazione, sono in programma camminate, passeggiate a cavallo sulla collina morenica, percorsi in bicicletta, eventi di intrattenimento musicale e la presentazione di alcuni libri sul tema della sostenibilit\u00e0.<\/span><\/p>\n<p><span style=\"font-weight: 400;\">\u00a0<\/span><\/p>\n<p><span style=\"font-weight: 400;\">Sempre il 20 e 21 maggio 2023, a Castellamonte, \u00e8 la volta invece di <\/span><b>\u201cBuongiorno Ceramica\u201d<\/b><span style=\"font-weight: 400;\">, una due giorni ricca di sorprese ed eventi a partire dal secondo concorso &#8220;Ceramiche sonore&#8221; che inaugurer\u00e0 una collaborazione con la Citt\u00e0 di Matera, entrata da qualche mese a far parte dell&#8217;Associazione Italiana Citt\u00e0 della Ceramica e famosa, tra le altre cose, per i suoi fischietti in terracotta. Sabato 20 alle 10.00 presso il Cantiere delle arti si apre la mostra &#8220;Ceramiche sonore ed altro&#8221; degli artisti Sandra Baruzzi e Guglielmo Marthyn. Alle 16.00 presso il centro congressi &#8220;P. Martinetti&#8221; il concorso internazionale del fischietto in terracotta con relativa premiazione e l&#8217;esposizione dell&#8217;omaggio da parte della citt\u00e0 di Matera. In occasione della due giorni, l&#8217;associazione Artisti della Ceramica in Castellamonte presenter\u00e0 &#8220;Scandola&#8221;, una riproduzione in chiave stilistica dei manufatti e delle tegole nei fabbricati di montagna, mentre presso il Centro Ceramico Museo Fornace Pagliero, sar\u00e0 visitabile l\u2019esposizione personale dell&#8217;artista Nino Ventura \u201cI vasi officinali della trib\u00f9 dei Leviti&#8221;, la camera del modellatore e la mostra &#8220;Uomini e Santi\u201d di Brenno Pesci<\/span><b>. <\/b><span style=\"font-weight: 400;\">Alle 21.00 chiuder\u00e0 la giornata il concerto Brass Vibration alla Casa della Musica. Domenica 21 presso la suggestiva Rotonda Antonelliana il primo &#8220;Mercatino della ceramica&#8221; aprir\u00e0 la giornata che sar\u00e0 arricchita da visite guidate sia nel centro storico che ai suggestivi &#8220;Castelletti di Sant&#8217;Anna Boschi&#8221;. Infine sar\u00e0 possibile visitare i laboratori e le botteghe Castellamonte Crea di Corrado Camerlo, Centro Ceramico Museo Pagliero, Ceramiche Castellamonte di Elisa Giampietro, Ceramiche Grandinetti di Maurizio Grandinetti, Ditta La Castellamonte di Roberto Perino sas.<\/span><\/p>\n<p><span style=\"font-weight: 400;\">Si<\/span><b> inserisce nella programmazione<\/b><span style=\"font-weight: 400;\"> del \u201cFestival della Reciprocit\u00e0\u201d <\/span><b>il progetto Morena Stories, <\/b><span style=\"font-weight: 400;\">alla sua seconda edizione, con i 3 appuntamenti organizzati all\u2019interno dei 3 comuni: il protagonista del <\/span><b>13 maggio a San Giorgio Canavese<\/b><span style=\"font-weight: 400;\"> sar\u00e0 <\/span><b>Giuseppe \u201cPeppone\u201d Calabrese<\/b><span style=\"font-weight: 400;\">, l\u2019<\/span><b>8 luglio<\/b><span style=\"font-weight: 400;\"> sar\u00e0 la volta di <\/span><b>Cecilia Sala, <\/b><span style=\"font-weight: 400;\">giornalista<\/span><b>,<\/b><span style=\"font-weight: 400;\"> ad Agli\u00e8 e il<\/span><b> 27 agosto<\/b><span style=\"font-weight: 400;\"> a chiudere il programma di passeggiate ci sar\u00e0 l\u2019attrice <\/span><b>Anna Foglietta<\/b><span style=\"font-weight: 400;\"> a Castellamonte.<\/span><\/p>\n<p style=\"text-align: center;\"><b>Programma<\/b><span style=\"font-weight: 400;\">:<\/span><\/p>\n<p style=\"text-align: center;\"><b>13, 14 e 15 Maggio &#8211; Mercato Della Terra e della Biodiversit\u00e0 &#8211; San Giorgio Canavese<\/b><\/p>\n<p style=\"text-align: center;\"><i><span style=\"font-weight: 400;\">\u00a0<\/span><\/i><\/p>\n<p style=\"text-align: center;\"><b>13 maggio &#8211; Morena Stories &#8211; San Giorgio Canavese<\/b><\/p>\n<p style=\"text-align: center;\"><i><span style=\"font-weight: 400;\">\u00a0<\/span><\/i><\/p>\n<p style=\"text-align: center;\"><b>20 e 21 Maggio &#8211; Buongiorno Ceramica &#8211; Castellamonte<\/b><\/p>\n<p style=\"text-align: center;\"><i><span style=\"font-weight: 400;\">\u00a0<\/span><\/i><\/p>\n<p style=\"text-align: center;\"><b>20 e 21 Maggio &#8211; #MiMuovo, Fiera della sostenibilit\u00e0 partendo dai trasporti &#8211; Agli\u00e8<\/b><\/p>\n<p style=\"text-align: center;\"><b>24 Giugno &#8211; Concerto di Niccol\u00f2 Fabi in solo &#8211; Agli\u00e8\u00a0<\/b><\/p>\n<p style=\"text-align: center;\"><b>7 e 8 luglio &#8211; Calici &#8211; Agli\u00e9\u00a0\u00a0<\/b><\/p>\n<p style=\"text-align: center;\"><i><span style=\"font-weight: 400;\">\u00a0<\/span><\/i><\/p>\n<p style=\"text-align: center;\"><b>8 luglio &#8211; Morena Stories &#8211; Agli\u00e8<\/b><\/p>\n<p style=\"text-align: center;\"><i><span style=\"font-weight: 400;\">\u00a0<\/span><\/i><\/p>\n<p style=\"text-align: center;\"><b>16 luglio &#8211; Arturo racconta Brachetti &#8211;\u00a0 San Giorgio Canavese\u00a0<\/b><\/p>\n<p style=\"text-align: center;\"><i><span style=\"font-weight: 400;\">\u00a0<\/span><\/i><\/p>\n<p style=\"text-align: center;\"><b>19 agosto &gt; 10 settembre &#8211; Mostra Internazionale della Ceramica &#8211; Castellamonte<\/b><\/p>\n<p style=\"text-align: center;\"><i><span style=\"font-weight: 400;\">\u00a0<\/span><\/i><\/p>\n<p style=\"text-align: center;\"><b>26 Agosto &#8211; Concerto di Ambrogio Sparagna &#8211; Castellamonte<\/b><\/p>\n<p style=\"text-align: center;\"><i><span style=\"font-weight: 400;\">\u00a0<\/span><\/i><\/p>\n<p style=\"text-align: center;\"><b>27 Agosto &#8211; Spettacolo di Franco Arminio &#8211;\u00a0 Castellamonte<\/b><\/p>\n<p style=\"text-align: center;\"><i><span style=\"font-weight: 400;\">\u00a0<\/span><\/i><\/p>\n<p style=\"text-align: center;\"><b>27 agosto &#8211; Morena Stories &#8211; Castellamonte<\/b><\/p>\n<p style=\"text-align: center;\"><i><span style=\"font-weight: 400;\">\u00a0<\/span><\/i><\/p>\n<p style=\"text-align: center;\"><b>16 settembre &#8211; Fermenta &#8211; Agli\u00e8<\/b><\/p>\n","protected":false},"excerpt":{"rendered":"<div class=\"mh-excerpt\"><p>a cura di Erica Biscuolo &nbsp; RISCOPRIAMO IL CANAVESE CON IL FESTIVAL DELLA RECIPROCITA\u2019 2023 Il mese di Maggio si apre con\u00a0 il Mercato della <a class=\"mh-excerpt-more\" href=\"https:\/\/www.piuomenopop.it\/index.php\/2023\/05\/11\/riscopriamo-il-canavese-con-il-festival-della-reciprocita-2023\/\" title=\"RISCOPRIAMO IL CANAVESE CON IL FESTIVAL DELLA RECIPROCITA\u2019 2023\">[&#8230;]<\/a><\/p>\n<\/div>","protected":false},"author":2,"featured_media":79616,"comment_status":"closed","ping_status":"closed","sticky":false,"template":"","format":"standard","meta":{"sfsi_plus_gutenberg_text_before_share":"","sfsi_plus_gutenberg_show_text_before_share":"","sfsi_plus_gutenberg_icon_type":"","sfsi_plus_gutenberg_icon_alignemt":"","sfsi_plus_gutenburg_max_per_row":"","footnotes":"","_links_to":"","_links_to_target":""},"categories":[5184,3],"tags":[13524],"class_list":["post-79607","post","type-post","status-publish","format-standard","has-post-thumbnail","hentry","category-calendario-concerti","category-news","tag-festival-della-reciprocita-2023"],"aioseo_notices":[],"_links":{"self":[{"href":"https:\/\/www.piuomenopop.it\/index.php\/wp-json\/wp\/v2\/posts\/79607","targetHints":{"allow":["GET"]}}],"collection":[{"href":"https:\/\/www.piuomenopop.it\/index.php\/wp-json\/wp\/v2\/posts"}],"about":[{"href":"https:\/\/www.piuomenopop.it\/index.php\/wp-json\/wp\/v2\/types\/post"}],"author":[{"embeddable":true,"href":"https:\/\/www.piuomenopop.it\/index.php\/wp-json\/wp\/v2\/users\/2"}],"replies":[{"embeddable":true,"href":"https:\/\/www.piuomenopop.it\/index.php\/wp-json\/wp\/v2\/comments?post=79607"}],"version-history":[{"count":1,"href":"https:\/\/www.piuomenopop.it\/index.php\/wp-json\/wp\/v2\/posts\/79607\/revisions"}],"predecessor-version":[{"id":79608,"href":"https:\/\/www.piuomenopop.it\/index.php\/wp-json\/wp\/v2\/posts\/79607\/revisions\/79608"}],"wp:featuredmedia":[{"embeddable":true,"href":"https:\/\/www.piuomenopop.it\/index.php\/wp-json\/wp\/v2\/media\/79616"}],"wp:attachment":[{"href":"https:\/\/www.piuomenopop.it\/index.php\/wp-json\/wp\/v2\/media?parent=79607"}],"wp:term":[{"taxonomy":"category","embeddable":true,"href":"https:\/\/www.piuomenopop.it\/index.php\/wp-json\/wp\/v2\/categories?post=79607"},{"taxonomy":"post_tag","embeddable":true,"href":"https:\/\/www.piuomenopop.it\/index.php\/wp-json\/wp\/v2\/tags?post=79607"}],"curies":[{"name":"wp","href":"https:\/\/api.w.org\/{rel}","templated":true}]}}