{"id":79923,"date":"2023-05-22T19:38:17","date_gmt":"2023-05-22T17:38:17","guid":{"rendered":"https:\/\/www.piuomenopop.it\/?p=79923"},"modified":"2023-05-22T19:38:17","modified_gmt":"2023-05-22T17:38:17","slug":"giancane-si-rinnova-la-collaborazione-con-zerocalcare-le-musiche-della-nuova-serie-in-digitale-e-2lp-disponibili-dal-9-giugno","status":"publish","type":"post","link":"https:\/\/www.piuomenopop.it\/index.php\/2023\/05\/22\/giancane-si-rinnova-la-collaborazione-con-zerocalcare-le-musiche-della-nuova-serie-in-digitale-e-2lp-disponibili-dal-9-giugno\/","title":{"rendered":"GIANCANE: si rinnova la collaborazione con ZEROCALCARE. Le musiche della nuova serie in digitale e 2LP disponibili dal 9 giugno"},"content":{"rendered":"<p align=\"center\"><strong>GIANCANE<\/strong><\/p>\n<p>&nbsp;<\/p>\n<p align=\"center\"><strong>Da oggi in preorder il doppio vinile<\/strong><\/p>\n<p>&nbsp;<\/p>\n<p align=\"center\"><strong>con il nuovo disco<\/strong><\/p>\n<p align=\"center\">\n<p align=\"center\"><strong><em>TUTTO MALE<\/em><\/strong><\/p>\n<p>&nbsp;<\/p>\n<p align=\"center\"><strong>e<\/strong><\/p>\n<p>&nbsp;<\/p>\n<p align=\"center\"><strong><em>SEI IN UN PAESE MERAVIGLIOSO<\/em><\/strong><\/p>\n<p>&nbsp;<\/p>\n<p align=\"center\"><strong>che contiene le musiche della serie di ZEROCALCARE<\/strong><\/p>\n<p>&nbsp;<\/p>\n<p align=\"center\"><strong><em>QUESTO MONDO NON MI RENDER\u00c0 CATTIVO<\/em><\/strong><\/p>\n<p align=\"center\">\n<p align=\"center\"><strong><u>Si rinnova la collaborazione<\/u><\/strong><\/p>\n<p>&nbsp;<\/p>\n<p align=\"center\"><strong><u>tra il cantautore e il fumettista<\/u><\/strong><\/p>\n<p align=\"center\"><strong>\u00a0<\/strong><\/p>\n<p align=\"center\"><strong><u>PREORDER:\u00a0<a href=\"https:\/\/voodoocomm.voxmail.it\/nl\/pvotor\/hldesj\/yinra3r\/uf\/1\/aHR0cHM6Ly9naWFuY2FuZS5sbmsudG8vVHV0dG9NYWxlU0lVUE0?_d=84L&amp;_c=7bd5de09\" target=\"_blank\" rel=\"noopener\" data-saferedirecturl=\"https:\/\/www.google.com\/url?q=https:\/\/voodoocomm.voxmail.it\/nl\/pvotor\/hldesj\/yinra3r\/uf\/1\/aHR0cHM6Ly9naWFuY2FuZS5sbmsudG8vVHV0dG9NYWxlU0lVUE0?_d%3D84L%26_c%3D7bd5de09&amp;source=gmail&amp;ust=1684847205148000&amp;usg=AOvVaw2AfLgLLNh9QxNzfJQgRamP\">https:\/\/giancane.<wbr \/>lnk.to\/TuttoMaleSIUPM<\/a><\/u><\/strong><\/p>\n<p>&nbsp;<\/p>\n<p align=\"center\">DA VENERD\u00cc 9 GIUGNO 2023<\/p>\n<p>&nbsp;<\/p>\n<p align=\"center\"><strong><u>L\u2019ALBUM SAR\u00c1 DISPONIBILE<\/u><\/strong><\/p>\n<p>&nbsp;<\/p>\n<p align=\"center\"><strong><u>SU TUTTE LE PIATTAFORME DIGITALI E NEI DIVERSI FORMATI FISICI<\/u><\/strong><\/p>\n<p align=\"center\">\n<p align=\"center\"><em>Un vero e proprio oggetto di culto: all\u2019apparato grafico hanno lavorato 8 illustratori diversi<br \/>\ne ogni formato sar\u00e0 corredato da un album di figurine<\/em><\/p>\n<p>&nbsp;<\/p>\n<p align=\"center\"><em>\u00a0<\/em><\/p>\n<p align=\"center\"><strong>ANNUNCIATE ANCHE LE PRIME DATE DI<\/strong><\/p>\n<p>&nbsp;<\/p>\n<p align=\"center\"><strong>TUTTO MALE TOUR ESTIVO 2023<\/strong><\/p>\n<p>&nbsp;<\/p>\n<p>Milano, 22 maggio 2023 \u2013 Schietto, irriverente, dissacrante,\u00a0<em>depresso<\/em>,\u00a0<em>cazzone<\/em>: tutto questo \u00e8\u00a0<strong>GIANCANE,\u00a0<\/strong>al secolo\u00a0<strong>Giancarlo Barbati<\/strong>, pronto a tornare con un nuovo lavoro discografico. Dopo\u00a0<em>\u201cUna vita al top\u201d\u00a0<\/em>(2015) e \u201c<em>Ansia e disagio<\/em>\u201d (2017) e dopo \u201c<em>Strappati lungo i bordi<\/em>\u201d (2021), colonna sonora della serie di animazione scritta e diretta da Zerocalcare,\u00a0<strong>sar\u00e0 disponibile da venerd\u00ec 9 giugno sulle piattaforme digitali e in diversi formati fisici\u00a0<em>TUTTO MALE<\/em>, nuovo album del cantautore romano.<\/strong>\u00a0Il disco uscir\u00e0 per Woodworm e sar\u00e0 distribuito da Universal Music Italia ed \u00e8 gi\u00e0 in preorder.<\/p>\n<p>&nbsp;<\/p>\n<p>Dopo l\u2019annuncio dell\u2019uscita dell\u2019album e la release del primo estratto\u00a0<strong><em>VOGLIO MORIRE<\/em><\/strong>, gi\u00e0 in radio e sulle piattaforme digitali, arriva oggi per\u00a0<strong>GIANCANE<\/strong>\u00a0un\u2019altra importante novit\u00e0:\u00a0<strong>si rinnova la collaborazione con ZEROCALCARE, che ha scelto i brani del cantautore romano per la sua nuova serie originale Netflix\u00a0<em>QUESTO MONDO NON MI RENDER\u00c0 CATTIVO,\u00a0<\/em><\/strong>prodotta da Movimenti Production &#8211; societ\u00e0 del gruppo Banijay &#8211; in collaborazione con BAO Publishing<strong><em>.<\/em>\u00a0<\/strong>Le 11 tracce saranno disponibili in digitale e in un\u00a0<strong>doppio vinile\u00a0<\/strong>\u2013 in uscita sempre il<strong>\u00a09 giugno\u00a0<\/strong>&#8211; che vedr\u00e0 nel primo LP il nuovo album\u00a0<strong><em>TUTTO MALE,\u00a0<\/em><\/strong>contenente la title track nonch\u00e9 sigla della serie\u00a0<strong><em>SEI IN UN PAESE MERAVIGLIOSO,<\/em><\/strong>\u00a0che d\u00e0 il nome al secondo LP, la raccolta di canzoni scelte per\u00a0la serie.\u00a0<strong>La cover del doppio LP \u00e8 disegnata da ZEROCALCARE stesso.\u00a0<\/strong>Anche il doppio LP \u00e8 disponibile da oggi in preorder:\u00a0<strong><u><a href=\"https:\/\/voodoocomm.voxmail.it\/nl\/pvotor\/hldesj\/yinra3r\/uf\/3\/aHR0cHM6Ly9naWFuY2FuZS5sbmsudG8vVHV0dG9NYWxlU0lVUE0?_d=84L&amp;_c=4893c82a\" target=\"_blank\" rel=\"noopener\" data-saferedirecturl=\"https:\/\/www.google.com\/url?q=https:\/\/voodoocomm.voxmail.it\/nl\/pvotor\/hldesj\/yinra3r\/uf\/3\/aHR0cHM6Ly9naWFuY2FuZS5sbmsudG8vVHV0dG9NYWxlU0lVUE0?_d%3D84L%26_c%3D4893c82a&amp;source=gmail&amp;ust=1684847205149000&amp;usg=AOvVaw2P5p9i5ZwicTRvwPXQ41UE\">https:\/\/giancane.<wbr \/>lnk.to\/TuttoMaleSIUPM<\/a><\/u><\/strong><\/p>\n<p>&nbsp;<\/p>\n<p>Cos\u00ec\u00a0<strong>GIANCANE<\/strong>\u00a0commenta la rinnovata collaborazione con\u00a0<strong>Zerocalcare<\/strong>:<\/p>\n<p>&nbsp;<\/p>\n<p><em>\u201cSono molto onorato di aver contribuito a musicare la nuova serie di Zerocalcare: ho composto le musiche di alcune parti mentre finivo il mio nuovo disco e ho potuto metterci un po&#8217; di depressione accumulata nel tempo, che nelle tracce del disco non ha trovato sbocchi. La cosa che mi ha divertito molto \u00e8 stata quella di poter dare ad alcune canzoni, apparentemente divertenti, una veste minimale riprendendo i temi solo con il pianoforte e provando ci siamo accorti che calzavano a pennello su alcune scene\u201d.<\/em><em>\u00a0<\/em><\/p>\n<p>&nbsp;<\/p>\n<p><strong>GIANCANE\u00a0<\/strong>\u00e8 pronto a tornare sui palchi di tutta Italia e lo fa con le prime date annunciate di\u00a0<strong>TUTTO MALE TOUR ESTIVO 2023<\/strong>: gli appuntamenti prenderanno il via il\u00a0<strong>9 giugno<\/strong>\u00a0a\u00a0<strong>Fiorano Modenese<\/strong>, MO (Quarantenna Festival), per poi proseguire il\u00a0<strong>10 giugno<\/strong>\u00a0a\u00a0<strong>Casaleone<\/strong>, VR (Click Park Festival), il\u00a0<strong>27 giugno<\/strong>\u00a0a\u00a0<strong>Bologna<\/strong>\u00a0(BOtanique Festival), il\u00a0<strong>30 giugno<\/strong>\u00a0a\u00a0<strong>Torino<\/strong>\u00a0(Flowers Festival), il\u00a0<strong>1 luglio<\/strong>\u00a0a\u00a0<strong>Teramo<\/strong>\u00a0(Remind Festival), il\u00a0<strong>5 luglio<\/strong>\u00a0a\u00a0<strong>Padova<\/strong>\u00a0(Sherwood Festival), il\u00a0<strong>6 luglio<\/strong>\u00a0ad\u00a0<strong>Arezzo<\/strong>\u00a0(Men\/Go Music Fest), il\u00a0<strong>7 luglio<\/strong>\u00a0a\u00a0<strong>Cenaia<\/strong>, PI (Melas\u00f2no Music Fest), il\u00a0<strong>14 luglio<\/strong>\u00a0a\u00a0<strong>Milano<\/strong>\u00a0(Circolo Magnolia), l\u2019<strong>8 agosto\u00a0<\/strong>a\u00a0<strong>Squillace<\/strong>\u00a0<strong>Lido<\/strong>, CZ (Ondarock Festival), l\u2019<strong>8 settembre\u00a0<\/strong>a\u00a0<strong>Bergamo<\/strong>\u00a0(NTX Station).<\/p>\n<p>&nbsp;<\/p>\n<p>Durante il tour i grandi classici della carriera del cantautore, ma soprattutto i brani del nuovo disco\u00a0<strong><em>TUTTO MALE<\/em><\/strong>:<\/p>\n<p>&nbsp;<\/p>\n<p><em>\u201c\u00c8 il mio terzo disco di inediti\u00a0<\/em>\u2013\u00a0<strong>racconta GIANCANE<\/strong>\u00a0&#8211;\u00a0<em>e racchiude 5 anni di vita, di tour, di depressione, di felicit\u00e0, di infelicit\u00e0, di malattie, di autostrade, concerti, lutti, vabb\u00e8 insomma 5 anni di vita. \u00c8 un disco un po\u2019 depresso, un po\u2019 cazzone ed \u00e8 una raccolta che racchiude anche tutto ci\u00f2 che musicalmente volevo fare\u201d.<\/em><\/p>\n<p>&nbsp;<\/p>\n<p>Giancarlo Barbati torna sulle scene e lo fa\u00a0<strong>in pieno stile<\/strong>\u00a0<strong>GIANCANE<\/strong>, decidendo di\u00a0<em>complicarsi la vita<\/em>, ma solo per regalare ai fan un disco che sia un vero e proprio oggetto di culto. Oltre al doppio vinile,\u00a0<strong><em>TUTTO MALE<\/em>\u00a0sar\u00e0\u00a0<\/strong><strong>disponibile infatti in diversi formati, tutti corredati da un album di figurine, un booklet alternativo che comprende, oltre alla cover, 10 illustrazioni \u2013 una per ciascun brano &#8211; di 8 artisti diversi<\/strong>, coinvolti da\u00a0<strong>GIANCANE<\/strong>\u00a0nella realizzazione dell\u2019apparato grafico del disco. Primo tra tutti\u00a0<strong>ZEROCALCARE<\/strong>, con cui il sodalizio \u00e8 gi\u00e0 consolidato dal 2018 per il video di Ipocondria che ha costituito la colonna sonora degli short animati di \u201c<em>Rebibbia Quarantine<\/em>\u201d, prodotti nel 2020, e per la OST della serie \u201c<em>Strappare lungo i bordi<\/em>\u201d. Ma non solo, al team di lavoro si sono presto aggiunti anche\u00a0<strong>GLISCARABOCCHIDIMAICOLEMIRKO, MARCELLO CRESCENZI, DOMENICO MIGLIACCIO\u00a0<\/strong>(che ha disegnato la cover)<strong>, TIMIDESSEN,<\/strong><strong>\u00a0NOVA, SILVIA SICKS e WALLIE<\/strong>.<\/p>\n<p>&nbsp;<\/p>\n<p>&nbsp;<\/p>\n<p>L\u2019album sar\u00e0 disponibile nei seguenti formati:<\/p>\n<p>&nbsp;<\/p>\n<p>\u25cf\u00a0\u00a0\u00a0\u00a0\u00a0\u00a0<strong>CD + album di figurine<\/strong><\/p>\n<p>&nbsp;<\/p>\n<p>\u25cf\u00a0\u00a0\u00a0\u00a0\u00a0\u00a0<strong>LP azzurro, in edizione limitata con sticker numerato\u00a0+ album di figurine<\/strong><\/p>\n<p>&nbsp;<\/p>\n<p>\u25cf\u00a0\u00a0\u00a0\u00a0\u00a0\u00a0<strong>LP verde con cover alternativa, in edizione limitata con sticker numerato\u00a0+\u00a0card autografata + album di figurine (esclusiva Discoteca Laziale)<\/strong><\/p>\n<p>&nbsp;<\/p>\n<p>\u25cf\u00a0\u00a0\u00a0\u00a0\u00a0\u00a0<strong>LP rosso, in edizione limitata con sticker numerato + album di figurine (esclusiva Amazon)<\/strong><\/p>\n<p>&nbsp;<\/p>\n<p>\u25cf\u00a0\u00a0\u00a0\u00a0\u00a0\u00a0<strong>Doppio vinile con cover di Zerocalcare che contiene \u201cTutto Male\u201d e \u201cSei in un Paese Meraviglioso\u201d<\/strong><\/p>\n<p>&nbsp;<\/p>\n<p><em>\u00a0<\/em><\/p>\n<p><strong>GIANCANE<\/strong><\/p>\n<p>&nbsp;<\/p>\n<p>Ex componente del celebre gruppo romano\u00a0<strong>Il Muro del Canto<\/strong>,\u202f<strong>Giancane<\/strong>, al secolo Giancarlo Barbati, nello spazio di due album (<strong><em>Una vita al top<\/em><\/strong>, 2016, e\u00a0<strong><em>Ansia e Disagio<\/em><\/strong>, 2017), ha impresso un segnale pi\u00f9 che riconoscibile nel modo di scrivere le sue canzoni: una grammatica letteraria fatta di una crudezza espressiva che pesca a piene mani da un parlato di strada, una lingua di tutti i giorni, un\u2019ironia sfacciata, nichilista e discretamente grottesca.<\/p>\n<p>\u201c<strong><em>Una vita al top<\/em><\/strong>\u201d \u00e8 uscito alla fine del 2015, preceduto solamente da un EP, \u201c<strong><em>Carne<\/em><\/strong>\u201d, venduto in comodi vassoi in polistirolo da macelleria.<\/p>\n<p>\u00c8 un album country-neomelodico, d\u2019orientamento western, ricco di rime selvagge. Giancane, come un cowboy metropolitano, si aggira per le vie della citt\u00e0: la sua chitarra \u00e8 carica a pallettoni country folk e rock\u2019n\u2019roll, che il cantautore usa senza pudore. Cambia outfit, Giancane, ma tiene con s\u00e9 la consueta museruola, tanto amata e tanto odiata. Esaurita la prima tiratura, il 22 ottobre 2016 esce \u201c<strong><em>Una vita al Top Deluxe<\/em><\/strong>\u201d, che viene accolto con entusiasmo da critica e pubblico. Dopo l\u2019uscita, un tour di oltre 150 date con numerosi sold-out. Il 4 maggio 2018 \u00e8 uscito \u201c<strong><em>Ipocondria<\/em><\/strong>\u201d, il singolo di Giancane feat. Rancore, ultimo estratto da \u201c<strong><em>Ansia e Disagio<\/em><\/strong>\u201d. Anche il tour di presentazione di \u201c<strong><em>Ansia e Disagio<\/em><\/strong>\u201d conta oltre 100 date in tutta Italia. L\u2019ultimo lavoro \u00e8 la colonna sonora di \u201c<strong><em>Strappati Lungo i Bordi<\/em><\/strong>\u201d (Woodworm, distr. Universal Music): si tratta della raccolta di brani del cantautore romano che compongono la colonna sonora della serie di animazione \u201c<strong><em>Strappare lungo i bordi<\/em><\/strong><em>\u201d<\/em>, scritta e diretta da Zerocalcare, con cui il sodalizio \u00e8 iniziato nel 2018, durante la realizzazione del video del brano \u201c<em>Ipocondria\u201d\u00a0<\/em>(feat. Rancore), che ha costituito la colonna sonora degli short animati di Rebibbia Quarantine, prodotti nel 2020. Da quel momento, tra i due artisti \u00e8 nato un rapporto di amicizia, stima e collaborazione.\u00a0<strong>Giancane\u00a0<\/strong>\u00e8 tornato sui palchi di tutta Italia con\u00a0<strong><em>TUTTOGIUSTOTOUR<\/em><\/strong><em>\u00a0<\/em>in primavera e<strong>\u00a0<em>DISGUSTOUR<\/em><\/strong><em>\u00a0<\/em>in estate, in cui finalmente ha riabbracciato il suo pubblico, con un live scatenato, divertente ed esplosivo.<\/p>\n<p>&nbsp;<\/p>\n","protected":false},"excerpt":{"rendered":"<div class=\"mh-excerpt\"><p>GIANCANE &nbsp; Da oggi in preorder il doppio vinile &nbsp; con il nuovo disco TUTTO MALE &nbsp; e &nbsp; SEI IN UN PAESE MERAVIGLIOSO &nbsp; <a class=\"mh-excerpt-more\" href=\"https:\/\/www.piuomenopop.it\/index.php\/2023\/05\/22\/giancane-si-rinnova-la-collaborazione-con-zerocalcare-le-musiche-della-nuova-serie-in-digitale-e-2lp-disponibili-dal-9-giugno\/\" title=\"GIANCANE: si rinnova la collaborazione con ZEROCALCARE. Le musiche della nuova serie in digitale e 2LP disponibili dal 9 giugno\">[&#8230;]<\/a><\/p>\n<\/div>","protected":false},"author":2,"featured_media":79924,"comment_status":"closed","ping_status":"closed","sticky":false,"template":"","format":"standard","meta":{"sfsi_plus_gutenberg_text_before_share":"","sfsi_plus_gutenberg_show_text_before_share":"","sfsi_plus_gutenberg_icon_type":"","sfsi_plus_gutenberg_icon_alignemt":"","sfsi_plus_gutenburg_max_per_row":"","footnotes":"","_links_to":"","_links_to_target":""},"categories":[5184,3,8],"tags":[4560,6035],"class_list":["post-79923","post","type-post","status-publish","format-standard","has-post-thumbnail","hentry","category-calendario-concerti","category-news","category-uscite","tag-giancane","tag-zerocalcare"],"aioseo_notices":[],"_links":{"self":[{"href":"https:\/\/www.piuomenopop.it\/index.php\/wp-json\/wp\/v2\/posts\/79923","targetHints":{"allow":["GET"]}}],"collection":[{"href":"https:\/\/www.piuomenopop.it\/index.php\/wp-json\/wp\/v2\/posts"}],"about":[{"href":"https:\/\/www.piuomenopop.it\/index.php\/wp-json\/wp\/v2\/types\/post"}],"author":[{"embeddable":true,"href":"https:\/\/www.piuomenopop.it\/index.php\/wp-json\/wp\/v2\/users\/2"}],"replies":[{"embeddable":true,"href":"https:\/\/www.piuomenopop.it\/index.php\/wp-json\/wp\/v2\/comments?post=79923"}],"version-history":[{"count":1,"href":"https:\/\/www.piuomenopop.it\/index.php\/wp-json\/wp\/v2\/posts\/79923\/revisions"}],"predecessor-version":[{"id":79925,"href":"https:\/\/www.piuomenopop.it\/index.php\/wp-json\/wp\/v2\/posts\/79923\/revisions\/79925"}],"wp:featuredmedia":[{"embeddable":true,"href":"https:\/\/www.piuomenopop.it\/index.php\/wp-json\/wp\/v2\/media\/79924"}],"wp:attachment":[{"href":"https:\/\/www.piuomenopop.it\/index.php\/wp-json\/wp\/v2\/media?parent=79923"}],"wp:term":[{"taxonomy":"category","embeddable":true,"href":"https:\/\/www.piuomenopop.it\/index.php\/wp-json\/wp\/v2\/categories?post=79923"},{"taxonomy":"post_tag","embeddable":true,"href":"https:\/\/www.piuomenopop.it\/index.php\/wp-json\/wp\/v2\/tags?post=79923"}],"curies":[{"name":"wp","href":"https:\/\/api.w.org\/{rel}","templated":true}]}}