{"id":80092,"date":"2023-06-01T12:41:49","date_gmt":"2023-06-01T10:41:49","guid":{"rendered":"https:\/\/www.piuomenopop.it\/?p=80092"},"modified":"2023-06-01T12:41:49","modified_gmt":"2023-06-01T10:41:49","slug":"hiroshima-sound-garden-iv-edizione-dal-6-giugno-al-30-settembre-2023","status":"publish","type":"post","link":"https:\/\/www.piuomenopop.it\/index.php\/2023\/06\/01\/hiroshima-sound-garden-iv-edizione-dal-6-giugno-al-30-settembre-2023\/","title":{"rendered":"HIROSHIMA SOUND GARDEN &#8211; IV edizione | dal 6 giugno al 30 settembre 2023"},"content":{"rendered":"<p style=\"font-weight: 400; text-align: center;\"><strong>Anche nell\u2019estate 2023 torna la rassegna estiva di Hiroshima Mon Amour<\/strong><\/p>\n<p style=\"font-weight: 400; text-align: center;\"><strong><br \/>\ncon<br \/>\n<\/strong><strong>TINARIWEN, GOD IS AN ASTRONAUT, DRAGOGNA, DENTE, NADA, MEG,<\/strong><strong><br \/>\n<\/strong><strong>WUMING2, CATERINA GUZZANTI, GUIDO CATALANO, MAMMADIMERDA,<br \/>\nROBERTO MERCADINI, GIORGIO MAGRI, LAURA FORMENTI,<br \/>\nVERA GHENO, HIPSTER DEMOCRATICI, BARBASOPHIA<\/strong><\/p>\n<p style=\"font-weight: 400; text-align: center;\"><strong>e molti altri<\/strong><\/p>\n<p style=\"font-weight: 400; text-align: center;\"><strong>\u00a0<\/strong><\/p>\n<p style=\"font-weight: 400; text-align: center;\"><strong>dal 6 Giugno al 30 Settembre 2023<\/strong><\/p>\n<p style=\"font-weight: 400; text-align: center;\">la stagione estiva di\u00a0<strong>Hiroshima Mon Amour<\/strong><\/p>\n<p style=\"font-weight: 400; text-align: center;\">via Carlo Bossoli 83 \u2013 Torino<\/p>\n<p style=\"font-weight: 400; text-align: center;\"><a href=\"http:\/\/www.hiroshimamonamour.org\/\" data-saferedirecturl=\"https:\/\/www.google.com\/url?q=http:\/\/www.hiroshimamonamour.org&amp;source=gmail&amp;ust=1685696883759000&amp;usg=AOvVaw2lqTJ9Ebf-1l8TEDIrduVS\">www.hiroshimamonamour.org<\/a><\/p>\n<p style=\"font-weight: 400;\">\n<p style=\"font-weight: 400;\">Per il quarto anno consecutivo nell\u2019estate 2023 torna<strong>\u00a0Hiroshima Sound Garden<\/strong>, la rassegna estiva organizzata da Hiroshima Mon Amour, che\u00a0<strong>dal 6 giugno al 30 settembre<\/strong>\u00a0prosegue la programmazione aprendo al pubblico lo spazio verde del suo giardino. Inserita nell\u2019ambito della programmazione di eventi estivi sostenuti e promossi da Citt\u00e0 di Torino e Fondazione per la Cultura Torino, \u00e8 realizzata anche grazie al sostegno di\u00a0<strong>Iren<\/strong>\u00a0e di\u00a0<strong>Fondazione Compagnia di San Paolo<\/strong>\u00a0attraverso Space, SPazi di PArtecipazione al CEntro, il progetto triennale per il sostegno, la crescita ed il potenziamento dei presidi culturali e civici del territorio.<\/p>\n<p style=\"font-weight: 400;\">Anche la\u00a0<strong>IV edizione\u00a0<\/strong>di\u00a0<strong>Hiroshima Sound Garden<\/strong>\u00a0presenta un programma multidisciplinare e variegato, con alcune nuove collaborazioni. In orario serale, gli spettacoli e gli incontri dal vivo\u00a0avranno per protagonisti nomi di prestigio della scena artistica e culturale contemporanea nazionale e internazionale tra concerti, spettacoli di teatro, stand up comedy e talk.<\/p>\n<p style=\"font-weight: 400;\">Si comincia\u00a0<strong>marted\u00ec 6 giugno<\/strong>\u00a0con l\u2019evento inaugurale quest\u2019anno affidato a\u00a0<strong>WU MING 2<\/strong>\u00a0in dialogo con Fabrizio Gargarone, in\u00a0<em>Arrivano i Marx\/ziani!!! Alieni di tutto il cosmo unitevi!!!<\/em>\u00a0un incontro ravvicinato a base di alieni, cavalieri dello spazio, varchi temporali, armate delle tenebre, macchine volanti e lotta di classe.<\/p>\n<p style=\"font-weight: 400;\">\n<em>\u201cL\u2019evento inaugurale di una stagione culturale \u00e8 importante: \u00e8 la porta che ti conduce agli altri appuntamenti, anzi \u00e8 la chiave che apre una parte inesplorata di mondo. Deve essere speciale, affascinante e inatteso. Non deve esser un rassicurante ritornello ma piuttosto un inciampo, quella cosa che noti per la prima volta dopo esserci passato davanti magari per anni\u201d<\/em>\u00a0&#8211; dichiara Fabrizio Gargarone direttore artistico di Hiroshima Mon Amour \u2013\u00a0<em>\u201c<\/em><em>Ecco perch\u00e9 tocca a Wu Ming 2 aprire il Garden di Hiroshima. Questo incontro viene da lontano: dall\u2019idea di dedicare un appuntamento agli amici Valerio Evangelisti e Antonio Caronia che ci trasciniamo da qualche tempo, ad esempio. Poi dal piacere di riprendere una collaborazione nata con lo spettacolo La terapia del Fulmine, messo in scena da Wu Ming Contingent, e poi dall\u2019interesse comune per la fantascienza che ha intrecciato spesso le strade di Hiroshima e Wu Ming.\u201d<\/em><\/p>\n<p style=\"font-weight: 400;\">\n<p style=\"font-weight: 400;\">Dal primo giorno Hiroshima Sound Garden \u00e8 arricchito dal progetto\u00a0<strong>klis\u00e8 tipografie operaie e indipendenza<\/strong>, racconto per immagini sul tema dell&#8217;indipendenza delle cooperative operaie, sulla loro storia di democrazia e partecipazione, che trae spunto dalla collezione di 97 clich\u00e9 riportati a nuova vita dall\u2019oblio dal curatore Aldo Goccione, che con la sua associazione Baravantan riporta in luce oggetti della storia materiale del Piemonte, proponendone\u00a0nuovi usi.<\/p>\n<p style=\"font-weight: 400;\">Primo appuntamento con la musica dal vivo \u00e8 con Federico\u00a0<strong>DRAGOGNA<\/strong>, voce e penna de I Ministri, in concerto per la presentazione di \u201c<em>dove nascere<\/em>\u201d il suo primo disco solista\u00a0<strong>(8 giugno)<\/strong>; nuova uscita anche per\u00a0<strong>DENTE<\/strong>, in full band, tra vecchi e nuovi brani\u00a0<strong>(9 giugno)<\/strong>. Protagoniste di settembre due regine del panorama musicale nazionale: dalla scena alternative elettronica\u00a0<strong>MEG<\/strong>\u00a0<strong>(15 settembre)<\/strong>\u00a0con l\u2019ultimo lavoro\u00a0<em>\u201cVesuvia\u201d<\/em>, e dopo un eccezionale tour nei club ed un tour teatrale torna in full band,\u00a0<strong>NADA (22 settembre)<\/strong>, con uno spettacolo rock ma al contempo intimo e profondo,\u00a0<em>La paura va via da s\u00e9 se i pensieri brillano<\/em>.<\/p>\n<p style=\"font-weight: 400;\">Dall\u2019orizzonte senza tempo dell\u2019infinito Sahara proviene il primo grande ospite internazionale, i\u00a0<strong>TINARIWEN (16 giugno)<\/strong>\u00a0che tornano a Torino per il concerto di presentazione del nuovo album \u201c<em>Amatssou<\/em>\u201d organizzato in collaborazione con il festival\u00a0<strong>CreativAfrica.\u00a0<\/strong>Mentre gli irlandesi\u00a0<strong>GOD IS AN ASTRONAUT (21 settembre)<\/strong>, icone del post -rock, sono pronti a celebrare i venti anni di carriera con le loro composizioni epiche.<\/p>\n<p style=\"font-weight: 400;\">La parola recitata si ritrova in altri appuntamenti tra teatro, stand up comedy e divulgazione 2.0. Il travolgente e surreale comedy show\u00a0<strong>LA SCORIA INFINITA\u00a0<\/strong>con\u00a0<strong>CATERINA GUZZANTI<\/strong>,\u00a0<strong>Arianna Gaudio e Federico Vigorito<\/strong>, porta in scena il podcast di successo tratto dall\u2019omonimo libro di Arianna Gaudio\u00a0(<strong>21 giugno<\/strong>); la condizione femminile attuale in una nuova fotografia di\u00a0<em>uno spettacolo esecrabile al sole<\/em>\u00a0con Sarah Malnerich e Francesca Fiore, autrici del blog di successo\u00a0<strong>MAMMADIMERDA (23 giugno)<\/strong>; delicatezza e ironia per le vicende amorose di\u00a0<strong>GUIDO CATALANO (7 luglio)\u00a0<\/strong>che incanta il pubblico con le poesie di\u00a0<em>Smettere di fumare baciando<\/em>. Torna anche professore pi\u00f9 amato di Italia,\u00a0<strong>BARBASOPHIA<\/strong>\u00a0(<strong>20 settembre<\/strong>) e racconta la relazione tra<em>\u00a0La<\/em>\u00a0<em>filosofia e il calcio mentre<\/em>\u00a0<strong>ROBERTO MERCADINI\u00a0<\/strong>in\u00a0<em>Fuoco Nero su Fuoco Bianco<\/em>\u00a0(<strong>26 settembre<\/strong>).<\/p>\n<p style=\"font-weight: 400;\">La risata \u00e8 garantita con gli appuntamenti di stand up comedy organizzati in collaborazione con Torino Comedy Lounge:\u00a0<strong>PIPPO RICCIARDI<\/strong>,\u00a0<strong>EMANUELE TUMOLO<\/strong>\u00a0e\u00a0<strong>ANTONIO PIAZZA\u00a0<\/strong>protagonisti di\u00a0<strong>COMICI IN PIEDI (3 luglio)<\/strong>\u00a0; la comicit\u00e0 di\u00a0<strong>GIORGIO MAGRI (4 luglio)<\/strong>, primo e unico rappresentante in Italia dell\u2019insult comedy, un genere che vede nei giganti Groucho Marx e Don Rickles i suoi alfieri; e\u00a0<strong>LAURA FORMENTI (5 luglio)<\/strong>\u00a0con il suo ultimo spettacolo\u00a0<em>Tranquilli, poi vi spiego<\/em>.\u00a0Satira, politica e musicale, \u00e8 l\u2019ingrediente con cui si sono fatti conoscere gli\u00a0<strong>HIPSTER DEMOCRATICI (13 settembre)<\/strong>,\u00a0collettivo social attivo dal 2012 e ora anche podcast e live show.<\/p>\n<p style=\"font-weight: 400;\">Di vizi e virt\u00f9 parla, tra narrazione e musica,\u00a0<strong>TOPONOMASTICA\u00a0<\/strong>di\u00a0<strong>Marta Pistocchi<\/strong>\u00a0<strong>(14 giugno),<\/strong>\u00a0un\u2019immaginifica conferenza di topi, che con pungente ironia analizzano le regole e gli stili di vita delle nostre citt\u00e0 con la prospettiva dal basso, degli ultimi, degli emarginati, ma anche di quelli che vedono nei paesaggi urbani un laboratorio di socialit\u00e0.\u00a0Di ispirazione letteraria sono invece\u00a0<strong>REZ, concerto poetico<\/strong>\u00a0(<strong>12 settembre)<\/strong>\u00a0di\u00a0<strong>Eleonora Gusmano e Alessandro Romano<\/strong>, ispirato ad \u201cAltri Libertini\u201d dello scrittore, saggista e drammaturgo Pier Vittorio Tondelli; e\u00a0<strong>IOSONOQUI (11 luglio)<\/strong>, studio di Gian Luca Favetto con Lilli Valcepina e le musiche di Giorgio Li Calzi, ispirato all\u2019opera di Alessandro Manzoni e dedicato alla molteplicit\u00e0 della figura della Monaca di Monza.<\/p>\n<p style=\"font-weight: 400;\">\n<p style=\"font-weight: 400;\">Sui temi dell\u2019attualit\u00e0, la\u00a0<strong>compagnia teatrale di EMERGENCY<\/strong>\u00a0porta in scena\u00a0<strong>PIA E DAMASCO<\/strong>\u00a0(<strong>13 giugno<\/strong>) una riflessione sulle conseguenze che accompagnano la guerra in ogni epoca<strong>\u00a0<\/strong>mentre\u00a0<strong>SOMAYEH\u00a0<\/strong><strong>HANGHEGAHDAR<\/strong>, filmmaker iraniana, e\u00a0<strong>DENIZ KIVAGE<\/strong>, avvocata e attivista iraniana per i diritti umani, sono protagoniste dell\u2019incontro organizzato in collaborazione con\u00a0<em>TOxD \u2013 Torino citt\u00e0 per le donne<\/em>,<strong>\u00a0PERSEPOLIS 25 ANNI DOPO (20 giugno)<\/strong>\u00a0incentrato sull\u2019attuale\u00a0condizione di vita delle donne in Iran, a cui seguir\u00e0\u00a0la proiezione del capolavoro scritto e diretto da\u00a0Marjane Satrapi e Vincent Paronnaud.<\/p>\n<p style=\"font-weight: 400;\">Attraverso le parole\u00a0comunichiamo le nostre idee, le nostre convinzioni e creiamo realt\u00e0.\u00a0Conoscerne il significato e saperle usare nel modo giusto e al momento giusto permette di\u00a0comprendere meglio quello che ci circonda, diventando parte attiva della societ\u00e0.\u00a0 La questione della lingua \u00e8 il tema dell\u2019incontro\u00a0<em>Parole, parole, parole<\/em>\u00a0con\u00a0<strong>VERA GHENO (18 luglio)<\/strong>,\u00a0sociolinguista, traduttrice dall\u2019ungherese e\u00a0divulgatrice nonch\u00e9 collaboratrice dell\u2019Accademia della Crusca.<\/p>\n<p style=\"font-weight: 400;\">Il racconto di alcune esperienze artistiche completa il programma degli incontri:\u00a0<strong>dal CAMMINO del PIEMONTE SUD (26 giugno)\u00a0<\/strong>che conduce tra i sentieri dell\u2019Appennino piemontese nel basso Piemonte al viaggio urbano di\u00a0<strong>ECOAGORA<\/strong>\u2019 (<strong>27 giugno<\/strong>), fino all\u2019esplorazione nel mondo della musica e dei Festival, in un dialogo tra il giornalista\u00a0<strong>DAMIR IVIC e Fabrizio Gargarone<\/strong>\u00a0(<strong>19 settembre<\/strong>);\u00a0 mentre\u00a0<em>IL CEDRO DEL LIBANO<\/em>\u00a0<em>Intrattenimento fitoterapico a due voci<\/em>\u00a0con l\u2019autrice\u00a0<strong>RAFFAELLA ROMAGNOLO<\/strong>\u00a0insieme all\u2019attrice Paola Bigatto \u00e8 ospite al PAV\u00a0 &#8211; Parco d\u2019arte vivente di Torino (<strong>12 settembre<\/strong>).<\/p>\n<p style=\"font-weight: 400;\">Un calendario impreziosito dalla collaborazione con alcune importanti realt\u00e0 culturali torinesi: oltre a\u00a0<strong>EMERGENCY ONG ONLUS,\u00a0 TOXD e Torino Comedy Lounge<\/strong>, anche\u00a0<strong>UGI \u2013 Unione Genitori Italiani<\/strong>\u00a0<strong>ONLUS\u00a0<\/strong>con\u00a0la festa benefit di\u00a0<strong>Radio Ugi<\/strong>\u00a0(<strong>18 giugno<\/strong>)\u00a0e con\u00a0<strong>Oltranza Festival<\/strong>\u00a0(<strong>24 settembre<\/strong>) evento dedicato all\u2019inclusione e all\u2019accessibilit\u00e0, tema che da sempre contraddistingue i pomeriggi danzanti\u00a0<em>Discoparty<\/em>\u00a0dedicati a tutti ma con un\u2019attenzione particolare alle persone con disabilit\u00e0.<\/p>\n<p style=\"font-weight: 400;\">Accanto alla programmazione artistica e culturale, si aggiunge l\u2019attivit\u00e0 diurna con l\u2019aula studio all\u2019aperto per studenti, dove studiare o leggere i libri della collezione da libreria offerta dalla Biblioteca di quartiere \u201cD. Bonhoeffer\u201d del Sistema delle Biblioteche Civiche Torinesi.<\/p>\n<p style=\"font-weight: 400;\">Hiroshima Sound Garden \u00e8 allestito in un\u2019area verde polifunzionale, accessibile e attrezzata per\u00a0garantire la sicurezza per spettatori, artisti e organizzatori e\u00a0nel segno della sostenibilit\u00e0 ambientale, con l\u2019intento di restituire alla collettivit\u00e0 l\u2019opportunit\u00e0 di fruizione culturale e di socialit\u00e0 condivisa, permettendo cos\u00ec a tutti &#8211; studenti, giovani e adulti &#8211; di vivere, durante tutta la giornata, le diverse attivit\u00e0 proposte.<\/p>\n<p style=\"font-weight: 400;\">\n<p style=\"font-weight: 400;\">Hiroshima Sound Garden apre al pubblico dal luned\u00ec al venerd\u00ec: dalle 10 del mattino alle 18 per l\u2019aula studio, mentre nei giorni di spettacolo dal vivo, dalle 19.30, all\u2019ora dell\u2019aperitivo con gli sfiziosi food box accompagnati dalle specialit\u00e0 dei baristi di Hiroshima. I biglietti per l\u2019ingresso agli spettacoli si possono acquistare in prevendita tramite il circuito <a href=\"http:\/\/www.mailticket.it\/\" data-saferedirecturl=\"https:\/\/www.google.com\/url?q=http:\/\/www.mailticket.it&amp;source=gmail&amp;ust=1685696883759000&amp;usg=AOvVaw221QVn0Vx82mI_FoTOrbMT\">www.mailticket.it<\/a><\/p>\n<p style=\"font-weight: 400;\">\n<p style=\"font-weight: 400;\">\n<p style=\"font-weight: 400;\"><strong>Per informazioni e aggiornamenti sul calendario:<\/strong><\/p>\n<p style=\"font-weight: 400;\"><a href=\"http:\/\/www.hiroshimamonamour.org\/\" data-saferedirecturl=\"https:\/\/www.google.com\/url?q=http:\/\/www.hiroshimamonamour.org&amp;source=gmail&amp;ust=1685696883759000&amp;usg=AOvVaw2lqTJ9Ebf-1l8TEDIrduVS\">www.hiroshimamonamour.org<\/a>\u00a0|\u00a0<a href=\"http:\/\/www.facebook.com\/HiroshimaMonAmourTorino\/\" data-saferedirecturl=\"https:\/\/www.google.com\/url?q=http:\/\/www.facebook.com\/HiroshimaMonAmourTorino\/&amp;source=gmail&amp;ust=1685696883759000&amp;usg=AOvVaw2AmaZqcdbs7nLo802lEcG6\">www.facebook.com\/HiroshimaMonAmourTorino\/<\/a><\/p>\n<p style=\"font-weight: 400;\"><a href=\"mailto:hma@hiroshimamonamour.org\">hma@hiroshimamonamour.org<\/a>\u00a0&#8211; t. 011 3174997<\/p>\n","protected":false},"excerpt":{"rendered":"<div class=\"mh-excerpt\"><p>Anche nell\u2019estate 2023 torna la rassegna estiva di Hiroshima Mon Amour con TINARIWEN, GOD IS AN ASTRONAUT, DRAGOGNA, DENTE, NADA, MEG, WUMING2, CATERINA GUZZANTI, GUIDO <a class=\"mh-excerpt-more\" href=\"https:\/\/www.piuomenopop.it\/index.php\/2023\/06\/01\/hiroshima-sound-garden-iv-edizione-dal-6-giugno-al-30-settembre-2023\/\" title=\"HIROSHIMA SOUND GARDEN &#8211; IV edizione | dal 6 giugno al 30 settembre 2023\">[&#8230;]<\/a><\/p>\n<\/div>","protected":false},"author":2,"featured_media":80093,"comment_status":"closed","ping_status":"closed","sticky":false,"template":"","format":"standard","meta":{"sfsi_plus_gutenberg_text_before_share":"","sfsi_plus_gutenberg_show_text_before_share":"","sfsi_plus_gutenberg_icon_type":"","sfsi_plus_gutenberg_icon_alignemt":"","sfsi_plus_gutenburg_max_per_row":"","footnotes":"","_links_to":"","_links_to_target":""},"categories":[5184,3],"tags":[8387,11983],"class_list":["post-80092","post","type-post","status-publish","format-standard","has-post-thumbnail","hentry","category-calendario-concerti","category-news","tag-hiroshima-mon-amour","tag-hiroshima-sound-garden"],"aioseo_notices":[],"_links":{"self":[{"href":"https:\/\/www.piuomenopop.it\/index.php\/wp-json\/wp\/v2\/posts\/80092","targetHints":{"allow":["GET"]}}],"collection":[{"href":"https:\/\/www.piuomenopop.it\/index.php\/wp-json\/wp\/v2\/posts"}],"about":[{"href":"https:\/\/www.piuomenopop.it\/index.php\/wp-json\/wp\/v2\/types\/post"}],"author":[{"embeddable":true,"href":"https:\/\/www.piuomenopop.it\/index.php\/wp-json\/wp\/v2\/users\/2"}],"replies":[{"embeddable":true,"href":"https:\/\/www.piuomenopop.it\/index.php\/wp-json\/wp\/v2\/comments?post=80092"}],"version-history":[{"count":1,"href":"https:\/\/www.piuomenopop.it\/index.php\/wp-json\/wp\/v2\/posts\/80092\/revisions"}],"predecessor-version":[{"id":80094,"href":"https:\/\/www.piuomenopop.it\/index.php\/wp-json\/wp\/v2\/posts\/80092\/revisions\/80094"}],"wp:featuredmedia":[{"embeddable":true,"href":"https:\/\/www.piuomenopop.it\/index.php\/wp-json\/wp\/v2\/media\/80093"}],"wp:attachment":[{"href":"https:\/\/www.piuomenopop.it\/index.php\/wp-json\/wp\/v2\/media?parent=80092"}],"wp:term":[{"taxonomy":"category","embeddable":true,"href":"https:\/\/www.piuomenopop.it\/index.php\/wp-json\/wp\/v2\/categories?post=80092"},{"taxonomy":"post_tag","embeddable":true,"href":"https:\/\/www.piuomenopop.it\/index.php\/wp-json\/wp\/v2\/tags?post=80092"}],"curies":[{"name":"wp","href":"https:\/\/api.w.org\/{rel}","templated":true}]}}