{"id":80324,"date":"2023-06-14T16:59:12","date_gmt":"2023-06-14T14:59:12","guid":{"rendered":"https:\/\/www.piuomenopop.it\/?p=80324"},"modified":"2023-06-14T16:59:12","modified_gmt":"2023-06-14T14:59:12","slug":"sfanghiamola-sara-anche-a-forli-il-concerto-di-raccolta-fondi-per-la-romagna-allagata","status":"publish","type":"post","link":"https:\/\/www.piuomenopop.it\/index.php\/2023\/06\/14\/sfanghiamola-sara-anche-a-forli-il-concerto-di-raccolta-fondi-per-la-romagna-allagata\/","title":{"rendered":"SFANGHIAMOLA! sar\u00e0 anche a Forl\u00ec: Il concerto di RACCOLTA FONDI per la Romagna allagata"},"content":{"rendered":"<table border=\"0\" width=\"100%\" cellspacing=\"0\" cellpadding=\"0\">\n<tbody>\n<tr>\n<td valign=\"top\">\n<table class=\"m_-6633105095857534390mcnTextContentContainer\" border=\"0\" width=\"100%\" cellspacing=\"0\" cellpadding=\"0\" align=\"left\">\n<tbody>\n<tr>\n<td class=\"m_-6633105095857534390mcnTextContent\" valign=\"top\">\n<div style=\"text-align: center;\"><strong>SFANGHIAMOLA!<\/strong><\/p>\n<p><strong>Forl\u00ec&#8217;<\/strong>\n<\/div>\n<div style=\"text-align: center;\"><strong>concerto di raccolta fondi<br \/>\nper la Romagna allagata<\/strong><\/p>\n<p>15 giugno 2023<br \/>\ndalle ore 17<\/p>\n<p><u>Piazza Morgagni<\/u>\n<\/div>\n<\/td>\n<\/tr>\n<\/tbody>\n<\/table>\n<\/td>\n<\/tr>\n<\/tbody>\n<\/table>\n<table border=\"0\" width=\"100%\" cellspacing=\"0\" cellpadding=\"0\">\n<tbody>\n<tr>\n<td align=\"center\" valign=\"top\">\n<table border=\"0\" cellspacing=\"0\" cellpadding=\"0\">\n<tbody>\n<tr>\n<td align=\"center\" valign=\"middle\"><a class=\"m_-6633105095857534390mcnButton\" title=\"LINK ALL'EVENTO FACEBOOK\" href=\"https:\/\/thesoundcheck.us20.list-manage.com\/track\/click?u=70161d1ce2cd862db885931fd&amp;id=99ca30b412&amp;e=20322f77b6\" target=\"_blank\" rel=\"noopener\" data-saferedirecturl=\"https:\/\/www.google.com\/url?q=https:\/\/thesoundcheck.us20.list-manage.com\/track\/click?u%3D70161d1ce2cd862db885931fd%26id%3D99ca30b412%26e%3D20322f77b6&amp;source=gmail&amp;ust=1686839003073000&amp;usg=AOvVaw3sHCqxRGPNbvs4uUh4smbN\">LINK ALL&#8217;EVENTO FACEBOOK<\/a><\/td>\n<\/tr>\n<\/tbody>\n<\/table>\n<\/td>\n<\/tr>\n<\/tbody>\n<\/table>\n<div><\/div>\n<p>Gioved\u00ec 15 giugno, dalle ore 17 in piazza Morgagni a Forl\u00ec si terr\u00e0 un nuovo concerto di raccolta fondi per sostenere le zone pi\u00f9 interessate dall\u2019alluvione che ha devastato la nostra Romagna.<\/p>\n<p>Arriva<strong>\u00a0SFANGHIAMOLA! Forl\u00ec<\/strong>, evento di beneficenza che ricalca l&#8217;onda di successo generata da<strong>\u00a0SFANGHIAMOLA! Rimini,\u00a0<\/strong>concerto avvenuto sabato 27 maggio e che ha raccolto ben 12.000 euro.<\/p>\n<p>Tutti i musicisti, i tecnici e i promotori lavoreranno gratuitamente per costruire un evento che nasce spontaneamente dal basso, ed \u00e8 mosso dall\u2019urgenza emotiva di unirsi dopo i giorni cupi dell&#8217;alluvione.<\/p>\n<p>Si esibiranno artisti di diverse generazioni, ma soprattutto artisti che hanno voglia di creare qualcosa di speciale grazie all&#8217;aiuto della musica!<\/p>\n<p>Insieme vogliamo incarnare una Romagna unita e solidale, libera, luminosa e resistente.<\/p>\n<div><strong>Il ricavato di ogni birra verr\u00e0 devoluto interamente in beneficenza a sostegno delle popolazioni alluvionate!<\/strong><\/div>\n<p><strong>Sfanghiamola! \u00e8 un progetto aperto: invitiamo tutte le altre citt\u00e0 ad usarlo &#8211; se vorranno &#8211; creando cos\u00ec una rete comune di musica, cultura e solidariet\u00e0.<\/strong><\/p>\n<div>Si esibiranno<\/p>\n<p><span style=\"color: #ff0000;\">MODENA CITY RAMBLERS<br \/>\nDUO BUCOLICO<br \/>\nESPA<\/span>\u00d1<span style=\"color: #ff0000;\">A CIRCO ESTE<br \/>\nGIACOMO TONI<br \/>\nTHE URGONAUTS<br \/>\nSIDOBE DJ DJ<br \/>\nANDREA MISSIROLI<br \/>\nCRISTA<br \/>\nEDODACAPO<br \/>\nMARG<\/span>\u00d2<br \/>\n<span style=\"color: #ff0000;\">CORNER IN BLOOM<br \/>\nMAURA<br \/>\nDI BASE<br \/>\nTOMMASO VENTURELLI<br \/>\nI SANTINI<br \/>\nPETUNIA SAUCE<\/span><\/div>\n","protected":false},"excerpt":{"rendered":"<div class=\"mh-excerpt\"><p>SFANGHIAMOLA! Forl\u00ec&#8217; concerto di raccolta fondi per la Romagna allagata 15 giugno 2023 dalle ore 17 Piazza Morgagni LINK ALL&#8217;EVENTO FACEBOOK Gioved\u00ec 15 giugno, dalle <a class=\"mh-excerpt-more\" href=\"https:\/\/www.piuomenopop.it\/index.php\/2023\/06\/14\/sfanghiamola-sara-anche-a-forli-il-concerto-di-raccolta-fondi-per-la-romagna-allagata\/\" title=\"SFANGHIAMOLA! sar\u00e0 anche a Forl\u00ec: Il concerto di RACCOLTA FONDI per la Romagna allagata\">[&#8230;]<\/a><\/p>\n<\/div>","protected":false},"author":2,"featured_media":80325,"comment_status":"closed","ping_status":"closed","sticky":false,"template":"","format":"standard","meta":{"sfsi_plus_gutenberg_text_before_share":"","sfsi_plus_gutenberg_show_text_before_share":"","sfsi_plus_gutenberg_icon_type":"","sfsi_plus_gutenberg_icon_alignemt":"","sfsi_plus_gutenburg_max_per_row":"","footnotes":"","_links_to":"","_links_to_target":""},"categories":[5184,3],"tags":[13606,13607,13076],"class_list":["post-80324","post","type-post","status-publish","format-standard","has-post-thumbnail","hentry","category-calendario-concerti","category-news","tag-fanghiamola","tag-forli","tag-romagna"],"aioseo_notices":[],"_links":{"self":[{"href":"https:\/\/www.piuomenopop.it\/index.php\/wp-json\/wp\/v2\/posts\/80324","targetHints":{"allow":["GET"]}}],"collection":[{"href":"https:\/\/www.piuomenopop.it\/index.php\/wp-json\/wp\/v2\/posts"}],"about":[{"href":"https:\/\/www.piuomenopop.it\/index.php\/wp-json\/wp\/v2\/types\/post"}],"author":[{"embeddable":true,"href":"https:\/\/www.piuomenopop.it\/index.php\/wp-json\/wp\/v2\/users\/2"}],"replies":[{"embeddable":true,"href":"https:\/\/www.piuomenopop.it\/index.php\/wp-json\/wp\/v2\/comments?post=80324"}],"version-history":[{"count":1,"href":"https:\/\/www.piuomenopop.it\/index.php\/wp-json\/wp\/v2\/posts\/80324\/revisions"}],"predecessor-version":[{"id":80326,"href":"https:\/\/www.piuomenopop.it\/index.php\/wp-json\/wp\/v2\/posts\/80324\/revisions\/80326"}],"wp:featuredmedia":[{"embeddable":true,"href":"https:\/\/www.piuomenopop.it\/index.php\/wp-json\/wp\/v2\/media\/80325"}],"wp:attachment":[{"href":"https:\/\/www.piuomenopop.it\/index.php\/wp-json\/wp\/v2\/media?parent=80324"}],"wp:term":[{"taxonomy":"category","embeddable":true,"href":"https:\/\/www.piuomenopop.it\/index.php\/wp-json\/wp\/v2\/categories?post=80324"},{"taxonomy":"post_tag","embeddable":true,"href":"https:\/\/www.piuomenopop.it\/index.php\/wp-json\/wp\/v2\/tags?post=80324"}],"curies":[{"name":"wp","href":"https:\/\/api.w.org\/{rel}","templated":true}]}}