{"id":81348,"date":"2023-07-25T16:21:44","date_gmt":"2023-07-25T14:21:44","guid":{"rendered":"https:\/\/www.piuomenopop.it\/?p=81348"},"modified":"2023-07-25T16:21:44","modified_gmt":"2023-07-25T14:21:44","slug":"be-alternative-festival-xiv-edizione-il-festival-fra-arte-natura-e-musica-arriva-nel-parco-nazionale-della-sila-29-30-luglio-13-agosto","status":"publish","type":"post","link":"https:\/\/www.piuomenopop.it\/index.php\/2023\/07\/25\/be-alternative-festival-xiv-edizione-il-festival-fra-arte-natura-e-musica-arriva-nel-parco-nazionale-della-sila-29-30-luglio-13-agosto\/","title":{"rendered":"BE ALTERNATIVE FESTIVAL  XIV edizione  \u00a0  Il Festival fra arte, natura e musica arriva nel Parco Nazionale della Sila  \u00a0  29 &#8211; 30 luglio | 13 agosto"},"content":{"rendered":"<p style=\"text-align: center;\"><strong>BE ALTERNATIVE FESTIVAL<\/strong><\/p>\n<p style=\"text-align: center;\"><strong>XIV edizione <\/strong><\/p>\n<p style=\"text-align: center;\"><strong>\u00a0<\/strong><\/p>\n<p style=\"text-align: center;\"><strong>Il Festival fra arte, natura e musica arriva nel Parco Nazionale della Sila<\/strong><\/p>\n<p style=\"text-align: center;\"><strong>\u00a0<\/strong><\/p>\n<p style=\"text-align: center;\"><strong>29 &#8211; 30 luglio | 13 agosto<\/strong><\/p>\n<p style=\"text-align: center;\"><strong>\u00a0<\/strong><\/p>\n<p style=\"text-align: center;\"><strong><u>In lineup:<\/u><\/strong><\/p>\n<p style=\"text-align: center;\"><strong>Baustelle | Franz Ferdinand<\/strong><\/p>\n<p style=\"text-align: center;\"><strong>Nu Genea <\/strong><strong>live band<\/strong><strong> | Dente<\/strong><\/p>\n<p style=\"text-align: center;\"><strong>Emma Nolde | Coco Maria | The Tangram <\/strong><\/p>\n<p style=\"text-align: center;\"><strong>\u00a0<\/strong><\/p>\n<p style=\"text-align: center;\"><strong>BIGLIETTI DISPONIBILI su:<\/strong><\/p>\n<p style=\"text-align: center;\"><a href=\"https:\/\/l.instagram.com\/?u=https%3A%2F%2Flinktr.ee%2Fbealternativefestival&amp;e=AT2CW7jDT0EE5sCNArdqxnsUrd9qWFEZgdGJ-yt6n1U2p_Uub9TvTPy5lfoAd2mhvlj1PptMA9V4n4iMVSxPFRjpjDfOmfAWy-tg7Q\"><strong>linktr.ee\/bealternativefestival<\/strong><\/a><\/p>\n<p><strong>\u00a0<\/strong><\/p>\n<p>Sar\u00e0 il Parco Nazionale della Sila ad ospitare la due giorni di musica, arte e natura, cuore pulsante della <strong>XIV edizione<\/strong> di <strong>Be Alternative Festival<\/strong>, kermesse promossa dall\u2019<strong>Associazione Be Alternative<\/strong> e punto di riferimento a Sud nella mappa dei pi\u00f9 importanti eventi live open-air dedicati alla scena musicale contemporanea. Un festival diventato negli anni un appuntamento di calibro nazionale e internazionale per la musica dal vivo in Calabria e la valorizzazione in chiave turistico-culturale del territorio di riferimento.<\/p>\n<p><strong>Un evento imperdibile per il Meridione<\/strong>, che rinnova anno dopo anno la sua formula vincente: quella di essere un festival fortemente evocativo che attraverso <strong>un percorso itinerante punta a portare la musica dal vivo nei luoghi pi\u00f9 suggestivi del territorio<\/strong>, costruendo veri e propri itinerari fra arte, natura, scoperta dei luoghi.<\/p>\n<p>Negli incantevoli scenari dell&#8217;Altopiano Silano, il <strong>29 e il 30 <\/strong><strong>luglio<\/strong> in arrivo una due giorni unica, in programma sulle rive del <strong>Lago Cecita<\/strong>,<strong> a Camigliatello Silano (CS)<\/strong>, in una splendida venue completamente immersa nella natura, a pochi metri di distanza dal centro visite Cupone, nei pressi della chiesetta di San Lorenzo. Nella prima giornata, sul palco saliranno al tramonto, i <strong>Nu Genea<\/strong>, progetto artistico dei musicisti\/dj Massimo Di Lena e Lucio Aquilina, la cui ispirazione nasce da un&#8217;indagine storiografica sulla musica dance fin dai suoi primi passi e seguendo poi le rotte musicali del mondo. Dalla Napoli sotterranea al Bar Mediterraneo: nel cuore verde della Sila la live band dei <strong>Nu Genea<\/strong> porter\u00e0 una vera e propria soundtrack meticcia: un&#8217;originale equazione groovy completamente pervasa da disco, funk, boogie, elettronica, dub, folk e molto altro. In apertura il funk-soul dei <strong>The Tangram <\/strong>e in chiusura il dj set della dj messicana <strong>Coco Maria<\/strong>.<\/p>\n<p>Ad aprire la seconda giornata la giovane cantautrice toscana <strong>Emma Nolde<\/strong>, una delle voci pi\u00f9 interessanti del nuovo panorama musicale italiano; spazio poi a <strong>Dente<\/strong>, una delle colonne portanti del cantautorato pi\u00f9 puro degli ultimi 15 anni, fresco di uscita discografica con \u201cHotel Souvenir\u201d. In chiusura di giornata i<strong> Baustelle<\/strong>: band iconica dell\u2019alternative italiano, che torna a distanza di cinque anni dall\u2019ultimo disco con <strong>\u201cElvis\u201d<\/strong> il loro nono album in studio. Un lavoro che guarda alle loro origini ma con gusto rivolto sempre alla scoperta del contemporaneo: raffinati, veri, credibili. Canzoni che si muovono lungo sonorit\u00e0 inesplorate e si mischiano sapientemente alla sensibilit\u00e0 costitutiva della band, il cui risultato \u00e8 una forma di glam rock tipicamente baustelliana.<\/p>\n<p>Previste in questo appuntamento per il pubblico la possibilit\u00e0 di godere di itinerari naturalistici di assoluta bellezza all\u2019interno del <strong>Parco Nazionale della Sila<\/strong>: visitare il giardino geologico, l\u2019orto botanico, il Museo del Lupo e il Museo dell\u2019Albero, i recinti faunistici, senza dimenticare i percorsi eno-gastronomici rigorosamente a km 0 all\u2019interno dell\u2019area food promossa da <strong>Gal Sila<\/strong>.<\/p>\n<p><strong>Ma non finisce qui. <\/strong>Ad agosto in arrivo <strong>\u201cBe Color\u201d <\/strong>una partnership importante tra <strong>Be Alternative Festival e Color Fest<\/strong>, nata con l\u2019intento di condividere l\u2019organizzazione e la produzione di alcuni eventi musicali della prossima estate calabrese. Il primo annuncio \u00e8 una dichiarazione di intenti, qualit\u00e0 e indubbio rilievo internazionale:<strong> il 13 Agosto nell\u2019unica data del centro-sud Italia a Maida (CZ) <\/strong>dei <strong>Franz Ferdinand, <\/strong>la celebre band nata nel 2003 e oggi formata da Alex Kapranos (voce e chitarra), Bob Hardy (basso), Dino Bardot (chitarra), Julian Corrie (tastiere e cori) e Audrey Tait (batteria e cori), icona dell\u2019ultimo ventennio di indie-rock britannico.<\/p>\n<p>&nbsp;<\/p>\n<p><strong>BE ALTERNATIVE FESTIVAL 2023 \u2013 XIV edizione<\/strong><\/p>\n<p><a href=\"http:\/\/www.blteventi.it\"><strong>www.blteventi.it<\/strong><\/a><\/p>\n<p><a href=\"http:\/\/www.facebook.com\/bealternativefestival\"><strong>www.facebook.com\/bealternativefestival<\/strong><\/a><\/p>\n<p><a href=\"http:\/\/www.instagram.com\/be_alternative_festival\"><strong>www.instagram.com\/be_alternative_festival<\/strong><\/a><\/p>\n","protected":false},"excerpt":{"rendered":"<div class=\"mh-excerpt\"><p>BE ALTERNATIVE FESTIVAL XIV edizione \u00a0 Il Festival fra arte, natura e musica arriva nel Parco Nazionale della Sila \u00a0 29 &#8211; 30 luglio | <a class=\"mh-excerpt-more\" href=\"https:\/\/www.piuomenopop.it\/index.php\/2023\/07\/25\/be-alternative-festival-xiv-edizione-il-festival-fra-arte-natura-e-musica-arriva-nel-parco-nazionale-della-sila-29-30-luglio-13-agosto\/\" title=\"BE ALTERNATIVE FESTIVAL  XIV edizione  \u00a0  Il Festival fra arte, natura e musica arriva nel Parco Nazionale della Sila  \u00a0  29 &#8211; 30 luglio | 13 agosto\">[&#8230;]<\/a><\/p>\n<\/div>","protected":false},"author":2,"featured_media":81349,"comment_status":"closed","ping_status":"closed","sticky":false,"template":"","format":"standard","meta":{"sfsi_plus_gutenberg_text_before_share":"","sfsi_plus_gutenberg_show_text_before_share":"","sfsi_plus_gutenberg_icon_type":"","sfsi_plus_gutenberg_icon_alignemt":"","sfsi_plus_gutenburg_max_per_row":"","footnotes":"","_links_to":"","_links_to_target":""},"categories":[5184,730,3],"tags":[1108,9905,1214,12103,3516,12625,6815],"class_list":["post-81348","post","type-post","status-publish","format-standard","has-post-thumbnail","hentry","category-calendario-concerti","category-festival","category-news","tag-baustelle","tag-be-alternative-festival","tag-dente","tag-emma-nolde","tag-franz-ferdinand","tag-nu-genea","tag-sila"],"aioseo_notices":[],"_links":{"self":[{"href":"https:\/\/www.piuomenopop.it\/index.php\/wp-json\/wp\/v2\/posts\/81348","targetHints":{"allow":["GET"]}}],"collection":[{"href":"https:\/\/www.piuomenopop.it\/index.php\/wp-json\/wp\/v2\/posts"}],"about":[{"href":"https:\/\/www.piuomenopop.it\/index.php\/wp-json\/wp\/v2\/types\/post"}],"author":[{"embeddable":true,"href":"https:\/\/www.piuomenopop.it\/index.php\/wp-json\/wp\/v2\/users\/2"}],"replies":[{"embeddable":true,"href":"https:\/\/www.piuomenopop.it\/index.php\/wp-json\/wp\/v2\/comments?post=81348"}],"version-history":[{"count":1,"href":"https:\/\/www.piuomenopop.it\/index.php\/wp-json\/wp\/v2\/posts\/81348\/revisions"}],"predecessor-version":[{"id":81350,"href":"https:\/\/www.piuomenopop.it\/index.php\/wp-json\/wp\/v2\/posts\/81348\/revisions\/81350"}],"wp:featuredmedia":[{"embeddable":true,"href":"https:\/\/www.piuomenopop.it\/index.php\/wp-json\/wp\/v2\/media\/81349"}],"wp:attachment":[{"href":"https:\/\/www.piuomenopop.it\/index.php\/wp-json\/wp\/v2\/media?parent=81348"}],"wp:term":[{"taxonomy":"category","embeddable":true,"href":"https:\/\/www.piuomenopop.it\/index.php\/wp-json\/wp\/v2\/categories?post=81348"},{"taxonomy":"post_tag","embeddable":true,"href":"https:\/\/www.piuomenopop.it\/index.php\/wp-json\/wp\/v2\/tags?post=81348"}],"curies":[{"name":"wp","href":"https:\/\/api.w.org\/{rel}","templated":true}]}}