{"id":82947,"date":"2023-11-15T19:30:05","date_gmt":"2023-11-15T18:30:05","guid":{"rendered":"https:\/\/www.piuomenopop.it\/?p=82947"},"modified":"2023-11-15T19:30:05","modified_gmt":"2023-11-15T18:30:05","slug":"devendra-banhart-torna-in-italia","status":"publish","type":"post","link":"https:\/\/www.piuomenopop.it\/index.php\/2023\/11\/15\/devendra-banhart-torna-in-italia\/","title":{"rendered":"DEVENDRA BANHART TORNA IN ITALIA"},"content":{"rendered":"<p dir=\"ltr\" style=\"text-align: center;\"><strong>L\u2019ANIMA INDIE FOLK DI<\/strong><\/p>\n<p dir=\"ltr\" style=\"text-align: center;\"><strong>DEVENDRA BANHART<\/strong><\/p>\n<p dir=\"ltr\" style=\"text-align: center;\"><strong>TORNA IN ITALIA<\/strong><\/p>\n<p dir=\"ltr\" style=\"text-align: center;\"><strong>CON DUE APPUNTAMENTI<\/strong><\/p>\n<p dir=\"ltr\" style=\"text-align: center;\">\n<p dir=\"ltr\" style=\"text-align: center;\"><strong>MARTED\u00cc 21 NOVEMBRE 2023\u00a0<\/strong><\/p>\n<p dir=\"ltr\" style=\"text-align: center;\"><strong>MILANO @ AUDITORIUM FONDAZIONE CARIPLO<\/strong><\/p>\n<p style=\"text-align: center;\">\n<p dir=\"ltr\" style=\"text-align: center;\"><strong>MERCOLED\u00cc 22 NOVEMBRE 2023\u00a0<\/strong><\/p>\n<p dir=\"ltr\" style=\"text-align: center;\"><strong>TRIESTE @ TEATRO POLITEAMA ROSSETTI<\/strong><\/p>\n<p dir=\"ltr\" style=\"text-align: center;\">SUPPORT ACT: JOHN MOODS<\/p>\n<p dir=\"ltr\">DEVENDRA BANHART\u00a0torna in Italia. Il cantautore pi\u00f9 creativo del panorama hippie-folk statunitense far\u00e0 ritorno nel nostro paese in autunno con due date prodotte e organizzate da\u00a0Vivo Concerti: marted\u00ec\u00a021 novembre 2023\u00a0si esibir\u00e0 all\u2019Auditorium Fondazione Cariplo di Milano, mentre mercoled\u00ec\u00a022 novembre 2023\u00a0sar\u00e0 al Teatro Politeama Rossetti di Trieste. Gli esclusivi appuntamenti avranno come\u00a0support act\u00a0il visionario artista e musicista berlinese\u00a0John Moods.<\/p>\n<p dir=\"ltr\">I biglietti sono disponibili online su\u00a0<a href=\"https:\/\/www.vivoconcerti.com\/\" target=\"_blank\" rel=\"noopener\" data-saferedirecturl=\"https:\/\/www.google.com\/url?q=https:\/\/www.vivoconcerti.com\/&amp;source=gmail&amp;ust=1700152896857000&amp;usg=AOvVaw3jZBOhT1E_-2PpKrsPsYpD\">vivoconcerti.com<\/a>.<\/p>\n<p dir=\"ltr\">La musica di\u00a0Banhart\u00a0\u00e8 stata classificata negli anni tra indie rock, indie folk, psych folk e avant folk, unita al naturalismo di testi spesso surreali. Nato in Texas, ha trascorso l&#8217;infanzia in Venezuela prima di tornare negli Stati Uniti a San Francisco, dove ha studiato coltivato la passione per il disegno e la pittura, iniziando in seguito a esibirsi in alcuni locali. Devendra ha collaborato con diversi artisti quali\u00a0<a href=\"https:\/\/it.wikipedia.org\/wiki\/Antony_and_the_Johnsons\" target=\"_blank\" rel=\"noopener\" data-saferedirecturl=\"https:\/\/www.google.com\/url?q=https:\/\/it.wikipedia.org\/wiki\/Antony_and_the_Johnsons&amp;source=gmail&amp;ust=1700152896857000&amp;usg=AOvVaw2u0JUuJpLRo7NpbBc3zcsC\">Antony and the Johnsons<\/a>,\u00a0<a href=\"https:\/\/it.wikipedia.org\/wiki\/CocoRosie\" target=\"_blank\" rel=\"noopener\" data-saferedirecturl=\"https:\/\/www.google.com\/url?q=https:\/\/it.wikipedia.org\/wiki\/CocoRosie&amp;source=gmail&amp;ust=1700152896857000&amp;usg=AOvVaw1xIH2ir5RYvoJUjIe-COX8\">CocoRosie<\/a>, Vashti Bunyan, e insieme a loro compare nel documentario\u00a0The Eternal Children\u00a0del regista olandese David Kleijwegt. Una collezione di opere d&#8217;arte originali di Devendra \u00e8 esposta da febbraio 2007 al MOMA di San Francisco al fianco dei lavori di\u00a0<a href=\"https:\/\/it.wikipedia.org\/wiki\/Paul_Klee\" target=\"_blank\" rel=\"noopener\" data-saferedirecturl=\"https:\/\/www.google.com\/url?q=https:\/\/it.wikipedia.org\/wiki\/Paul_Klee&amp;source=gmail&amp;ust=1700152896857000&amp;usg=AOvVaw32WHH6gCODUxzpwnzHk8yy\">Paul Kle<\/a>e in una mostra intitolata\u00a0Abstract Rhytms.<\/p>\n<p dir=\"ltr\">Il suo nuovo album di Devendra Banhart,\u00a0Flying Wig, prodotto in collaborazione con l\u2019artista e polistrumentista\u00a0Cate Le Bon, \u00e8 stato pubblicato il\u00a022 settembre 2023. Si tratta di un album denso e malinconico, un concentrato materico di tristezza abbellita: come lui stesso ha dichiarato \u201cse devo piangere voglio farlo con il mio vestito migliore\u201d. Flying Wig \u00e8 un album che racconta la ricerca della speranza, della sicurezza, di un qualcosa di positivo a cui anelare quando ci si trova immersi nell\u2019abbandono e nella perdita. Ad affiancare questa narrazione, la produzione di Le Bon riflette questo racconto tramite arrangiamenti di percussioni off-beat, pianoforte a cascata e giri di sax sottilmente vertiginosi.\u00a0 Uscendo da se stesso per esaminare ci\u00f2 che non \u00e8 descrivibile a parole, Devendra Banhart trova in ci\u00f2 la sua libert\u00e0.<\/p>\n<p dir=\"ltr\">L\u2019organizzatore declina ogni responsabilit\u00e0 in caso di acquisto di biglietti fuori dai circuiti di biglietteria autorizzati non presenti nei nostri comunicati ufficiali.<\/p>\n","protected":false},"excerpt":{"rendered":"<div class=\"mh-excerpt\"><p>L\u2019ANIMA INDIE FOLK DI DEVENDRA BANHART TORNA IN ITALIA CON DUE APPUNTAMENTI MARTED\u00cc 21 NOVEMBRE 2023\u00a0 MILANO @ AUDITORIUM FONDAZIONE CARIPLO MERCOLED\u00cc 22 NOVEMBRE 2023\u00a0 <a class=\"mh-excerpt-more\" href=\"https:\/\/www.piuomenopop.it\/index.php\/2023\/11\/15\/devendra-banhart-torna-in-italia\/\" title=\"DEVENDRA BANHART TORNA IN ITALIA\">[&#8230;]<\/a><\/p>\n<\/div>","protected":false},"author":2,"featured_media":82948,"comment_status":"closed","ping_status":"closed","sticky":false,"template":"","format":"standard","meta":{"sfsi_plus_gutenberg_text_before_share":"","sfsi_plus_gutenberg_show_text_before_share":"","sfsi_plus_gutenberg_icon_type":"","sfsi_plus_gutenberg_icon_alignemt":"","sfsi_plus_gutenburg_max_per_row":"","footnotes":"","_links_to":"","_links_to_target":""},"categories":[5184,3],"tags":[11309],"class_list":["post-82947","post","type-post","status-publish","format-standard","has-post-thumbnail","hentry","category-calendario-concerti","category-news","tag-devendra-banhart"],"aioseo_notices":[],"_links":{"self":[{"href":"https:\/\/www.piuomenopop.it\/index.php\/wp-json\/wp\/v2\/posts\/82947","targetHints":{"allow":["GET"]}}],"collection":[{"href":"https:\/\/www.piuomenopop.it\/index.php\/wp-json\/wp\/v2\/posts"}],"about":[{"href":"https:\/\/www.piuomenopop.it\/index.php\/wp-json\/wp\/v2\/types\/post"}],"author":[{"embeddable":true,"href":"https:\/\/www.piuomenopop.it\/index.php\/wp-json\/wp\/v2\/users\/2"}],"replies":[{"embeddable":true,"href":"https:\/\/www.piuomenopop.it\/index.php\/wp-json\/wp\/v2\/comments?post=82947"}],"version-history":[{"count":2,"href":"https:\/\/www.piuomenopop.it\/index.php\/wp-json\/wp\/v2\/posts\/82947\/revisions"}],"predecessor-version":[{"id":82950,"href":"https:\/\/www.piuomenopop.it\/index.php\/wp-json\/wp\/v2\/posts\/82947\/revisions\/82950"}],"wp:featuredmedia":[{"embeddable":true,"href":"https:\/\/www.piuomenopop.it\/index.php\/wp-json\/wp\/v2\/media\/82948"}],"wp:attachment":[{"href":"https:\/\/www.piuomenopop.it\/index.php\/wp-json\/wp\/v2\/media?parent=82947"}],"wp:term":[{"taxonomy":"category","embeddable":true,"href":"https:\/\/www.piuomenopop.it\/index.php\/wp-json\/wp\/v2\/categories?post=82947"},{"taxonomy":"post_tag","embeddable":true,"href":"https:\/\/www.piuomenopop.it\/index.php\/wp-json\/wp\/v2\/tags?post=82947"}],"curies":[{"name":"wp","href":"https:\/\/api.w.org\/{rel}","templated":true}]}}