{"id":83148,"date":"2023-11-30T17:35:34","date_gmt":"2023-11-30T16:35:34","guid":{"rendered":"https:\/\/www.piuomenopop.it\/?p=83148"},"modified":"2023-11-30T17:35:34","modified_gmt":"2023-11-30T16:35:34","slug":"fotonica-domani-lanteprima-del-festival-con-le-installazioni-luminose-allaccademia-di-ungheria-e-kohlberger-live-a-cieloterra","status":"publish","type":"post","link":"https:\/\/www.piuomenopop.it\/index.php\/2023\/11\/30\/fotonica-domani-lanteprima-del-festival-con-le-installazioni-luminose-allaccademia-di-ungheria-e-kohlberger-live-a-cieloterra\/","title":{"rendered":"FOTONICA, domani l&#8217;anteprima del festival con le installazioni luminose all&#8217;Accademia di Ungheria e Kohlberger live a Cieloterra"},"content":{"rendered":"<p align=\"center\"><strong>DAL 1\u00b0 AL 10 DICEMBRE ROMA SI ILLUMINA CON\u00a0<\/strong><\/p>\n<p align=\"center\"><strong>LA VII EDIZIONE DI FOTONICA<\/strong><\/p>\n<p align=\"center\"><strong>\u00a0<\/strong><\/p>\n<p align=\"center\"><strong>IL FESTIVAL DELLA CAPITALE<\/strong>\u00a0<strong>CHE ESPLORA LE INNOVAZIONI NEL CAMPO DELLE<\/strong>\u00a0<strong>AUDIO VISUAL DIGITAL ARTS<\/strong><\/p>\n<p align=\"center\"><strong>\u00a0<\/strong><\/p>\n<p align=\"center\"><strong><u>IL 1\u00b0 DICEMBRE L\u2019ANTEPRIMA ALL\u2019<\/u><\/strong><strong><u>ACCADEMIA D\u2019UNGHERIA IN ROMA<\/u><\/strong><u><\/u><\/p>\n<p align=\"center\"><strong>CON 3 INSTALLAZIONI LUMINOSE<\/strong><\/p>\n<p align=\"center\"><strong>E A\u00a0<\/strong><strong>CIELOTERRA CON IL LIVE DI\u00a0<\/strong><strong>RAINER KOHLBERGER<\/strong><\/p>\n<p>&nbsp;<\/p>\n<p align=\"center\"><strong>DALL\u20198 AL 10 DICEMBRE<\/strong><\/p>\n<p align=\"center\"><strong>IL CUORE DELLA PROGRAMMAZIONE ALL\u2019ACQUARIO ROMANO<\/strong><\/p>\n<p align=\"center\"><strong>CON VIDEO MAPPING, INSTALLAZIONI INTERATTIVE E\u00a0<\/strong><strong>PERFORMANCE AUDIO VIDEO<\/strong><\/p>\n<p align=\"center\"><strong>\u00a0<\/strong><\/p>\n<p align=\"center\"><strong>MURCOF &amp; SERGI PALAU &#8211; OTOLAB &#8211; VERA MOLN\u00c1R &#8211; CATERINA PALAZZI &amp; KANAKA &#8211; G\u00c1BOR L\u00c1Z\u00c1R &#8211; GRAND RIVER &#8211; SABRINA RATTE\u0300\u00a0<\/strong>&#8211;\u00a0<strong>RAINER KOHLBERGER -SCHNITT &#8211; PETER BOTOS \u2013 EDOHARD<\/strong>&#8211;\u00a0<strong>METAINFERNO feat. ZALESKA + FIRE AT WORK &#8211;\u00a0ABUL MOGARD &amp; MARJA DE SANCTIS<\/strong>\u00a0&#8211;\u00a0<strong>FLXER &#8211; ANDREA SZTOJ\u00c1NOVITS<\/strong>\u00a0<strong>&#8211; VICTOR VASARELY\u00a0<\/strong><strong>\u2013<\/strong><strong>\u00a0D<\/strong><strong>\u00c1<\/strong><strong>NIEL BESNY\u0150<\/strong>&#8211;<strong>M\u00c1TY\u00c1S K\u00c1LM\u00c1N &#8211; V3RBO<\/strong><\/p>\n<p align=\"center\">\n<p align=\"center\"><strong><img loading=\"lazy\" decoding=\"async\" class=\"CToWUd a6T\" tabindex=\"0\" src=\"https:\/\/ci4.googleusercontent.com\/proxy\/BCTG_xhXGL66raKbdta7Krel3kC80U1foE4Y9xvQ5EnVBZ5dhc32jxnIzH0bkkaE7f-zDhQ9IyqMGr96wT2TIa6oP-6tdenAwkoEM6HRjw7ugmAZwJgGMIq6Z3Xzn1_8BUjlx16HCHFe5Gfmc411_X3oM6TEv1g=s0-d-e1-ft#https:\/\/gdgpress.voxmail.it\/rsp\/pvwqdx\/content\/id44093-rainer_kohlberger__1_.jpeg?_d=8AT&amp;_c=ef61c552\" width=\"796\" height=\"532\" data-bit=\"iit\" \/><\/strong><\/p>\n<p align=\"center\">\n<p style=\"text-align: center;\">\u00a0Rainer\u00a0\u00a0Kohlberger<\/p>\n<p><img loading=\"lazy\" decoding=\"async\" class=\"CToWUd a6T aligncenter\" tabindex=\"0\" src=\"https:\/\/ci3.googleusercontent.com\/proxy\/TloC5s3VdloLjEqpknP6SXmEpIIHXShmh-zEqxfB81viFmfZomMZ_UggfCLkiuuTPObAeK5MV1UVs2AijfA2j0ilWCGyNXubiXPwyNe6Dhnp-E4XxlCLSz5ZHPs3HQ=s0-d-e1-ft#https:\/\/gdgpress.voxmail.it\/rsp\/pvwqdx\/content\/nest.jpeg?_d=8AT&amp;_c=85a17f75\" width=\"768\" height=\"512\" data-bit=\"iit\" \/><\/p>\n<p style=\"text-align: center;\">Andrea\u00a0Sztoj\u00e1novits &#8211;<em>\u00a0Nest<\/em><\/p>\n<p style=\"text-align: center;\"><em>\u00a0<\/em><\/p>\n<p><img loading=\"lazy\" decoding=\"async\" class=\"CToWUd a6T aligncenter\" tabindex=\"0\" src=\"https:\/\/ci5.googleusercontent.com\/proxy\/dqAAYCLdiPg4r0mfc0eAuxIOsLMEzk3ZoTo42qYunBmdQ2U6Vr72Jsaz87gCC31pzMGptZyBhFdv06dIWhaZozGlp6HNos2yE6DSe3N8julR9cEai_nplgkQ8Zc_tP0xvG8=s0-d-e1-ft#https:\/\/gdgpress.voxmail.it\/rsp\/pvwqdx\/content\/otolab_1.jpeg?_d=8AT&amp;_c=a1d43092\" width=\"762\" height=\"420\" data-bit=\"iit\" \/><\/p>\n<p style=\"text-align: center;\">Otolab\u00a0<em>Ot-e\u00a0<\/em><\/p>\n<p><img loading=\"lazy\" decoding=\"async\" class=\"CToWUd a6T aligncenter\" tabindex=\"0\" src=\"https:\/\/ci3.googleusercontent.com\/proxy\/T_Ry-oWc07WDJGDmRuROPagIV8Z_BXJnEhuqHLOkyea4ORQnFM7cDZOdDN7KVeTzWJHskYX0zaqf52ickvdM6l0hwWK2jkflLS3BrjlznLBH8jp7sXme_ggfhKyIL1f-_9WuC6-JuG-3DprnC4lsH63WFnN7YqG3=s0-d-e1-ft#https:\/\/gdgpress.voxmail.it\/rsp\/pvwqdx\/content\/sabrina_ratte_inflorescenses_2.jpeg?_d=8AT&amp;_c=6783c6dc\" width=\"768\" height=\"576\" data-bit=\"iit\" \/><\/p>\n<p style=\"text-align: center;\">Sabrina Ratt\u00e8 _\u00a0<strong><em>Inflorescences<\/em><\/strong><\/p>\n<p>&nbsp;<\/p>\n<p>&nbsp;<\/p>\n<p><strong>Dal 1\u00b0 al 10 dicembre Roma si illumina con la VII edizione di Fotonica, il festival che torna nella Capitale all\u2019Acquario Romano, all\u2019Accademia d\u2019Ungheria in Roma\u00a0e al Cieloterra per offrire ai romani spettacolari videomapping, installazioni interattive dal forte impatto visivo e sensoriale, performance audio video e live a\/v nonch\u00e9 workshop per adulti e bambini, residenze artistiche, talk e conferenze.<\/strong><\/p>\n<p>&nbsp;<\/p>\n<p><strong>Fotonica celebra il fotone,<\/strong>\u00a0il pi\u00f9 piccolo e brillante frammento luminoso dell&#8217;universo, una particella piccolissima dall&#8217;enorme e multiforme potenza creatrice in grado di dare origine a ogni forma di luce. Un appuntamento unico nel panorama delle Audio Visual Digital Arts, che indaga su tutte quelle forme d\u2019arte in cui \u00e8 centrale l\u2019elemento della luce, presentando da anni le migliori esperienze in campo internazionale e contribuendo alla creazione di un network che raduna le pi\u00f9 importanti realt\u00e0 del settore.<\/p>\n<p>&nbsp;<\/p>\n<p>Un festival per la citt\u00e0 di Roma che si prepara ad accogliere alcuni degli artisti pi\u00f9 influenti legati alle arti audio video e digitali: dai nomi di punta dell\u2019elettronica mondiale come il visionario artista messicano\u00a0<strong>Murcof<\/strong>, o l\u2019ungherese\u00a0<strong>G\u00e1bor L\u00e1z\u00e1r<\/strong>, ai pionieri del vjing in Italia\u00a0<strong>Otolab<\/strong>, dalla canadese\u00a0<strong>Sabrina Ratt\u00e8<\/strong>, una delle pi\u00f9 promettenti e geniali artiste digitali a livello internazionale, agli ungheresi\u00a0<strong>Victor Vasarely e\u00a0P\u00e9ter\u00a0Botos, fino ad arrivare\u00a0<\/strong>a talentuose musiciste nostrane affermate nel panorama internazionale come la fuoriclasse del contrabbasso\u00a0<strong>Caterina Palazzi<\/strong>, o la compositrice, sound designer e polistrumentista italo-olandese\u00a0<strong>Grand River<\/strong>.<\/p>\n<p>&nbsp;<\/p>\n<p><strong>Si parte con alle 17:00 il 1\u00b0 dicembre dall\u2019Accademia d\u2019Ungheria in Roma con sede in\u00a0via Giulia, per l\u2019anteprima del festival con le installazioni luminose<\/strong>\u00a0co-curate dal\u00a0<strong>Light Art Museum<\/strong>\u00a0(LAM) di Budapest di due esponenti di assoluto rilievo dell\u2019arte contemporanea,\u00a0<strong>gli ungheresi Victor Vasarely &#8211;<\/strong>\u00a0figura chiave nell&#8217;arte geometrica astratta divenuta poi il movimento internazionale noto come\u00a0<em>Cinetismo\u00a0<\/em>&#8211;\u00a0\u00a0<strong>e\u00a0P\u00e9ter\u00a0<wbr \/>Botos,\u00a0<\/strong>che arriva a Roma dopo aver esposto le sue opere alla Biennale di Venezia e nei musei pi\u00f9 importanti del mondo. Al confine tra arte e scienza, la scultura di luce<strong>\u00a0<\/strong><em><strong>Virtual lighting<\/strong><\/em><em>\u00a0<\/em>di\u00a0<strong>Victor Vasarely<\/strong>\u00a0\u00e8 una\u00a0delle sue\u00a0tipiche composizioni in \u201cin continua trasformazione\u201d, un esperimento ottico basato sul contrasto tra nero e bianco creato dalle luci e dalle ombre che attraversano le sue sculture di plexiglass, per dare l&#8217;illusione di\u00a0 movimento.<\/p>\n<p>&nbsp;<\/p>\n<p>Con\u00a0<em><strong>Hommage \u00e1 Eliasson<\/strong><\/em><em>\u00a0<\/em>P\u00e9ter\u00a0Botos realizza una scultura geometrica barocca in vetro ottico rivisitando la tradizione geometrica dei primi del \u2018900 secondo i canoni dell\u2019arte minimale ed avanguardista.<\/p>\n<p>&nbsp;<\/p>\n<p>Il pubblico potr\u00e0 anche visitare la mostra in corso di una delle pioniere dell\u2019arte digitale e algoritmica, la novantanovenne ungherese\u00a0<strong>Vera Moln\u00e1r.<\/strong><\/p>\n<p>&nbsp;<\/p>\n<p>Completano il percorso le installazioni A\/V, di\u00a0<strong>Andrea Sztoj\u00e1novits\u00a0<\/strong>incentrata sul nido come simbolo della complessit\u00e0 della vita, che permette ai visitatori di dare vita a una composizione audiovisiva in 3D codificata nella tecnologia della Realt\u00e0 Aumentata utilizzando i propri cellulari,<strong>\u00a0<\/strong>e l\u2019installazione modulare audiovisiva di\u00a0<strong>Elektro Moon Vision<\/strong>\u00a0<em><strong>Cosmosonic,<\/strong><\/em><strong>\u00a0<\/strong>che utilizzando i dati scientifici forniti dalla NASA, con la collaborazione del sound artist iraniano\u00a0<strong>Ali Phi,\u00a0<\/strong>consente di immaginare i suoni nei dintorni della Terra, della Luna e del Sole e, a livello visivo, anch&#8217;essa attraverso la tecnologia della Realt\u00e0 Aumentata, permette di vedere il \u201clato oscuro della luna\u201d o gli oggetti dell\u2019orbita terrestre invisibili dalla Terra.<\/p>\n<p>&nbsp;<\/p>\n<p><strong>Ci si sposta poi a Cieloterra\u00a0<\/strong>con la A\/V performance del visual artist austriaco\u00a0<strong>Rainer Kohlberger\u00a0<\/strong>che utilizza la tecnologia della proiezione digitale in modo radicale. Attraverso impulsi e onde di pura luce, strati di rumore, droni e luci stroboscopiche l\u2019artista sovraccarica intenzionalmente l&#8217;apparato percettivo umano provocando impressioni visive che appaiono esclusivamente nell\u2019\u201cocchio dell&#8217;osservatore\u201d. Sar\u00e0 inoltre possibile vedere e sentire una selezione di A\/V performance della\u00a0<em>call\u00a0<\/em>Live Cinema Made in Italy.<\/p>\n<p>&nbsp;<\/p>\n<p><strong>Dall\u20198 al 10 dicembre si entra nel cuore della programmazione del Festival all\u2019Acquario Romano la cui facciata sar\u00e0 ridisegnata dai videomapping di Kanaka\u00a0<\/strong><strong>e\u00a0D\u00e1niel Besny\u0151\u00a0<\/strong><strong>co-curati da Inota Festival<\/strong>\u00a0e dove ogni\u00a0<strong>sera sar\u00e0 possibile intereagire con le installazioni.<\/strong><\/p>\n<p>&nbsp;<\/p>\n<p><strong>assistere a tre diverse A\/V performance altamente immersive, a cura di Live Cinema Festival che arriva quest\u2019anno alla sua decima edizione,\u00a0<\/strong>anticipate da incontri con gli stessi artisti protagonisti delle serate alle ore 20.<\/p>\n<p>&nbsp;<\/p>\n<p>Gli spazi dell\u2019Acquario Romano saranno animati dalle installazioni interattive<strong>\u00a0<\/strong>di\u00a0<strong>V3rbo,\u00a0<\/strong>artista che ha introdotto nuove regole visive celebrando il writing e indagando le sue derive mediali,<strong>\u00a0(<\/strong>le sue \u201cvideoincursioni\u201d sono state persino scelte da\u00a0<strong>Firefox\u00a0<\/strong>per la sua campagna di promozione internazionale), della canadese\u00a0<strong>Sabrina Ratt\u00e8\u00a0<\/strong>che con\u00a0<em><strong>Inflorescences\u00a0<\/strong><\/em>esplora l&#8217;emergere di forme di vita in un futuro distopico privo di esseri umani dove piante, funghi e creature sconosciute hanno subito mutazioni per esistere in simbiosi con i rifiuti elettronici; nei giardini l\u2019artista\u00a0<strong>Edohard<\/strong>\u00a0che con\u00a0<em><strong>AbitAZIONE<\/strong><\/em>, installazione immersiva di arte generativa che ha portato di recente al Fuorisalone 2023 nello Spazio di Mutuo Soccorso di San Siro, racconta l\u2019esperienza di chi vive nei quartieri popolari della citt\u00e0. Un\u2019immersione audio-visiva coinvolgente creata dall\u2019elaborazione di dati, immagini, voci e suoni raccolti tra le mura dello spazio occupato che rende lo spettatore partecipe della vita che quotidianamente lo anima. Sar\u00e0 inoltre possibile visitare\u00a0<em><strong>Fantomas &#8211; VR Arab Science Fiction<\/strong><\/em>, una mostra d&#8217;arte in\u00a0<strong>realt\u00e0 virtuale<\/strong>\u00a0dove il pubblico pu\u00f2 utilizzare visori VR per sperimentare i progetti immersivi creati dai 6 artisti partecipanti al laboratorio di 5 settimane che si \u00e8 tenuto al Cairo, frutto della collaborazione tra Flyer, il centro egiziano d\u2019arte contemporenea\u00a0<strong>Medrar<\/strong>\u00a0e il\u00a0<strong>VAF Visual Art Forum<\/strong>\u00a0di Ramallah, un&#8217;istituzione palestinese leader nel campo della cultura e delle arti visive.<\/p>\n<p>&nbsp;<\/p>\n<p><strong>Da segnalare inoltre il Talk di PAC,<\/strong>\u00a0il network di organizzazioni attive nelle performing arts contemporanee. Un approfondimento doveroso sulle tematiche della sostenibilit\u00e0 ambientale degli eventi culturali finalizzata alla pubblicazione di una ricerca sulle best-practices per gli eventi culturali per recepire le spinte pi\u00f9 significative relative alla produzione artistica contemporanea in un&#8217;ottica green.<\/p>\n<p>&nbsp;<\/p>\n<p><strong>Imperdibili le performance audio video dell\u20198 dicembre<\/strong>:\u00a0<em><strong>The Alias Sessions<\/strong><\/em>\u00a0di\u00a0<strong>Murcof\u00a0<\/strong>e\u00a0<strong>Sergi Palau,<\/strong>\u00a0\u00e8 incentrata sull\u2019ultimo disco del produttore messicano, una raccolta di opere composte per i lavori coreografici della compagnia di danza Alias. Sergi Palau ne ha creato il contenuto visivo utilizzando principalmente filmati delle esibizioni dal vivo di Alias come materiale grezzo per un\u2019ulteriore elaborazione e decostruzione, creando cos\u00ec una narrazione e una drammaturgia completamente nuove che si traducono in un&#8217;esperienza visiva surreale e onirica. Ad anticipare la serata una delle migliori venti bassiste italiane, la romana\u00a0<strong>Caterina Palazzi,\u00a0<\/strong>pi\u00f9 di 700 concerti all\u2019attivo in tutto il mondo, migliore compositrice italiana per la rivista Jazzit e<strong>\u00a0<\/strong>tra i migliori nuovi talenti nel \u201cTop Jazz\u201d di Musica Jazz. Caterina arriva a Fotonica dopo essere stata scelta a luglio 2023 da Kim Gordon, storica bassista dei Sonic Youth per aprire le date del suo tour italiano.\u00a0<strong>Insieme al visual designer Kanaka presenta\u00a0<\/strong><em><strong>Aneurysm<\/strong><\/em><strong>,<\/strong>\u00a0performance pensata come un viaggio surreale del sangue nei condotti del cervello, dove musica e le immagini, trasportano lo spettatore in un flusso sanguigno emotivo fatto di accelerazioni e frenate, ritmi scorrevoli e irregolari, vita e morte. E ancora la performance\u00a0<em><strong>Alcune Opere Raccolte<\/strong><\/em>\u00a0di\u00a0<strong>Abul Mogard,<\/strong>\u00a0alter-ego creato da\u00a0<strong>Guido Zen<\/strong>, musicista, compositore e produttore italiano di base a Roma considerato tra i maggiori artefici di musica ambient nel panorama internazionale. Pensata inizialmente come rivisitazione live dell\u2019album \u201cIn Immobile Air\u201d si \u00e8 evoluta al punto da spaziare sul repertorio del musicista degli ultimi dieci anni. Abul amalgama elementi dei suoi album ricreati utilizzando un sintetizzatore modulare e un computer mentre l&#8217;artista visiva italo brasiliana\u00a0<strong>Marja de Sanctis<\/strong>\u00a0interpreta questi suoni manipolando dal vivo immagini di dipinti open access, fotografie e video personali che riportano al suo immaginario e al suo vissuto tra terre tropicali e l\u2019Europa.<\/p>\n<p>&nbsp;<\/p>\n<p>Il<strong>\u00a09 dicembre<\/strong>\u00a0una nuova serata all\u2019insegna di grandi nomi internazionali:\u00a0<em><strong>Boundary Object\u00a0<\/strong><\/em>di\u00a0<strong>G\u00e1bor L\u00e1z\u00e1r<\/strong>\u00a0\u00e8 una raccolta di otto tracce inedite registrate in tempo reale utilizzando un&#8217;interfaccia compositiva auto progettata. Secondo album di L\u00e1z\u00e1r per l\u2019etichetta di culto di musica elettronica\u00a0<strong>Planet Mu<\/strong>, il titolo deriva dall&#8217;idea di oggetto di confine e di calcolo di come le collaborazioni possano avvenire tra gruppi di persone con diversi tipi di background. La musica prismatica, e funzionante su diversi livelli di interpretazione di G\u00e1bor fa s\u00ec che passaggi che iniziano come trance e familiari si intreccino e si trasformino in forme diverse capovolgendo le aspettative dell\u2019ascoltatore.<\/p>\n<p>&nbsp;<\/p>\n<p>Con\u00a0<em><strong>Tuning the Wind<\/strong><\/em>\u00a0l\u2019italo-olandese\u00a0<strong>Grand River,<\/strong>\u00a0pseudonimo della talentuosa compositrice e sound designer\u00a0<strong>Aim\u00e9e Portioli<\/strong>, in forte ascesa nel campo internazionale con partecipazioni nei pi\u00f9 importanti club e festival di musica elettronica, rielabora e integra le frequenze e i timbri di diversi tipi di vento, facendolo diventare uno strumento preparato. Natura e musica diventano un tutt\u2019uno, tra l&#8217;elemento naturale e lo strumento costruito dall&#8217;uomo, tra un&#8217;onda sonora e una folata di vento.<\/p>\n<p>&nbsp;<\/p>\n<p><strong>Otolab,<\/strong>\u00a0collettivo che riunisce musicisti, dj, vj, videoartisti, videomaker, web designer, grafici e architetti presenta infine\u00a0<em><strong>Ot-e<\/strong><\/em>, che sul piano musicale persegue un&#8217;evoluzione di suoni e ritmi electro di Detroit in modo incandescente e stratificato, mentre sul piano visivo accompagna l\u2019audio con pulsazioni stroboscopiche, immagini generative astratte e filmati, inducendo lo spettatore a sperimentare un&#8217;illusione pareidolitica.<\/p>\n<p>&nbsp;<\/p>\n<p><strong>L\u2019ultima giornata di festival, il 10 dicembre,\u00a0<\/strong>si apre con il workshop di\u00a0<strong>Andrea Sztoj\u00e1novits<\/strong>\u00a0sull\u2019arte performativa audiovisiva progressiva, per proseguire con l\u2019A\/V performance\u00a0<em><strong>Inferno 1911<\/strong><\/em>, del collettivo\u00a0<strong>Metainferno,<\/strong>\u00a0basata sulla reinterpretazione del film muto \u201cL\u2019inferno\u201d del 1911, realizzato con una cinepresa regalata dai fratelli Lumi\u00e8re: un vero e proprio concerto audio-visivo dove il contrabbasso dialoga con le sonorizzazioni elettroniche dei sintetizzatori modulari per fondersi con le immagini generate in tempo reale dall\u2019AI, che rappresentano il viaggio di Dante nell&#8217;Aldil\u00e0.<\/p>\n<p>&nbsp;<\/p>\n<p>La serata si chiude con\u00a0<em><strong>White Balance<\/strong><\/em>\u00a0di\u00a0<strong>Schnitt<\/strong>, il progetto di\u00a0<strong>Amelie Duchow<\/strong>, musicista sperimentale tedesca e del media artist italiano Marco Monfardini incentrato sull\u2019interazione tra audio\/video e il processo fotografico di bilanciamento del bianco. Attraversando l&#8217;arte minimale delle &#8220;immagini bianche&#8221; di Robert Ryman il duo esamina i potenziali effetti di ricezione e percezione del \u201cnon\u201d colore per eccellenza.<\/p>\n<p>&nbsp;<\/p>\n<p>Il progetto, promosso da Roma Capitale &#8211; Assessorato alla Cultura, \u00e8 vincitore dell&#8217;Avviso Pubblico biennale \u201cCulture in Movimento 2023 &#8211; 2024\u201d curato dal Dipartimento Attivit\u00e0 Culturali, realizzato in collaborazione con SIAE e con il sostegno del Ministero della Cultura &#8211; FUS Progetti Speciali nel 2023 e per il 2024 della Comunit\u00e0 Europea &#8211; Creative Europe.<\/p>\n<p>&nbsp;<\/p>\n<p>Un ringraziamento speciale per il supporto va all\u2019<strong>Accademia d\u2019Ungheria in Roma,\u00a0<\/strong>il<strong>\u00a0Forum Austriaco di\u00a0 Cultura\u00a0<\/strong>e alla<strong>\u00a0D\u00e9l\u00e9gation du Qu\u00e9bec \u00e0 Rome.<\/strong><\/p>\n<p>&nbsp;<\/p>\n<p><strong>FOTONICA \u00e8 prodotto da Flyer srl<\/strong>, che nel 2004 ha dato vita a LPM Live Performers Meeting, il pi\u00f9 grande evento del settore. Giunto alla sua venticinquesima edizione, di cui 11 a Roma e le altre, anche grazie al supporto della Comunit\u00e0 Europea, a Xalapa, Minsk, Citt\u00e0 del Messico, Cape Town, M\u00fcnster, Eindhoven e Amsterdam. Dal 2004 LPM ha ospitato oltre 4600 artisti, 2625 performance, workshop e showcases, con 72 paesi partecipanti e pi\u00f9 di 1.500.000 visitatori. FOTONICA fa parte del network AVnode, rete internazionale con oltre 60 membri che promuovono oltre 200 progetti tra festival, meeting e workshop.<\/p>\n<p>&nbsp;<\/p>\n<p>La mobilit\u00e0 sostenibile \u00e8 perfettamente garantita dal servizio pubblico in tutti i luoghi e orari anche serali dell\u2019iniziativa.<\/p>\n<p>&nbsp;<\/p>\n<p style=\"text-align: center;\"><strong>Sito web:\u00a0<u><a href=\"https:\/\/gdgpress.voxmail.it\/nl\/pvwqdx\/xahztq\/wx1ggd7\/uf\/1\/aHR0cHM6Ly9mb3RvbmljYWZlc3RpdmFsLmNvbQ?_d=8AT&amp;_c=c515b6c1\" target=\"_blank\" rel=\"noopener\" data-saferedirecturl=\"https:\/\/www.google.com\/url?q=https:\/\/gdgpress.voxmail.it\/nl\/pvwqdx\/xahztq\/wx1ggd7\/uf\/1\/aHR0cHM6Ly9mb3RvbmljYWZlc3RpdmFsLmNvbQ?_d%3D8AT%26_c%3Dc515b6c1&amp;source=gmail&amp;ust=1701446949964000&amp;usg=AOvVaw2-YXL8-R9_7voVChQLEPDV\">https:\/\/fotonicafestival.<wbr \/>com<\/a><\/u><u><\/u><\/strong><\/p>\n<p>&nbsp;<\/p>\n<p align=\"center\"><strong>Instagram:\u00a0<u><a href=\"https:\/\/gdgpress.voxmail.it\/nl\/pvwqdx\/xahztq\/wx1ggd7\/uf\/2\/aHR0cHM6Ly93d3cuaW5zdGFncmFtLmNvbS9mb3RvbmljYWZlc3RpdmFsLw?_d=8AT&amp;_c=1245a62b\" target=\"_blank\" rel=\"noopener\" data-saferedirecturl=\"https:\/\/www.google.com\/url?q=https:\/\/gdgpress.voxmail.it\/nl\/pvwqdx\/xahztq\/wx1ggd7\/uf\/2\/aHR0cHM6Ly93d3cuaW5zdGFncmFtLmNvbS9mb3RvbmljYWZlc3RpdmFsLw?_d%3D8AT%26_c%3D1245a62b&amp;source=gmail&amp;ust=1701446949964000&amp;usg=AOvVaw24oyyRFJrrzfysJcVZkp7w\">https:\/\/www.<wbr \/>instagram.com\/<wbr \/>fotonicafestival\/<\/a><\/u><u><\/u><\/strong><\/p>\n<p>&nbsp;<\/p>\n<p align=\"center\"><strong>Facebook:\u00a0<u><a href=\"https:\/\/gdgpress.voxmail.it\/nl\/pvwqdx\/xahztq\/wx1ggd7\/uf\/3\/aHR0cHM6Ly93d3cuZmFjZWJvb2suY29tL2ZvdG9uaWNhZmVzdGl2YWwv?_d=8AT&amp;_c=0e55526e\" target=\"_blank\" rel=\"noopener\" data-saferedirecturl=\"https:\/\/www.google.com\/url?q=https:\/\/gdgpress.voxmail.it\/nl\/pvwqdx\/xahztq\/wx1ggd7\/uf\/3\/aHR0cHM6Ly93d3cuZmFjZWJvb2suY29tL2ZvdG9uaWNhZmVzdGl2YWwv?_d%3D8AT%26_c%3D0e55526e&amp;source=gmail&amp;ust=1701446949964000&amp;usg=AOvVaw0qs_9aaSE8S_K1hifvQUeY\">https:\/\/www.<wbr \/>facebook.com\/fotonicafestival\/<\/a><\/u><u><\/u><\/strong><\/p>\n<p>&nbsp;<\/p>\n<p align=\"center\"><strong>Info:\u00a0<u><a href=\"https:\/\/gdgpress.voxmail.it\/nl\/pvwqdx\/xahztq\/wx1ggd7\/uf\/4\/bWFpbHRvOmluZm9AZm90b25pY2FmZXN0aXZhbC5jb20?_d=8AT&amp;_c=10a33d9e\" target=\"_blank\" rel=\"noopener\" data-saferedirecturl=\"https:\/\/www.google.com\/url?q=https:\/\/gdgpress.voxmail.it\/nl\/pvwqdx\/xahztq\/wx1ggd7\/uf\/4\/bWFpbHRvOmluZm9AZm90b25pY2FmZXN0aXZhbC5jb20?_d%3D8AT%26_c%3D10a33d9e&amp;source=gmail&amp;ust=1701446949964000&amp;usg=AOvVaw3CD3TJYj9K3WbXfkZbtOC2\">info@fotonicafestival.<wbr \/>com<\/a><\/u>\u00a0 Tel: 06 78147301<\/strong><\/p>\n<p>&nbsp;<\/p>\n<p>&nbsp;<\/p>\n<p>&nbsp;<\/p>\n<p><strong>PROGRAMMA<\/strong><\/p>\n<p>&nbsp;<\/p>\n<p>&nbsp;<\/p>\n<h2 style=\"text-align: center;\">39 artisti da Austria, Brazil, Canada, Egitto, Germania, Ungheria, Italia, Messico, Olanda, Palestina, Polonia, Regno Unito e Spagna con:<\/h2>\n<p>&nbsp;<\/p>\n<p>&nbsp;<\/p>\n<p>&nbsp;<\/p>\n<p>\u25cf\u00a0\u00a0\u00a0\u00a0\u00a0 AV Performance: 10<\/p>\n<p>&nbsp;<\/p>\n<p>&nbsp;<\/p>\n<p>&nbsp;<\/p>\n<p>\u25cf\u00a0\u00a0\u00a0\u00a0\u00a0 AV Installation: 5<\/p>\n<p>&nbsp;<\/p>\n<p>&nbsp;<\/p>\n<p>&nbsp;<\/p>\n<p>\u25cf\u00a0\u00a0\u00a0\u00a0\u00a0 AR Installation: 3<\/p>\n<p>&nbsp;<\/p>\n<p>&nbsp;<\/p>\n<p>&nbsp;<\/p>\n<p>\u25cf\u00a0\u00a0\u00a0\u00a0\u00a0 Lights Installation: 2<\/p>\n<p>&nbsp;<\/p>\n<p>&nbsp;<\/p>\n<p>&nbsp;<\/p>\n<p>\u25cf\u00a0\u00a0\u00a0\u00a0\u00a0 Videomapping: 2<\/p>\n<p>&nbsp;<\/p>\n<p>&nbsp;<\/p>\n<p>&nbsp;<\/p>\n<p>\u25cf\u00a0\u00a0\u00a0\u00a0\u00a0 Lecture: 1<\/p>\n<p>&nbsp;<\/p>\n<p>&nbsp;<\/p>\n<p>&nbsp;<\/p>\n<p>\u25cf\u00a0\u00a0\u00a0\u00a0\u00a0 Talk: 5<\/p>\n<p>&nbsp;<\/p>\n<p>&nbsp;<\/p>\n<p>&nbsp;<\/p>\n<p>\u25cf\u00a0\u00a0\u00a0\u00a0\u00a0 Workshop: 2<\/p>\n<p>&nbsp;<\/p>\n<p>&nbsp;<\/p>\n<p>&nbsp;<\/p>\n<p>\u25cf\u00a0\u00a0\u00a0\u00a0\u00a0 Residenza Artistica: 1<\/p>\n<p>&nbsp;<\/p>\n<p>&nbsp;<\/p>\n<p>&nbsp;<\/p>\n<p>&nbsp;<\/p>\n<p>&nbsp;<\/p>\n<p>&nbsp;<\/p>\n<p>&nbsp;<\/p>\n<h2><strong>VENERD\u00cc 1 &gt; DOMENICA 10<\/strong>\u00a0|\u00a0Dal luned\u00ec al venerd\u00ec 09:30 &gt; 19:30\u00a0|Nel weekend 11.00- 19.30\u00a0<strong>FREE<\/strong><\/h2>\n<p>&nbsp;<\/p>\n<p>&nbsp;<\/p>\n<p>&nbsp;<\/p>\n<h3>Accademia d\u2019Ungheria in Roma<\/h3>\n<p>&nbsp;<\/p>\n<p>&nbsp;<\/p>\n<p>&nbsp;<\/p>\n<p><strong>Virtual lighting<\/strong>\u00a0| Lights Installation |<strong>\u00a0Victor Vasarely<\/strong><\/p>\n<p>&nbsp;<\/p>\n<p>&nbsp;<\/p>\n<p>&nbsp;<\/p>\n<p><strong>Hommage \u00e1 Eliasson<\/strong>\u00a0| Lights Installation |\u00a0<strong>P\u00e9ter\u00a0<\/strong><strong>Botos<\/strong><\/p>\n<p>&nbsp;<\/p>\n<p>&nbsp;<\/p>\n<p>&nbsp;<\/p>\n<p><strong>Variazioni Ic\u00f4ne<\/strong>\u00a0| Installation |\u00a0<strong>Vera Moln\u00e1r<\/strong><\/p>\n<p>&nbsp;<\/p>\n<p>&nbsp;<\/p>\n<p>&nbsp;<\/p>\n<p><strong>CosmoSonic<\/strong>\u00a0| VR Installation |\u00a0<strong>Elektro Moon Vision<\/strong><\/p>\n<p>&nbsp;<\/p>\n<p>&nbsp;<\/p>\n<p>&nbsp;<\/p>\n<p><strong>Nest<\/strong>\u00a0| VR Installation |\u00a0<strong>Andrea Sztoj\u00e1novits<\/strong><\/p>\n<p>&nbsp;<\/p>\n<p>&nbsp;<\/p>\n<p>&nbsp;<\/p>\n<div align=\"center\">\n<hr align=\"center\" size=\"1\" width=\"100%\" \/>\n<\/div>\n<p>&nbsp;<\/p>\n<p>&nbsp;<\/p>\n<p>&nbsp;<\/p>\n<h2><strong>VENERD\u00cc 8 &#8211; SABATO 9 &#8211; DOMENICA 10<\/strong>\u00a0| 21:00 &gt; 01:00 |\u00a0<strong>FREE<\/strong><\/h2>\n<p>&nbsp;<\/p>\n<p>&nbsp;<\/p>\n<p>&nbsp;<\/p>\n<h3>Acquario Romano<\/h3>\n<p>&nbsp;<\/p>\n<p>&nbsp;<\/p>\n<p>&nbsp;<\/p>\n<p><strong>Inflorescences<\/strong>\u00a0| AV Installation |\u00a0<strong>Sabrina Ratte\u0300<\/strong><strong><br \/>\nXYZ \u2013 Passaggi formali<\/strong>\u00a0| VR Installation |\u00a0<strong>V3rbo<\/strong><br \/>\n<strong>AbitAZIONE<\/strong>\u00a0| AV Installation |\u00a0<strong>EDOHARD<\/strong><br \/>\n<strong>Fantomas \u2013 VR Arab Science Fiction<\/strong>\u00a0| VR Installation |\u00a0<strong>Mena Safwat + Sara Ayman + \u00a0\u00a0\u00a0 Hafez Hamdallah + Tl\u00f6n + Amr Ali + Ahmed Aiuby + Fahed Sayej<\/strong><\/p>\n<p>&nbsp;<\/p>\n<p>&nbsp;<\/p>\n<p>&nbsp;<\/p>\n<p><strong>HydroPhoton<\/strong>\u00a0| Videomapping |\u00a0<strong>Kanaka<\/strong><br \/>\n<strong>Inota Coal<\/strong>\u00a0| Videomapping |\u00a0<strong>D\u00e1niel Besny\u0151\u00a0<\/strong><strong>+ M\u00e1ty\u00e1s K\u00e1lm\u00e1n<\/strong><\/p>\n<p>&nbsp;<\/p>\n<p>&nbsp;<\/p>\n<p>&nbsp;<\/p>\n<div align=\"center\">\n<hr align=\"center\" size=\"1\" width=\"100%\" \/>\n<\/div>\n<p>&nbsp;<\/p>\n<p>&nbsp;<\/p>\n<p>&nbsp;<\/p>\n<h2><strong>VENERD\u00cc 1<\/strong>\u00a0| 20:00 &gt; 23:00 |\u00a0<strong>OPENING 10 \u20ac +DP<\/strong><\/h2>\n<p>&nbsp;<\/p>\n<p>&nbsp;<\/p>\n<p>&nbsp;<\/p>\n<h3>Cieloterra<\/h3>\n<p>&nbsp;<\/p>\n<p>&nbsp;<\/p>\n<p>&nbsp;<\/p>\n<p>20:00 &gt; 20:45 |\u00a0<strong>Meet the Artists 2023 #1<\/strong>\u00a0| Talk<br \/>\n21:00 &gt; 21:45 |\u00a0<strong>Live Cinema Made in Italy 2023<\/strong><\/p>\n<p>&nbsp;<\/p>\n<p>&nbsp;<\/p>\n<p>&nbsp;<\/p>\n<p>22:00 &gt; 22:45 |\u00a0<strong>Brainbows<\/strong>\u00a0| AV Performance |\u00a0<strong>Rainer Kohlberger<\/strong><\/p>\n<p>&nbsp;<\/p>\n<p>&nbsp;<\/p>\n<p>&nbsp;<\/p>\n<div align=\"center\">\n<hr align=\"center\" size=\"1\" width=\"100%\" \/>\n<\/div>\n<p>&nbsp;<\/p>\n<p>&nbsp;<\/p>\n<p>&nbsp;<\/p>\n<h2><strong>VENERD\u00cc 8<\/strong>\u00a0| 19:00 &gt; 23:45 |\u00a0<strong>PRENOTAZIONE OBBLIGATORIA<\/strong><\/h2>\n<p>&nbsp;<\/p>\n<p>&nbsp;<\/p>\n<p>&nbsp;<\/p>\n<h3>Acquario Romano<\/h3>\n<p>&nbsp;<\/p>\n<p>&nbsp;<\/p>\n<p>&nbsp;<\/p>\n<p>20:00 &gt; 20:45 |\u00a0<strong>Meet the Artists 2023 #2<\/strong><\/p>\n<p>&nbsp;<\/p>\n<p>&nbsp;<\/p>\n<p>&nbsp;<\/p>\n<p>21:00 &gt; 21:45 |\u00a0<strong>Aneurysm<\/strong>\u00a0| AV Performance |\u00a0<strong>Caterina Palazzi<\/strong><\/p>\n<p>&nbsp;<\/p>\n<p>&nbsp;<\/p>\n<p>&nbsp;<\/p>\n<p>22:00 &gt; 22:45 |\u00a0<strong>Alcune opere raccolte<\/strong>\u00a0| AV Performance |\u00a0<strong>Abul Mogard+Marja de Sanctis<\/strong><\/p>\n<p>&nbsp;<\/p>\n<p>&nbsp;<\/p>\n<p>&nbsp;<\/p>\n<p>23:00 &gt; 23:45 |<strong>\u00a0The Alias Sessions<\/strong>\u00a0| AV Performance |\u00a0<strong>Murcof + Sergi Palau<\/strong><\/p>\n<p>&nbsp;<\/p>\n<p>&nbsp;<\/p>\n<p>&nbsp;<\/p>\n<div align=\"center\">\n<hr align=\"center\" size=\"1\" width=\"100%\" \/>\n<\/div>\n<p>&nbsp;<\/p>\n<p>&nbsp;<\/p>\n<p>&nbsp;<\/p>\n<h2><strong>SABATO 9<\/strong>\u00a0| 19:00 &gt; 23:45 |\u00a0<strong>PRENOTAZIONE OBBLIGATORIA<\/strong><\/h2>\n<p>&nbsp;<\/p>\n<p>&nbsp;<\/p>\n<p>&nbsp;<\/p>\n<h3>Acquario Romano<\/h3>\n<p>&nbsp;<\/p>\n<p>&nbsp;<\/p>\n<p>&nbsp;<\/p>\n<p>19:00 &gt; 20:00 |\u00a0<strong>Eventi culturali, azioni a tutela della sostenibilit\u00e0 ambientale<\/strong>\u00a0| Talk |\u00a0<strong>PAC<\/strong><br \/>\n20:00 &gt; 20:45 |\u00a0<strong>Meet the Artists 2023 #2<\/strong><\/p>\n<p>&nbsp;<\/p>\n<p>&nbsp;<\/p>\n<p>&nbsp;<\/p>\n<p>21:00 &gt; 21:45 |\u00a0<strong>Tuning The Wind<\/strong>\u00a0| AV Performance |\u00a0<strong>Grand River<\/strong><\/p>\n<p>&nbsp;<\/p>\n<p>&nbsp;<\/p>\n<p>&nbsp;<\/p>\n<p>22:00 &gt; 22:45 |\u00a0<strong>O-TE<\/strong>\u00a0| AV Performance |\u00a0<strong>Otolab<\/strong><\/p>\n<p>&nbsp;<\/p>\n<p>&nbsp;<\/p>\n<p>&nbsp;<\/p>\n<p>23:00 &gt; 23:45 |\u00a0<strong>Boundary Object<\/strong>\u00a0| AV Performance |\u00a0<strong>G\u00e1bor L\u00e1z\u00e1r<\/strong><\/p>\n<p>&nbsp;<\/p>\n<p>&nbsp;<\/p>\n<p>&nbsp;<\/p>\n<div align=\"center\">\n<hr align=\"center\" size=\"1\" width=\"100%\" \/>\n<\/div>\n<p>&nbsp;<\/p>\n<p>&nbsp;<\/p>\n<p>&nbsp;<\/p>\n<h2><strong>DOMENICA 10<\/strong>\u00a0| 19:00 &gt; 23:45 |\u00a0<strong>PRENOTAZIONE OBBLIGATORIA<\/strong><\/h2>\n<p>&nbsp;<\/p>\n<p>&nbsp;<\/p>\n<p>&nbsp;<\/p>\n<h3>Acquario Romano<\/h3>\n<p>&nbsp;<\/p>\n<p>&nbsp;<\/p>\n<p>&nbsp;<\/p>\n<p>20:00 &gt; 20:45 |\u00a0<strong>Audiovisual performance methods<\/strong>\u00a0| Lecture |\u00a0<strong>Andrea Sztoj\u00e1novits<\/strong><br \/>\n21:00 &gt; 21:45 |\u00a0<strong>Meet the Artists 2023 #4<\/strong>\u00a0| Talk<\/p>\n<p>&nbsp;<\/p>\n<p>&nbsp;<\/p>\n<p>&nbsp;<\/p>\n<p>22:00 &gt; 22:45 |\u00a0<strong>Live Cinema Made In Italy 2023<\/strong>\u00a0| AV Performance<\/p>\n<p>&nbsp;<\/p>\n<p>&nbsp;<\/p>\n<p>&nbsp;<\/p>\n<p>23:00 &gt; 23:45 |\u00a0<strong>Inferno 1911<\/strong>\u00a0| AV Performance |\u00a0<strong>Metainferno feat. Zaleska + Fire at Work<\/strong><\/p>\n<p>&nbsp;<\/p>\n<p>&nbsp;<\/p>\n<p>&nbsp;<\/p>\n<p>00:00 &gt; 00:45 |\u00a0<strong>White balance<\/strong>\u00a0| AV Performance |\u00a0<strong>Schnitt<\/strong><\/p>\n<p>&nbsp;<\/p>\n<p>&nbsp;<\/p>\n<p>&nbsp;<\/p>\n<div align=\"center\">\n<hr align=\"center\" size=\"1\" width=\"100%\" \/>\n<\/div>\n<p>&nbsp;<\/p>\n<p>&nbsp;<\/p>\n<p>&nbsp;<\/p>\n<h2><strong>DOMENICA 3\u00a0<\/strong>| 18:00 &gt; 20:00 |\u00a0<strong>PRENOTAZIONE OBBLIGATORIA<\/strong><\/h2>\n<p>&nbsp;<\/p>\n<p>&nbsp;<\/p>\n<p>&nbsp;<\/p>\n<h3>FUSOLAB 2.0<\/h3>\n<p>&nbsp;<\/p>\n<p>&nbsp;<\/p>\n<p>&nbsp;<\/p>\n<p><strong>Video Mapping for kids<\/strong>\u00a0| Workshop |\u00a0<strong>FLxER<\/strong><\/p>\n<p>&nbsp;<\/p>\n<p>&nbsp;<\/p>\n<p>&nbsp;<\/p>\n<div align=\"center\">\n<hr align=\"center\" size=\"1\" width=\"100%\" \/>\n<\/div>\n<p>&nbsp;<\/p>\n<p>&nbsp;<\/p>\n<p>&nbsp;<\/p>\n<h2><strong>LUNED\u00cc 27 &gt; VENERD\u00cc 1<\/strong>\u00a0| 10:00 &gt; 19:00<strong>\u00a0| 150 \u20ac + DP<\/strong><\/h2>\n<p>&nbsp;<\/p>\n<p>&nbsp;<\/p>\n<p>&nbsp;<\/p>\n<h3>Flyer New Media<\/h3>\n<p>&nbsp;<\/p>\n<p>&nbsp;<\/p>\n<p>&nbsp;<\/p>\n<p><strong>Videomapping<\/strong>\u00a0| Artistic Residency |\u00a0<strong>FLxER<\/strong><\/p>\n<p>&nbsp;<\/p>\n<p>&nbsp;<\/p>\n<p>&nbsp;<\/p>\n<div align=\"center\">\n<hr align=\"center\" size=\"1\" width=\"100%\" \/>\n<\/div>\n<p>&nbsp;<\/p>\n<p>&nbsp;<\/p>\n<p>&nbsp;<\/p>\n<h2><strong>MARTED\u00cc 28 &gt; LUNED\u00cc 29<\/strong>\u00a0| 09:30 &gt; 19:30 |\u00a0<strong>SOLD OUT<\/strong><\/h2>\n<p>&nbsp;<\/p>\n<p>&nbsp;<\/p>\n<p>&nbsp;<\/p>\n<h3>NABA<\/h3>\n<p>&nbsp;<\/p>\n<p>&nbsp;<\/p>\n<p>&nbsp;<\/p>\n<p><strong>Creating Dynamic Visuals and Soundscapes with Digital Tools for AV installation<\/strong>\u00a0Workshop |\u00a0<strong>Elektro Moon Vision<\/strong><\/p>\n<p>&nbsp;<\/p>\n<p>&nbsp;<\/p>\n<p>&nbsp;<\/p>\n<p><strong>\u00a0<\/strong><\/p>\n<p>&nbsp;<\/p>\n<p>&nbsp;<\/p>\n<p>&nbsp;<\/p>\n<p><strong>INFO:\u00a0<\/strong><\/p>\n<p>&nbsp;<\/p>\n<p>&nbsp;<\/p>\n<p>&nbsp;<\/p>\n<p>L\u2019<strong>Acquario Romano<\/strong>\u00a0\u00e8 facilmente raggiungibile (tenendo presente come riferimento la Stazione Termini) tramite i pi\u00f9 diffusi mezzi pubblici:<\/p>\n<p>&nbsp;<\/p>\n<p>&nbsp;<\/p>\n<p>&nbsp;<\/p>\n<p>&#8211; Metropolitana linea A e B (fermata \u201cTermini\u201d)<\/p>\n<p>&nbsp;<\/p>\n<p>&nbsp;<\/p>\n<p>&nbsp;<\/p>\n<p>&#8211; Autobus: diverse linee fanno capolinea proprio nel piazzale antistante la Stazione Termini<\/p>\n<p>&nbsp;<\/p>\n<p>&nbsp;<\/p>\n<p>&nbsp;<\/p>\n<p>&#8211; I binari 23 e 24 sono adibiti al Leonardo Express, linea diretta con l\u2019aeroporto di Fiumicino<\/p>\n<p>&nbsp;<\/p>\n<p>&nbsp;<\/p>\n<p>&nbsp;<\/p>\n<p><strong>Naba<\/strong>\u00a0: Metro B Garbatella a 200mt<\/p>\n<p>&nbsp;<\/p>\n<p>&nbsp;<\/p>\n<p>&nbsp;<\/p>\n<p><strong>Fusolab 2.0<\/strong>: Metro C Alessandrino a 300mt<\/p>\n<p>&nbsp;<\/p>\n<p>&nbsp;<\/p>\n<p>&nbsp;<\/p>\n<p><strong>Flyer<\/strong>: Tram 19 Tram 3, 1 km da Stazione Termini, Metro Policlinico 500mt<\/p>\n<p>&nbsp;<\/p>\n<p>&nbsp;<\/p>\n<p>&nbsp;<\/p>\n<p><strong>Cieloterra<\/strong>: Bus: 409, 545, A60, n409 a 20mt<\/p>\n","protected":false},"excerpt":{"rendered":"<div class=\"mh-excerpt\"><p>DAL 1\u00b0 AL 10 DICEMBRE ROMA SI ILLUMINA CON\u00a0 LA VII EDIZIONE DI FOTONICA \u00a0 IL FESTIVAL DELLA CAPITALE\u00a0CHE ESPLORA LE INNOVAZIONI NEL CAMPO DELLE\u00a0AUDIO <a class=\"mh-excerpt-more\" href=\"https:\/\/www.piuomenopop.it\/index.php\/2023\/11\/30\/fotonica-domani-lanteprima-del-festival-con-le-installazioni-luminose-allaccademia-di-ungheria-e-kohlberger-live-a-cieloterra\/\" title=\"FOTONICA, domani l&#8217;anteprima del festival con le installazioni luminose all&#8217;Accademia di Ungheria e Kohlberger live a Cieloterra\">[&#8230;]<\/a><\/p>\n<\/div>","protected":false},"author":2,"featured_media":83149,"comment_status":"closed","ping_status":"closed","sticky":false,"template":"","format":"standard","meta":{"sfsi_plus_gutenberg_text_before_share":"","sfsi_plus_gutenberg_show_text_before_share":"","sfsi_plus_gutenberg_icon_type":"","sfsi_plus_gutenberg_icon_alignemt":"","sfsi_plus_gutenburg_max_per_row":"","footnotes":"","_links_to":"","_links_to_target":""},"categories":[3],"tags":[13827],"class_list":["post-83148","post","type-post","status-publish","format-standard","has-post-thumbnail","hentry","category-news","tag-fotonica"],"aioseo_notices":[],"_links":{"self":[{"href":"https:\/\/www.piuomenopop.it\/index.php\/wp-json\/wp\/v2\/posts\/83148","targetHints":{"allow":["GET"]}}],"collection":[{"href":"https:\/\/www.piuomenopop.it\/index.php\/wp-json\/wp\/v2\/posts"}],"about":[{"href":"https:\/\/www.piuomenopop.it\/index.php\/wp-json\/wp\/v2\/types\/post"}],"author":[{"embeddable":true,"href":"https:\/\/www.piuomenopop.it\/index.php\/wp-json\/wp\/v2\/users\/2"}],"replies":[{"embeddable":true,"href":"https:\/\/www.piuomenopop.it\/index.php\/wp-json\/wp\/v2\/comments?post=83148"}],"version-history":[{"count":1,"href":"https:\/\/www.piuomenopop.it\/index.php\/wp-json\/wp\/v2\/posts\/83148\/revisions"}],"predecessor-version":[{"id":83150,"href":"https:\/\/www.piuomenopop.it\/index.php\/wp-json\/wp\/v2\/posts\/83148\/revisions\/83150"}],"wp:featuredmedia":[{"embeddable":true,"href":"https:\/\/www.piuomenopop.it\/index.php\/wp-json\/wp\/v2\/media\/83149"}],"wp:attachment":[{"href":"https:\/\/www.piuomenopop.it\/index.php\/wp-json\/wp\/v2\/media?parent=83148"}],"wp:term":[{"taxonomy":"category","embeddable":true,"href":"https:\/\/www.piuomenopop.it\/index.php\/wp-json\/wp\/v2\/categories?post=83148"},{"taxonomy":"post_tag","embeddable":true,"href":"https:\/\/www.piuomenopop.it\/index.php\/wp-json\/wp\/v2\/tags?post=83148"}],"curies":[{"name":"wp","href":"https:\/\/api.w.org\/{rel}","templated":true}]}}