{"id":83288,"date":"2023-12-09T10:55:51","date_gmt":"2023-12-09T09:55:51","guid":{"rendered":"https:\/\/www.piuomenopop.it\/?p=83288"},"modified":"2023-12-09T10:55:51","modified_gmt":"2023-12-09T09:55:51","slug":"daniela-pes-annunciate-le-nuove-date-del-club-tour-di-spira-lesordio-folgorante-targa-tenco-2023-live-in-italia-ed-europa","status":"publish","type":"post","link":"https:\/\/www.piuomenopop.it\/index.php\/2023\/12\/09\/daniela-pes-annunciate-le-nuove-date-del-club-tour-di-spira-lesordio-folgorante-targa-tenco-2023-live-in-italia-ed-europa\/","title":{"rendered":"DANIELA PES: annunciate le nuove date del club tour di Spira, l&#8217;esordio folgorante Targa Tenco 2023. Live in Italia ed Europa"},"content":{"rendered":"<p align=\"center\"><strong><u>\u00a0<\/u><\/strong><strong><u>DANIELA PES<\/u><\/strong><\/p>\n<p align=\"center\"><strong><em>Spira tour<\/em><\/strong><\/p>\n<p align=\"center\"><strong>Annunciate le nuove date del club tour di\u00a0<em>Spira<\/em><\/strong><\/p>\n<p align=\"center\"><strong>Dopo le prime tappe nei club, pi\u00f9 di 30 date estive e un successo di critica e pubblico, il tour prosegue in giro per l\u2019Italia e l\u2019Europa<\/strong><\/p>\n<p align=\"center\">\n<p align=\"center\"><strong>08.12 Mestre (VE) &#8211; youTHeater \/ Teatro del Parco SOLD OUT<\/strong><strong><br \/>\n12.12 Roma &#8211; Qube \/ MArteLive NEW<br \/>\n15.12 Ravenna &#8211; Passatelli in Bronson<br \/>\n18.12 Avellino &#8211; Cripta del Duomo (solo) NEW &#8211; SOLD OUT<br \/>\n20.12 Napoli &#8211; Auditorium Novecento NEW<br \/>\n21.12 Bari &#8211; Officina degli Esordi \/ Muse 2023<br \/>\n22.12 Taranto &#8211; Mercato Nuovo \/ Muse 2023<br \/>\n23.12 Lecce &#8211; Officine Cantelmo<br \/>\n03.01 Catania &#8211; Zo<br \/>\n04.01 Palermo &#8211; I Candelai<br \/>\n06.01 Capua (CE) &#8211; Teatro Ricciardi NEW<br \/>\n12.01 Terni &#8211; CAOS \/ Degustazioni Musicali NEW<br \/>\n13.01 Pesaro &#8211; Teatro Sperimentale NEW<br \/>\n17.01 Groningen (NLD) &#8211; Eurosonic NEW<br \/>\n26.01 Cagliari &#8211; Fabrik NEW<br \/>\n27.01 Alghero (SS) &#8211; Teatro Civico NEW<br \/>\n23.02 Ljubljana (SVN) &#8211; MENT NEW<\/strong><\/p>\n<p align=\"center\">\n<p>Prosegue il tour di\u00a0<em>Spira<\/em>, l\u2019album d\u2019esordio di Daniela Pes, Premio Tenco come Miglior opera prima e un successo di critica e pubblico che l\u2019ha portata in giro per l\u2019Italia collezionando sold out con oltre 40 date tra club e festival.\u00a0<strong>Tra le 10 nuove tappe<\/strong>\u00a0che si aggiungono al tour,\u00a0<strong>due quelle europee<\/strong>: l\u2019<strong>Eurosonic di Groningen (Paesi Bassi) e\u00a0<\/strong>il\u00a0<strong>Ment di Ljubljana (Slovenia).<\/strong><\/p>\n<p>Questi i prossimi live annunciati:\u00a0<strong>12 dicembre Qube\/Marte Live (Roma), 18 dicembre Cripta del Duomo (Avellino), 20 dicembre Auditorium Novecento (Napoli), 21 dicembre Officina degli Esordi\/Muse (Bari), 22 dicembre Mercato Nuovo\/Muse (Taranto),\u00a0 6 gennaio Teatro Ricciardi (Capua), 12 gennaio\u00a0<\/strong><strong>CAOS\/Degustazioni Musicali (Terni), 13 gennaio Teatro Sperimentale (Pesaro), 17 gennaio Eurosonic (Groningen, Paesi Bassi), 26 gennaio Fabrik (Cagliari), 27 gennaio Teatro Civico (Alghero), 23 febbraio Ment (<\/strong><strong>Ljubljana, Slovenia).<\/strong><\/p>\n<p>&nbsp;<\/p>\n<p><em>\u00abIl miglior debutto italiano del 2023 [\u2026] una voce personale che sa intrappolare sussurri\u00bb\u00a0<\/em>(Internazionale),\u00a0<em>\u00abUn disco unico nel panorama italico\u00bb\u00a0<\/em>(Alias, Il Manifesto),\u00a0<em>\u00abQualcosa di diverso, un disco bello e misterioso\u00bb\u00a0<\/em>(Rolling Stone),\u00a0<em>\u00abDaniela Pes \u00e8 una musica a cui abbandonarsi\u00bb\u00a0<\/em>(Corriere della Sera),\u00a0<em>\u00ab<\/em><em>Un disco multiforme, zeppo di ricongiungimenti tra mondi primitivi e l\u2019era contemporanea<\/em><em>\u00bb<\/em><em>\u00a0<\/em>(Ondarock).<\/p>\n<p>&nbsp;<\/p>\n<p>Gi\u00e0 vincitrice nel 2017 del prestigioso\u00a0<strong>premio Andrea Parodi,\u00a0<\/strong>dei premi<strong>\u00a0Nuovoimaie<\/strong>\u00a0(2017 e 2018) e\u00a0<strong>SIAE\u00a0<\/strong>miglior musica nell\u2019ambito di\u00a0<strong>Musicultura<\/strong>, Daniela Pes \u00e8 tra le personalit\u00e0 pi\u00f9 interessanti della scena attuale. Sette tracce compongono un album tra\u00a0<strong>elegante e oscura elettronica<\/strong>\u00a0dai beat a tratti galoppanti e\u00a0<strong>ambient dal respiro cosmico\u00a0<\/strong>avvolti dal canto di un\u2019artista dal talento multiforme, votata alla\u00a0<strong>destrutturazione della forma canzone<\/strong>\u00a0e alla\u00a0<strong>decostruzione della lingua<\/strong>\u00a0per creare\u00a0<strong>un mondo sonoro esoterico<\/strong>\u00a0in cui\u00a0<strong>l\u2019arcaico, il contemporaneo e il futuribile si avviluppano l\u2019un l\u2019altro<\/strong>\u00a0come nella danza gravitazionale di due galassie in procinto di fondersi.<\/p>\n<p>Classe 1992, nata in Gallura, una formazione jazzistica alle spalle che le consente una assoluta libert\u00e0 compositiva, Daniela Pes utilizza la<strong>\u00a0voce come strumento\u00a0<\/strong>cantando in una lingua fatta di antiche parole galluresi, frammenti di termini italiani, vocaboli totalmente inventati: molecole organiche di una lingua inedita in cui i versi sono\u00a0<strong>svincolati dalla metrica<\/strong>\u00a0e le parole non sono veicolo di un concetto, bens\u00ec\u00a0<strong>puro suono<\/strong>, come grani di un rosario fonetico articolato,\u00a0<strong>inaccessibile dal punto vista razionale ma inebriante dal punto di vista emotivo<\/strong>.<\/p>\n<p><strong>Lunare e misterica<\/strong>, Daniela Pes accede dunque alla dimensione primordiale del linguaggio per definire un nuovo archetipo di comunicazione.\u00a0<strong>Enigmatica come un oracolo greco<\/strong>, trasporta chi la ascolta nei meandri di un\u2019iniziazione, dominati dalla\u00a0<strong>fascinazione per gli aspetti magici della musica<\/strong>. Composte alla chitarra, al pianoforte e con il software Ableton nell\u2019arco di tre anni \u2013 un periodo di tempo in cui si \u00e8 sviluppato un profondo e costante confronto con IOSONOUNCANE \u2013 le sette tracce di Spira si sviluppano come flussi sonori pi\u00f9 che come brani e<em>\u00a0<\/em>sembrano disegnare la musica di\u00a0<strong>un rituale sciamanico.<\/strong><\/p>\n<p>Prodotto da\u00a0<strong>IOSONOUNCANE,\u00a0<em>Spira\u00a0<\/em><\/strong>\u00e8 uscito il 14 aprile per Tanca Records su vinile e su tutte le piattaforme digitali. Il tour \u00e8 prodotto da Panico Concerti.<\/p>\n<p>&nbsp;<\/p>\n<p><strong><u>BIO<\/u><\/strong><\/p>\n<p>&nbsp;<\/p>\n<p>Daniela Pes \u00e8 una musicista e cantautrice sarda nata nel cuore della Gallura nel 1992,\u00a0<strong>vincitrice nel 2023 della Targa Tenco come Miglior Opera<\/strong>\u00a0<strong>prima<\/strong>\u00a0con il suo album d\u2019esordio Spira, uscito il 14 aprile per Tanca Records. La sua voce e la sua musica sfuggono alle classificazioni e ai contenitori predeterminati. Daniela Pes \u00e8 immersa nel flusso della musica come cantante, come strumentista, come musicista elettronica. Il suo \u00e8 un talento multiforme. Arriva infatti al debutto con un curriculum che include una laurea in Canto Jazz al Conservatorio di Sassari e una borsa di studio ai Seminari Estivi di Nuoro Jazz diretti da Paolo Fresu, che la porta a esibirsi a Time in Jazz e all&#8217;Harp Festival di Rio de Janeiro. Completano il quadro il prestigioso\u00a0<strong>premio Andrea Parodi nel 2017<\/strong>\u00a0(dove vince il premio della critica, giuria internazionale, miglior musica e miglior arrangiamento) e\u00a0<strong>il premio miglior musica e il premio Nuovoimaie a Musicultura nel 2018.<\/strong><\/p>\n","protected":false},"excerpt":{"rendered":"<div class=\"mh-excerpt\"><p>\u00a0DANIELA PES Spira tour Annunciate le nuove date del club tour di\u00a0Spira Dopo le prime tappe nei club, pi\u00f9 di 30 date estive e un <a class=\"mh-excerpt-more\" href=\"https:\/\/www.piuomenopop.it\/index.php\/2023\/12\/09\/daniela-pes-annunciate-le-nuove-date-del-club-tour-di-spira-lesordio-folgorante-targa-tenco-2023-live-in-italia-ed-europa\/\" title=\"DANIELA PES: annunciate le nuove date del club tour di Spira, l&#8217;esordio folgorante Targa Tenco 2023. Live in Italia ed Europa\">[&#8230;]<\/a><\/p>\n<\/div>","protected":false},"author":2,"featured_media":79090,"comment_status":"closed","ping_status":"closed","sticky":false,"template":"","format":"standard","meta":{"sfsi_plus_gutenberg_text_before_share":"","sfsi_plus_gutenberg_show_text_before_share":"","sfsi_plus_gutenberg_icon_type":"","sfsi_plus_gutenberg_icon_alignemt":"","sfsi_plus_gutenburg_max_per_row":"","footnotes":"","_links_to":"","_links_to_target":""},"categories":[5184,3],"tags":[13473],"class_list":["post-83288","post","type-post","status-publish","format-standard","has-post-thumbnail","hentry","category-calendario-concerti","category-news","tag-daniela-pes"],"aioseo_notices":[],"_links":{"self":[{"href":"https:\/\/www.piuomenopop.it\/index.php\/wp-json\/wp\/v2\/posts\/83288","targetHints":{"allow":["GET"]}}],"collection":[{"href":"https:\/\/www.piuomenopop.it\/index.php\/wp-json\/wp\/v2\/posts"}],"about":[{"href":"https:\/\/www.piuomenopop.it\/index.php\/wp-json\/wp\/v2\/types\/post"}],"author":[{"embeddable":true,"href":"https:\/\/www.piuomenopop.it\/index.php\/wp-json\/wp\/v2\/users\/2"}],"replies":[{"embeddable":true,"href":"https:\/\/www.piuomenopop.it\/index.php\/wp-json\/wp\/v2\/comments?post=83288"}],"version-history":[{"count":2,"href":"https:\/\/www.piuomenopop.it\/index.php\/wp-json\/wp\/v2\/posts\/83288\/revisions"}],"predecessor-version":[{"id":83290,"href":"https:\/\/www.piuomenopop.it\/index.php\/wp-json\/wp\/v2\/posts\/83288\/revisions\/83290"}],"wp:featuredmedia":[{"embeddable":true,"href":"https:\/\/www.piuomenopop.it\/index.php\/wp-json\/wp\/v2\/media\/79090"}],"wp:attachment":[{"href":"https:\/\/www.piuomenopop.it\/index.php\/wp-json\/wp\/v2\/media?parent=83288"}],"wp:term":[{"taxonomy":"category","embeddable":true,"href":"https:\/\/www.piuomenopop.it\/index.php\/wp-json\/wp\/v2\/categories?post=83288"},{"taxonomy":"post_tag","embeddable":true,"href":"https:\/\/www.piuomenopop.it\/index.php\/wp-json\/wp\/v2\/tags?post=83288"}],"curies":[{"name":"wp","href":"https:\/\/api.w.org\/{rel}","templated":true}]}}