{"id":83696,"date":"2024-01-26T18:41:29","date_gmt":"2024-01-26T17:41:29","guid":{"rendered":"https:\/\/www.piuomenopop.it\/?p=83696"},"modified":"2024-01-26T18:41:31","modified_gmt":"2024-01-26T17:41:31","slug":"primavera-sound-2024-svelato-il-programma-di-primavera-a-la-ciutat","status":"publish","type":"post","link":"https:\/\/www.piuomenopop.it\/index.php\/2024\/01\/26\/primavera-sound-2024-svelato-il-programma-di-primavera-a-la-ciutat\/","title":{"rendered":"Primavera Sound 2024: svelato il programma di Primavera a la Ciutat"},"content":{"rendered":"<p><strong>Primavera Sound\u00a0amplifica l&#8217;esplosione musicale della sua prossima edizione con il programma\u00a0Primavera a la Ciutat, con il sostegno di Santander<\/strong><\/p>\n<p><strong>American Football<\/strong>,\u00a0<strong>Dorian Electra<\/strong>\u00a0e\u00a0<strong>El Mat\u00f3<\/strong>\u00a0<strong>a un Polic\u00eda Motorizado<\/strong>\u00a0aggiungono nuovi concerti all&#8217;esterno del Parc del F\u00f2rum, mentre\u00a0<strong>Armand Hammer<\/strong>,\u00a0<strong>The<\/strong>\u00a0<strong>Messthetics<\/strong>,\u00a0<strong>The Chameleons<\/strong>,\u00a0<strong>Les Savy Fav<\/strong>,\u00a0<strong>Johnny Jewel<\/strong>,\u00a0<strong>The Mountain Goats<\/strong>,\u00a0<strong>Cranes\u00a0<\/strong>e\u00a0<strong>Desire\u00a0<\/strong>si uniscono alla lineup del festival per esibirsi nel circuito di venue di Barcellona<\/p>\n<p>Il programma include curiosit\u00e0 come un concerto speciale di cover degli\u00a0<strong>Yo La Tengo<\/strong>\u00a0e il debutto spagnolo dei\u00a0<strong>Maustetyt\u00f6t<\/strong>, duo finlandese che approda sul palco dopo\u00a0l&#8217;ultimo film di Aki Kaurism\u00e4ki<\/p>\n<p>Il Primavera Sound sar\u00e0 ancora una volta integrato nella citt\u00e0 con quasi\u00a0<strong>50 spettacoli<\/strong>\u00a0nella Sala Apolo, La (2) de Apolo, Razzmatazz, Paral-lel 62, La Nau e LAUT durante la settimana del festival.<\/p>\n<p>I dettagli del sistema di prenotazione per i possessori del biglietto intero del festival saranno annunciati a breve.<\/p>\n<p>No, il tour di Barcellona che ci ha guidato attraverso la line-up del Primavera Sound 2024 il 21 novembre non \u00e8 ancora finito. Prosegue ora con le tappe nei luoghi che amplieranno l&#8217;esplosione musicale della prossima edizione del festival con\u00a0<strong>il programma Primavera a la Ciutat, che ancora una volta mette in pratica l&#8217;idea di un evento realmente integrato nella citt\u00e0 che lo ospita<\/strong>. In questo modo, allineandosi ancora una volta con altri asset culturali per formare un circolo virtuoso che si autoalimenta tutto l&#8217;anno, lo slogan assume una nuova dimensione: il festival creato a Barcellona sta accadendo per Barcellona. Con il sostegno di Banco Santander, partner strategico del festival che rinnova il suo impegno a favore della musica dal vivo in tutti i suoi formati, Primavera a la Ciutat si svilupper\u00e0 su\u00a0<strong>sei venue e quattro giorni<\/strong>\u00a0per far risuonare il Primavera Sound 2024 ben oltre il Parc del F\u00f2rum.\u00a0<strong>Sono previsti 47 show<\/strong>, tra cui un regalo per i fan che sar\u00e0 presto svelato.<\/p>\n<p><a href=\"https:\/\/www.piuomenopop.it\/index.php\/2024\/01\/26\/primavera-sound-2024-svelato-il-programma-di-primavera-a-la-ciutat\/ps\/\" rel=\"attachment wp-att-83697\"><img loading=\"lazy\" decoding=\"async\" class=\"size-full wp-image-83697 aligncenter\" src=\"https:\/\/www.piuomenopop.it\/wp-content\/uploads\/2024\/01\/ps.jpg\" alt=\"\" width=\"600\" height=\"750\" srcset=\"https:\/\/www.piuomenopop.it\/wp-content\/uploads\/2024\/01\/ps.jpg 600w, https:\/\/www.piuomenopop.it\/wp-content\/uploads\/2024\/01\/ps-240x300.jpg 240w\" sizes=\"auto, (max-width: 600px) 100vw, 600px\" \/><\/a><\/p>\n<p><strong>Second chances<\/strong><br \/>\nPrimavera a la Ciutat sar\u00e0 ancora una volta l&#8217;equivalente di\u00a0una seconda vita\u00a0per il festival. Una quindicina di artisti e band, la cui presenza era gi\u00e0 stata confermata in una delle giornate principali del festival, si potranno vedere anche in altri locali di piccole e medie dimensioni di Barcellona. Come gli\u00a0<strong>American Football<\/strong>, emblemi dell&#8217;emo del Midwest. E gli\u00a0<strong>Yo La Tengo<\/strong>, che approfitteranno del loro concerto per proporre un repertorio speciale di cover dei loro gruppi preferiti. E\u00a0<strong>Dorian Electra<\/strong>, icona\u00a0del pop digitale.\u00a0<strong>El Mat\u00f3 a un Polic\u00eda Motorizado<\/strong>, ambasciatori del rock di La Plata su questa sponda dell&#8217;Atlantico. E\u00a0<strong>Balming Tiger\u00a0<\/strong>e\u00a0<strong>Silica Gel<\/strong>, i due rappresentanti sudcoreani in cartellone. E\u00a0<strong>The Lemon Twigs<\/strong>,\u00a0<strong>Water From Your Eyes<\/strong>,\u00a0<strong>Model\/Actriz<\/strong>,\u00a0<strong>Voxtrot<\/strong>,\u00a0<strong>Royel Otis<\/strong>,\u00a0<strong>Militarie Gun<\/strong>,\u00a0<strong>Crumb<\/strong>\u00a0e\u00a0<strong>Mandy<\/strong>,\u00a0<strong>Indiana<\/strong>. Insomma, il programma di Primavera a la Ciutat sar\u00e0 ricco di seconde opportunit\u00e0.<\/p>\n<p><strong>A living lineup<\/strong><br \/>\nLa lineup del Primavera Sound 2024 si sta ampliando con alcuni progetti che saranno presentati in esclusiva nell&#8217;ambito di Primavera a la Ciutat. Dall&#8217;hip-hop combo di\u00a0<strong>Armand Hammer<\/strong>\u00a0ai\u00a0<strong>The Chameleons<\/strong>\u00a0e a un&#8217;eredit\u00e0 post-punk che non accenna a diminuire, passando per gli intramontabili\u00a0<strong>Les Savy Fav<\/strong>, il guru del synth\u00a0<strong>Johnny Jewel\u00a0<\/strong>e lo squadrone jazz formato dagli\u00a0<strong>Irreversible Entanglements<\/strong>\u00a0con Moor Mother, Primavera a la Ciutat riunir\u00e0 cos\u00ec tanto appeal\u00a0che potrebbe praticamente essere considerato un festival parallelo al festival stesso. Perch\u00e9 c&#8217;\u00e8 di pi\u00f9, ovviamente c&#8217;\u00e8 di pi\u00f9. I\u00a0<strong>Mountain Goats<\/strong>\u00a0in perenne stato di grazia, poi il 50% dei Fugazi, ovvero i nei\u00a0<strong>The Messthetics<\/strong>, a esprimere ancora una volta il loro equilibrio ritmico\u00a0con il contributo del sassofonista James Brandon Lewis, la rivelazione rock\u00a0<strong>Fat Dog<\/strong>, i\u00a0<strong>Cranes\u00a0<\/strong>e il loro oscuro dream-pop, il cantautore outsider\u00a0<strong>John Francis Flynn<\/strong>, la simpatica festa dei\u00a0<strong>SoFTT<\/strong>, il violoncellista guatemalteco<strong>\u00a0Mabe Fratti<\/strong>\u00a0e\u00a0<strong>Desire<\/strong>, una delle molteplici avventure musicali dello stesso Johnny Jewel. E tra tutti, una simpatica anomalia che salta dal grande schermo al palcoscenico:\u00a0<strong>Maustetyt\u00f6t<\/strong>, il curioso duo finlandese che il mondo ha scoperto in\u00a0<em>Fallen Leaves<\/em>\u00a0grazie ad Aki Kaurism\u00e4ki, si esibir\u00e0 anche a Primavera a la Ciutat.<\/p>\n<p><strong>When and where<\/strong><br \/>\nTutte queste attivit\u00e0 (e non solo) saranno condivise tra la\u00a0<strong>Sala Apolo, La (2) de Apolo, Razzmatazz, Paral-lel 62, La Nau,<\/strong>\u00a0<strong>LAUT<\/strong>, sei venue strettamente legate\u00a0al Primavera Sound durante tutto l&#8217;anno grazie al calendario del Primavera Tours. Lo svolgimento del festival \u00e8, quindi, il momento perfetto per puntare i riflettori sul ruolo prezioso che svolgono nel tessuto culturale locale.\u00a0<strong>I concerti del Primavera a la Ciutat prenderanno il via luned\u00ec 27 maggio<\/strong>, quando inizier\u00e0 la settimana del Primavera Sound a Barcellona, e si estenderanno anche a marted\u00ec 28 e mercoled\u00ec 29. In questa giornata, uno show eccezionale ancora da annunciare divider\u00e0 i riflettori con le esibizioni gratuite di Phoenix, Stella Maris, Tropical Fuck Storm, Ratboys e Maria Jaume nel Parc del F\u00f2rum, un&#8217;altra tradizione del Primavera Sound in termini di fusione tra il festival e la citt\u00e0. Infine, domenica 2 giugno, le due sale di Apolo, Paral-lel 62, La Nau e LAUT si allineeranno per salutare un&#8217;intera settimana di musica dal vivo che potr\u00e0 essere vissuta anche nei locali.<\/p>\n<p><em>Il programma di Primavera a la Ciutat by Santander funzioner\u00e0 con un sistema di prenotazione per i possessori del biglietto completo del Primavera Sound Barcelona 2024, i cui dettagli saranno annunciati a breve. Ci sar\u00e0 anche una quota di biglietti per ogni evento in vendita su DICE per coloro che vorranno partecipare anche se non hanno il Full Festival Ticket.<\/p>\n<p>I biglietti di Primavera Sound 2024\u00a0sono disponibili sulla piattaforma di ticketing e discovery DICE.<br \/>\n<a href=\"https:\/\/astarteagency.us12.list-manage.com\/track\/click?u=3b9e2672184dbb7678ba36b45&amp;id=beed202ce4&amp;e=2dbdabe9d8\" target=\"_blank\" rel=\"noopener\" data-saferedirecturl=\"https:\/\/www.google.com\/url?q=https:\/\/astarteagency.us12.list-manage.com\/track\/click?u%3D3b9e2672184dbb7678ba36b45%26id%3Dbeed202ce4%26e%3D2dbdabe9d8&amp;source=gmail&amp;ust=1706371562931000&amp;usg=AOvVaw17kdvsxB_LsdgDxpzuAjG1\">https:\/\/link.dice.fm\/<wbr \/>8rFBH8ZwEGb<\/a><br \/>\n<a href=\"https:\/\/astarteagency.us12.list-manage.com\/track\/click?u=3b9e2672184dbb7678ba36b45&amp;id=4781f57c5e&amp;e=2dbdabe9d8\" target=\"_blank\" rel=\"noopener\" data-saferedirecturl=\"https:\/\/www.google.com\/url?q=https:\/\/astarteagency.us12.list-manage.com\/track\/click?u%3D3b9e2672184dbb7678ba36b45%26id%3D4781f57c5e%26e%3D2dbdabe9d8&amp;source=gmail&amp;ust=1706371562931000&amp;usg=AOvVaw3e2RsnvsFjHtVn_bCDwT6y\">https:\/\/www.primaverasound.<wbr \/>com\/en<\/a><\/em><\/p>\n","protected":false},"excerpt":{"rendered":"<div class=\"mh-excerpt\"><p>Primavera Sound\u00a0amplifica l&#8217;esplosione musicale della sua prossima edizione con il programma\u00a0Primavera a la Ciutat, con il sostegno di Santander American Football,\u00a0Dorian Electra\u00a0e\u00a0El Mat\u00f3\u00a0a un Polic\u00eda <a class=\"mh-excerpt-more\" href=\"https:\/\/www.piuomenopop.it\/index.php\/2024\/01\/26\/primavera-sound-2024-svelato-il-programma-di-primavera-a-la-ciutat\/\" title=\"Primavera Sound 2024: svelato il programma di Primavera a la Ciutat\">[&#8230;]<\/a><\/p>\n<\/div>","protected":false},"author":2,"featured_media":83697,"comment_status":"closed","ping_status":"closed","sticky":false,"template":"","format":"standard","meta":{"sfsi_plus_gutenberg_text_before_share":"","sfsi_plus_gutenberg_show_text_before_share":"","sfsi_plus_gutenberg_icon_type":"","sfsi_plus_gutenberg_icon_alignemt":"","sfsi_plus_gutenburg_max_per_row":"","footnotes":"","_links_to":"","_links_to_target":""},"categories":[5184,3],"tags":[1558,13876],"class_list":["post-83696","post","type-post","status-publish","format-standard","has-post-thumbnail","hentry","category-calendario-concerti","category-news","tag-primavera-sound","tag-primavera-sound-2024"],"aioseo_notices":[],"_links":{"self":[{"href":"https:\/\/www.piuomenopop.it\/index.php\/wp-json\/wp\/v2\/posts\/83696","targetHints":{"allow":["GET"]}}],"collection":[{"href":"https:\/\/www.piuomenopop.it\/index.php\/wp-json\/wp\/v2\/posts"}],"about":[{"href":"https:\/\/www.piuomenopop.it\/index.php\/wp-json\/wp\/v2\/types\/post"}],"author":[{"embeddable":true,"href":"https:\/\/www.piuomenopop.it\/index.php\/wp-json\/wp\/v2\/users\/2"}],"replies":[{"embeddable":true,"href":"https:\/\/www.piuomenopop.it\/index.php\/wp-json\/wp\/v2\/comments?post=83696"}],"version-history":[{"count":2,"href":"https:\/\/www.piuomenopop.it\/index.php\/wp-json\/wp\/v2\/posts\/83696\/revisions"}],"predecessor-version":[{"id":83699,"href":"https:\/\/www.piuomenopop.it\/index.php\/wp-json\/wp\/v2\/posts\/83696\/revisions\/83699"}],"wp:featuredmedia":[{"embeddable":true,"href":"https:\/\/www.piuomenopop.it\/index.php\/wp-json\/wp\/v2\/media\/83697"}],"wp:attachment":[{"href":"https:\/\/www.piuomenopop.it\/index.php\/wp-json\/wp\/v2\/media?parent=83696"}],"wp:term":[{"taxonomy":"category","embeddable":true,"href":"https:\/\/www.piuomenopop.it\/index.php\/wp-json\/wp\/v2\/categories?post=83696"},{"taxonomy":"post_tag","embeddable":true,"href":"https:\/\/www.piuomenopop.it\/index.php\/wp-json\/wp\/v2\/tags?post=83696"}],"curies":[{"name":"wp","href":"https:\/\/api.w.org\/{rel}","templated":true}]}}