{"id":84094,"date":"2024-03-20T19:30:52","date_gmt":"2024-03-20T18:30:52","guid":{"rendered":"https:\/\/www.piuomenopop.it\/?p=84094"},"modified":"2024-03-20T19:31:53","modified_gmt":"2024-03-20T18:31:53","slug":"marlene-kuntz-annunciate-le-prime-date-estive-per-festeggiare-i-30-anni-di-catartica","status":"publish","type":"post","link":"https:\/\/www.piuomenopop.it\/index.php\/2024\/03\/20\/marlene-kuntz-annunciate-le-prime-date-estive-per-festeggiare-i-30-anni-di-catartica\/","title":{"rendered":"MARLENE KUNTZ &#8211; annunciate le prime date estive per festeggiare i 30 anni di Catartica"},"content":{"rendered":"<p style=\"text-align: center;\"><strong>MARLENE KUNTZ<\/strong><\/p>\n<p dir=\"ltr\" style=\"text-align: center;\"><strong>Dopo il grande successo del tour nei club per i 30 anni di Catartica annunciate le prime<\/strong>\u00a0<strong>date di<\/strong><\/p>\n<p style=\"text-align: center;\"><strong>ESTATE CATARTICA 2024<\/strong><\/p>\n<p id=\"m_-7258506139391239468docs-internal-guid-1f992110-7fff-d071-5375-a96f53864ad4\" dir=\"ltr\"><strong>Continuano i festeggiamenti per i 30 anni di Catartica, disco d\u2019esordio dei Marlene Kuntz,\u00a0<\/strong>destinato a diventare una vera e propria pietra miliare nella storia della musica italiana.<br \/>\n<strong>Dopo il grande successo del tour nei club, che sta registrando un sold out dopo l&#8217;altro, e l&#8217;annuncio del tour europeo, la band annuncia oggi le prime date estive per\u00a0<\/strong><strong>ESTATE CATARTICA 2024:<\/strong><\/p>\n<p dir=\"ltr\"><strong>21 giugno &#8211; CASTELVOLTURNO (CE), Flava Beach<br \/>\n02 luglio &#8211; MILANO, Location Da Annunciare<br \/>\n04 luglio &#8211; CATANIA, Villa Bellini<br \/>\n09 luglio &#8211; COLLEGNO (TO), Flowers Festival<br \/>\n10 luglio &#8211; GENOVA, Arena del Mare<br \/>\n12 luglio &#8211; ROMANO D\u2019EZZELINO (VI), Ama Music Festival<br \/>\n19 luglio &#8211; BOLOGNA, Bonsai<br \/>\n20 luglio &#8211; VICENZA, JamRock Festival<br \/>\n24 luglio &#8211; ROMA, Rock In Roma<br \/>\n10 agosto &#8211; ALGHERO (SS), Alguer Summer Festival<br \/>\n18 agosto &#8211; FRANCAVILLA AL MARE (CH), Frantic Fest<br \/>\n29 agosto &#8211; EMPOLI (FI), Beat Festival<\/strong><br \/>\n<strong>Prevendite biglietti:<\/strong><br \/>\n<a href=\"https:\/\/astarteagency.us12.list-manage.com\/track\/click?u=3b9e2672184dbb7678ba36b45&amp;id=ebaabc65da&amp;e=2dbdabe9d8\" target=\"_blank\" rel=\"noopener\" data-saferedirecturl=\"https:\/\/www.google.com\/url?q=https:\/\/astarteagency.us12.list-manage.com\/track\/click?u%3D3b9e2672184dbb7678ba36b45%26id%3Debaabc65da%26e%3D2dbdabe9d8&amp;source=gmail&amp;ust=1711027208126000&amp;usg=AOvVaw2Tcvw9G3pFlUrk9mYl5YpA\">www.kashmirmusic.it\/tour\/<wbr \/>marlene-kuntz-catartica-2024\/<\/a><\/p>\n<p dir=\"ltr\"><strong>Da settembre al via il tour europeo,\u00a0<\/strong><strong>organizzato da Kashmir Concerti:<\/strong><\/p>\n<p dir=\"ltr\"><strong>22 settembre &#8211; Paris, La Boule Noire<br \/>\n23 settembre &#8211; Bruxelles, Pilar<br \/>\n24 settembre &#8211; Berlin, Franzz Club<br \/>\n29 settembre &#8211; London, Dingwalls<br \/>\n12 ottobre &#8211; Lugano, Studio Foce<\/strong><br \/>\n<strong>Prevendite biglietti:<\/strong><br \/>\n<a href=\"https:\/\/astarteagency.us12.list-manage.com\/track\/click?u=3b9e2672184dbb7678ba36b45&amp;id=6648e42d5e&amp;e=2dbdabe9d8\" target=\"_blank\" rel=\"noopener\" data-saferedirecturl=\"https:\/\/www.google.com\/url?q=https:\/\/astarteagency.us12.list-manage.com\/track\/click?u%3D3b9e2672184dbb7678ba36b45%26id%3D6648e42d5e%26e%3D2dbdabe9d8&amp;source=gmail&amp;ust=1711027208126000&amp;usg=AOvVaw1-cUCI12Bo5e1w6sLikAZc\">www.kashmirmusic.it\/tour\/<wbr \/>marlene-kuntz-europa-<wbr \/>catartica-2024\/<\/a><\/p>\n<p dir=\"ltr\"><strong>Continua il tour nei club, che sta collezionando un sold out dopo l&#8217;altro:<\/strong><\/p>\n<p dir=\"ltr\"><em><strong>DATA ZERO\u00a0&#8211;<\/strong><\/em><strong>\u00a012 marzo &#8211; The Cage, Livorno\u00a0&#8211;\u00a0<em>SOLD OUT<\/em><br \/>\n14 marzo &#8211; Alcatraz, Milano &#8211;\u00a0<em>SOLD OUT<\/em><br \/>\n15 marzo &#8211; Orion, Roma\u00a0&#8211;\u00a0<em>SOLD OUT<\/em><br \/>\n23 marzo &#8211; Cso Pedro, Padova\u00a0<\/strong><br \/>\n<strong>5 aprile &#8211; Viper, Firenze\u00a0&#8211;\u00a0<em>SOLD OUT<\/em><\/strong><br \/>\n<strong>11\u00a0aprile &#8211; Hiroshima Mon Amour, Torino &#8211;\u00a0<em>SOLD OUT<\/em><\/strong><br \/>\n<strong>12 aprile &#8211; Hiroshima Mon Amour, Torino\u00a0&#8211;\u00a0<em>SOLD OUT<\/em><\/strong><br \/>\n<strong>19 aprile &#8211; New Age, Roncade (TV)\u00a0&#8211;\u00a0<em>SOLD OUT<\/em><\/strong><br \/>\n<strong>20 aprile &#8211; TPO, Bologna &#8211;\u00a0<em>SOLD OUT<\/em><\/strong><br \/>\n<strong>26 aprile &#8211; Demod\u00e8, Bari<\/strong><br \/>\n<strong>27 aprile &#8211; Mamamia, Senigallia (AN)<br \/>\nPrevendite biglietti:\u00a0<\/strong><br \/>\n<a href=\"https:\/\/astarteagency.us12.list-manage.com\/track\/click?u=3b9e2672184dbb7678ba36b45&amp;id=e9c881fc7d&amp;e=2dbdabe9d8\" target=\"_blank\" rel=\"noopener\" data-saferedirecturl=\"https:\/\/www.google.com\/url?q=https:\/\/astarteagency.us12.list-manage.com\/track\/click?u%3D3b9e2672184dbb7678ba36b45%26id%3De9c881fc7d%26e%3D2dbdabe9d8&amp;source=gmail&amp;ust=1711027208126000&amp;usg=AOvVaw14QVsqXFmeOzAyXXV2LPdx\">https:\/\/www.kashmirmusic.it\/<wbr \/>tour\/marlene-kuntz-catartica-<wbr \/>2024\/<\/a><\/p>\n<p dir=\"ltr\"><strong>Nel corso delle ultime settimane i Marlene Kuntz hanno omaggiato i propri fan con dei contenuti inediti:<\/strong>\u00a0<strong>dal 29 febbraio \u00e8\u00a0<a href=\"https:\/\/astarteagency.us12.list-manage.com\/track\/click?u=3b9e2672184dbb7678ba36b45&amp;id=fb9c679722&amp;e=2dbdabe9d8\" target=\"_blank\" rel=\"noopener\" data-saferedirecturl=\"https:\/\/www.google.com\/url?q=https:\/\/astarteagency.us12.list-manage.com\/track\/click?u%3D3b9e2672184dbb7678ba36b45%26id%3Dfb9c679722%26e%3D2dbdabe9d8&amp;source=gmail&amp;ust=1711027208126000&amp;usg=AOvVaw0EX9Xjm_WtYP-14GjXSJlN\">disponibile in digitale<\/a><\/strong>\u00a0<strong>&#8220;<\/strong><strong><em>Fine della danza<\/em><\/strong><strong>&#8220;, traccia inedita e contenuta anche nella musicassetta\u00a0<\/strong>(che fa parte del BOX DELUXE della ristampa dello storico album)<strong>\u00a0del ricercatissimo bootleg DEMOSONICI;\u00a0<\/strong>\u00e8 gi\u00e0 disponibile\u00a0<strong><a href=\"https:\/\/astarteagency.us12.list-manage.com\/track\/click?u=3b9e2672184dbb7678ba36b45&amp;id=23c44c1691&amp;e=2dbdabe9d8\" target=\"_blank\" rel=\"noopener\" data-saferedirecturl=\"https:\/\/www.google.com\/url?q=https:\/\/astarteagency.us12.list-manage.com\/track\/click?u%3D3b9e2672184dbb7678ba36b45%26id%3D23c44c1691%26e%3D2dbdabe9d8&amp;source=gmail&amp;ust=1711027208126000&amp;usg=AOvVaw11GyF8s8KVn6EXIGGFoWdh\">il video<\/a>\u00a0di<\/strong><strong>\u00a0&#8220;<\/strong><strong><em>Nuotando nell&#8217;aria<\/em><\/strong><strong>&#8220;, realizzato con immagini e video di repertorio e\u00a0<a href=\"https:\/\/astarteagency.us12.list-manage.com\/track\/click?u=3b9e2672184dbb7678ba36b45&amp;id=7092f91bee&amp;e=2dbdabe9d8\" target=\"_blank\" rel=\"noopener\" data-saferedirecturl=\"https:\/\/www.google.com\/url?q=https:\/\/astarteagency.us12.list-manage.com\/track\/click?u%3D3b9e2672184dbb7678ba36b45%26id%3D7092f91bee%26e%3D2dbdabe9d8&amp;source=gmail&amp;ust=1711027208126000&amp;usg=AOvVaw2-ILACjXoC8tRpHoiTnhUQ\">il\u00a0<\/a><a href=\"https:\/\/astarteagency.us12.list-manage.com\/track\/click?u=3b9e2672184dbb7678ba36b45&amp;id=936d950fed&amp;e=2dbdabe9d8\" target=\"_blank\" rel=\"noopener\" data-saferedirecturl=\"https:\/\/www.google.com\/url?q=https:\/\/astarteagency.us12.list-manage.com\/track\/click?u%3D3b9e2672184dbb7678ba36b45%26id%3D936d950fed%26e%3D2dbdabe9d8&amp;source=gmail&amp;ust=1711027208126000&amp;usg=AOvVaw0r6eoAxyneWEHsNB04kXwp\">video<\/a>\u00a0di &#8220;<\/strong><em><strong>Lieve<\/strong><\/em><strong>&#8220;. Dall&#8217;8 marzo<\/strong><strong>\u00a0\u00e8 disponibile la ristampa di &#8220;Catartica&#8221;\u00a0<\/strong>nel formato CD e doppio LP entrambi con libretto con foto inedite e un\u00a0<strong>BOX DELUXE in edizione limitata e numerata.<\/strong><\/p>\n<p>Pubblicato il 13 maggio del 1994,<strong>\u00a0<\/strong><strong>Catartica<\/strong>\u00a0ha senza dubbio alcuno avuto il merito di tracciare un segno indelebile nel nostro panorama musicale.<br \/>\nCon l\u2019eccellente produzione di\u00a0<strong>Lega e Maroccolo<\/strong>\u00a0(CCCP e CSI) per la neonata etichetta indipendente di allora Consorzio Produttori Indipendenti, le 14 memorabili canzoni che compongono il disco sono state la risposta alla fame irrefrenabile di un suono diverso di cui soffriva il pubblico italiano dei primi anni \u201890, complici i modelli americani e inglesi che ai tempi sfornavano band grunge e hardcore del calibro di Nirvana e Pearl Jam.<\/p>\n<p><strong>Catartica \u00e8 stato il primo album italiano a soddisfare questa fame di cambiamento, segnando cos\u00ec una strada tutta nuova nel rock indipendente e rinnovando in maniera determinante la scena musicale del nostro paese.<\/strong><\/p>\n<p><strong>Catartica \u00e8 il manifesto musicale della band<\/strong>\u00a0che ha messo subito le cose in chiaro:\u00a0<strong>linee di chitarra che hanno poi ispirato innumerevoli band a seguire<\/strong>, un sound che \u00e8 diventato sin da subito\u00a0<strong>simbolo assoluto di quel decennio musicale<\/strong>\u00a0e un songwriting che, fino ad allora, non si era mai sentito prima.\u00a0<strong>La raffinata poetica di Godano ferisce tutti, subito<\/strong>: termini inusuali, una narrazione molto verbosa e fascinosamente\u00a0poetica ricca di immagini fantasiose e liriche antisociali che hanno dato vita a frasi indelebili,\u00a0diventate cult. Un linguaggio crudo e diretto, insomma, che descrive, senza mai banalizzare, il vivere moderno di allora, ma che risulta tremendamente attuale.<\/p>\n<p><em>\u201cCatartica nel 2024 compie 30 anni. Si potrebbe dire \u2018sembra ieri\u2019, ma in realt\u00e0 sembra quel che \u00e8: ovvero che sono passati 30 anni, e noi Marlene siamo consapevoli di quante cose sono state fatte in questo lasso di tempo durato quel che \u00e8 durato, e che fa s\u00ec che i tempi di Catartica ci appaiano lontani, ma ci siano in realt\u00e0 altrettanto vicini.\u201d,<\/em>\u00a0commenta\u00a0<strong>Cristiano Godano<\/strong>.\u00a0<em>\u201cIn apertura di Festa Mesta scrissi \u2018Complimenti per la festa, una festa del cazzo\u2019. Non \u00e8 davvero arduo traslare spazialmente e temporalmente ai giorni nostri quella rabbia figlia delle paturnie esistenziali di un giovane di provincia, piegando il significato delle parole a qualcosa che ben pu\u00f2 descrivere la pessima situazione del nostro mondo contemporaneo. Perch\u00e9 \u00e8 una bruttissima festa quella a cui siamo stati invitati dallo scorrere del tempo, e l&#8217;umanit\u00e0 pare star prendendo una piega rischiosa, quella che ormai \u00e8 sotto gli occhi di tantissimi. Il mondo brucia, dice a un certo punto una canzone del nostro ultimo disco, Karma Clima, e la festa del cazzo a cui siamo stati invitati \u00e8 l&#8217;immagine che bene illustra questa affermazione. C&#8217;\u00e8 ancora qualcuno che non sente le tante storture a cui stiamo andando incontro? Ognuno potr\u00e0 avere le sue idee nell&#8217;individuare le cause di tutto ci\u00f2 e noi abbiamo le nostre, ma le conseguenze paiono essere le stesse per tutti: turbolenza, rabbia, disillusione, delusione, scoramento, ribaltamento progressivo dei valori che avevamo pensato di poter dare per scontati. E se le cause possono essere le pi\u00f9 diverse a seconda dei punti di vista, le incompetenze, le contronarrazioni, le mistificazioni, e le varie prese per il culo che la gente sta subendo accomunano i pi\u00f9 in un sentimento sfinito. Complimenti per la festa! Una festa del cazzo.\u201d.<\/em><\/p>\n<p><strong>Catartica\u00a0<\/strong>\u00e8 stato, e lo \u00e8 tuttora,<strong>\u00a0un album epocale<\/strong>, intriso di un rock energico, abrasivo e allo stesso tempo melodico che \u00e8 stato in grado di<strong>\u00a0segnare per sempre un\u2019epoca e che \u00e8 destinato a restare indelebilmente nella testa e nel cuore di chi lo ha ascoltato e di chi lo ascolter\u00e0.<\/strong><br \/>\nNon solo una pietra miliare nella storia della musica italiana ma anche nella carriera dei Marlene Kuntz. Partiti\u00a030 anni fa proprio con la pubblicazione di Catartica, dopo\u00a011 album in studio, 4 dal vivo, 8 raccolte, 2 colonne sonore, 1 disco d\u2019oro, 1 film documentario, innumerevoli tour in Italia e all\u2019estero arrivano\u00a0a Karma Clima, il progetto che unisce arte e sostenibilit\u00e0 nonch\u00e9 ultimo lavoro discografico della band.<\/p>\n<p><strong>Cristiano Godano, Luca Lagash, Riccardo Tesio, Davide Arneodo e Sergio Carnevale ci faranno\u00a0rivivere\u00a0<em>\u201cin volo libero sugli anni andati ormai\u201d\u00a0<\/em>tutta la potenza di quel periodo che ha fatto la loro\u00a0storia e quella del rock italiano.<\/strong><\/p>\n<p>&nbsp;<\/p>\n<p id=\"m_-7258506139391239468docs-internal-guid-ad5e9dd8-7fff-0f86-758f-d5886b04979a\" dir=\"ltr\"><strong>MARLENE KUNTZ\u00a0<\/strong><\/p>\n<p><a href=\"https:\/\/astarteagency.us12.list-manage.com\/track\/click?u=3b9e2672184dbb7678ba36b45&amp;id=caf2a63211&amp;e=2dbdabe9d8\" target=\"_blank\" rel=\"noopener\" data-saferedirecturl=\"https:\/\/www.google.com\/url?q=https:\/\/astarteagency.us12.list-manage.com\/track\/click?u%3D3b9e2672184dbb7678ba36b45%26id%3Dcaf2a63211%26e%3D2dbdabe9d8&amp;source=gmail&amp;ust=1711027208126000&amp;usg=AOvVaw0o3GCpugaoWX_h5uWsIhtV\"><u>WEBSITE<\/u><\/a><strong> | <\/strong><a href=\"https:\/\/astarteagency.us12.list-manage.com\/track\/click?u=3b9e2672184dbb7678ba36b45&amp;id=4d708ffb6e&amp;e=2dbdabe9d8\" target=\"_blank\" rel=\"noopener\" data-saferedirecturl=\"https:\/\/www.google.com\/url?q=https:\/\/astarteagency.us12.list-manage.com\/track\/click?u%3D3b9e2672184dbb7678ba36b45%26id%3D4d708ffb6e%26e%3D2dbdabe9d8&amp;source=gmail&amp;ust=1711027208126000&amp;usg=AOvVaw0IQ6ltK5puSgR1vbX12mVL\"><u>INSTAGRAM<\/u><\/a><strong> | <\/strong><a href=\"https:\/\/astarteagency.us12.list-manage.com\/track\/click?u=3b9e2672184dbb7678ba36b45&amp;id=c91d24978f&amp;e=2dbdabe9d8\" target=\"_blank\" rel=\"noopener\" data-saferedirecturl=\"https:\/\/www.google.com\/url?q=https:\/\/astarteagency.us12.list-manage.com\/track\/click?u%3D3b9e2672184dbb7678ba36b45%26id%3Dc91d24978f%26e%3D2dbdabe9d8&amp;source=gmail&amp;ust=1711027208126000&amp;usg=AOvVaw1oJKB6C6-5O3F6SQAaHcz-\"><u>YOUTUBE<\/u><\/a><strong> | <\/strong><a href=\"https:\/\/astarteagency.us12.list-manage.com\/track\/click?u=3b9e2672184dbb7678ba36b45&amp;id=607a2c5782&amp;e=2dbdabe9d8\" target=\"_blank\" rel=\"noopener\" data-saferedirecturl=\"https:\/\/www.google.com\/url?q=https:\/\/astarteagency.us12.list-manage.com\/track\/click?u%3D3b9e2672184dbb7678ba36b45%26id%3D607a2c5782%26e%3D2dbdabe9d8&amp;source=gmail&amp;ust=1711027208126000&amp;usg=AOvVaw0TtZNjEZoUnxZcNuiDzKxj\"><u>SPOTIFY<\/u><\/a><\/p>\n<p>&nbsp;<\/p>\n","protected":false},"excerpt":{"rendered":"<div class=\"mh-excerpt\"><p>MARLENE KUNTZ Dopo il grande successo del tour nei club per i 30 anni di Catartica annunciate le prime\u00a0date di ESTATE CATARTICA 2024 Continuano i <a class=\"mh-excerpt-more\" href=\"https:\/\/www.piuomenopop.it\/index.php\/2024\/03\/20\/marlene-kuntz-annunciate-le-prime-date-estive-per-festeggiare-i-30-anni-di-catartica\/\" title=\"MARLENE KUNTZ &#8211; annunciate le prime date estive per festeggiare i 30 anni di Catartica\">[&#8230;]<\/a><\/p>\n<\/div>","protected":false},"author":2,"featured_media":84095,"comment_status":"closed","ping_status":"closed","sticky":false,"template":"","format":"standard","meta":{"sfsi_plus_gutenberg_text_before_share":"","sfsi_plus_gutenberg_show_text_before_share":"","sfsi_plus_gutenberg_icon_type":"","sfsi_plus_gutenberg_icon_alignemt":"","sfsi_plus_gutenburg_max_per_row":"","footnotes":"","_links_to":"","_links_to_target":""},"categories":[5184,3],"tags":[1206],"class_list":["post-84094","post","type-post","status-publish","format-standard","has-post-thumbnail","hentry","category-calendario-concerti","category-news","tag-marlene-kuntz"],"aioseo_notices":[],"_links":{"self":[{"href":"https:\/\/www.piuomenopop.it\/index.php\/wp-json\/wp\/v2\/posts\/84094","targetHints":{"allow":["GET"]}}],"collection":[{"href":"https:\/\/www.piuomenopop.it\/index.php\/wp-json\/wp\/v2\/posts"}],"about":[{"href":"https:\/\/www.piuomenopop.it\/index.php\/wp-json\/wp\/v2\/types\/post"}],"author":[{"embeddable":true,"href":"https:\/\/www.piuomenopop.it\/index.php\/wp-json\/wp\/v2\/users\/2"}],"replies":[{"embeddable":true,"href":"https:\/\/www.piuomenopop.it\/index.php\/wp-json\/wp\/v2\/comments?post=84094"}],"version-history":[{"count":3,"href":"https:\/\/www.piuomenopop.it\/index.php\/wp-json\/wp\/v2\/posts\/84094\/revisions"}],"predecessor-version":[{"id":84098,"href":"https:\/\/www.piuomenopop.it\/index.php\/wp-json\/wp\/v2\/posts\/84094\/revisions\/84098"}],"wp:featuredmedia":[{"embeddable":true,"href":"https:\/\/www.piuomenopop.it\/index.php\/wp-json\/wp\/v2\/media\/84095"}],"wp:attachment":[{"href":"https:\/\/www.piuomenopop.it\/index.php\/wp-json\/wp\/v2\/media?parent=84094"}],"wp:term":[{"taxonomy":"category","embeddable":true,"href":"https:\/\/www.piuomenopop.it\/index.php\/wp-json\/wp\/v2\/categories?post=84094"},{"taxonomy":"post_tag","embeddable":true,"href":"https:\/\/www.piuomenopop.it\/index.php\/wp-json\/wp\/v2\/tags?post=84094"}],"curies":[{"name":"wp","href":"https:\/\/api.w.org\/{rel}","templated":true}]}}