{"id":84426,"date":"2024-04-03T16:22:04","date_gmt":"2024-04-03T14:22:04","guid":{"rendered":"https:\/\/www.piuomenopop.it\/?p=84426"},"modified":"2024-04-03T16:22:04","modified_gmt":"2024-04-03T14:22:04","slug":"bombino-in-concerto-a-milano-il-10-settembre-nel-giardino-della-triennale-milano-nellambito-della-rassegna-triennale-estate","status":"publish","type":"post","link":"https:\/\/www.piuomenopop.it\/index.php\/2024\/04\/03\/bombino-in-concerto-a-milano-il-10-settembre-nel-giardino-della-triennale-milano-nellambito-della-rassegna-triennale-estate\/","title":{"rendered":"BOMBINO IN CONCERTO A MILANO IL 10 SETTEMBRE NEL GIARDINO DELLA TRIENNALE MILANO NELL&#8217;AMBITO DELLA RASSEGNA TRIENNALE ESTATE"},"content":{"rendered":"<div style=\"text-align: center;\"><b><span style=\"font-size: large;\"><span class=\"gmail_default\">10<\/span>.<span class=\"gmail_default\">09<\/span>.2024<\/span><\/b><\/div>\n<div style=\"text-align: center;\"><b><span style=\"font-size: large;\"><span class=\"gmail_default\">GIARDINO DELLA TRIENNALE DI MILANO<\/span><\/span><\/b><\/div>\n<div style=\"text-align: center;\">Viale Emilio Alemagna, 6, 20121 Milano<\/div>\n<div style=\"text-align: center;\"><\/div>\n<div style=\"text-align: center;\">Apertura porte ore 20:00<\/div>\n<div style=\"text-align: center;\">Inizio concerto ore 21:30<\/div>\n<div style=\"text-align: center;\"><\/div>\n<div style=\"text-align: center;\"><span style=\"font-size: large;\"><b><span style=\"color: #000000;\"><a href=\"https:\/\/link.dice.fm\/C967a9cb44a0\" target=\"_blank\" rel=\"noopener\" data-saferedirecturl=\"https:\/\/www.google.com\/url?q=https:\/\/link.dice.fm\/C967a9cb44a0&amp;source=gmail&amp;ust=1712156130369000&amp;usg=AOvVaw1iUsWPFF3GaL7xVlD4qMZe\">Prevendite su circuito<span class=\"gmail_default\">\u00a0DICE<\/span><\/a><\/span><\/b><\/span><\/div>\n<div style=\"text-align: center;\"><span style=\"font-size: large;\"><b><span class=\"gmail_default\"><a href=\"https:\/\/www.ticketone.it\/artist\/bombino\/\" target=\"_blank\" rel=\"noopener\" data-saferedirecturl=\"https:\/\/www.google.com\/url?q=https:\/\/www.ticketone.it\/artist\/bombino\/&amp;source=gmail&amp;ust=1712156130369000&amp;usg=AOvVaw1bL-V8WyZ8VSKB_ZgRppW0\">Prevendite su circuito TicketOne<\/a><\/span><\/b><\/span><\/div>\n<div style=\"text-align: center;\"><span style=\"color: #0000ff; font-size: large;\"><b><span class=\"gmail_default\"><a href=\"https:\/\/tickets.triennale.org\/acquisto\/evento.aspx?ID=4136\" target=\"_blank\" rel=\"noopener\" data-saferedirecturl=\"https:\/\/www.google.com\/url?q=https:\/\/tickets.triennale.org\/acquisto\/evento.aspx?ID%3D4136&amp;source=gmail&amp;ust=1712156130369000&amp;usg=AOvVaw3sVyqI7wrw5EnWPHhsm7as\">Prevendite su biglietteria ufficiale Triennale Milano<\/a><\/span><\/p>\n<p><\/b><\/span><\/div>\n<div>\n<div style=\"text-align: center;\"><b><span style=\"font-size: large;\"><a href=\"https:\/\/www.facebook.com\/events\/1455026481768098\" target=\"_blank\" rel=\"noopener\" data-saferedirecturl=\"https:\/\/www.google.com\/url?q=https:\/\/www.facebook.com\/events\/1455026481768098&amp;source=gmail&amp;ust=1712156130369000&amp;usg=AOvVaw3qPFv4tVYhPzB9a1nPRQsz\">Evento ufficiale<\/a><\/span><\/b><\/div>\n<\/div>\n<div><\/div>\n<div><\/div>\n<div><span class=\"gmail_default\">\u00a0<\/span><\/div>\n<div>\n<div>\n<div>NAO UAO, in collaborazione con Triennale Milano e Musicalista Produzioni, \u00e8 orgogliosa di presentare il ritorno a Milano di BOMBINO, previsto il 10 settembre 2024 nel Giardino dell&#8217;istituzione, nell&#8217;ambito di Triennale Estate.<\/div>\n<p>Goumour Almoctar, in arte Bombino, \u00e8 una stella internazionale del desert blues. Originario del Niger, cresce nella trib\u00f9 Tuareg Ifoghas di Agadez alle porte del Sahara, che lotta da secoli contro il colonialismo e l\u2019imposizione dell\u2019Islam pi\u00f9 severo e per tale ragione negli anni \u00e8 costretto a fuggire pi\u00f9 volte con la sua famiglia. Un giorno prende in mano una chitarra dimenticata dai parenti e, piano piano, esercitandosi, scopre la sua pi\u00f9 grande passione.<br \/>\nLe sonorit\u00e0 di Bombino richiamano quelle dei Tinariwen, vicini suonatori del deserto, ma le sue melodie elettrizzanti, che racchiudono lo spirito della resistenza e della ribellione, trasudano un groove irresistibile. Una versione del blues densa e magmatica, a cui si aggiunge la particolarit\u00e0 di svincolarsi dalla classica metrica basata sul \u201ccall and response\u201d tra cantante solista e coro (solitamente femminile), rimpiazzando quest\u2019ultimo con le digressioni melodiche della chitarra.<br \/>\nLa fama del giovane talento inizia a crescere nel 2009 &#8211; poco dopo il suo esordio solista &#8211; e lo porta a essere conosciuto in tutto il mondo e a suonare nei pi\u00f9 importanti festival musicali dove ha occasione di condividere il palco con artisti come Keith Richards e Stevie Wonder, per citarne un paio, oltre che a collaborare con alcuni dei pi\u00f9 importanti produttori mondiali come Dan Auerbach (The Black Keys) e David Wrench (David Byrne, Frank Ocean, Caribou, Goldfrapp, The xx, Sampha).<br \/>\nSoprannominato dal New York times &#8216;il Sultano delle sei corde&#8217; e da Noisey \u2018il pi\u00f9 grande chitarrista al mondo\u2019, nel 2019 viene nominato ai Grammy Awards per il Miglior World Music Album, diventando il primo artista nigerino a ottenere una candidatura al premio.<br \/>\nIn Italia \u00e8 stato ospite in programmi televisivi come &#8220;Che tempo che fa&#8221; di Fabio Fazio e \u201cPropaganda Live\u201d, oltre ad aver collaborato con artisti come Jovanotti, che lo ha coinvolto nella produzione del suo brano &#8220;Si alza il vento\u201d.<\/p><\/div>\n<div><\/div>\n<div>\n<div>\n<div>Appuntamento al\u00a0<span class=\"gmail_default\">10<\/span>\u00a0<span class=\"gmail_default\">settembre\u00a0<\/span>al\u00a0G<span class=\"gmail_default\">iardino dell&#8217;istituzione<\/span>\u00a0d<span class=\"gmail_default\">ella Triennale d<\/span>i Milano, in Viale Emilio Alemagna, 6, 20121 Milano<span class=\"gmail_default\">.<\/span><\/div>\n<\/div>\n<div><\/div>\n<div>Apertura porte alle ore 20<span class=\"gmail_default\">,<\/span>\u00a0inizio\u00a0c<span class=\"gmail_default\">oncerto\u00a0<\/span>alle ore 21<span class=\"gmail_default\">:30<\/span>.<\/div>\n<div>Biglietti in vendita su circuit<span class=\"gmail_default\">o<\/span>\u00a0<span class=\"gmail_default\">DICE e sulla biglietteria ufficiale della Triennale di Milano<\/span>.<\/div>\n<\/div>\n<\/div>\n","protected":false},"excerpt":{"rendered":"<div class=\"mh-excerpt\"><p>10.09.2024 GIARDINO DELLA TRIENNALE DI MILANO Viale Emilio Alemagna, 6, 20121 Milano Apertura porte ore 20:00 Inizio concerto ore 21:30 Prevendite su circuito\u00a0DICE Prevendite su <a class=\"mh-excerpt-more\" href=\"https:\/\/www.piuomenopop.it\/index.php\/2024\/04\/03\/bombino-in-concerto-a-milano-il-10-settembre-nel-giardino-della-triennale-milano-nellambito-della-rassegna-triennale-estate\/\" title=\"BOMBINO IN CONCERTO A MILANO IL 10 SETTEMBRE NEL GIARDINO DELLA TRIENNALE MILANO NELL&#8217;AMBITO DELLA RASSEGNA TRIENNALE ESTATE\">[&#8230;]<\/a><\/p>\n<\/div>","protected":false},"author":2,"featured_media":84427,"comment_status":"closed","ping_status":"closed","sticky":false,"template":"","format":"standard","meta":{"sfsi_plus_gutenberg_text_before_share":"","sfsi_plus_gutenberg_show_text_before_share":"","sfsi_plus_gutenberg_icon_type":"","sfsi_plus_gutenberg_icon_alignemt":"","sfsi_plus_gutenburg_max_per_row":"","footnotes":"","_links_to":"","_links_to_target":""},"categories":[5184,3],"tags":[3425],"class_list":["post-84426","post","type-post","status-publish","format-standard","has-post-thumbnail","hentry","category-calendario-concerti","category-news","tag-bombino"],"aioseo_notices":[],"_links":{"self":[{"href":"https:\/\/www.piuomenopop.it\/index.php\/wp-json\/wp\/v2\/posts\/84426","targetHints":{"allow":["GET"]}}],"collection":[{"href":"https:\/\/www.piuomenopop.it\/index.php\/wp-json\/wp\/v2\/posts"}],"about":[{"href":"https:\/\/www.piuomenopop.it\/index.php\/wp-json\/wp\/v2\/types\/post"}],"author":[{"embeddable":true,"href":"https:\/\/www.piuomenopop.it\/index.php\/wp-json\/wp\/v2\/users\/2"}],"replies":[{"embeddable":true,"href":"https:\/\/www.piuomenopop.it\/index.php\/wp-json\/wp\/v2\/comments?post=84426"}],"version-history":[{"count":1,"href":"https:\/\/www.piuomenopop.it\/index.php\/wp-json\/wp\/v2\/posts\/84426\/revisions"}],"predecessor-version":[{"id":84428,"href":"https:\/\/www.piuomenopop.it\/index.php\/wp-json\/wp\/v2\/posts\/84426\/revisions\/84428"}],"wp:featuredmedia":[{"embeddable":true,"href":"https:\/\/www.piuomenopop.it\/index.php\/wp-json\/wp\/v2\/media\/84427"}],"wp:attachment":[{"href":"https:\/\/www.piuomenopop.it\/index.php\/wp-json\/wp\/v2\/media?parent=84426"}],"wp:term":[{"taxonomy":"category","embeddable":true,"href":"https:\/\/www.piuomenopop.it\/index.php\/wp-json\/wp\/v2\/categories?post=84426"},{"taxonomy":"post_tag","embeddable":true,"href":"https:\/\/www.piuomenopop.it\/index.php\/wp-json\/wp\/v2\/tags?post=84426"}],"curies":[{"name":"wp","href":"https:\/\/api.w.org\/{rel}","templated":true}]}}